{"id":122366,"date":"2017-01-01T00:04:19","date_gmt":"2017-01-01T02:04:19","guid":{"rendered":"http:\/\/franciscanos.org.br\/?p=122366"},"modified":"2019-01-23T09:16:07","modified_gmt":"2019-01-23T11:16:07","slug":"o-sim-de-dezesseis-novicos","status":"publish","type":"post","link":"https:\/\/franciscanos.org.br\/noticias\/o-sim-de-dezesseis-novicos.html","title":{"rendered":"Dezesseis novi\u00e7os fazem a Primeira Profiss\u00e3o"},"content":{"rendered":"<p><img loading=\"lazy\" class=\"alignleft\" src=\"http:\/\/franciscanos.org.br\/wp-content\/uploads\/2017\/01\/novicos_020117.jpg\" alt=\"novicos_020117\" width=\"830\" height=\"419\" \/><strong>Moacir Beggo<\/strong><\/p>\n<p>O Noviciado S\u00e3o Jos\u00e9 de Rodeio, em Santa Catarina, estar\u00e1 em festa no dia 5 de janeiro de 2017 com a Primeira Profiss\u00e3o de dezesseis novi\u00e7os na vida religiosa franciscana. Depois de viverem um ano intenso de ora\u00e7\u00e3o, trabalho e estudos do modo de vida franciscano, o Definit\u00f3rio Provincial lhes deu o aval para fazerem a Profiss\u00e3o Tempor\u00e1ria na Ordem dos Frades Menores durante a Celebra\u00e7\u00e3o Eucar\u00edstica, presidida pelo Ministro Provincial Frei Fid\u00eancio Vanboemmel, \u00e0s 19 horas, na Igreja S\u00e3o Francisco de Assis.<\/p>\n<p>Na hist\u00f3ria do centen\u00e1rio Noviciado, esta turma registra o maior n\u00famero de angolanos a fazer a Primeira Profiss\u00e3o. S\u00e3o eles: Frei Ant\u00f4nio da Silva Manuel, Frei Bernardo Jo\u00e3o Cassinda, Frei Bernanrdo Jos\u00e9 Cayoya Kandangongo, Frei Daniel kahuvi Tchitumba Tchikeva, Frei Domingos Kalanda Soma, Frei Elias Hebo Lu\u00eds, Frei Evaristo Seque Joaquim, Frei Feliciano Afonso Manuel, Frei Helder Josu\u00e9 Mateus Domingos, Frei Pedro domingos Mugiba, Frei Pedro Isa\u00edas Luisa Vitangui e Frei Sim\u00e3o Cassua Hor\u00e1cio. Os brasileiros s\u00e3o Frei Francisco Dalilson Pereira Cabral, Frei Jonas Ribeiro da Silva, Frei Odilon Voss e Frei Lucas de Moura Justino Souza.<\/p>\n<p>Para o mestre dos novi\u00e7os, Frei Samuel Ferreira de Lima, este ano no Noviciado foi at\u00edpico porque a Prov\u00edncia da Imaculada realizou o Cap\u00edtulo Provincial no final de janeiro. \u201cFoi um ano de transi\u00e7\u00e3o j\u00e1 nos primeiros meses, com mudan\u00e7a de parte da equipe formadora. Isso exigiu mais paci\u00eancia, mais acompanhamento de perto, reestrutura\u00e7\u00e3o de algumas coisas, por\u00e9m n\u00e3o houve dificuldades para os novi\u00e7os e a turma absorveu com tranquilidade as mudan\u00e7as\u201d, explicou Frei Samuel, destacando a evolu\u00e7\u00e3o da turma no campo musical com a vinda do Frei Pedro da Silva.<\/p>\n<p><em>Os novi\u00e7os durante o Retiro de prepara\u00e7\u00e3o para a Profiss\u00e3o \u00a0no Eremit\u00e9rio de Rodeio.<\/em><\/p>\n<p>Outro aspecto positivo para o Mestre foi a boa integra\u00e7\u00e3o e \u2018leveza\u2019 no conv\u00edvio do grupo. \u201cVi nesta turma a humildade, alegria, vontade de aprender, docilidade no deixar-se conduzir e acolher as observa\u00e7\u00f5es e exig\u00eancias. Mas tamb\u00e9m essa turma exigiu trabalho na busca de mais esp\u00edrito de iniciativa, a supera\u00e7\u00e3o do medo de errar e se lan\u00e7ar diante dos desafios e no acompanhamento na execu\u00e7\u00e3o dos trabalhos externos\u201d, revelou Frei Samuel.<br \/>\nSegundo a Ordem dos Frades Menores, o tempo da profiss\u00e3o tempor\u00e1ria \u00e9 o \u201cper\u00edodo durante o qual se completa a forma\u00e7\u00e3o para viver de modo mais pleno a vida pr\u00f3pria da Ordem e melhor cumprir sua miss\u00e3o\u201d. Na Ordem Franciscana, os votos dos professos tempor\u00e1rios s\u00e3o renovados anualmente at\u00e9 o momento da profiss\u00e3o solene.<\/p>\n<p>A profiss\u00e3o religiosa na Ordem Franciscana, emitida nas m\u00e3os do Ministro Provincial, faz-se nos seguintes termos: \u201cPara louvor e gl\u00f3ria da Sant\u00edssima Trindade. Eu, Frei N.N., tendo o Senhor me dado a gra\u00e7a de seguir mais de perto o Evangelho e os passos de nosso Senhor Jesus Cristo, em tuas m\u00e3os, Frei Fid\u00eancio Vanboemmel, com firme f\u00e9 e vontade, fa\u00e7o voto a Deus, Pai santo e todo-poderoso, de viver por um ano, em obedi\u00eancia, sem nada de pr\u00f3prio e em castidade. Ao mesmo tempo, professo a vida e a regra dos Frades Menores, confirmada pelo Papa Hon\u00f3rio, e prometo observ\u00e1-la fielmente segundo as Constitui\u00e7\u00f5es da Ordem dos Frades Menores. Entrego-me, pois, de todo o cora\u00e7\u00e3o a esta Fraternidade, para que, pela a\u00e7\u00e3o eficaz do Esp\u00edrito Santo, guiado pelo exemplo de Maria Imaculada, por intercess\u00e3o de nosso Pai Francisco e de todos os santos, e com a ajuda fraterna de todos, eu possa tender constantemente para a perfeita caridade, no servi\u00e7o a Deus, \u00e0 Igreja e aos homens\u201d.<\/p>\n<p><a href=\"http:\/\/franciscanos.org.br\/wp-content\/uploads\/2016\/12\/Prof-830-a.jpg\"><img loading=\"lazy\" class=\"alignleft\" src=\"http:\/\/franciscanos.org.br\/wp-content\/uploads\/2016\/12\/Prof-830-a.jpg\" alt=\"Prof-830-a\" width=\"830\" height=\"1105\" \/><\/a><\/p>\n","protected":false},"excerpt":{"rendered":"<p>SAV<\/p>\n","protected":false},"author":1,"featured_media":195922,"comment_status":"open","ping_status":"open","sticky":false,"template":"","format":"standard","meta":[],"categories":[1],"tags":[135],"acf":[],"yoast_head":"<!-- This site is optimized with the Yoast SEO plugin v19.2 - https:\/\/yoast.com\/wordpress\/plugins\/seo\/ -->\n<title>Dezesseis novi\u00e7os fazem a Primeira Profiss\u00e3o - Not\u00edcias - Franciscanos<\/title>\n<meta name=\"robots\" content=\"index, follow, max-snippet:-1, max-image-preview:large, max-video-preview:-1\" \/>\n<link rel=\"canonical\" href=\"https:\/\/franciscanos.org.br\/noticias\/o-sim-de-dezesseis-novicos.html\" \/>\n<meta property=\"og:locale\" content=\"pt_BR\" \/>\n<meta property=\"og:type\" content=\"article\" \/>\n<meta property=\"og:title\" content=\"Dezesseis novi\u00e7os fazem a Primeira Profiss\u00e3o - Not\u00edcias - Franciscanos\" \/>\n<meta property=\"og:description\" content=\"SAV\" \/>\n<meta property=\"og:url\" content=\"https:\/\/franciscanos.org.br\/noticias\/o-sim-de-dezesseis-novicos.html\" \/>\n<meta property=\"og:site_name\" content=\"Not\u00edcias - Franciscanos\" \/>\n<meta property=\"article:published_time\" content=\"2017-01-01T02:04:19+00:00\" \/>\n<meta property=\"article:modified_time\" content=\"2019-01-23T11:16:07+00:00\" \/>\n<meta property=\"og:image\" content=\"https:\/\/franciscanos.org.br\/noticias\/wp-content\/uploads\/2017\/01\/novicos_020117.jpg\" \/>\n\t<meta property=\"og:image:width\" content=\"273\" \/>\n\t<meta property=\"og:image:height\" content=\"181\" \/>\n\t<meta property=\"og:image:type\" content=\"image\/jpeg\" \/>\n<meta name=\"author\" content=\"admin\" \/>\n<meta name=\"twitter:card\" content=\"summary_large_image\" \/>\n<meta name=\"twitter:label1\" content=\"Escrito por\" \/>\n\t<meta name=\"twitter:data1\" content=\"admin\" \/>\n\t<meta name=\"twitter:label2\" content=\"Est. tempo de leitura\" \/>\n\t<meta name=\"twitter:data2\" content=\"3 minutos\" \/>\n<script type=\"application\/ld+json\" class=\"yoast-schema-graph\">{\"@context\":\"https:\/\/schema.org\",\"@graph\":[{\"@type\":\"WebSite\",\"@id\":\"https:\/\/franciscanos.org.br\/noticias\/#website\",\"url\":\"https:\/\/franciscanos.org.br\/noticias\/\",\"name\":\"Not\u00edcias - Franciscanos\",\"description\":\"Prov\u00edncia Franciscana da Imaculada Concei\u00e7\u00e3o do Brasil - Ordem dos Frades Menores - OFM\",\"potentialAction\":[{\"@type\":\"SearchAction\",\"target\":{\"@type\":\"EntryPoint\",\"urlTemplate\":\"https:\/\/franciscanos.org.br\/noticias\/?s={search_term_string}\"},\"query-input\":\"required name=search_term_string\"}],\"inLanguage\":\"pt-BR\"},{\"@type\":\"ImageObject\",\"inLanguage\":\"pt-BR\",\"@id\":\"https:\/\/franciscanos.org.br\/noticias\/o-sim-de-dezesseis-novicos.html#primaryimage\",\"url\":\"https:\/\/franciscanos.org.br\/noticias\/wp-content\/uploads\/2017\/01\/novicos_020117.jpg\",\"contentUrl\":\"https:\/\/franciscanos.org.br\/noticias\/wp-content\/uploads\/2017\/01\/novicos_020117.jpg\",\"width\":273,\"height\":181},{\"@type\":\"WebPage\",\"@id\":\"https:\/\/franciscanos.org.br\/noticias\/o-sim-de-dezesseis-novicos.html#webpage\",\"url\":\"https:\/\/franciscanos.org.br\/noticias\/o-sim-de-dezesseis-novicos.html\",\"name\":\"Dezesseis novi\u00e7os fazem a Primeira Profiss\u00e3o - Not\u00edcias - Franciscanos\",\"isPartOf\":{\"@id\":\"https:\/\/franciscanos.org.br\/noticias\/#website\"},\"primaryImageOfPage\":{\"@id\":\"https:\/\/franciscanos.org.br\/noticias\/o-sim-de-dezesseis-novicos.html#primaryimage\"},\"datePublished\":\"2017-01-01T02:04:19+00:00\",\"dateModified\":\"2019-01-23T11:16:07+00:00\",\"author\":{\"@id\":\"https:\/\/franciscanos.org.br\/noticias\/#\/schema\/person\/b38fbf43118f02820bd932f2e4b14ad3\"},\"breadcrumb\":{\"@id\":\"https:\/\/franciscanos.org.br\/noticias\/o-sim-de-dezesseis-novicos.html#breadcrumb\"},\"inLanguage\":\"pt-BR\",\"potentialAction\":[{\"@type\":\"ReadAction\",\"target\":[\"https:\/\/franciscanos.org.br\/noticias\/o-sim-de-dezesseis-novicos.html\"]}]},{\"@type\":\"BreadcrumbList\",\"@id\":\"https:\/\/franciscanos.org.br\/noticias\/o-sim-de-dezesseis-novicos.html#breadcrumb\",\"itemListElement\":[{\"@type\":\"ListItem\",\"position\":1,\"name\":\"Home\",\"item\":\"https:\/\/franciscanos.org.br\/noticias\"},{\"@type\":\"ListItem\",\"position\":2,\"name\":\"Dezesseis novi\u00e7os fazem a Primeira Profiss\u00e3o\"}]},{\"@type\":\"Person\",\"@id\":\"https:\/\/franciscanos.org.br\/noticias\/#\/schema\/person\/b38fbf43118f02820bd932f2e4b14ad3\",\"name\":\"admin\",\"image\":{\"@type\":\"ImageObject\",\"inLanguage\":\"pt-BR\",\"@id\":\"https:\/\/franciscanos.org.br\/noticias\/#\/schema\/person\/image\/\",\"url\":\"https:\/\/secure.gravatar.com\/avatar\/e8495742d34d0ba6448ea1c628263b3e?s=96&d=mm&r=g\",\"contentUrl\":\"https:\/\/secure.gravatar.com\/avatar\/e8495742d34d0ba6448ea1c628263b3e?s=96&d=mm&r=g\",\"caption\":\"admin\"},\"url\":\"https:\/\/franciscanos.org.br\/noticias\/author\/admin\"}]}<\/script>\n<!-- \/ Yoast SEO plugin. -->","yoast_head_json":{"title":"Dezesseis novi\u00e7os fazem a Primeira Profiss\u00e3o - Not\u00edcias - Franciscanos","robots":{"index":"index","follow":"follow","max-snippet":"max-snippet:-1","max-image-preview":"max-image-preview:large","max-video-preview":"max-video-preview:-1"},"canonical":"https:\/\/franciscanos.org.br\/noticias\/o-sim-de-dezesseis-novicos.html","og_locale":"pt_BR","og_type":"article","og_title":"Dezesseis novi\u00e7os fazem a Primeira Profiss\u00e3o - Not\u00edcias - Franciscanos","og_description":"SAV","og_url":"https:\/\/franciscanos.org.br\/noticias\/o-sim-de-dezesseis-novicos.html","og_site_name":"Not\u00edcias - Franciscanos","article_published_time":"2017-01-01T02:04:19+00:00","article_modified_time":"2019-01-23T11:16:07+00:00","og_image":[{"width":273,"height":181,"url":"https:\/\/franciscanos.org.br\/noticias\/wp-content\/uploads\/2017\/01\/novicos_020117.jpg","type":"image\/jpeg"}],"author":"admin","twitter_card":"summary_large_image","twitter_misc":{"Escrito por":"admin","Est. tempo de leitura":"3 minutos"},"schema":{"@context":"https:\/\/schema.org","@graph":[{"@type":"WebSite","@id":"https:\/\/franciscanos.org.br\/noticias\/#website","url":"https:\/\/franciscanos.org.br\/noticias\/","name":"Not\u00edcias - Franciscanos","description":"Prov\u00edncia Franciscana da Imaculada Concei\u00e7\u00e3o do Brasil - Ordem dos Frades Menores - OFM","potentialAction":[{"@type":"SearchAction","target":{"@type":"EntryPoint","urlTemplate":"https:\/\/franciscanos.org.br\/noticias\/?s={search_term_string}"},"query-input":"required name=search_term_string"}],"inLanguage":"pt-BR"},{"@type":"ImageObject","inLanguage":"pt-BR","@id":"https:\/\/franciscanos.org.br\/noticias\/o-sim-de-dezesseis-novicos.html#primaryimage","url":"https:\/\/franciscanos.org.br\/noticias\/wp-content\/uploads\/2017\/01\/novicos_020117.jpg","contentUrl":"https:\/\/franciscanos.org.br\/noticias\/wp-content\/uploads\/2017\/01\/novicos_020117.jpg","width":273,"height":181},{"@type":"WebPage","@id":"https:\/\/franciscanos.org.br\/noticias\/o-sim-de-dezesseis-novicos.html#webpage","url":"https:\/\/franciscanos.org.br\/noticias\/o-sim-de-dezesseis-novicos.html","name":"Dezesseis novi\u00e7os fazem a Primeira Profiss\u00e3o - Not\u00edcias - Franciscanos","isPartOf":{"@id":"https:\/\/franciscanos.org.br\/noticias\/#website"},"primaryImageOfPage":{"@id":"https:\/\/franciscanos.org.br\/noticias\/o-sim-de-dezesseis-novicos.html#primaryimage"},"datePublished":"2017-01-01T02:04:19+00:00","dateModified":"2019-01-23T11:16:07+00:00","author":{"@id":"https:\/\/franciscanos.org.br\/noticias\/#\/schema\/person\/b38fbf43118f02820bd932f2e4b14ad3"},"breadcrumb":{"@id":"https:\/\/franciscanos.org.br\/noticias\/o-sim-de-dezesseis-novicos.html#breadcrumb"},"inLanguage":"pt-BR","potentialAction":[{"@type":"ReadAction","target":["https:\/\/franciscanos.org.br\/noticias\/o-sim-de-dezesseis-novicos.html"]}]},{"@type":"BreadcrumbList","@id":"https:\/\/franciscanos.org.br\/noticias\/o-sim-de-dezesseis-novicos.html#breadcrumb","itemListElement":[{"@type":"ListItem","position":1,"name":"Home","item":"https:\/\/franciscanos.org.br\/noticias"},{"@type":"ListItem","position":2,"name":"Dezesseis novi\u00e7os fazem a Primeira Profiss\u00e3o"}]},{"@type":"Person","@id":"https:\/\/franciscanos.org.br\/noticias\/#\/schema\/person\/b38fbf43118f02820bd932f2e4b14ad3","name":"admin","image":{"@type":"ImageObject","inLanguage":"pt-BR","@id":"https:\/\/franciscanos.org.br\/noticias\/#\/schema\/person\/image\/","url":"https:\/\/secure.gravatar.com\/avatar\/e8495742d34d0ba6448ea1c628263b3e?s=96&d=mm&r=g","contentUrl":"https:\/\/secure.gravatar.com\/avatar\/e8495742d34d0ba6448ea1c628263b3e?s=96&d=mm&r=g","caption":"admin"},"url":"https:\/\/franciscanos.org.br\/noticias\/author\/admin"}]}},"_links":{"self":[{"href":"https:\/\/franciscanos.org.br\/noticias\/wp-json\/wp\/v2\/posts\/122366"}],"collection":[{"href":"https:\/\/franciscanos.org.br\/noticias\/wp-json\/wp\/v2\/posts"}],"about":[{"href":"https:\/\/franciscanos.org.br\/noticias\/wp-json\/wp\/v2\/types\/post"}],"author":[{"embeddable":true,"href":"https:\/\/franciscanos.org.br\/noticias\/wp-json\/wp\/v2\/users\/1"}],"replies":[{"embeddable":true,"href":"https:\/\/franciscanos.org.br\/noticias\/wp-json\/wp\/v2\/comments?post=122366"}],"version-history":[{"count":0,"href":"https:\/\/franciscanos.org.br\/noticias\/wp-json\/wp\/v2\/posts\/122366\/revisions"}],"wp:featuredmedia":[{"embeddable":true,"href":"https:\/\/franciscanos.org.br\/noticias\/wp-json\/wp\/v2\/media\/195922"}],"wp:attachment":[{"href":"https:\/\/franciscanos.org.br\/noticias\/wp-json\/wp\/v2\/media?parent=122366"}],"wp:term":[{"taxonomy":"category","embeddable":true,"href":"https:\/\/franciscanos.org.br\/noticias\/wp-json\/wp\/v2\/categories?post=122366"},{"taxonomy":"post_tag","embeddable":true,"href":"https:\/\/franciscanos.org.br\/noticias\/wp-json\/wp\/v2\/tags?post=122366"}],"curies":[{"name":"wp","href":"https:\/\/api.w.org\/{rel}","templated":true}]}}