{"id":122358,"date":"2017-01-13T00:03:48","date_gmt":"2017-01-13T02:03:48","guid":{"rendered":"http:\/\/franciscanos.org.br\/?p=122358"},"modified":"2019-01-22T16:24:17","modified_gmt":"2019-01-22T18:24:17","slug":"vinte-jovens-vestem-o-habito-em-rodeio","status":"publish","type":"post","link":"https:\/\/franciscanos.org.br\/noticias\/vinte-jovens-vestem-o-habito-em-rodeio.html","title":{"rendered":"Come\u00e7a neste s\u00e1bado o ano do Noviciado"},"content":{"rendered":"<p><img loading=\"lazy\" class=\"alignleft\" src=\"http:\/\/franciscanos.org.br\/wp-content\/uploads\/2017\/01\/rodeio_13012017.jpg\" alt=\"rodeio_13012017\" width=\"830\" height=\"375\" \/><\/p>\n<p><strong>Moacir Beggo<\/strong><\/p>\n<p>Neste s\u00e1bado, 14 de janeiro, tem in\u00edcio novo ano de Noviciado na Prov\u00edncia da Imaculada. Nove jovens brasileiros ser\u00e3o acolhidos em Rodeio pelo Vig\u00e1rio Provincial Frei C\u00e9sar K\u00fclkamp durante a ora\u00e7\u00e3o das Laudes, \u00e0s 7 horas. Essa turma de novi\u00e7os ser\u00e1 a 116\u00aa do Noviciado de Rodeio e ser\u00e1 a maior do mestre dos novi\u00e7os, Frei Samuel Ferreira de Lima. Os dez angolanos, contudo, \u00a0ser\u00e3o acolhidos posteriormente, j\u00e1 que a documenta\u00e7\u00e3o n\u00e3o ficou pronta em tempo para a libera\u00e7\u00e3o do visto de entrada no Brasil.<\/p>\n<p>Antes de chegarem a Rodeio, os dois grupos fizeram o tempo do Postulantado. Os brasileiros no Postulantado Frei Galv\u00e3o de Guaratinguet\u00e1 (SP) e os angolanos no Postulantado Santo Ant\u00f4nio, de Quibala. \u201cO postulantado \u00e9 a etapa essencial para fazer a passagem da vida secular para a forma de vida franciscana. Essa turma teve a oportunidade de fazer essa passagem atrav\u00e9s do trabalho, do estudo, da ora\u00e7\u00e3o, das atividades pastorais, no confronto com realidades de fratura social, etc; buscando, em tudo, o modo franciscano: na simplicidade e em fraternidade. Ao longo do ano, os postulantes deram sinais de crescimento e abertura para acolher as exig\u00eancias da vida consagrada e franciscana\u201d, explica o jovem Frei Je\u00e2 Paulo Andrade, que completou o seu primeiro ano como mestre do Postulantado.<\/p>\n<p>\u201cOs manuais que tratam sobre a forma\u00e7\u00e3o na vida religiosa dizem que os formadores muito velhos devem ser evitados porque n\u00e3o conseguem falar a linguagem dos novos perfis; os formadores muito jovens devem ser evitados porque n\u00e3o possuem cultura religiosa e experi\u00eancia necess\u00e1ria. Eu me encontro num desses casos e apesar disso procurei ser o mais correto poss\u00edvel. Penso que a intui\u00e7\u00e3o e o bom senso s\u00e3o bons companheiros nessa miss\u00e3o. Vi que \u00e9 fundamental respeitar a hist\u00f3ria de vida e o processo de caminhada de cada formando. Aceitei que, por mais prudente e justo que busque ser, ainda n\u00e3o ser\u00e1 o suficiente, uma vez que voc\u00ea trabalha com individualidades. Aprendi que sinceridade com miseric\u00f3rdia \u00e9 a melhor maneira de ajudar o formando a crescer\u201d, confessou o religioso ao falar desta miss\u00e3o e servi\u00e7o a ele confiados no \u00faltimo Cap\u00edtulo Provincial.<\/p>\n<p><strong>FORMA\u00c7\u00c3O INTENSA<\/strong><\/p>\n<p>Segundo os documentos da Ordem, esses jovens far\u00e3o um \u201cper\u00edodo de forma\u00e7\u00e3o mais intensa\u201d em Rodeio, tendo como objetivo \u201cfazer com que os novi\u00e7os conhe\u00e7am e experimentem a forma de vida de S\u00e3o Francisco, impregnem mais profundamente a mente e o cora\u00e7\u00e3o de seu esp\u00edrito e, avaliando melhor o chamado do Senhor, comprovem seus prop\u00f3sitos e sua idoneidade\u201d (Constitui\u00e7\u00f5es Gerais da Ordem, art. 152).<\/p>\n<p>Um dos momentos mais belos e emocionantes da admiss\u00e3o dos novi\u00e7os ser\u00e1 a vesti\u00e7\u00e3o. Cada candidato receber\u00e1 o h\u00e1bito franciscano das m\u00e3os do Vig\u00e1rio Provincial e do Mestre Frei Samuel Ferreira de Lima. Na sacristia, ele se vestir\u00e1 e retornar\u00e1 \u00e0 celebra\u00e7\u00e3o para assinar o documento de ingresso na Ordem dos Frades Menores.<\/p>\n<p>Durante o ano, os novi\u00e7os intensificam a vida em comum, entre eles e com a Fraternidade Formadora da casa, e participam tamb\u00e9m de algumas atividades na pr\u00f3pria comunidade eclesial e celebra\u00e7\u00f5es das outras casas franciscanas da regi\u00e3o.<br \/>\nSegundo Frei Samuel, mesmo tendo uma programa\u00e7\u00e3o bem definida, cada ano \u00e9 diferente no Noviciado, pois cada turma tem sua peculiaridade, suas pr\u00f3prias exig\u00eancias e realidades. \u201cEm cada ano se aprimora o que deu certo com a turma anterior e se busca aperfei\u00e7oar os desafios. Procuro fazer uma avalia\u00e7\u00e3o com cada turma ao final do ano para sentir a evolu\u00e7\u00e3o e os entraves no desenvolvimento da caminhada do religioso franciscano. O essencial do noviciado n\u00e3o muda, mas a forma de desenvolver e executar ganha o rosto de cada turma. Nisso a gente cresce e aprende muito, e supera o risco de se acomodar ao ver as coisas apenas do nosso ponto de vista. Cada ano \u00e9 um novo recome\u00e7o, \u00e9 uma nova busca de crescimento e supera\u00e7\u00e3o\u201d, ensina o mestre dos Novi\u00e7os.<\/p>\n<p>Para ele, o segredo \u00e9 n\u00e3o criar expectativas. \u201c\u00c9 no conv\u00edvio que a gente vai sentindo a din\u00e2mica da mesma e suas realidades concretas\u201d, diz Frei Samuel, que ter\u00e1 a sua a maior turma desde que assumiu o servi\u00e7o na forma\u00e7\u00e3o dos novi\u00e7os. \u201cVai ser uma gra\u00e7a, pois como nos diz S\u00e3o Francisco, \u201co Senhor me deu irm\u00e3os\u201d. Cada irm\u00e3o \u00e9 uma gra\u00e7a para crescermos na caminhada franciscana e nos convertermos ao Amor de Deus\u201d, observa, explicando que esse processo de forma\u00e7\u00e3o que se inicia no Noviciado \u201cs\u00f3 termina no dia do encontro definitivo com o Pai\u201d.<\/p>\n<p>&nbsp;<\/p>\n<p><a href=\"http:\/\/franciscanos.org.br\/wp-content\/uploads\/2017\/01\/Novicos-2017.jpg\"><img loading=\"lazy\" src=\"http:\/\/franciscanos.org.br\/wp-content\/uploads\/2017\/01\/Novicos-2017.jpg\" alt=\"Novicos-2017\" width=\"830\" height=\"1162\" \/><\/a><\/p>\n","protected":false},"excerpt":{"rendered":"<p>Forma\u00e7\u00e3o e Estudos<\/p>\n","protected":false},"author":1,"featured_media":195672,"comment_status":"open","ping_status":"open","sticky":false,"template":"","format":"standard","meta":[],"categories":[1],"tags":[135],"acf":[],"yoast_head":"<!-- This site is optimized with the Yoast SEO plugin v19.2 - https:\/\/yoast.com\/wordpress\/plugins\/seo\/ -->\n<title>Come\u00e7a neste s\u00e1bado o ano do Noviciado - Not\u00edcias - Franciscanos<\/title>\n<meta name=\"robots\" content=\"index, follow, max-snippet:-1, max-image-preview:large, max-video-preview:-1\" \/>\n<link rel=\"canonical\" href=\"https:\/\/franciscanos.org.br\/noticias\/vinte-jovens-vestem-o-habito-em-rodeio.html\" \/>\n<meta property=\"og:locale\" content=\"pt_BR\" \/>\n<meta property=\"og:type\" content=\"article\" \/>\n<meta property=\"og:title\" content=\"Come\u00e7a neste s\u00e1bado o ano do Noviciado - Not\u00edcias - Franciscanos\" \/>\n<meta property=\"og:description\" content=\"Forma\u00e7\u00e3o e Estudos\" \/>\n<meta property=\"og:url\" content=\"https:\/\/franciscanos.org.br\/noticias\/vinte-jovens-vestem-o-habito-em-rodeio.html\" \/>\n<meta property=\"og:site_name\" content=\"Not\u00edcias - Franciscanos\" \/>\n<meta property=\"article:published_time\" content=\"2017-01-13T02:03:48+00:00\" \/>\n<meta property=\"article:modified_time\" content=\"2019-01-22T18:24:17+00:00\" \/>\n<meta property=\"og:image\" content=\"https:\/\/franciscanos.org.br\/noticias\/wp-content\/uploads\/2017\/01\/rodeio_13012017.jpg\" \/>\n\t<meta property=\"og:image:width\" content=\"273\" \/>\n\t<meta property=\"og:image:height\" content=\"181\" \/>\n\t<meta property=\"og:image:type\" content=\"image\/jpeg\" \/>\n<meta name=\"author\" content=\"admin\" \/>\n<meta name=\"twitter:card\" content=\"summary_large_image\" \/>\n<meta name=\"twitter:label1\" content=\"Escrito por\" \/>\n\t<meta name=\"twitter:data1\" content=\"admin\" \/>\n\t<meta name=\"twitter:label2\" content=\"Est. tempo de leitura\" \/>\n\t<meta name=\"twitter:data2\" content=\"4 minutos\" \/>\n<script type=\"application\/ld+json\" class=\"yoast-schema-graph\">{\"@context\":\"https:\/\/schema.org\",\"@graph\":[{\"@type\":\"WebSite\",\"@id\":\"https:\/\/franciscanos.org.br\/noticias\/#website\",\"url\":\"https:\/\/franciscanos.org.br\/noticias\/\",\"name\":\"Not\u00edcias - Franciscanos\",\"description\":\"Prov\u00edncia Franciscana da Imaculada Concei\u00e7\u00e3o do Brasil - Ordem dos Frades Menores - OFM\",\"potentialAction\":[{\"@type\":\"SearchAction\",\"target\":{\"@type\":\"EntryPoint\",\"urlTemplate\":\"https:\/\/franciscanos.org.br\/noticias\/?s={search_term_string}\"},\"query-input\":\"required name=search_term_string\"}],\"inLanguage\":\"pt-BR\"},{\"@type\":\"ImageObject\",\"inLanguage\":\"pt-BR\",\"@id\":\"https:\/\/franciscanos.org.br\/noticias\/vinte-jovens-vestem-o-habito-em-rodeio.html#primaryimage\",\"url\":\"https:\/\/franciscanos.org.br\/noticias\/wp-content\/uploads\/2017\/01\/rodeio_13012017.jpg\",\"contentUrl\":\"https:\/\/franciscanos.org.br\/noticias\/wp-content\/uploads\/2017\/01\/rodeio_13012017.jpg\",\"width\":273,\"height\":181},{\"@type\":\"WebPage\",\"@id\":\"https:\/\/franciscanos.org.br\/noticias\/vinte-jovens-vestem-o-habito-em-rodeio.html#webpage\",\"url\":\"https:\/\/franciscanos.org.br\/noticias\/vinte-jovens-vestem-o-habito-em-rodeio.html\",\"name\":\"Come\u00e7a neste s\u00e1bado o ano do Noviciado - Not\u00edcias - Franciscanos\",\"isPartOf\":{\"@id\":\"https:\/\/franciscanos.org.br\/noticias\/#website\"},\"primaryImageOfPage\":{\"@id\":\"https:\/\/franciscanos.org.br\/noticias\/vinte-jovens-vestem-o-habito-em-rodeio.html#primaryimage\"},\"datePublished\":\"2017-01-13T02:03:48+00:00\",\"dateModified\":\"2019-01-22T18:24:17+00:00\",\"author\":{\"@id\":\"https:\/\/franciscanos.org.br\/noticias\/#\/schema\/person\/b38fbf43118f02820bd932f2e4b14ad3\"},\"breadcrumb\":{\"@id\":\"https:\/\/franciscanos.org.br\/noticias\/vinte-jovens-vestem-o-habito-em-rodeio.html#breadcrumb\"},\"inLanguage\":\"pt-BR\",\"potentialAction\":[{\"@type\":\"ReadAction\",\"target\":[\"https:\/\/franciscanos.org.br\/noticias\/vinte-jovens-vestem-o-habito-em-rodeio.html\"]}]},{\"@type\":\"BreadcrumbList\",\"@id\":\"https:\/\/franciscanos.org.br\/noticias\/vinte-jovens-vestem-o-habito-em-rodeio.html#breadcrumb\",\"itemListElement\":[{\"@type\":\"ListItem\",\"position\":1,\"name\":\"Home\",\"item\":\"https:\/\/franciscanos.org.br\/noticias\"},{\"@type\":\"ListItem\",\"position\":2,\"name\":\"Come\u00e7a neste s\u00e1bado o ano do Noviciado\"}]},{\"@type\":\"Person\",\"@id\":\"https:\/\/franciscanos.org.br\/noticias\/#\/schema\/person\/b38fbf43118f02820bd932f2e4b14ad3\",\"name\":\"admin\",\"image\":{\"@type\":\"ImageObject\",\"inLanguage\":\"pt-BR\",\"@id\":\"https:\/\/franciscanos.org.br\/noticias\/#\/schema\/person\/image\/\",\"url\":\"https:\/\/secure.gravatar.com\/avatar\/e8495742d34d0ba6448ea1c628263b3e?s=96&d=mm&r=g\",\"contentUrl\":\"https:\/\/secure.gravatar.com\/avatar\/e8495742d34d0ba6448ea1c628263b3e?s=96&d=mm&r=g\",\"caption\":\"admin\"},\"url\":\"https:\/\/franciscanos.org.br\/noticias\/author\/admin\"}]}<\/script>\n<!-- \/ Yoast SEO plugin. -->","yoast_head_json":{"title":"Come\u00e7a neste s\u00e1bado o ano do Noviciado - Not\u00edcias - Franciscanos","robots":{"index":"index","follow":"follow","max-snippet":"max-snippet:-1","max-image-preview":"max-image-preview:large","max-video-preview":"max-video-preview:-1"},"canonical":"https:\/\/franciscanos.org.br\/noticias\/vinte-jovens-vestem-o-habito-em-rodeio.html","og_locale":"pt_BR","og_type":"article","og_title":"Come\u00e7a neste s\u00e1bado o ano do Noviciado - Not\u00edcias - Franciscanos","og_description":"Forma\u00e7\u00e3o e Estudos","og_url":"https:\/\/franciscanos.org.br\/noticias\/vinte-jovens-vestem-o-habito-em-rodeio.html","og_site_name":"Not\u00edcias - Franciscanos","article_published_time":"2017-01-13T02:03:48+00:00","article_modified_time":"2019-01-22T18:24:17+00:00","og_image":[{"width":273,"height":181,"url":"https:\/\/franciscanos.org.br\/noticias\/wp-content\/uploads\/2017\/01\/rodeio_13012017.jpg","type":"image\/jpeg"}],"author":"admin","twitter_card":"summary_large_image","twitter_misc":{"Escrito por":"admin","Est. tempo de leitura":"4 minutos"},"schema":{"@context":"https:\/\/schema.org","@graph":[{"@type":"WebSite","@id":"https:\/\/franciscanos.org.br\/noticias\/#website","url":"https:\/\/franciscanos.org.br\/noticias\/","name":"Not\u00edcias - Franciscanos","description":"Prov\u00edncia Franciscana da Imaculada Concei\u00e7\u00e3o do Brasil - Ordem dos Frades Menores - OFM","potentialAction":[{"@type":"SearchAction","target":{"@type":"EntryPoint","urlTemplate":"https:\/\/franciscanos.org.br\/noticias\/?s={search_term_string}"},"query-input":"required name=search_term_string"}],"inLanguage":"pt-BR"},{"@type":"ImageObject","inLanguage":"pt-BR","@id":"https:\/\/franciscanos.org.br\/noticias\/vinte-jovens-vestem-o-habito-em-rodeio.html#primaryimage","url":"https:\/\/franciscanos.org.br\/noticias\/wp-content\/uploads\/2017\/01\/rodeio_13012017.jpg","contentUrl":"https:\/\/franciscanos.org.br\/noticias\/wp-content\/uploads\/2017\/01\/rodeio_13012017.jpg","width":273,"height":181},{"@type":"WebPage","@id":"https:\/\/franciscanos.org.br\/noticias\/vinte-jovens-vestem-o-habito-em-rodeio.html#webpage","url":"https:\/\/franciscanos.org.br\/noticias\/vinte-jovens-vestem-o-habito-em-rodeio.html","name":"Come\u00e7a neste s\u00e1bado o ano do Noviciado - Not\u00edcias - Franciscanos","isPartOf":{"@id":"https:\/\/franciscanos.org.br\/noticias\/#website"},"primaryImageOfPage":{"@id":"https:\/\/franciscanos.org.br\/noticias\/vinte-jovens-vestem-o-habito-em-rodeio.html#primaryimage"},"datePublished":"2017-01-13T02:03:48+00:00","dateModified":"2019-01-22T18:24:17+00:00","author":{"@id":"https:\/\/franciscanos.org.br\/noticias\/#\/schema\/person\/b38fbf43118f02820bd932f2e4b14ad3"},"breadcrumb":{"@id":"https:\/\/franciscanos.org.br\/noticias\/vinte-jovens-vestem-o-habito-em-rodeio.html#breadcrumb"},"inLanguage":"pt-BR","potentialAction":[{"@type":"ReadAction","target":["https:\/\/franciscanos.org.br\/noticias\/vinte-jovens-vestem-o-habito-em-rodeio.html"]}]},{"@type":"BreadcrumbList","@id":"https:\/\/franciscanos.org.br\/noticias\/vinte-jovens-vestem-o-habito-em-rodeio.html#breadcrumb","itemListElement":[{"@type":"ListItem","position":1,"name":"Home","item":"https:\/\/franciscanos.org.br\/noticias"},{"@type":"ListItem","position":2,"name":"Come\u00e7a neste s\u00e1bado o ano do Noviciado"}]},{"@type":"Person","@id":"https:\/\/franciscanos.org.br\/noticias\/#\/schema\/person\/b38fbf43118f02820bd932f2e4b14ad3","name":"admin","image":{"@type":"ImageObject","inLanguage":"pt-BR","@id":"https:\/\/franciscanos.org.br\/noticias\/#\/schema\/person\/image\/","url":"https:\/\/secure.gravatar.com\/avatar\/e8495742d34d0ba6448ea1c628263b3e?s=96&d=mm&r=g","contentUrl":"https:\/\/secure.gravatar.com\/avatar\/e8495742d34d0ba6448ea1c628263b3e?s=96&d=mm&r=g","caption":"admin"},"url":"https:\/\/franciscanos.org.br\/noticias\/author\/admin"}]}},"_links":{"self":[{"href":"https:\/\/franciscanos.org.br\/noticias\/wp-json\/wp\/v2\/posts\/122358"}],"collection":[{"href":"https:\/\/franciscanos.org.br\/noticias\/wp-json\/wp\/v2\/posts"}],"about":[{"href":"https:\/\/franciscanos.org.br\/noticias\/wp-json\/wp\/v2\/types\/post"}],"author":[{"embeddable":true,"href":"https:\/\/franciscanos.org.br\/noticias\/wp-json\/wp\/v2\/users\/1"}],"replies":[{"embeddable":true,"href":"https:\/\/franciscanos.org.br\/noticias\/wp-json\/wp\/v2\/comments?post=122358"}],"version-history":[{"count":0,"href":"https:\/\/franciscanos.org.br\/noticias\/wp-json\/wp\/v2\/posts\/122358\/revisions"}],"wp:featuredmedia":[{"embeddable":true,"href":"https:\/\/franciscanos.org.br\/noticias\/wp-json\/wp\/v2\/media\/195672"}],"wp:attachment":[{"href":"https:\/\/franciscanos.org.br\/noticias\/wp-json\/wp\/v2\/media?parent=122358"}],"wp:term":[{"taxonomy":"category","embeddable":true,"href":"https:\/\/franciscanos.org.br\/noticias\/wp-json\/wp\/v2\/categories?post=122358"},{"taxonomy":"post_tag","embeddable":true,"href":"https:\/\/franciscanos.org.br\/noticias\/wp-json\/wp\/v2\/tags?post=122358"}],"curies":[{"name":"wp","href":"https:\/\/api.w.org\/{rel}","templated":true}]}}