{"id":122112,"date":"2016-12-13T06:56:02","date_gmt":"2016-12-13T08:56:02","guid":{"rendered":"http:\/\/franciscanos.org.br\/?p=122112"},"modified":"2020-06-09T12:29:58","modified_gmt":"2020-06-09T15:29:58","slug":"a-sociedade-se-vangloria-dos-avancos-tecnologicos-e-e-cega-aos-excluidos","status":"publish","type":"post","link":"https:\/\/franciscanos.org.br\/noticias\/a-sociedade-se-vangloria-dos-avancos-tecnologicos-e-e-cega-aos-excluidos.html","title":{"rendered":"O clericalismo \u00e9 um mal que afasta o povo da Igreja"},"content":{"rendered":"<p><img loading=\"lazy\" src=\"http:\/\/franciscanos.org.br\/wp-content\/uploads\/2016\/12\/martaG_131216.jpg\" alt=\"martaG_131216\" width=\"830\" height=\"400\" \/><\/p>\n<p><strong>Cidade do Vaticano<\/strong> &#8211; O esp\u00edrito do clericalismo \u00e9 um mal presente tamb\u00e9m hoje na Igreja e a v\u00edtima \u00e9 o povo, que se sente descartado, abusado. Foi o que disse o Papa na missa celebrada na manh\u00e3 de ter\u00e7a-feira (13\/12) na capela da Casa Santa Marta. Concelebraram com o Papa os membros do Conselho dos Cardeais (C9).<\/p>\n<p>O povo humilde e pobre que tem f\u00e9 no Senhor \u00e9 a v\u00edtima dos intelectuais da religi\u00e3o, os seduzidos pelo clericalismo, que no Reino dos c\u00e9us ser\u00e3o precedidos pelos pecadores arrependidos. O Papa cita o Evangelho do dia, em que Jesus se dirige aos chefes dos sacerdotes e aos anci\u00e3os do povo, para falar justamente sobre o seu papel. \u201cTinham a autoridade jur\u00eddica, moral e religiosa, decidiam tudo. An\u00e1s e Caif\u00e1s, por exemplo, explicou Francisco, \u201cjulgaram Jesus\u201d, eram os sacerdotes e os chefes que \u201cdecidiram matar L\u00e1zaro\u201d ou ainda, \u201cnegociaram com Judas\u201d, que vendeu Jesus. Francisco questionou: mas como chegaram a este \u201cestado de prepot\u00eancia e tirania\u201d, instrumentalizando a lei?<\/p>\n<p>\u201cMas uma lei que eles refizeram in\u00fameras vezes: tantas vezes at\u00e9 chegar a 500 mandamentos. Tudo era regulado, tudo! Uma lei cientificamente constru\u00edda, porque essas pessoas eram s\u00e1bias, conheciam bem. Faziam todas essas nuances, n\u00e3o? Mas era uma lei sem mem\u00f3ria: tinham esquecido o primeiro mandamento, que Deus deu ao nosso pai Abra\u00e3o: \u201cCaminha em minha presen\u00e7a e seja irrepreens\u00edvel\u201d. Eles n\u00e3o caminhavam: sempre estiveram parados nas pr\u00f3prias convic\u00e7\u00f5es. E n\u00e3o eram irrepreens\u00edveis!<\/p>\n<p>Eles \u2013 prossegue o Papa \u2013 \u201chaviam esquecido os Dez Mandamentos de Mois\u00e9s\u201d: \u201ccom a lei feita somente por eles\u201d, \u201cintelectual, sofisticada, casu\u00edstica\u201d, \u201ccancelam a lei do Senhor\u201d. E a v\u00edtima, assim como foi Jesus, todos os dias \u00e9 o \u201cpovo humilde e pobre que confia no Senhor\u201d, \u201caqueles que s\u00e3o descartados\u201d, destaca o Papa, que conhecem o arrependimento tamb\u00e9m se n\u00e3o cumprem a lei, mas sofrem estas injusti\u00e7as. Sentem-se \u201ccondenados\u201d, \u201cabusados\u201d, sublinha outra vez o Papa por quem \u00e9 \u201cpresun\u00e7oso, orgulhoso, soberbo\u201d. \u201cUm descarte destas pessoas\u201d, observou o Papa, foi Judas:<\/p>\n<p>\u201cJudas foi um traidor, pecou fortemente, eh! Pecou com for\u00e7a. Mas ent\u00e3o o Evangelho diz: \u201cArrependido, foi a eles dar de volta as moedas\u201d. E eles o que fizeram? \u201cMas voc\u00ea foi nosso \u2018s\u00f3cio\u2019. Fica tranquilo&#8230; N\u00f3s temos o poder de perdoar tudo!\u201d. N\u00e3o! \u201cTe vira. \u00c9 um problema teu\u201d. E o deixaram sozinho: descartado! O pobre Judas traidor e arrependido n\u00e3o foi acolhido pelos \u2018pastores\u2019. Porque eles haviam esquecido o que \u00e9 ser um pastor. Eram os intelectuais da religi\u00e3o, aqueles que tinham o poder, que levavam adiante as catequeses do povo com uma moral feita pela sua intelig\u00eancia e n\u00e3o a partir da revela\u00e7\u00e3o de Deus\u201d.<\/p>\n<p>\u201cUm povo humilde descartado e surrado por esta gente\u201d: tamb\u00e9m hoje, \u00e9 a observa\u00e7\u00e3o de Francisco, acontecem estas coisas na Igreja. \u201cH\u00e1 aquele esp\u00edrito de clericalismo\u201d, explica: \u201cos cl\u00e9rigos se sentem superiores, se afastam das pessoas\u201d, n\u00e3o t\u00eam tempo para escutar os pobres, os que sofrem, os presos, os doentes\u201d:<\/p>\n<p>\u201cO mal do clericalismo \u00e9 uma coisa muito feia! \u00c9 uma nova edi\u00e7\u00e3o desta gente. E a v\u00edtima \u00e9 a mesma: o povo pobre e humilde, que tem esperan\u00e7a no Senhor. O Pai sempre procurou se aproximar de n\u00f3s: enviou seu Filho. Estamos esperando, uma espera alegre e exultante. Mas o Filho n\u00e3o entrou no jogo desta gente: o Filho foi com os doentes, os pobres, os descartados, os publicanos, os pecadores \u2013 \u00e9 escandaloso isso&#8230; \u2013 as prostitutas. Tamb\u00e9m hoje Jesus diz a todos n\u00f3s e tamb\u00e9m a quem est\u00e1 seduzido pelo clericalismo: \u201cOs pecadores e as prostitutas entrar\u00e3o primeiro no Reino dos C\u00e9us\u201d.<\/p>\n<hr \/>\n<p><strong>Papa na Festa de Guadalupe: &#8220;celebrar Maria \u00e9 reafirmar a esperan\u00e7a&#8221;<\/strong><\/p>\n<p><strong><img loading=\"lazy\" class=\"alignright size-full wp-image-122113\" src=\"http:\/\/franciscanos.org.br\/wp-content\/uploads\/2016\/12\/papa_131216.jpg\" alt=\"papa_131216\" width=\"500\" height=\"301\" \/>Cidade do Vaticano<\/strong> &#8211; Na tarde de segunda-feira, 12 de dezembro, Dia de Nossa Senhora de Guadalupe, o Papa Francisco presidiu uma Santa Missa na Bas\u00edlica Vaticana. Foi a terceira vez que o Pont\u00edfice celebrou a Virgem padroeira das Am\u00e9ricas. A Eucaristia foi precedida pela ora\u00e7\u00e3o do ter\u00e7o em espanhol e o tradicional ingresso das bandeiras, representando os v\u00e1rios pa\u00edses devotos a Nossa Senhora.<\/p>\n<p>\u00abFeliz aquela que acreditou\u00bb, disse o Papa iniciando a homilia, lembrando a frase proferida por Isabel ao receber Maria em sua casa. As palavras dirigidas \u00e0 prima gr\u00e1vida indicavam que \u201cDeus nos visitou nas entranhas de uma mulher\u201d; e segundo Francisco, aquela cena simboliza todo o dinamismo da visita de Deus. \u201cE Maria \u00e9 t\u00e3o \u2018\u00edcone\u2019 do disc\u00edpulo que sabe acompanhar e encorajar nossa f\u00e9 e nossa esperan\u00e7a nas v\u00e1rias etapas de nossa vida\u201d.<\/p>\n<p>Relacionando a centralidade de Maria com o mundo atual, o Pont\u00edfice lamentou esta nossa sociedade cada vez mais dividida e fragmentada, que deixa de lado especialmente aqueles que n\u00e3o obt\u00eam o m\u00ednimo para viver com dignidade&#8230; \u201cUma sociedade que se vangloria de seus progressos cient\u00edficos e tecnol\u00f3gicos, mas que \u00e9 cega e insens\u00edvel aos milhares de exclu\u00eddos pelo orgulho de poucos\u201d.<\/p>\n<p>Desencanto dos jovens<br \/>\n\u201cComo \u00e9 dif\u00edcil exaltar a sociedade do bem-estar quando vemos que o nosso querido continente americano se acostumou a ver milhares e milhares de crian\u00e7as e jovens de rua mendigar e dormir em esta\u00e7\u00f5es de trem e metr\u00f4, ou em qualquer lugar que encontram. Crian\u00e7as e jovens explorados em trabalhos clandestinos ou obrigados a procurar trocados nas esquinas, limpando vidros dos carros e sentindo que n\u00e3o h\u00e1 lugar para eles no \u2018trem da vida\u2019.<\/p>\n<p>Na homilia do Papa tiveram lugar tamb\u00e9m as fam\u00edlias que veem seus filhos v\u00edtimas dos mercados da morte; os idosos que vivem na solid\u00e3o, as mulheres cuja dignidade \u00e9 ferida pela precariedade, as meninas e adolescentes submetidas a m\u00faltiplas formas de viol\u00eancia, dentro e fora de suas casas.<\/p>\n<p>\u201cS\u00e3o situa\u00e7\u00f5es que podem nos paralisar, nos fazer duvidar de nossa f\u00e9 e de nossa esperan\u00e7a, de nosso modo de enfrentar o futuro\u201d, ressalvou o Pont\u00edfice. \u201cDiante disso, devemos repetir com Isabel: \u00abFeliz aquela que acreditou\u00bb\u201d.<\/p>\n<p>\u201cCelebrar Maria \u00e9 primeiramente fazer mem\u00f3ria da m\u00e3e, pois n\u00e3o somos e nunca seremos um povo \u00f3rf\u00e3o. Onde h\u00e1 uma m\u00e3e, existe presen\u00e7a e gosto de casa; os irm\u00e3os podem at\u00e9 brigar, mas a unidade sempre triunfar\u00e1\u201d.<br \/>\nFrancisco revelou que sempre lhe impressionou ver as m\u00e3es batalhadoras da Am\u00e9rica Latina que, muitas vezes, crescem seus filhos sozinhas. \u201cE assim \u00e9 Maria conosco!\u201d.<\/p>\n<p>\u201cCelebrar a mem\u00f3ria de Maria \u00e9 afirmar, contra qualquer previs\u00e3o, que no cora\u00e7\u00e3o e na vida de nossos povos bate um forte sentido de esperan\u00e7a, n\u00e3o obstante as condi\u00e7\u00f5es de vida, que parecem ofusc\u00e1-la\u201d.<br \/>\nMaria amou porque acreditou, concluiu Francisco.<\/p>\n<p>\u201cCelebrar sua mem\u00f3ria \u00e9 celebrar que n\u00f3s, como ela, somos convidados a sair ao encontro com os outros: \u201cN\u00e3o tenhamos medo de sair e olhar os outros com o seu olhar, um olhar que nos torna irm\u00e3os. Como Juan Diego, sabemos que ela \u00e9 nossa m\u00e3e, que estamos sob a sua sombra e prote\u00e7\u00e3o, que ela \u00e9 a fonte de nossa alegria e que estamos envoltos em seus bra\u00e7os\u201d.<\/p>\n<hr \/>\n<p><em>Fonte: R\u00e1dio Vaticano<\/em><\/p>\n","protected":false},"excerpt":{"rendered":"<p>Missa em  Santa Marta<\/p>\n","protected":false},"author":1,"featured_media":186656,"comment_status":"open","ping_status":"open","sticky":false,"template":"","format":"standard","meta":[],"categories":[1428],"tags":[1586],"acf":[],"yoast_head":"<!-- This site is optimized with the Yoast SEO plugin v19.2 - https:\/\/yoast.com\/wordpress\/plugins\/seo\/ -->\n<title>O clericalismo \u00e9 um mal que afasta o povo da Igreja - Not\u00edcias - Franciscanos<\/title>\n<meta name=\"robots\" content=\"index, follow, max-snippet:-1, max-image-preview:large, max-video-preview:-1\" \/>\n<link rel=\"canonical\" href=\"https:\/\/franciscanos.org.br\/noticias\/a-sociedade-se-vangloria-dos-avancos-tecnologicos-e-e-cega-aos-excluidos.html\" \/>\n<meta property=\"og:locale\" content=\"pt_BR\" \/>\n<meta property=\"og:type\" content=\"article\" \/>\n<meta property=\"og:title\" content=\"O clericalismo \u00e9 um mal que afasta o povo da Igreja - Not\u00edcias - Franciscanos\" \/>\n<meta property=\"og:description\" content=\"Missa em Santa Marta\" \/>\n<meta property=\"og:url\" content=\"https:\/\/franciscanos.org.br\/noticias\/a-sociedade-se-vangloria-dos-avancos-tecnologicos-e-e-cega-aos-excluidos.html\" \/>\n<meta property=\"og:site_name\" content=\"Not\u00edcias - Franciscanos\" \/>\n<meta property=\"article:published_time\" content=\"2016-12-13T08:56:02+00:00\" \/>\n<meta property=\"article:modified_time\" content=\"2020-06-09T15:29:58+00:00\" \/>\n<meta property=\"og:image\" content=\"https:\/\/franciscanos.org.br\/noticias\/wp-content\/uploads\/2018\/11\/martaG_131216-1.jpg\" \/>\n\t<meta property=\"og:image:width\" content=\"830\" \/>\n\t<meta property=\"og:image:height\" content=\"400\" \/>\n\t<meta property=\"og:image:type\" content=\"image\/jpeg\" \/>\n<meta name=\"author\" content=\"admin\" \/>\n<meta name=\"twitter:card\" content=\"summary_large_image\" \/>\n<meta name=\"twitter:label1\" content=\"Escrito por\" \/>\n\t<meta name=\"twitter:data1\" content=\"admin\" \/>\n\t<meta name=\"twitter:label2\" content=\"Est. tempo de leitura\" \/>\n\t<meta name=\"twitter:data2\" content=\"6 minutos\" \/>\n<script type=\"application\/ld+json\" class=\"yoast-schema-graph\">{\"@context\":\"https:\/\/schema.org\",\"@graph\":[{\"@type\":\"WebSite\",\"@id\":\"https:\/\/franciscanos.org.br\/noticias\/#website\",\"url\":\"https:\/\/franciscanos.org.br\/noticias\/\",\"name\":\"Not\u00edcias - Franciscanos\",\"description\":\"Prov\u00edncia Franciscana da Imaculada Concei\u00e7\u00e3o do Brasil - Ordem dos Frades Menores - OFM\",\"potentialAction\":[{\"@type\":\"SearchAction\",\"target\":{\"@type\":\"EntryPoint\",\"urlTemplate\":\"https:\/\/franciscanos.org.br\/noticias\/?s={search_term_string}\"},\"query-input\":\"required name=search_term_string\"}],\"inLanguage\":\"pt-BR\"},{\"@type\":\"ImageObject\",\"inLanguage\":\"pt-BR\",\"@id\":\"https:\/\/franciscanos.org.br\/noticias\/a-sociedade-se-vangloria-dos-avancos-tecnologicos-e-e-cega-aos-excluidos.html#primaryimage\",\"url\":\"https:\/\/franciscanos.org.br\/noticias\/wp-content\/uploads\/2018\/11\/martaG_131216-1.jpg\",\"contentUrl\":\"https:\/\/franciscanos.org.br\/noticias\/wp-content\/uploads\/2018\/11\/martaG_131216-1.jpg\",\"width\":830,\"height\":400},{\"@type\":\"WebPage\",\"@id\":\"https:\/\/franciscanos.org.br\/noticias\/a-sociedade-se-vangloria-dos-avancos-tecnologicos-e-e-cega-aos-excluidos.html#webpage\",\"url\":\"https:\/\/franciscanos.org.br\/noticias\/a-sociedade-se-vangloria-dos-avancos-tecnologicos-e-e-cega-aos-excluidos.html\",\"name\":\"O clericalismo \u00e9 um mal que afasta o povo da Igreja - Not\u00edcias - Franciscanos\",\"isPartOf\":{\"@id\":\"https:\/\/franciscanos.org.br\/noticias\/#website\"},\"primaryImageOfPage\":{\"@id\":\"https:\/\/franciscanos.org.br\/noticias\/a-sociedade-se-vangloria-dos-avancos-tecnologicos-e-e-cega-aos-excluidos.html#primaryimage\"},\"datePublished\":\"2016-12-13T08:56:02+00:00\",\"dateModified\":\"2020-06-09T15:29:58+00:00\",\"author\":{\"@id\":\"https:\/\/franciscanos.org.br\/noticias\/#\/schema\/person\/b38fbf43118f02820bd932f2e4b14ad3\"},\"breadcrumb\":{\"@id\":\"https:\/\/franciscanos.org.br\/noticias\/a-sociedade-se-vangloria-dos-avancos-tecnologicos-e-e-cega-aos-excluidos.html#breadcrumb\"},\"inLanguage\":\"pt-BR\",\"potentialAction\":[{\"@type\":\"ReadAction\",\"target\":[\"https:\/\/franciscanos.org.br\/noticias\/a-sociedade-se-vangloria-dos-avancos-tecnologicos-e-e-cega-aos-excluidos.html\"]}]},{\"@type\":\"BreadcrumbList\",\"@id\":\"https:\/\/franciscanos.org.br\/noticias\/a-sociedade-se-vangloria-dos-avancos-tecnologicos-e-e-cega-aos-excluidos.html#breadcrumb\",\"itemListElement\":[{\"@type\":\"ListItem\",\"position\":1,\"name\":\"Home\",\"item\":\"https:\/\/franciscanos.org.br\/noticias\"},{\"@type\":\"ListItem\",\"position\":2,\"name\":\"O clericalismo \u00e9 um mal que afasta o povo da Igreja\"}]},{\"@type\":\"Person\",\"@id\":\"https:\/\/franciscanos.org.br\/noticias\/#\/schema\/person\/b38fbf43118f02820bd932f2e4b14ad3\",\"name\":\"admin\",\"image\":{\"@type\":\"ImageObject\",\"inLanguage\":\"pt-BR\",\"@id\":\"https:\/\/franciscanos.org.br\/noticias\/#\/schema\/person\/image\/\",\"url\":\"https:\/\/secure.gravatar.com\/avatar\/e8495742d34d0ba6448ea1c628263b3e?s=96&d=mm&r=g\",\"contentUrl\":\"https:\/\/secure.gravatar.com\/avatar\/e8495742d34d0ba6448ea1c628263b3e?s=96&d=mm&r=g\",\"caption\":\"admin\"},\"url\":\"https:\/\/franciscanos.org.br\/noticias\/author\/admin\"}]}<\/script>\n<!-- \/ Yoast SEO plugin. -->","yoast_head_json":{"title":"O clericalismo \u00e9 um mal que afasta o povo da Igreja - Not\u00edcias - Franciscanos","robots":{"index":"index","follow":"follow","max-snippet":"max-snippet:-1","max-image-preview":"max-image-preview:large","max-video-preview":"max-video-preview:-1"},"canonical":"https:\/\/franciscanos.org.br\/noticias\/a-sociedade-se-vangloria-dos-avancos-tecnologicos-e-e-cega-aos-excluidos.html","og_locale":"pt_BR","og_type":"article","og_title":"O clericalismo \u00e9 um mal que afasta o povo da Igreja - Not\u00edcias - Franciscanos","og_description":"Missa em Santa Marta","og_url":"https:\/\/franciscanos.org.br\/noticias\/a-sociedade-se-vangloria-dos-avancos-tecnologicos-e-e-cega-aos-excluidos.html","og_site_name":"Not\u00edcias - Franciscanos","article_published_time":"2016-12-13T08:56:02+00:00","article_modified_time":"2020-06-09T15:29:58+00:00","og_image":[{"width":830,"height":400,"url":"https:\/\/franciscanos.org.br\/noticias\/wp-content\/uploads\/2018\/11\/martaG_131216-1.jpg","type":"image\/jpeg"}],"author":"admin","twitter_card":"summary_large_image","twitter_misc":{"Escrito por":"admin","Est. tempo de leitura":"6 minutos"},"schema":{"@context":"https:\/\/schema.org","@graph":[{"@type":"WebSite","@id":"https:\/\/franciscanos.org.br\/noticias\/#website","url":"https:\/\/franciscanos.org.br\/noticias\/","name":"Not\u00edcias - Franciscanos","description":"Prov\u00edncia Franciscana da Imaculada Concei\u00e7\u00e3o do Brasil - Ordem dos Frades Menores - OFM","potentialAction":[{"@type":"SearchAction","target":{"@type":"EntryPoint","urlTemplate":"https:\/\/franciscanos.org.br\/noticias\/?s={search_term_string}"},"query-input":"required name=search_term_string"}],"inLanguage":"pt-BR"},{"@type":"ImageObject","inLanguage":"pt-BR","@id":"https:\/\/franciscanos.org.br\/noticias\/a-sociedade-se-vangloria-dos-avancos-tecnologicos-e-e-cega-aos-excluidos.html#primaryimage","url":"https:\/\/franciscanos.org.br\/noticias\/wp-content\/uploads\/2018\/11\/martaG_131216-1.jpg","contentUrl":"https:\/\/franciscanos.org.br\/noticias\/wp-content\/uploads\/2018\/11\/martaG_131216-1.jpg","width":830,"height":400},{"@type":"WebPage","@id":"https:\/\/franciscanos.org.br\/noticias\/a-sociedade-se-vangloria-dos-avancos-tecnologicos-e-e-cega-aos-excluidos.html#webpage","url":"https:\/\/franciscanos.org.br\/noticias\/a-sociedade-se-vangloria-dos-avancos-tecnologicos-e-e-cega-aos-excluidos.html","name":"O clericalismo \u00e9 um mal que afasta o povo da Igreja - Not\u00edcias - Franciscanos","isPartOf":{"@id":"https:\/\/franciscanos.org.br\/noticias\/#website"},"primaryImageOfPage":{"@id":"https:\/\/franciscanos.org.br\/noticias\/a-sociedade-se-vangloria-dos-avancos-tecnologicos-e-e-cega-aos-excluidos.html#primaryimage"},"datePublished":"2016-12-13T08:56:02+00:00","dateModified":"2020-06-09T15:29:58+00:00","author":{"@id":"https:\/\/franciscanos.org.br\/noticias\/#\/schema\/person\/b38fbf43118f02820bd932f2e4b14ad3"},"breadcrumb":{"@id":"https:\/\/franciscanos.org.br\/noticias\/a-sociedade-se-vangloria-dos-avancos-tecnologicos-e-e-cega-aos-excluidos.html#breadcrumb"},"inLanguage":"pt-BR","potentialAction":[{"@type":"ReadAction","target":["https:\/\/franciscanos.org.br\/noticias\/a-sociedade-se-vangloria-dos-avancos-tecnologicos-e-e-cega-aos-excluidos.html"]}]},{"@type":"BreadcrumbList","@id":"https:\/\/franciscanos.org.br\/noticias\/a-sociedade-se-vangloria-dos-avancos-tecnologicos-e-e-cega-aos-excluidos.html#breadcrumb","itemListElement":[{"@type":"ListItem","position":1,"name":"Home","item":"https:\/\/franciscanos.org.br\/noticias"},{"@type":"ListItem","position":2,"name":"O clericalismo \u00e9 um mal que afasta o povo da Igreja"}]},{"@type":"Person","@id":"https:\/\/franciscanos.org.br\/noticias\/#\/schema\/person\/b38fbf43118f02820bd932f2e4b14ad3","name":"admin","image":{"@type":"ImageObject","inLanguage":"pt-BR","@id":"https:\/\/franciscanos.org.br\/noticias\/#\/schema\/person\/image\/","url":"https:\/\/secure.gravatar.com\/avatar\/e8495742d34d0ba6448ea1c628263b3e?s=96&d=mm&r=g","contentUrl":"https:\/\/secure.gravatar.com\/avatar\/e8495742d34d0ba6448ea1c628263b3e?s=96&d=mm&r=g","caption":"admin"},"url":"https:\/\/franciscanos.org.br\/noticias\/author\/admin"}]}},"_links":{"self":[{"href":"https:\/\/franciscanos.org.br\/noticias\/wp-json\/wp\/v2\/posts\/122112"}],"collection":[{"href":"https:\/\/franciscanos.org.br\/noticias\/wp-json\/wp\/v2\/posts"}],"about":[{"href":"https:\/\/franciscanos.org.br\/noticias\/wp-json\/wp\/v2\/types\/post"}],"author":[{"embeddable":true,"href":"https:\/\/franciscanos.org.br\/noticias\/wp-json\/wp\/v2\/users\/1"}],"replies":[{"embeddable":true,"href":"https:\/\/franciscanos.org.br\/noticias\/wp-json\/wp\/v2\/comments?post=122112"}],"version-history":[{"count":1,"href":"https:\/\/franciscanos.org.br\/noticias\/wp-json\/wp\/v2\/posts\/122112\/revisions"}],"predecessor-version":[{"id":225512,"href":"https:\/\/franciscanos.org.br\/noticias\/wp-json\/wp\/v2\/posts\/122112\/revisions\/225512"}],"wp:featuredmedia":[{"embeddable":true,"href":"https:\/\/franciscanos.org.br\/noticias\/wp-json\/wp\/v2\/media\/186656"}],"wp:attachment":[{"href":"https:\/\/franciscanos.org.br\/noticias\/wp-json\/wp\/v2\/media?parent=122112"}],"wp:term":[{"taxonomy":"category","embeddable":true,"href":"https:\/\/franciscanos.org.br\/noticias\/wp-json\/wp\/v2\/categories?post=122112"},{"taxonomy":"post_tag","embeddable":true,"href":"https:\/\/franciscanos.org.br\/noticias\/wp-json\/wp\/v2\/tags?post=122112"}],"curies":[{"name":"wp","href":"https:\/\/api.w.org\/{rel}","templated":true}]}}