{"id":122109,"date":"2016-12-12T15:48:48","date_gmt":"2016-12-12T17:48:48","guid":{"rendered":"http:\/\/franciscanos.org.br\/?p=122109"},"modified":"2019-07-02T07:33:52","modified_gmt":"2019-07-02T10:33:52","slug":"canarinhos-realizam-tradicional-concerto-de-natal","status":"publish","type":"post","link":"https:\/\/franciscanos.org.br\/noticias\/canarinhos-realizam-tradicional-concerto-de-natal.html","title":{"rendered":"Canarinhos realizam tradicional Concerto de Natal"},"content":{"rendered":"<p><img loading=\"lazy\" src=\"http:\/\/franciscanos.org.br\/wp-content\/uploads\/2016\/06\/canarinhos_8301.jpg\" alt=\"canarinhos_830\" width=\"830\" height=\"236\" \/><\/p>\n<p><strong>Petr\u00f3polis (RJ) &#8211;<\/strong> 150 vozes ir\u00e3o se unir na pr\u00f3xima quinta-feira (15), no Sagrado Cora\u00e7\u00e3o de Jesus, para um grande momento de reflex\u00e3o e de celebra\u00e7\u00e3o. O tradicional Concerto de Natal do Instituto dos Meninos Cantores de Petr\u00f3polis (IMCP) marca o final do ano na institui\u00e7\u00e3o e trar\u00e1 uma mensagem de amor para 2017. O evento ser\u00e1 \u00e0s 20h, com entrada franca.<\/p>\n<p>Participam da apresenta\u00e7\u00e3o, que trar\u00e1 um repert\u00f3rio natalino tradicional, o Coral dos Canarinhos, das Meninas dos Canarinhos, os alunos do Curso de Aprendizes e o Coral Mirim do Col\u00e9gio Bom Jesus. O concerto ser\u00e1 dividido em tr\u00eas partes. A primeira ser\u00e1 com o coro feminino, que trar\u00e1 um programa com obras como \u201cVeni Domine\u201d, de Felix Mendelssohn-Bartholdy, e \u201cMary sings a lullaby\u201d, de Leanne Daharja Veitch. Depois, se apresenta o grupo vocal masculino. Entre as can\u00e7\u00f5es, est\u00e3o \u201cVerbum Caro Factum Est\u201d, de Hans Leo Hassler, e \u201cLux Aurumque\u201d, de Eric Whitacre.<br \/>\nNa terceira parte, todos os corais cantar\u00e3o juntos um pout pourri de c\u00e2nticos natalinos conhecidos pelo p\u00fablico, como \u201cNoite Feliz\u201d, de Franz Gruber, \u201cBate o Sino\u201d, de James Pierpoint, e \u201c\u00d3 Noite Santa\u201d, de Adolphe Adam.<\/p>\n<p>\u201cNesse fim de ano, lembramos daquele velho dito: a uni\u00e3o faz a for\u00e7a. Aqui no instituto, n\u00f3s trabalhamos por um bem comum e ser\u00e1 esse trabalho que iremos mostrar no concerto. Dessa forma, fazemos com que o IMCP tenha uma proje\u00e7\u00e3o cada vez maior na m\u00fasica. Ser\u00e1 um momento que marca o encerramento de um ciclo e tamb\u00e9m a oportunidade de desejar muitas realiza\u00e7\u00f5es para 2017\u201d, declarou o maestro dos Canarinhos e diretor art\u00edstico da institui\u00e7\u00e3o, Marco Aur\u00e9lio Lischt.<\/p>\n<p>Na apresenta\u00e7\u00e3o, os coros far\u00e3o uma cantata barroca, durante a coloca\u00e7\u00e3o da imagem do Menino Jesus na manjedoura, representando o nascimento de Cristo, em um grande momento de medita\u00e7\u00e3o.<\/p>\n<p>\u201cTodos os concertos natalinos contribuem para uma reflex\u00e3o, n\u00e3o s\u00f3 religiosa. O Natal representa o nascimento de Jesus e sempre quando falamos em nascimento, estamos falando de uma nova chance para n\u00f3s. Temos agora uma nova oportunidade de fazer de 2017 um ano melhor e continuar desempenhando nosso papel na sociedade\u201d, declarou o maestro do Coral das Meninas dos Canarinhos, Marcelo Vizani, salientando que o evento tamb\u00e9m aproxima o p\u00fablico do trabalho realizado no instituto. \u201cEsse \u00e9 um momento de confraterniza\u00e7\u00e3o do IMCP, onde todos estar\u00e3o juntos e as pessoas que n\u00e3o nos acompanham diariamente t\u00eam a oportunidade de ver a grandiosidade do que \u00e9 feito aqui\u201d.<\/p>\n<p>Durante o concerto, o p\u00fablico poder\u00e1 adquirir os CDs dos Canarinhos e das Meninas dos Canarinhos, que estar\u00e3o \u00e0 venda no dia. O dinheiro arrecado \u00e9 revertido para a manuten\u00e7\u00e3o dos trabalhos do IMCP. \u201cO Natal \u00e9 um momento de alegria e de uni\u00e3o. Quanto todos se unem em fam\u00edlia e em ora\u00e7\u00e3o, para pedir paz, amor, esperan\u00e7a, felicidade. \u00c9 isso que esperamos passar nesse fim de ano\u201d, finalizou Lischt.<\/p>\n<p><strong>Servi\u00e7o:<\/strong><br \/>\nConcerto de Natal do IMCP<br \/>\nData: 15 de dezembro<br \/>\nHor\u00e1rio: 20h<br \/>\nLocal: Igreja do Sagrado Cora\u00e7\u00e3o de Jesus \u2013 Rua Montecaseros, n\u00famero 95, no Centro de Petr\u00f3polis.<br \/>\nEntrada: Gratuita<br \/>\nMais informa\u00e7\u00f5es sobre as atividades do Instituto podem ser consultadas pelo site <a href=\"http:\/\/canarinhos.com.br\" target=\"_blank\" rel=\"noopener noreferrer\">http:\/\/canarinhos.com.br<\/a>, pelo Facebook <a href=\"http:\/\/fb.com\/canarinhosdepetropolis\" target=\"_blank\" rel=\"noopener noreferrer\">http:\/\/fb.com\/canarinhosdepetropolis<\/a> ou pelo telefone (24) 2104-4141.<br \/>\nO Instituto dos Corais dos Canarinhos de Petr\u00f3polis fica Rua Santos Dumont, 355, no Centro Hist\u00f3rico.<\/p>\n","protected":false},"excerpt":{"rendered":"<p>Instituto Meninos Cantores de Petr\u00f3polis<\/p>\n","protected":false},"author":1,"featured_media":207018,"comment_status":"open","ping_status":"open","sticky":false,"template":"","format":"standard","meta":[],"categories":[1],"tags":[1378],"acf":[],"yoast_head":"<!-- This site is optimized with the Yoast SEO plugin v19.2 - https:\/\/yoast.com\/wordpress\/plugins\/seo\/ -->\n<title>Canarinhos realizam tradicional Concerto de Natal - Not\u00edcias - Franciscanos<\/title>\n<meta name=\"robots\" content=\"index, follow, max-snippet:-1, max-image-preview:large, max-video-preview:-1\" \/>\n<link rel=\"canonical\" href=\"https:\/\/franciscanos.org.br\/noticias\/canarinhos-realizam-tradicional-concerto-de-natal.html\" \/>\n<meta property=\"og:locale\" content=\"pt_BR\" \/>\n<meta property=\"og:type\" content=\"article\" \/>\n<meta property=\"og:title\" content=\"Canarinhos realizam tradicional Concerto de Natal - Not\u00edcias - Franciscanos\" \/>\n<meta property=\"og:description\" content=\"Instituto Meninos Cantores de Petr\u00f3polis\" \/>\n<meta property=\"og:url\" content=\"https:\/\/franciscanos.org.br\/noticias\/canarinhos-realizam-tradicional-concerto-de-natal.html\" \/>\n<meta property=\"og:site_name\" content=\"Not\u00edcias - Franciscanos\" \/>\n<meta property=\"article:published_time\" content=\"2016-12-12T17:48:48+00:00\" \/>\n<meta property=\"article:modified_time\" content=\"2019-07-02T10:33:52+00:00\" \/>\n<meta property=\"og:image\" content=\"https:\/\/franciscanos.org.br\/noticias\/wp-content\/uploads\/2016\/12\/canarinhos_02.jpg\" \/>\n\t<meta property=\"og:image:width\" content=\"273\" \/>\n\t<meta property=\"og:image:height\" content=\"181\" \/>\n\t<meta property=\"og:image:type\" content=\"image\/jpeg\" \/>\n<meta name=\"author\" content=\"admin\" \/>\n<meta name=\"twitter:card\" content=\"summary_large_image\" \/>\n<meta name=\"twitter:label1\" content=\"Escrito por\" \/>\n\t<meta name=\"twitter:data1\" content=\"admin\" \/>\n\t<meta name=\"twitter:label2\" content=\"Est. tempo de leitura\" \/>\n\t<meta name=\"twitter:data2\" content=\"3 minutos\" \/>\n<script type=\"application\/ld+json\" class=\"yoast-schema-graph\">{\"@context\":\"https:\/\/schema.org\",\"@graph\":[{\"@type\":\"WebSite\",\"@id\":\"https:\/\/franciscanos.org.br\/noticias\/#website\",\"url\":\"https:\/\/franciscanos.org.br\/noticias\/\",\"name\":\"Not\u00edcias - Franciscanos\",\"description\":\"Prov\u00edncia Franciscana da Imaculada Concei\u00e7\u00e3o do Brasil - Ordem dos Frades Menores - OFM\",\"potentialAction\":[{\"@type\":\"SearchAction\",\"target\":{\"@type\":\"EntryPoint\",\"urlTemplate\":\"https:\/\/franciscanos.org.br\/noticias\/?s={search_term_string}\"},\"query-input\":\"required name=search_term_string\"}],\"inLanguage\":\"pt-BR\"},{\"@type\":\"ImageObject\",\"inLanguage\":\"pt-BR\",\"@id\":\"https:\/\/franciscanos.org.br\/noticias\/canarinhos-realizam-tradicional-concerto-de-natal.html#primaryimage\",\"url\":\"https:\/\/franciscanos.org.br\/noticias\/wp-content\/uploads\/2016\/12\/canarinhos_02.jpg\",\"contentUrl\":\"https:\/\/franciscanos.org.br\/noticias\/wp-content\/uploads\/2016\/12\/canarinhos_02.jpg\",\"width\":273,\"height\":181},{\"@type\":\"WebPage\",\"@id\":\"https:\/\/franciscanos.org.br\/noticias\/canarinhos-realizam-tradicional-concerto-de-natal.html#webpage\",\"url\":\"https:\/\/franciscanos.org.br\/noticias\/canarinhos-realizam-tradicional-concerto-de-natal.html\",\"name\":\"Canarinhos realizam tradicional Concerto de Natal - Not\u00edcias - Franciscanos\",\"isPartOf\":{\"@id\":\"https:\/\/franciscanos.org.br\/noticias\/#website\"},\"primaryImageOfPage\":{\"@id\":\"https:\/\/franciscanos.org.br\/noticias\/canarinhos-realizam-tradicional-concerto-de-natal.html#primaryimage\"},\"datePublished\":\"2016-12-12T17:48:48+00:00\",\"dateModified\":\"2019-07-02T10:33:52+00:00\",\"author\":{\"@id\":\"https:\/\/franciscanos.org.br\/noticias\/#\/schema\/person\/b38fbf43118f02820bd932f2e4b14ad3\"},\"breadcrumb\":{\"@id\":\"https:\/\/franciscanos.org.br\/noticias\/canarinhos-realizam-tradicional-concerto-de-natal.html#breadcrumb\"},\"inLanguage\":\"pt-BR\",\"potentialAction\":[{\"@type\":\"ReadAction\",\"target\":[\"https:\/\/franciscanos.org.br\/noticias\/canarinhos-realizam-tradicional-concerto-de-natal.html\"]}]},{\"@type\":\"BreadcrumbList\",\"@id\":\"https:\/\/franciscanos.org.br\/noticias\/canarinhos-realizam-tradicional-concerto-de-natal.html#breadcrumb\",\"itemListElement\":[{\"@type\":\"ListItem\",\"position\":1,\"name\":\"Home\",\"item\":\"https:\/\/franciscanos.org.br\/noticias\"},{\"@type\":\"ListItem\",\"position\":2,\"name\":\"Canarinhos realizam tradicional Concerto de Natal\"}]},{\"@type\":\"Person\",\"@id\":\"https:\/\/franciscanos.org.br\/noticias\/#\/schema\/person\/b38fbf43118f02820bd932f2e4b14ad3\",\"name\":\"admin\",\"image\":{\"@type\":\"ImageObject\",\"inLanguage\":\"pt-BR\",\"@id\":\"https:\/\/franciscanos.org.br\/noticias\/#\/schema\/person\/image\/\",\"url\":\"https:\/\/secure.gravatar.com\/avatar\/e8495742d34d0ba6448ea1c628263b3e?s=96&d=mm&r=g\",\"contentUrl\":\"https:\/\/secure.gravatar.com\/avatar\/e8495742d34d0ba6448ea1c628263b3e?s=96&d=mm&r=g\",\"caption\":\"admin\"},\"url\":\"https:\/\/franciscanos.org.br\/noticias\/author\/admin\"}]}<\/script>\n<!-- \/ Yoast SEO plugin. -->","yoast_head_json":{"title":"Canarinhos realizam tradicional Concerto de Natal - Not\u00edcias - Franciscanos","robots":{"index":"index","follow":"follow","max-snippet":"max-snippet:-1","max-image-preview":"max-image-preview:large","max-video-preview":"max-video-preview:-1"},"canonical":"https:\/\/franciscanos.org.br\/noticias\/canarinhos-realizam-tradicional-concerto-de-natal.html","og_locale":"pt_BR","og_type":"article","og_title":"Canarinhos realizam tradicional Concerto de Natal - Not\u00edcias - Franciscanos","og_description":"Instituto Meninos Cantores de Petr\u00f3polis","og_url":"https:\/\/franciscanos.org.br\/noticias\/canarinhos-realizam-tradicional-concerto-de-natal.html","og_site_name":"Not\u00edcias - Franciscanos","article_published_time":"2016-12-12T17:48:48+00:00","article_modified_time":"2019-07-02T10:33:52+00:00","og_image":[{"width":273,"height":181,"url":"https:\/\/franciscanos.org.br\/noticias\/wp-content\/uploads\/2016\/12\/canarinhos_02.jpg","type":"image\/jpeg"}],"author":"admin","twitter_card":"summary_large_image","twitter_misc":{"Escrito por":"admin","Est. tempo de leitura":"3 minutos"},"schema":{"@context":"https:\/\/schema.org","@graph":[{"@type":"WebSite","@id":"https:\/\/franciscanos.org.br\/noticias\/#website","url":"https:\/\/franciscanos.org.br\/noticias\/","name":"Not\u00edcias - Franciscanos","description":"Prov\u00edncia Franciscana da Imaculada Concei\u00e7\u00e3o do Brasil - Ordem dos Frades Menores - OFM","potentialAction":[{"@type":"SearchAction","target":{"@type":"EntryPoint","urlTemplate":"https:\/\/franciscanos.org.br\/noticias\/?s={search_term_string}"},"query-input":"required name=search_term_string"}],"inLanguage":"pt-BR"},{"@type":"ImageObject","inLanguage":"pt-BR","@id":"https:\/\/franciscanos.org.br\/noticias\/canarinhos-realizam-tradicional-concerto-de-natal.html#primaryimage","url":"https:\/\/franciscanos.org.br\/noticias\/wp-content\/uploads\/2016\/12\/canarinhos_02.jpg","contentUrl":"https:\/\/franciscanos.org.br\/noticias\/wp-content\/uploads\/2016\/12\/canarinhos_02.jpg","width":273,"height":181},{"@type":"WebPage","@id":"https:\/\/franciscanos.org.br\/noticias\/canarinhos-realizam-tradicional-concerto-de-natal.html#webpage","url":"https:\/\/franciscanos.org.br\/noticias\/canarinhos-realizam-tradicional-concerto-de-natal.html","name":"Canarinhos realizam tradicional Concerto de Natal - Not\u00edcias - Franciscanos","isPartOf":{"@id":"https:\/\/franciscanos.org.br\/noticias\/#website"},"primaryImageOfPage":{"@id":"https:\/\/franciscanos.org.br\/noticias\/canarinhos-realizam-tradicional-concerto-de-natal.html#primaryimage"},"datePublished":"2016-12-12T17:48:48+00:00","dateModified":"2019-07-02T10:33:52+00:00","author":{"@id":"https:\/\/franciscanos.org.br\/noticias\/#\/schema\/person\/b38fbf43118f02820bd932f2e4b14ad3"},"breadcrumb":{"@id":"https:\/\/franciscanos.org.br\/noticias\/canarinhos-realizam-tradicional-concerto-de-natal.html#breadcrumb"},"inLanguage":"pt-BR","potentialAction":[{"@type":"ReadAction","target":["https:\/\/franciscanos.org.br\/noticias\/canarinhos-realizam-tradicional-concerto-de-natal.html"]}]},{"@type":"BreadcrumbList","@id":"https:\/\/franciscanos.org.br\/noticias\/canarinhos-realizam-tradicional-concerto-de-natal.html#breadcrumb","itemListElement":[{"@type":"ListItem","position":1,"name":"Home","item":"https:\/\/franciscanos.org.br\/noticias"},{"@type":"ListItem","position":2,"name":"Canarinhos realizam tradicional Concerto de Natal"}]},{"@type":"Person","@id":"https:\/\/franciscanos.org.br\/noticias\/#\/schema\/person\/b38fbf43118f02820bd932f2e4b14ad3","name":"admin","image":{"@type":"ImageObject","inLanguage":"pt-BR","@id":"https:\/\/franciscanos.org.br\/noticias\/#\/schema\/person\/image\/","url":"https:\/\/secure.gravatar.com\/avatar\/e8495742d34d0ba6448ea1c628263b3e?s=96&d=mm&r=g","contentUrl":"https:\/\/secure.gravatar.com\/avatar\/e8495742d34d0ba6448ea1c628263b3e?s=96&d=mm&r=g","caption":"admin"},"url":"https:\/\/franciscanos.org.br\/noticias\/author\/admin"}]}},"_links":{"self":[{"href":"https:\/\/franciscanos.org.br\/noticias\/wp-json\/wp\/v2\/posts\/122109"}],"collection":[{"href":"https:\/\/franciscanos.org.br\/noticias\/wp-json\/wp\/v2\/posts"}],"about":[{"href":"https:\/\/franciscanos.org.br\/noticias\/wp-json\/wp\/v2\/types\/post"}],"author":[{"embeddable":true,"href":"https:\/\/franciscanos.org.br\/noticias\/wp-json\/wp\/v2\/users\/1"}],"replies":[{"embeddable":true,"href":"https:\/\/franciscanos.org.br\/noticias\/wp-json\/wp\/v2\/comments?post=122109"}],"version-history":[{"count":0,"href":"https:\/\/franciscanos.org.br\/noticias\/wp-json\/wp\/v2\/posts\/122109\/revisions"}],"wp:featuredmedia":[{"embeddable":true,"href":"https:\/\/franciscanos.org.br\/noticias\/wp-json\/wp\/v2\/media\/207018"}],"wp:attachment":[{"href":"https:\/\/franciscanos.org.br\/noticias\/wp-json\/wp\/v2\/media?parent=122109"}],"wp:term":[{"taxonomy":"category","embeddable":true,"href":"https:\/\/franciscanos.org.br\/noticias\/wp-json\/wp\/v2\/categories?post=122109"},{"taxonomy":"post_tag","embeddable":true,"href":"https:\/\/franciscanos.org.br\/noticias\/wp-json\/wp\/v2\/tags?post=122109"}],"curies":[{"name":"wp","href":"https:\/\/api.w.org\/{rel}","templated":true}]}}