{"id":122064,"date":"2016-12-12T06:59:12","date_gmt":"2016-12-12T08:59:12","guid":{"rendered":"http:\/\/franciscanos.org.br\/?p=122064"},"modified":"2020-06-09T12:30:41","modified_gmt":"2020-06-09T15:30:41","slug":"papa-francisco-faz-novo-apelo-pela-siria","status":"publish","type":"post","link":"https:\/\/franciscanos.org.br\/noticias\/papa-francisco-faz-novo-apelo-pela-siria.html","title":{"rendered":"Papa faz novo apelo pela S\u00edria e pelas v\u00edtimas de atentados"},"content":{"rendered":"<p><img loading=\"lazy\" src=\"http:\/\/franciscanos.org.br\/wp-content\/uploads\/2016\/12\/francisco_12122016.jpg\" alt=\"POPE ANGELUS VATICAN\" width=\"820\" height=\"352\" \/><\/p>\n<p>\u201cN\u00e3o devemos esquecer que Aleppo \u00e9 uma cidade, que ali se encontram pessoas: fam\u00edlias, crian\u00e7as, anci\u00e3os, pessoas enfermas&#8230; Infelizmente, nos acostumamos com a guerra, a destrui\u00e7\u00e3o, mas n\u00e3o devemos esquecer que a S\u00edria \u00e9 um pa\u00eds repleto de hist\u00f3ria, de cultura, de f\u00e9. N\u00e3o podemos aceitar que isso seja negado pela guerra, que \u00e9 um c\u00famulo de arbitrariedades e de falsidades.\u201d<\/p>\n<p>\u201cApelo ao compromisso de todos, a fim de que seja feita uma escolha de civilidade: n\u00e3o \u00e0 destrui\u00e7\u00e3o, sim \u00e0 paz, sim ao povo de Aleppo e da S\u00edria\u201d, acrescentou Francisco durante a Ora\u00e7\u00e3o do Angelus deste domingo (11\/12).<\/p>\n<p>O pensamento do Santo Padre voltou-se tamb\u00e9m para os atentados que nas \u00faltimas horas atingiram v\u00e1rios lugares, entre os quais o Cairo, no Egito, onde um atentado numa igreja pr\u00f3xima da Catedral copta de S\u00e3o Marcos deixou dezenas de mortos e feridos.<\/p>\n<p>\u201cRezemos tamb\u00e9m pelas v\u00edtimas de alguns ferozes ataques terroristas que nas \u00faltimas horas atingiram v\u00e1rios pa\u00edses. Os lugares s\u00e3o v\u00e1rios, mas, infelizmente, \u00fanica \u00e9 a viol\u00eancia que semeia morte e destrui\u00e7\u00e3o, e \u00fanica \u00e9 tamb\u00e9m a resposta: f\u00e9 em Deus e unidade nos valores humanos e civis.\u201d<\/p>\n<p>Francisco quis expressar sua particular proximidade ao Papa Tawadros II \u2013 Papa da Igreja copta ortodoxa e Patriarca de Alexandria, no Egito &#8211; e a sua comunidade, rezando pelos mortos e pelos feridos.<\/p>\n<p><strong>Alegrai-vos sempre no Senhor<\/strong><br \/>\nNa alocu\u00e7\u00e3o que precedeu a ora\u00e7\u00e3o mariana, o Papa Francisco ressaltou que o terceiro Domingo do Advento \u00e9 caracterizado pelo convite de S\u00e3o Paulo: \u201cAlegrai-vos sempre no Senhor, repito-vos, alegrai-vos, o Senhor est\u00e1 pr\u00f3ximo\u201d (Fil 4,4-5).<\/p>\n<p>\u201cA alegria \u00e0 qual nos exorta o Ap\u00f3stolo n\u00e3o \u00e9 uma alegria superficial ou puramente emotiva, e nem mesmo mundana ou a alegria do consumismo. N\u00e3o, n\u00e3o \u00e9 esta, mas se trata de uma alegria mais aut\u00eantica, da qual somos chamados a redescobrir o sabor. O sabor da verdadeira alegria.\u201d<\/p>\n<p>\u00c9 uma alegria que toca o \u00edntimo do nosso ser, continuou o Pont\u00edfice, \u201cenquanto esperamos Jesus que veio trazer a salva\u00e7\u00e3o ao mundo, o Messias prometido, nascido em Bel\u00e9m, nascido da Virgem Maria\u201d.<br \/>\nReferindo-se \u00e0 liturgia dominical, o Papa disse-nos que esta nos d\u00e1 o contexto adequado para compreender e viver esta alegria. A salva\u00e7\u00e3o \u00e9 finalmente anunciada: \u201cSede fortes! \u2013 diz o profeta Isa\u00edas (35,4). \u201cEis que o vosso Deus vem para salvar-vos. E imediatamente tudo se transforma: o deserto floresce, a consola\u00e7\u00e3o e a alegria invadem os cora\u00e7\u00f5es\u201d.<\/p>\n<p><strong>Salva\u00e7\u00e3o trazida por Jesus alcan\u00e7a o ser humano em sua totalidade e o regenera<\/strong><br \/>\nEstes sinais anunciados pelo Profeta como reveladores da salva\u00e7\u00e3o j\u00e1 presente, se realizam em Jesus, frisou o Santo Padre.<\/p>\n<p>\u201cN\u00e3o s\u00e3o palavras, s\u00e3o fatos que demonstram como a salva\u00e7\u00e3o, trazida por Jesus, alcan\u00e7a o ser humano em sua totalidade e o regenera. Deus entrou na hist\u00f3ria para libertar-nos da escravid\u00e3o do pecado; colocou sua tenda no meio de n\u00f3s para partilhar a nossa exist\u00eancia, curar as nossas chagas, enfaixar nossas feridas e doar-nos a vida nova. A alegria \u00e9 o fruto dessa interven\u00e7\u00e3o de salva\u00e7\u00e3o e do amor de Deus.\u201d<\/p>\n<p>\u201cSomos chamados a deixar-nos envolver pelo sentimento de j\u00fabilo. Este j\u00fabilo, esta alegria\u201d, acrescentou Francisco fazendo uma oportuna e pertinente aprecia\u00e7\u00e3o: \u201cUm crist\u00e3o que n\u00e3o \u00e9 alegre, falta-lhe alguma coisa ou n\u00e3o \u00e9 crist\u00e3o. A alegria do cora\u00e7\u00e3o, a alegria interior nos leva adiante e nos d\u00e1 a coragem. O Senhor vem, vem em nossa vida como libertador, vem libertar-nos de todas as escravid\u00f5es internas e externas.\u201d<\/p>\n<p><strong>Reconhecer, nos mais fracos e necessitados, o Senhor que vem<\/strong><br \/>\nO Papa lembrou ainda que o Natal est\u00e1 pr\u00f3ximo, que os sinais de seu aproximar-se s\u00e3o evidentes em nossas ruas, em nossas casas, acrescentado que \u201cestes sinais convidam-nos a acolher o Senhor que sempre vem e bate \u00e0 nossa porta, bate em nosso cora\u00e7\u00e3o, para vir pr\u00f3ximo a n\u00f3s, convidam-nos a reconhecer Seus passos entre aqueles irm\u00e3os que nos passam ao lado, especialmente os mais fracos e necessitados\u201d.<\/p>\n<p>Por fim, exortou-nos a partilhar esta alegria com os outros, dando conforto e esperan\u00e7a aos pobres, aos doentes, \u00e0s pessoas sozinhas e infelizes.<\/p>\n<hr \/>\n<h2>PAPA SE ENCONTRA COM SEMINARISTAS<\/h2>\n<p>\u201cUm sacerdote que se separa do povo n\u00e3o \u00e9 capaz de dar a mensagem de Jesus.\u201d Foi o que disse o Papa Francisco no discurso espont\u00e2neo feito no s\u00e1bado (10\/12) \u00e0 comunidade do \u201cPontif\u00edcio Semin\u00e1rio Romano Regional Pugliese Pio XI\u201d, cujo texto integral foi publicado \u00e0 noite pela Sala de Imprensa da Santa S\u00e9.<\/p>\n<p>Ao todo, mais de 300 pessoas recebidas pelo Santo Padre na Sala Clementina, no Vaticano, em sua maioria, seminaristas da referida regi\u00e3o do sul da It\u00e1lia. Tendo entregado o discurso preparado para a ocasi\u00e3o, o Pont\u00edfice falou sem texto.<br \/>\nFrancisco pediu aos sacerdotes que estejam pr\u00f3ximos do povo, que sejam pais, que deem ao povo as car\u00edcias de Jesus e que n\u00e3o tenham medo da pobreza, que \u201c\u00e9 m\u00e3e e muro\u201d.<\/p>\n<p>Tratou-se de um discurso intenso, espont\u00e2neo e exortativo. O Papa recomendou aos futuros presb\u00edteros que sejam, antes de tudo, pais para os fi\u00e9is. E aludiu aos esc\u00e2ndalos dos sacerdotes: \u201cA imprensa compra bem aquelas not\u00edcias, paga bem por elas. Porque \u00e9 assim: a regra do esc\u00e2ndalo tem uma alta cota\u00e7\u00e3o na bolsa da m\u00eddia! Como formar um sacerdote a fim de que sua vida n\u00e3o seja um falimento, n\u00e3o desmorone? S\u00f3 isso! N\u00e3o, mais que isso! Para que sua vida seja fecunda. Sim, fecunda! N\u00e3o somente para que seja um bom padre que segue todas as regras. N\u00e3o, n\u00e3o. Que d\u00ea vida aos outros! Que seja pai de uma comunidade. Um sacerdote que n\u00e3o \u00e9 pai n\u00e3o serve.\u201d<\/p>\n<p>Em seguida, recordou a hist\u00f3ria de tantos bravos p\u00e1rocos na It\u00e1lia. \u201cOlhem para seus pais na f\u00e9\u201d, exortou Francisco, e pe\u00e7am a gra\u00e7a da \u201cmem\u00f3ria eclesial\u201d.<\/p>\n<p>\u00c9 preciso assumir a longa tradi\u00e7\u00e3o de bravos sacerdotes, que a Igreja tem, lev\u00e1-la adiante e deix\u00e1-la como heran\u00e7a: \u201cPadres que recebem a paternidade dos outros e a d\u00e3o aos outros\u201d.<\/p>\n<p><strong>Sacerdotes sejam pr\u00f3ximos do povo<\/strong><br \/>\nE para entender o que significa ser pr\u00f3ximo do Povo, Francisco falou de um p\u00e1roco de uma pequena localidade, que conhecia o nome de cada paroquiano. \u201cProximidade com o povo\u201d, como Jesus que se fez pr\u00f3ximo \u201ca ponto de assumir nossa carne\u201d. Em seguida, fez refer\u00eancia ao que dissera antes o Reitor, que havia citado uma imagem em que o p\u00e9 de Jesus impede que se feche a Porta da Miseric\u00f3rdia: \u201cUm sacerdote que se separa do povo n\u00e3o \u00e9 capaz de dar a mensagem de Jesus. N\u00e3o \u00e9 capaz de fazer as car\u00edcias de Jesus ao povo; n\u00e3o \u00e9 capaz \u2013 e tomo a sua imagem \u2013 de colocar o p\u00e9 para que a porta n\u00e3o se feche. Proximidade \u00e0s pessoas. E proximidade significa paci\u00eancia; significa gastar a vida, porque \u2013 falemos a verdade \u2013 o santo Povo de Deus cansa, cansa! Mas que bonito encontrar um sacerdote que termina o dia cansado e que n\u00e3o precisa de pastilhas para dormir bem!\u201d<\/p>\n<p><strong>A pobreza protege o sacerdote: \u00e9 m\u00e3e e muro<\/strong><br \/>\nO Papa deteve-se em seu discurso sobre a pobreza, que \u00e9 \u201cm\u00e3e e muro\u201d e protege. Por vezes se tem a par\u00f3quia e se quer outra coisa, quem sabe abrir uma escola. \u201cSe voc\u00ea tem medo da pobreza, sua voca\u00e7\u00e3o est\u00e1 em perigo\u201d, disse Francisco, porque \u201ca pobreza ser\u00e1 aquilo que far\u00e1 sua doa\u00e7\u00e3o ao Senhor crescer\u201d e servir\u00e1 de muro \u201cpara proteg\u00ea-lo, porque a pobreza na vida consagrada, na vida dos sacerdotes, \u00e9 m\u00e3e e muro\u201d.<br \/>\nQuando um sacerdote se distancia do povo faz mal \u00e0 Igreja. N\u00e3o h\u00e1 outro caminho a n\u00e3o ser o da Encarna\u00e7\u00e3o: \u201cAs propostas gn\u00f3sticas s\u00e3o muitas hoje, e um indiv\u00edduo pode ser um bom sacerdote, mas n\u00e3o cat\u00f3lico, gn\u00f3stico, mas n\u00e3o cat\u00f3lico. N\u00e3o, n\u00e3o! Cat\u00f3lico, encarnado, pr\u00f3ximo, que sabe acariciar e sofrer com a carne de Jesus nos doentes, nas crian\u00e7as, no povo, nos problemas, nos muitos problemas que nosso povo tem. Essa proximidade os ajudar\u00e1 muito, muito, muito!\u201d<\/p>\n<p><strong>A coisa mais importante \u00e9 estar com Jesus<\/strong><br \/>\nEm seguida, Santo Padre exortou os sacerdotes a passar tempo diante do Tabern\u00e1culo: \u201cN\u00e3o deixar Jesus sozinho no Tabern\u00e1culo!\u201d, exclamou, porque \u00e9 Ele que d\u00e1 a for\u00e7a, e \u201cvoc\u00ea deve ser para seu povo como Jesus\u201d. Francisco ressaltou que a coisa mais importante \u00e9 estar com Jesus: \u00e9 Ele quem far\u00e1 o resto: \u201cPorque a Igreja n\u00e3o \u00e9 uma Ong, e a pastoral n\u00e3o \u00e9 um plano pastoral. Isso ajuda, \u00e9 um instrumento; mas a pastoral \u00e9 o di\u00e1logo, o col\u00f3quio cont\u00ednuo \u2013 quer sacramental, quer catequ\u00e9tico, quer de ensinamento \u2013 com o povo. Estar pr\u00f3ximo do povo e dar aquilo que Jesus me diz. E a pastoral, quem a leva adiante? O Conselho pastoral da diocese? N\u00e3o. Tamb\u00e9m este \u00e9 um instrumento. O Esp\u00edrito Santo a leva adiante.\u201d<\/p>\n<p>Portanto, no centro est\u00e1 o Esp\u00edrito Santo. e o Pont\u00edfice exortou a saber distinguir as inspira\u00e7\u00f5es que v\u00eam do Esp\u00edrito Santo daquelas que, ao inv\u00e9s, s\u00e3o do outro esp\u00edrito, o esp\u00edrito maligno. E pediu para se refletir, na vida pastoral, sobre a \u201cdocilidade ao Esp\u00edrito\u201d e sobre o \u201czelo apost\u00f3lico\u201d.<\/p>\n<p><strong>Os quatro pilares na vida do seminarista<\/strong><br \/>\nO Papa recordou os quatro pilares na vida do seminarista: a ora\u00e7\u00e3o, a vida comunit\u00e1ria, a vida de estudo e a vida apost\u00f3lica. Tamb\u00e9m o estudo \u00e9 importante, porque o mundo n\u00e3o tolera o papel\u00e3o de um sacerdote que n\u00e3o entende as coisas, ressaltou. Para Francisco, todos os quatro pilares s\u00e3o necess\u00e1rios na forma\u00e7\u00e3o e se falta um deles, a forma\u00e7\u00e3o n\u00e3o \u00e9 equilibrada. Por fim, exortou-os, caso tivessem algum problema com o bispo, que o fizessem saber ao pr\u00f3prio por primeiro, e n\u00e3o aos outros nos mexericos: \u201cVoc\u00eas jamais fofocam!\u201d \u2013 ressaltou.<\/p>\n<p><strong>Irm\u00e3 Bernadetta e o sacerdote que mant\u00e9m o telefone no criado-mudo<\/strong><br \/>\nFrancisco havia iniciado seu discurso recordando a figura de uma Irm\u00e3, Bernadetta, que era \u201cda regi\u00e3o de voc\u00eas\u201d, disse aos seminaristas da Puglia.<br \/>\nNa Argentina, contou o Papa, ela vivia pr\u00f3ximo \u201cda nossa casa de forma\u00e7\u00e3o\u201d. Como mestre de novi\u00e7os e tamb\u00e9m como Provincial, quando havia algum problema com algu\u00e9m, mandava a pessoa em quest\u00e3o falar com essa Irm\u00e3. \u201cE ela, dois \u201cbofetes espirituais\u201d e a coisa se resolvia\u201d, disse o Pont\u00edfice, que elogiou a \u201csabedoria das mulheres de Deus, m\u00e3es\u201d, \u201cque sabem dizer as coisas que o Senhor quer que sejam ditas\u201d.<\/p>\n<p>Francisco rendeu homenagem a essa Irm\u00e3 e a todas aquelas mulheres s\u00e1bias que \u201cconsagram a vida ao Senhor\u201d e que se fazem pr\u00f3ximas na forma\u00e7\u00e3o dos padres nos semin\u00e1rios\u201d. Em seguida, concluiu seu discurso sobre a vida sacerdotal com um \u00edcone, o do p\u00e1roco que mant\u00e9m o telefone no criado-mudo e que, se chamado, se levanta a qualquer hora da noite, para acorrer at\u00e9 um doente ou para dar os sacramentos:<br \/>\n\u201cEste \u00e9 o zelo apost\u00f3lico, isto \u00e9 consumir a vida no servi\u00e7o aos outros. E no final o que nos resta? Que coisa? A alegria do servi\u00e7o do Senhor!\u201d<\/p>\n<hr \/>\n<p><em>Fonte: R\u00e1dio Vaticano<\/em><\/p>\n","protected":false},"excerpt":{"rendered":"<p>Angelus<\/p>\n","protected":false},"author":1,"featured_media":186655,"comment_status":"open","ping_status":"open","sticky":false,"template":"","format":"standard","meta":[],"categories":[1428],"tags":[403],"acf":[],"yoast_head":"<!-- This site is optimized with the Yoast SEO plugin v19.2 - https:\/\/yoast.com\/wordpress\/plugins\/seo\/ -->\n<title>Papa faz novo apelo pela S\u00edria e pelas v\u00edtimas de atentados - Not\u00edcias - Franciscanos<\/title>\n<meta name=\"robots\" content=\"index, follow, max-snippet:-1, max-image-preview:large, max-video-preview:-1\" \/>\n<link rel=\"canonical\" href=\"https:\/\/franciscanos.org.br\/noticias\/papa-francisco-faz-novo-apelo-pela-siria.html\" \/>\n<meta property=\"og:locale\" content=\"pt_BR\" \/>\n<meta property=\"og:type\" content=\"article\" \/>\n<meta property=\"og:title\" content=\"Papa faz novo apelo pela S\u00edria e pelas v\u00edtimas de atentados - Not\u00edcias - Franciscanos\" \/>\n<meta property=\"og:description\" content=\"Angelus\" \/>\n<meta property=\"og:url\" content=\"https:\/\/franciscanos.org.br\/noticias\/papa-francisco-faz-novo-apelo-pela-siria.html\" \/>\n<meta property=\"og:site_name\" content=\"Not\u00edcias - Franciscanos\" \/>\n<meta property=\"article:published_time\" content=\"2016-12-12T08:59:12+00:00\" \/>\n<meta property=\"article:modified_time\" content=\"2020-06-09T15:30:41+00:00\" \/>\n<meta property=\"og:image\" content=\"https:\/\/franciscanos.org.br\/noticias\/wp-content\/uploads\/2018\/11\/francisco_12122016-1.jpg\" \/>\n\t<meta property=\"og:image:width\" content=\"820\" \/>\n\t<meta property=\"og:image:height\" content=\"352\" \/>\n\t<meta property=\"og:image:type\" content=\"image\/jpeg\" \/>\n<meta name=\"author\" content=\"admin\" \/>\n<meta name=\"twitter:card\" content=\"summary_large_image\" \/>\n<meta name=\"twitter:label1\" content=\"Escrito por\" \/>\n\t<meta name=\"twitter:data1\" content=\"admin\" \/>\n\t<meta name=\"twitter:label2\" content=\"Est. tempo de leitura\" \/>\n\t<meta name=\"twitter:data2\" content=\"10 minutos\" \/>\n<script type=\"application\/ld+json\" class=\"yoast-schema-graph\">{\"@context\":\"https:\/\/schema.org\",\"@graph\":[{\"@type\":\"WebSite\",\"@id\":\"https:\/\/franciscanos.org.br\/noticias\/#website\",\"url\":\"https:\/\/franciscanos.org.br\/noticias\/\",\"name\":\"Not\u00edcias - Franciscanos\",\"description\":\"Prov\u00edncia Franciscana da Imaculada Concei\u00e7\u00e3o do Brasil - Ordem dos Frades Menores - OFM\",\"potentialAction\":[{\"@type\":\"SearchAction\",\"target\":{\"@type\":\"EntryPoint\",\"urlTemplate\":\"https:\/\/franciscanos.org.br\/noticias\/?s={search_term_string}\"},\"query-input\":\"required name=search_term_string\"}],\"inLanguage\":\"pt-BR\"},{\"@type\":\"ImageObject\",\"inLanguage\":\"pt-BR\",\"@id\":\"https:\/\/franciscanos.org.br\/noticias\/papa-francisco-faz-novo-apelo-pela-siria.html#primaryimage\",\"url\":\"https:\/\/franciscanos.org.br\/noticias\/wp-content\/uploads\/2018\/11\/francisco_12122016-1.jpg\",\"contentUrl\":\"https:\/\/franciscanos.org.br\/noticias\/wp-content\/uploads\/2018\/11\/francisco_12122016-1.jpg\",\"width\":820,\"height\":352},{\"@type\":\"WebPage\",\"@id\":\"https:\/\/franciscanos.org.br\/noticias\/papa-francisco-faz-novo-apelo-pela-siria.html#webpage\",\"url\":\"https:\/\/franciscanos.org.br\/noticias\/papa-francisco-faz-novo-apelo-pela-siria.html\",\"name\":\"Papa faz novo apelo pela S\u00edria e pelas v\u00edtimas de atentados - Not\u00edcias - Franciscanos\",\"isPartOf\":{\"@id\":\"https:\/\/franciscanos.org.br\/noticias\/#website\"},\"primaryImageOfPage\":{\"@id\":\"https:\/\/franciscanos.org.br\/noticias\/papa-francisco-faz-novo-apelo-pela-siria.html#primaryimage\"},\"datePublished\":\"2016-12-12T08:59:12+00:00\",\"dateModified\":\"2020-06-09T15:30:41+00:00\",\"author\":{\"@id\":\"https:\/\/franciscanos.org.br\/noticias\/#\/schema\/person\/b38fbf43118f02820bd932f2e4b14ad3\"},\"breadcrumb\":{\"@id\":\"https:\/\/franciscanos.org.br\/noticias\/papa-francisco-faz-novo-apelo-pela-siria.html#breadcrumb\"},\"inLanguage\":\"pt-BR\",\"potentialAction\":[{\"@type\":\"ReadAction\",\"target\":[\"https:\/\/franciscanos.org.br\/noticias\/papa-francisco-faz-novo-apelo-pela-siria.html\"]}]},{\"@type\":\"BreadcrumbList\",\"@id\":\"https:\/\/franciscanos.org.br\/noticias\/papa-francisco-faz-novo-apelo-pela-siria.html#breadcrumb\",\"itemListElement\":[{\"@type\":\"ListItem\",\"position\":1,\"name\":\"Home\",\"item\":\"https:\/\/franciscanos.org.br\/noticias\"},{\"@type\":\"ListItem\",\"position\":2,\"name\":\"Papa faz novo apelo pela S\u00edria e pelas v\u00edtimas de atentados\"}]},{\"@type\":\"Person\",\"@id\":\"https:\/\/franciscanos.org.br\/noticias\/#\/schema\/person\/b38fbf43118f02820bd932f2e4b14ad3\",\"name\":\"admin\",\"image\":{\"@type\":\"ImageObject\",\"inLanguage\":\"pt-BR\",\"@id\":\"https:\/\/franciscanos.org.br\/noticias\/#\/schema\/person\/image\/\",\"url\":\"https:\/\/secure.gravatar.com\/avatar\/e8495742d34d0ba6448ea1c628263b3e?s=96&d=mm&r=g\",\"contentUrl\":\"https:\/\/secure.gravatar.com\/avatar\/e8495742d34d0ba6448ea1c628263b3e?s=96&d=mm&r=g\",\"caption\":\"admin\"},\"url\":\"https:\/\/franciscanos.org.br\/noticias\/author\/admin\"}]}<\/script>\n<!-- \/ Yoast SEO plugin. -->","yoast_head_json":{"title":"Papa faz novo apelo pela S\u00edria e pelas v\u00edtimas de atentados - Not\u00edcias - Franciscanos","robots":{"index":"index","follow":"follow","max-snippet":"max-snippet:-1","max-image-preview":"max-image-preview:large","max-video-preview":"max-video-preview:-1"},"canonical":"https:\/\/franciscanos.org.br\/noticias\/papa-francisco-faz-novo-apelo-pela-siria.html","og_locale":"pt_BR","og_type":"article","og_title":"Papa faz novo apelo pela S\u00edria e pelas v\u00edtimas de atentados - Not\u00edcias - Franciscanos","og_description":"Angelus","og_url":"https:\/\/franciscanos.org.br\/noticias\/papa-francisco-faz-novo-apelo-pela-siria.html","og_site_name":"Not\u00edcias - Franciscanos","article_published_time":"2016-12-12T08:59:12+00:00","article_modified_time":"2020-06-09T15:30:41+00:00","og_image":[{"width":820,"height":352,"url":"https:\/\/franciscanos.org.br\/noticias\/wp-content\/uploads\/2018\/11\/francisco_12122016-1.jpg","type":"image\/jpeg"}],"author":"admin","twitter_card":"summary_large_image","twitter_misc":{"Escrito por":"admin","Est. tempo de leitura":"10 minutos"},"schema":{"@context":"https:\/\/schema.org","@graph":[{"@type":"WebSite","@id":"https:\/\/franciscanos.org.br\/noticias\/#website","url":"https:\/\/franciscanos.org.br\/noticias\/","name":"Not\u00edcias - Franciscanos","description":"Prov\u00edncia Franciscana da Imaculada Concei\u00e7\u00e3o do Brasil - Ordem dos Frades Menores - OFM","potentialAction":[{"@type":"SearchAction","target":{"@type":"EntryPoint","urlTemplate":"https:\/\/franciscanos.org.br\/noticias\/?s={search_term_string}"},"query-input":"required name=search_term_string"}],"inLanguage":"pt-BR"},{"@type":"ImageObject","inLanguage":"pt-BR","@id":"https:\/\/franciscanos.org.br\/noticias\/papa-francisco-faz-novo-apelo-pela-siria.html#primaryimage","url":"https:\/\/franciscanos.org.br\/noticias\/wp-content\/uploads\/2018\/11\/francisco_12122016-1.jpg","contentUrl":"https:\/\/franciscanos.org.br\/noticias\/wp-content\/uploads\/2018\/11\/francisco_12122016-1.jpg","width":820,"height":352},{"@type":"WebPage","@id":"https:\/\/franciscanos.org.br\/noticias\/papa-francisco-faz-novo-apelo-pela-siria.html#webpage","url":"https:\/\/franciscanos.org.br\/noticias\/papa-francisco-faz-novo-apelo-pela-siria.html","name":"Papa faz novo apelo pela S\u00edria e pelas v\u00edtimas de atentados - Not\u00edcias - Franciscanos","isPartOf":{"@id":"https:\/\/franciscanos.org.br\/noticias\/#website"},"primaryImageOfPage":{"@id":"https:\/\/franciscanos.org.br\/noticias\/papa-francisco-faz-novo-apelo-pela-siria.html#primaryimage"},"datePublished":"2016-12-12T08:59:12+00:00","dateModified":"2020-06-09T15:30:41+00:00","author":{"@id":"https:\/\/franciscanos.org.br\/noticias\/#\/schema\/person\/b38fbf43118f02820bd932f2e4b14ad3"},"breadcrumb":{"@id":"https:\/\/franciscanos.org.br\/noticias\/papa-francisco-faz-novo-apelo-pela-siria.html#breadcrumb"},"inLanguage":"pt-BR","potentialAction":[{"@type":"ReadAction","target":["https:\/\/franciscanos.org.br\/noticias\/papa-francisco-faz-novo-apelo-pela-siria.html"]}]},{"@type":"BreadcrumbList","@id":"https:\/\/franciscanos.org.br\/noticias\/papa-francisco-faz-novo-apelo-pela-siria.html#breadcrumb","itemListElement":[{"@type":"ListItem","position":1,"name":"Home","item":"https:\/\/franciscanos.org.br\/noticias"},{"@type":"ListItem","position":2,"name":"Papa faz novo apelo pela S\u00edria e pelas v\u00edtimas de atentados"}]},{"@type":"Person","@id":"https:\/\/franciscanos.org.br\/noticias\/#\/schema\/person\/b38fbf43118f02820bd932f2e4b14ad3","name":"admin","image":{"@type":"ImageObject","inLanguage":"pt-BR","@id":"https:\/\/franciscanos.org.br\/noticias\/#\/schema\/person\/image\/","url":"https:\/\/secure.gravatar.com\/avatar\/e8495742d34d0ba6448ea1c628263b3e?s=96&d=mm&r=g","contentUrl":"https:\/\/secure.gravatar.com\/avatar\/e8495742d34d0ba6448ea1c628263b3e?s=96&d=mm&r=g","caption":"admin"},"url":"https:\/\/franciscanos.org.br\/noticias\/author\/admin"}]}},"_links":{"self":[{"href":"https:\/\/franciscanos.org.br\/noticias\/wp-json\/wp\/v2\/posts\/122064"}],"collection":[{"href":"https:\/\/franciscanos.org.br\/noticias\/wp-json\/wp\/v2\/posts"}],"about":[{"href":"https:\/\/franciscanos.org.br\/noticias\/wp-json\/wp\/v2\/types\/post"}],"author":[{"embeddable":true,"href":"https:\/\/franciscanos.org.br\/noticias\/wp-json\/wp\/v2\/users\/1"}],"replies":[{"embeddable":true,"href":"https:\/\/franciscanos.org.br\/noticias\/wp-json\/wp\/v2\/comments?post=122064"}],"version-history":[{"count":1,"href":"https:\/\/franciscanos.org.br\/noticias\/wp-json\/wp\/v2\/posts\/122064\/revisions"}],"predecessor-version":[{"id":225513,"href":"https:\/\/franciscanos.org.br\/noticias\/wp-json\/wp\/v2\/posts\/122064\/revisions\/225513"}],"wp:featuredmedia":[{"embeddable":true,"href":"https:\/\/franciscanos.org.br\/noticias\/wp-json\/wp\/v2\/media\/186655"}],"wp:attachment":[{"href":"https:\/\/franciscanos.org.br\/noticias\/wp-json\/wp\/v2\/media?parent=122064"}],"wp:term":[{"taxonomy":"category","embeddable":true,"href":"https:\/\/franciscanos.org.br\/noticias\/wp-json\/wp\/v2\/categories?post=122064"},{"taxonomy":"post_tag","embeddable":true,"href":"https:\/\/franciscanos.org.br\/noticias\/wp-json\/wp\/v2\/tags?post=122064"}],"curies":[{"name":"wp","href":"https:\/\/api.w.org\/{rel}","templated":true}]}}