{"id":122054,"date":"2016-12-10T08:46:41","date_gmt":"2016-12-10T10:46:41","guid":{"rendered":"http:\/\/franciscanos.org.br\/?p=122054"},"modified":"2020-01-30T10:34:01","modified_gmt":"2020-01-30T13:34:01","slug":"festa-no-itf-com-os-novos-bacharelados-de-teologia","status":"publish","type":"post","link":"https:\/\/franciscanos.org.br\/noticias\/festa-no-itf-com-os-novos-bacharelados-de-teologia.html","title":{"rendered":"Festa no ITF com os novos bachar\u00e9is de Teologia"},"content":{"rendered":"<p><img loading=\"lazy\" src=\"http:\/\/franciscanos.org.br\/wp-content\/uploads\/2016\/12\/itf_101216_2.jpg\" alt=\"itf_101216_2\" width=\"820\" height=\"432\" \/><\/p>\n<p><strong>Texto: Neuci L. Silva; Fotos: Igor Fernandes, especial para este site<\/strong><\/p>\n<p><strong>Petr\u00f3polis (RJ)<\/strong> &#8211; Dia 9 de dezembro de 2016 ficar\u00e1 gravado na mem\u00f3ria de dezesseis alunos do ITF. Essa manh\u00e3, revestiu-se de um aspecto solene gra\u00e7as \u00e0 formatura do quarto ano do Curso de Teologia.<\/p>\n<p>Uma breve Ora\u00e7\u00e3o de A\u00e7\u00e3o de Gra\u00e7as precedeu \u00e0 solenidade de Cola\u00e7\u00e3o de Grau. Reunidos todos na Igreja do ITF, a ora\u00e7\u00e3o foi marcada pelo louvor e agradecimento a Deus. Os concluintes pediram as b\u00ean\u00e7\u00e3os divinas sobre essa nova etapa de suas vidas.<\/p>\n<p>A Cola\u00e7\u00e3o de Grau, iniciada por volta das 10 horas, foi realizada no Sal\u00e3o Acad\u00eamico e contou com a presen\u00e7a da dire\u00e7\u00e3o do Instituto, professores, funcion\u00e1rios, familiares e amigos dos formandos.<\/p>\n<p>A cerimoni\u00e1ria do ato acad\u00eamico foi a secret\u00e1ria do ITF, Val\u00e9ria Boynard Thomaz Alves de Paiva, que convidou os membros da mesa de presid\u00eancia a tomarem seus lugares. Foram chamados: Frei Ant\u00f4nio Everaldo Palubiack Marinho, diretor do Instituto; Frei Fernando de Ara\u00fajo Lima, professor do ITF (representando o Paraninfo, Frei Alberto Beckh\u00e4user); Irm\u00e3 Elione Salvador Nunes (superiora do Convento de Nossa Senhora do Amparo); Frei Marcos Ant\u00f4nio de Andrade (mestre dos estudantes franciscanos); e Frei M\u00e1rcio dos Santos (mestre dos formandos agostinianos). A funcion\u00e1ria homenageada pela turma, \u00a0La\u00eds C\u00e9lia Bento, que comporia a mesa, teve sua aus\u00eancia justificada.<\/p>\n<p><img loading=\"lazy\" src=\"http:\/\/franciscanos.org.br\/wp-content\/uploads\/2016\/12\/itf_101216_1.jpg\" alt=\"itf_101216_1\" width=\"820\" height=\"354\" \/><\/p>\n<p>Ap\u00f3s os formandos tomarem seus lugares, Frei Ant\u00f4nio Everaldo deu as boas vindas aos presentes e declarou solenemente aberto o ato acad\u00eamico. Em seguida, convidou-os \u00e0 execu\u00e7\u00e3o do Hino Nacional Brasileiro.<\/p>\n<p>Convidado pela cerimoni\u00e1ria, Frei Fernando de Ara\u00fajo Lima proferiu o discurso redigido por Frei Alberto Beckh\u00e4user, paraninfo da turma de 2016. Das palavras de Fr. Alberto:<\/p>\n<p>\u201cO diploma de bacharelado \u00e9 um ponto de chegada e um ponto de partida&#8230; A formatura constitui uma esp\u00e9cie de apoteose, um triunfo, celebra\u00e7\u00e3o da vit\u00f3ria&#8230; Daqui surge um compromisso para voc\u00eas e para todos n\u00f3s. Quem muito recebeu, sobretudo pela gra\u00e7a dos estudos, \u00e9 chamado a partilhar este cabedal. Importa viver o que celebramos. \u2018De gra\u00e7as recebestes, de gra\u00e7a dai\u2019, diz o Senhor\u201d.<\/p>\n<p>A cola\u00e7\u00e3o de grau foi pontuada por momentos de regozijo e, tamb\u00e9m, de reflex\u00e3o da somat\u00f3ria de viv\u00eancias dos alunos nesta institui\u00e7\u00e3o de ensino. Os oradores da turma: Irm\u00e3 Maria Aparecida Santana de Souza, CFA; e Frei Rafael Teixeira do Nascimento, OFM, condividiram o discurso. Os representantes de turma lembraram o in\u00edcio do curso de teologia, em 2013, coincidindo com o in\u00edcio do pontificado do Papa Francisco. Providencialmente a turma deveria estar ancorada \u201cna verdade de Igreja sonhada pelos dois <em>Franciscos<\/em>: de Assis e de Roma\u201d. Foram salientados alguns fatos importantes que tornaram 2016 um ano <em>sui generis<\/em>. Tamb\u00e9m foi salientada a import\u00e2ncia daquele momento t\u00e3o especial na vida dos bacharelandos:<\/p>\n<p>\u201cIrm\u00e3s e irm\u00e3os, a recorda\u00e7\u00e3o dessa caminhada n\u00e3o pode se reduzir a uma simples pe\u00e7a de ret\u00f3rica apresentada, como parte ritual de uma cerim\u00f4nia formal&#8230; Chegou a hora de, efetivamente, \u2018<em>sermos\u2019<\/em> a partir do que acreditamos, defendemos e aprendemos no decorrer desses quatro anos. Teologia n\u00e3o \u00e9 o mesmo que poesia, mas traz, como mat\u00e9ria fundante, a vida\u201d.<\/p>\n<p>Na sequ\u00eancia, os graduandos foram convidados a prestar o juramento. O juramentista foi Frei Leandro Costa Santos. Conclu\u00eddo o juramento, deu-se o momento central da Cola\u00e7\u00e3o de Grau. Frei Ant\u00f4nio Everaldo, investido de sua fun\u00e7\u00e3o de representante da Institui\u00e7\u00e3o de Ensino Superior (IES) outorgou o grau de Bacharelado em Teologia aos seguintes estudantes:<\/p>\n<p><img loading=\"lazy\" class=\"alignleft\" src=\"http:\/\/franciscanos.org.br\/wp-content\/uploads\/2016\/12\/itf_101216_3.jpg\" alt=\"itf_101216_3\" width=\"366\" height=\"450\" \/><strong>Alan Maia de Fran\u00e7a Victor (Bacharel em Teologia)<\/strong><\/p>\n<p><strong>Evaldo Ludwig (Bacharel em Teologia)<\/strong><\/p>\n<p><strong>F\u00e1bio Jos\u00e9 Gomes (Bacharel em Teologia)<\/strong><\/p>\n<p><strong>Jo\u00e3o Paulo da Silva (Bacharel em Teologia)<\/strong><\/p>\n<p><strong>Jos\u00e9 Raimundo de Souza (Bacharel em Teologia)<\/strong><\/p>\n<p><strong>Leandro Costa Santos (Bacharel em Teologia)<\/strong><\/p>\n<p><strong>Marcos Vin\u00edcius Motta Brugger (Bacharel em Teologia)<\/strong><\/p>\n<p><strong>Maria Aparecida Santana de Souza (Bacharel em Teologia)<\/strong><\/p>\n<p><strong>Rafael Chaves de Lima (Bacharel em Teologia)<\/strong><\/p>\n<p><strong>Rafael Teixeira do Nascimento (Bacharel em Teologia)<\/strong><\/p>\n<p><strong>Rodolfo dos Santos Pimentel J\u00fanior (Bacharel em Teologia)<\/strong><\/p>\n<p><strong>Serge Mpanga Kwanda (Bacharel em Teologia)<\/strong><\/p>\n<p><strong>Vanderlei da Silva Neves (Bacharel em Teologia)<\/strong><\/p>\n<p><strong>Wellington Cl\u00e9bio Faria Porf\u00edrio de Barros (Bacharel em Teologia)<\/strong><\/p>\n<p>&nbsp;<\/p>\n<p>Um a um os estudantes foram chamados \u00e0 mesa para receber o diploma que atesta tal outorga.<\/p>\n<p>Dois estudantes receberam, na ocasi\u00e3o, o certificado de conclus\u00e3o de Curso Livre em Teologia. A saber:<\/p>\n<p><strong>Camilo Donizeti Evaristo Martins (Curso Livre)<\/strong><\/p>\n<p><strong>Robson Fernandes Mendes (Curso Livre)<\/strong><\/p>\n<p><img loading=\"lazy\" class=\"alignleft size-full wp-image-122058\" src=\"http:\/\/franciscanos.org.br\/wp-content\/uploads\/2016\/12\/itf_101216.jpg\" alt=\"itf_101216\" width=\"820\" height=\"369\" \/><\/p>\n<p>Como celebra\u00e7\u00e3o desse momento, foi apresentado um v\u00eddeo com momentos importantes da turma. Depoiss, a palavra foi passada ao diretor do Instituto que dirigiu breve exorta\u00e7\u00e3o aos presentes, de modo particular \u00e0 turma de formandos. Em seu conciso discurso, Frei Everaldo agradeceu a Deus por proporcionar \u201ceste espa\u00e7o do saber teol\u00f3gico. Espa\u00e7o que nos ajuda a abrir os nossos olhos para uma dimens\u00e3o mais profunda da vida e da f\u00e9\u201d. E frisou:<\/p>\n<p>\u201cN\u00e3o passamos pelo estudo da Teologia, para ascender simplesmente mais um grau, mas \u00e9 ela que tem que passar por n\u00f3s e em n\u00f3s. Assim, voc\u00ea \u2013 Te\u00f3logo e Te\u00f3loga que cultiva a f\u00e9 \u2013, certamente ser\u00e1 sens\u00edvel aos apelos da vida, aos mais necessitados e \u00e0 natureza que o cerca\u201d.<\/p>\n<p>Fechando a sess\u00e3o, o diretor convidou os presentes para um coquetel celebrativo.<\/p>\n","protected":false},"excerpt":{"rendered":"<p>Forma\u00e7\u00e3o e Estudos<\/p>\n","protected":false},"author":1,"featured_media":217169,"comment_status":"open","ping_status":"open","sticky":false,"template":"","format":"standard","meta":[],"categories":[1],"tags":[],"acf":[],"yoast_head":"<!-- This site is optimized with the Yoast SEO plugin v19.2 - https:\/\/yoast.com\/wordpress\/plugins\/seo\/ -->\n<title>Festa no ITF com os novos bachar\u00e9is de Teologia - Not\u00edcias - Franciscanos<\/title>\n<meta name=\"robots\" content=\"index, follow, max-snippet:-1, max-image-preview:large, max-video-preview:-1\" \/>\n<link rel=\"canonical\" href=\"https:\/\/franciscanos.org.br\/noticias\/festa-no-itf-com-os-novos-bacharelados-de-teologia.html\" \/>\n<meta property=\"og:locale\" content=\"pt_BR\" \/>\n<meta property=\"og:type\" content=\"article\" \/>\n<meta property=\"og:title\" content=\"Festa no ITF com os novos bachar\u00e9is de Teologia - Not\u00edcias - Franciscanos\" \/>\n<meta property=\"og:description\" content=\"Forma\u00e7\u00e3o e Estudos\" \/>\n<meta property=\"og:url\" content=\"https:\/\/franciscanos.org.br\/noticias\/festa-no-itf-com-os-novos-bacharelados-de-teologia.html\" \/>\n<meta property=\"og:site_name\" content=\"Not\u00edcias - Franciscanos\" \/>\n<meta property=\"article:published_time\" content=\"2016-12-10T10:46:41+00:00\" \/>\n<meta property=\"article:modified_time\" content=\"2020-01-30T13:34:01+00:00\" \/>\n<meta property=\"og:image\" content=\"https:\/\/franciscanos.org.br\/noticias\/wp-content\/uploads\/2016\/12\/itf_101216_2.jpg\" \/>\n\t<meta property=\"og:image:width\" content=\"273\" \/>\n\t<meta property=\"og:image:height\" content=\"181\" \/>\n\t<meta property=\"og:image:type\" content=\"image\/jpeg\" \/>\n<meta name=\"author\" content=\"admin\" \/>\n<meta name=\"twitter:card\" content=\"summary_large_image\" \/>\n<meta name=\"twitter:label1\" content=\"Escrito por\" \/>\n\t<meta name=\"twitter:data1\" content=\"admin\" \/>\n\t<meta name=\"twitter:label2\" content=\"Est. tempo de leitura\" \/>\n\t<meta name=\"twitter:data2\" content=\"5 minutos\" \/>\n<script type=\"application\/ld+json\" class=\"yoast-schema-graph\">{\"@context\":\"https:\/\/schema.org\",\"@graph\":[{\"@type\":\"WebSite\",\"@id\":\"https:\/\/franciscanos.org.br\/noticias\/#website\",\"url\":\"https:\/\/franciscanos.org.br\/noticias\/\",\"name\":\"Not\u00edcias - Franciscanos\",\"description\":\"Prov\u00edncia Franciscana da Imaculada Concei\u00e7\u00e3o do Brasil - Ordem dos Frades Menores - OFM\",\"potentialAction\":[{\"@type\":\"SearchAction\",\"target\":{\"@type\":\"EntryPoint\",\"urlTemplate\":\"https:\/\/franciscanos.org.br\/noticias\/?s={search_term_string}\"},\"query-input\":\"required name=search_term_string\"}],\"inLanguage\":\"pt-BR\"},{\"@type\":\"ImageObject\",\"inLanguage\":\"pt-BR\",\"@id\":\"https:\/\/franciscanos.org.br\/noticias\/festa-no-itf-com-os-novos-bacharelados-de-teologia.html#primaryimage\",\"url\":\"https:\/\/franciscanos.org.br\/noticias\/wp-content\/uploads\/2016\/12\/itf_101216_2.jpg\",\"contentUrl\":\"https:\/\/franciscanos.org.br\/noticias\/wp-content\/uploads\/2016\/12\/itf_101216_2.jpg\",\"width\":273,\"height\":181},{\"@type\":\"WebPage\",\"@id\":\"https:\/\/franciscanos.org.br\/noticias\/festa-no-itf-com-os-novos-bacharelados-de-teologia.html#webpage\",\"url\":\"https:\/\/franciscanos.org.br\/noticias\/festa-no-itf-com-os-novos-bacharelados-de-teologia.html\",\"name\":\"Festa no ITF com os novos bachar\u00e9is de Teologia - Not\u00edcias - Franciscanos\",\"isPartOf\":{\"@id\":\"https:\/\/franciscanos.org.br\/noticias\/#website\"},\"primaryImageOfPage\":{\"@id\":\"https:\/\/franciscanos.org.br\/noticias\/festa-no-itf-com-os-novos-bacharelados-de-teologia.html#primaryimage\"},\"datePublished\":\"2016-12-10T10:46:41+00:00\",\"dateModified\":\"2020-01-30T13:34:01+00:00\",\"author\":{\"@id\":\"https:\/\/franciscanos.org.br\/noticias\/#\/schema\/person\/b38fbf43118f02820bd932f2e4b14ad3\"},\"breadcrumb\":{\"@id\":\"https:\/\/franciscanos.org.br\/noticias\/festa-no-itf-com-os-novos-bacharelados-de-teologia.html#breadcrumb\"},\"inLanguage\":\"pt-BR\",\"potentialAction\":[{\"@type\":\"ReadAction\",\"target\":[\"https:\/\/franciscanos.org.br\/noticias\/festa-no-itf-com-os-novos-bacharelados-de-teologia.html\"]}]},{\"@type\":\"BreadcrumbList\",\"@id\":\"https:\/\/franciscanos.org.br\/noticias\/festa-no-itf-com-os-novos-bacharelados-de-teologia.html#breadcrumb\",\"itemListElement\":[{\"@type\":\"ListItem\",\"position\":1,\"name\":\"Home\",\"item\":\"https:\/\/franciscanos.org.br\/noticias\"},{\"@type\":\"ListItem\",\"position\":2,\"name\":\"Festa no ITF com os novos bachar\u00e9is de Teologia\"}]},{\"@type\":\"Person\",\"@id\":\"https:\/\/franciscanos.org.br\/noticias\/#\/schema\/person\/b38fbf43118f02820bd932f2e4b14ad3\",\"name\":\"admin\",\"image\":{\"@type\":\"ImageObject\",\"inLanguage\":\"pt-BR\",\"@id\":\"https:\/\/franciscanos.org.br\/noticias\/#\/schema\/person\/image\/\",\"url\":\"https:\/\/secure.gravatar.com\/avatar\/e8495742d34d0ba6448ea1c628263b3e?s=96&d=mm&r=g\",\"contentUrl\":\"https:\/\/secure.gravatar.com\/avatar\/e8495742d34d0ba6448ea1c628263b3e?s=96&d=mm&r=g\",\"caption\":\"admin\"},\"url\":\"https:\/\/franciscanos.org.br\/noticias\/author\/admin\"}]}<\/script>\n<!-- \/ Yoast SEO plugin. -->","yoast_head_json":{"title":"Festa no ITF com os novos bachar\u00e9is de Teologia - Not\u00edcias - Franciscanos","robots":{"index":"index","follow":"follow","max-snippet":"max-snippet:-1","max-image-preview":"max-image-preview:large","max-video-preview":"max-video-preview:-1"},"canonical":"https:\/\/franciscanos.org.br\/noticias\/festa-no-itf-com-os-novos-bacharelados-de-teologia.html","og_locale":"pt_BR","og_type":"article","og_title":"Festa no ITF com os novos bachar\u00e9is de Teologia - Not\u00edcias - Franciscanos","og_description":"Forma\u00e7\u00e3o e Estudos","og_url":"https:\/\/franciscanos.org.br\/noticias\/festa-no-itf-com-os-novos-bacharelados-de-teologia.html","og_site_name":"Not\u00edcias - Franciscanos","article_published_time":"2016-12-10T10:46:41+00:00","article_modified_time":"2020-01-30T13:34:01+00:00","og_image":[{"width":273,"height":181,"url":"https:\/\/franciscanos.org.br\/noticias\/wp-content\/uploads\/2016\/12\/itf_101216_2.jpg","type":"image\/jpeg"}],"author":"admin","twitter_card":"summary_large_image","twitter_misc":{"Escrito por":"admin","Est. tempo de leitura":"5 minutos"},"schema":{"@context":"https:\/\/schema.org","@graph":[{"@type":"WebSite","@id":"https:\/\/franciscanos.org.br\/noticias\/#website","url":"https:\/\/franciscanos.org.br\/noticias\/","name":"Not\u00edcias - Franciscanos","description":"Prov\u00edncia Franciscana da Imaculada Concei\u00e7\u00e3o do Brasil - Ordem dos Frades Menores - OFM","potentialAction":[{"@type":"SearchAction","target":{"@type":"EntryPoint","urlTemplate":"https:\/\/franciscanos.org.br\/noticias\/?s={search_term_string}"},"query-input":"required name=search_term_string"}],"inLanguage":"pt-BR"},{"@type":"ImageObject","inLanguage":"pt-BR","@id":"https:\/\/franciscanos.org.br\/noticias\/festa-no-itf-com-os-novos-bacharelados-de-teologia.html#primaryimage","url":"https:\/\/franciscanos.org.br\/noticias\/wp-content\/uploads\/2016\/12\/itf_101216_2.jpg","contentUrl":"https:\/\/franciscanos.org.br\/noticias\/wp-content\/uploads\/2016\/12\/itf_101216_2.jpg","width":273,"height":181},{"@type":"WebPage","@id":"https:\/\/franciscanos.org.br\/noticias\/festa-no-itf-com-os-novos-bacharelados-de-teologia.html#webpage","url":"https:\/\/franciscanos.org.br\/noticias\/festa-no-itf-com-os-novos-bacharelados-de-teologia.html","name":"Festa no ITF com os novos bachar\u00e9is de Teologia - Not\u00edcias - Franciscanos","isPartOf":{"@id":"https:\/\/franciscanos.org.br\/noticias\/#website"},"primaryImageOfPage":{"@id":"https:\/\/franciscanos.org.br\/noticias\/festa-no-itf-com-os-novos-bacharelados-de-teologia.html#primaryimage"},"datePublished":"2016-12-10T10:46:41+00:00","dateModified":"2020-01-30T13:34:01+00:00","author":{"@id":"https:\/\/franciscanos.org.br\/noticias\/#\/schema\/person\/b38fbf43118f02820bd932f2e4b14ad3"},"breadcrumb":{"@id":"https:\/\/franciscanos.org.br\/noticias\/festa-no-itf-com-os-novos-bacharelados-de-teologia.html#breadcrumb"},"inLanguage":"pt-BR","potentialAction":[{"@type":"ReadAction","target":["https:\/\/franciscanos.org.br\/noticias\/festa-no-itf-com-os-novos-bacharelados-de-teologia.html"]}]},{"@type":"BreadcrumbList","@id":"https:\/\/franciscanos.org.br\/noticias\/festa-no-itf-com-os-novos-bacharelados-de-teologia.html#breadcrumb","itemListElement":[{"@type":"ListItem","position":1,"name":"Home","item":"https:\/\/franciscanos.org.br\/noticias"},{"@type":"ListItem","position":2,"name":"Festa no ITF com os novos bachar\u00e9is de Teologia"}]},{"@type":"Person","@id":"https:\/\/franciscanos.org.br\/noticias\/#\/schema\/person\/b38fbf43118f02820bd932f2e4b14ad3","name":"admin","image":{"@type":"ImageObject","inLanguage":"pt-BR","@id":"https:\/\/franciscanos.org.br\/noticias\/#\/schema\/person\/image\/","url":"https:\/\/secure.gravatar.com\/avatar\/e8495742d34d0ba6448ea1c628263b3e?s=96&d=mm&r=g","contentUrl":"https:\/\/secure.gravatar.com\/avatar\/e8495742d34d0ba6448ea1c628263b3e?s=96&d=mm&r=g","caption":"admin"},"url":"https:\/\/franciscanos.org.br\/noticias\/author\/admin"}]}},"_links":{"self":[{"href":"https:\/\/franciscanos.org.br\/noticias\/wp-json\/wp\/v2\/posts\/122054"}],"collection":[{"href":"https:\/\/franciscanos.org.br\/noticias\/wp-json\/wp\/v2\/posts"}],"about":[{"href":"https:\/\/franciscanos.org.br\/noticias\/wp-json\/wp\/v2\/types\/post"}],"author":[{"embeddable":true,"href":"https:\/\/franciscanos.org.br\/noticias\/wp-json\/wp\/v2\/users\/1"}],"replies":[{"embeddable":true,"href":"https:\/\/franciscanos.org.br\/noticias\/wp-json\/wp\/v2\/comments?post=122054"}],"version-history":[{"count":0,"href":"https:\/\/franciscanos.org.br\/noticias\/wp-json\/wp\/v2\/posts\/122054\/revisions"}],"wp:featuredmedia":[{"embeddable":true,"href":"https:\/\/franciscanos.org.br\/noticias\/wp-json\/wp\/v2\/media\/217169"}],"wp:attachment":[{"href":"https:\/\/franciscanos.org.br\/noticias\/wp-json\/wp\/v2\/media?parent=122054"}],"wp:term":[{"taxonomy":"category","embeddable":true,"href":"https:\/\/franciscanos.org.br\/noticias\/wp-json\/wp\/v2\/categories?post=122054"},{"taxonomy":"post_tag","embeddable":true,"href":"https:\/\/franciscanos.org.br\/noticias\/wp-json\/wp\/v2\/tags?post=122054"}],"curies":[{"name":"wp","href":"https:\/\/api.w.org\/{rel}","templated":true}]}}