{"id":122050,"date":"2016-12-09T16:40:58","date_gmt":"2016-12-09T18:40:58","guid":{"rendered":"http:\/\/franciscanos.org.br\/?p=122050"},"modified":"2020-06-09T12:31:16","modified_gmt":"2020-06-09T15:31:16","slug":"papa-aos-sacerdotes-ser-mediadores-e-nao-intermediarios","status":"publish","type":"post","link":"https:\/\/franciscanos.org.br\/noticias\/papa-aos-sacerdotes-ser-mediadores-e-nao-intermediarios.html","title":{"rendered":"Papa aos sacerdotes: ser mediadores e n\u00e3o intermedi\u00e1rios"},"content":{"rendered":"<p><img loading=\"lazy\" src=\"http:\/\/franciscanos.org.br\/wp-content\/uploads\/2016\/12\/martaG_091216.jpg\" alt=\"martaG_091216\" width=\"830\" height=\"400\" \/><br \/>\n<strong>Cidade do Vaticano<\/strong> \u2013 Que os sacerdotes sejam mediadores do amor de Deus, n\u00e3o intermedi\u00e1rios que pensam somente no pr\u00f3prio interesse. Esta foi a advert\u00eancia do Papa Francisco na homilia da missa celebrada na manh\u00e3 desta sexta-feira (09\/12), na Capela da Santa Marta, toda ela centrada nas tenta\u00e7\u00f5es que podem colocar em risco o servi\u00e7o dos sacerdotes.<\/p>\n<p>O Papa chamou a aten\u00e7\u00e3o dos \u201cr\u00edgidos\u201d que fazem os fi\u00e9is carregar coisas que nem eles carregam. Mais ainda: denunciou a tenta\u00e7\u00e3o da mundanidade que transforma o sacerdote em um funcion\u00e1rio e o leva a parecer \u201crid\u00edculo\u201d.<\/p>\n<p>S\u00e3o como crian\u00e7as \u00e0s quais se oferece uma coisa e n\u00e3o lhes agrada. Oferece a elas o contr\u00e1rio, tamb\u00e9m n\u00e3o est\u00e1 bem. O Papa inspirou-se nas palavras de Jesus que, no Evangelho do dia, sublinham a insatisfa\u00e7\u00e3o do povo, sempre insatisfeito.<\/p>\n<p>Tamb\u00e9m hoje \u2013 observou imediatamente o Pont\u00edfice \u2013 \u201cexistem crist\u00e3os insatisfeitos \u2013 tantos \u2013 que n\u00e3o conseguem entender o que o Senhor nos ensinou, n\u00e3o conseguem entender o cerne da revela\u00e7\u00e3o do Evangelho\u201d.<\/p>\n<p>Ent\u00e3o, concentrou-se nos padres \u201cinsatisfeitos\u201d que \u2013 advertiu \u2013 \u201cfazem tanto mal\u201d. Vivem insatisfeitos, buscam sempre novos projetos, \u201cporque o cora\u00e7\u00e3o deles est\u00e1 afastado da l\u00f3gica de Jesus\u201d e por isto \u201cse lamentam ou vivem tristes\u201d.<\/p>\n<p><strong>N\u00e3o ao sacerdotes intermedi\u00e1rios, sim aos sacerdotes mediadores<\/strong><br \/>\nA l\u00f3gica de Jesus \u2013 retomou o Papa \u2013 deveria, ao inv\u00e9s disto , dar \u201cplena satisfa\u00e7\u00e3o\u201d a um sacerdote. \u201c\u00c9 a l\u00f3gica do mediador\u201d. \u201cJesus \u2013 sublinhou Francisco \u2013 \u00e9 o mediador entre Deus e n\u00f3s. E n\u00f3s devemos seguir por este caminho de mediadores\u201d, \u201cn\u00e3o como a outra figura que assemelha tanto, mas n\u00e3o \u00e9 a mesma: intermedi\u00e1rios\u201d.<\/p>\n<p>O intermedi\u00e1rio, de fato, \u201cfaz o seu trabalho e recebe o pagamento\u201d, \u201cele nunca perde\u201d. O mediador \u00e9 totalmente diferente disto: \u201cO mediador perde a si mesmo para unir as partes, d\u00e1 a vida, a si mesmo, e o pre\u00e7o \u00e9 aquele: a pr\u00f3pria vida, paga com a pr\u00f3pria vida, o pr\u00f3prio cansa\u00e7o, o pr\u00f3prio trabalho, tantas coisas, mas \u2013 neste caso o p\u00e1roco \u2013 para unir o rebanho, para unir as pessoas, para lev\u00e1-las a Jesus. A l\u00f3gica de Jesus como mediador \u00e9 a l\u00f3gica de aniquilar a si mesmo. S\u00e3o Paulo na Carta aos Filipenses \u00e9 claro sobre isto: \u201cAniquilou a si mesmo, esvaziou a si mesmo\u201d, mas para fazer esta uni\u00e3o, at\u00e9 a morte, morte de cruz. Esta \u00e9 a l\u00f3gica: esvaziar-se, aniquilar-se\u201d.<\/p>\n<p>O sacerdote aut\u00eantico \u2013 acrescentou o Santo Padre \u2013 \u201c\u00e9 um mediador muito pr\u00f3ximo ao seu povo\u201d. O intermedi\u00e1rio \u2013 pelo contr\u00e1rio \u2013 faz o seu trabalho mas depois pega outro, \u201csempre como funcion\u00e1rio\u201d, \u201cn\u00e3o sabe o que significa sujar as m\u00e3os\u201d em meio \u00e0 realidade.<\/p>\n<p>E \u00e9 por isto \u2013 reiterou o Santo Padre \u2013 que quando \u201co sacerdote muda de mediador a intermedi\u00e1rio n\u00e3o \u00e9 feliz, \u00e9 triste\u201d. E busca um pouco de felicidade no \u201cmostrar-se, no fazer sentir a sua autoridade\u201d.<\/p>\n<p><strong>A rigidez afasta as pessoas que buscam consola\u00e7\u00e3o<\/strong><br \/>\nAos intermedi\u00e1rios de seu tempo \u2013 acrescentou \u2013 \u201cJesus dizia que lhes agradava passear pelas pra\u00e7as\u201d, para mostrarem-se e serem honrados: \u201cMas para fazerem-se importantes, os sacerdotes intermedi\u00e1rios seguem pelo caminho da rigidez: tantas vezes, separados das pessoas, n\u00e3o sabem o que \u00e9 a dor humana; perdem aquilo que haviam aprendido em suas casas, com o trabalho do pai, da m\u00e3e, do av\u00f4, da av\u00f3, dos irm\u00e3os&#8230; Perdem estas coisas. S\u00e3o r\u00edgidos, aqueles r\u00edgidos que largam sobre os fieis tantas coisas que eles n\u00e3o carregam, como dizia Jesus aos intermedi\u00e1rios de seu tempo. A rigidez. Chicote em m\u00e3os com o povo de Deus: \u201cIsto n\u00e3o pode, isto n\u00e3o pode&#8230;\u201d. E tantas pessoas que se aproximam buscando um pouco de consola\u00e7\u00e3o, um pouco de compreens\u00e3o, acabam expulsas com esta rigidez\u201d.<\/p>\n<p><strong>Quando sacerdote r\u00edgido e mundano tornar-se um funcion\u00e1rio, cai no rid\u00edculo<\/strong><br \/>\nTodavia \u2013 advertiu o Pont\u00edfice \u2013 a rigidez \u201cn\u00e3o pode se manter por muito tempo, totalmente. E fundamentalmente \u00e9 esquizoide: parecer\u00e1s r\u00edgido, mas dentro ser\u00e1s um desastre\u201d. E com a rigidez, a mundanidade. \u201cUm sacerdote mundano, r\u00edgido \u2013 disse Francisco \u2013 \u00e9 um insatisfeito porque pegou o caminho errado\u201d: \u201cSobre rigidez e mundanidade, aconteceu h\u00e1 algum tempo, que veio a mim um Monsenhor idoso da C\u00faria, que trabalha, um homem normal, enamorado de Jesus e me contou que havia ido ao \u2018Euroclero\u2019 comprar um par de camisas e viu diante de um espelho um jovem \u2013 ele pensa que talvez tivesse uns 25 anos, o padre jovem ou (que estava) para tornar-se padre \u2013 diante do espelho, com uma manta, grande, larga, com veludo, a corrente de prata e se olhava. E depois pegou o chap\u00e9u romano, o colocou e olhava. Um r\u00edgido mundano. E o sacerdote &#8211; \u00e9 s\u00e1bio o Monsenhor, muito s\u00e1bio \u2013 conseguiu superar a dor, com uma hist\u00f3ria de saud\u00e1vel humorismo e acrescentou: \u201cE depois se diz que a Igreja n\u00e3o permite o sacerd\u00f3cio \u00e0s mulheres!\u201d. De forma que o trabalho que faz o sacerdote quando torna-se um funcion\u00e1rio, cai no rid\u00edculo\u201d.<\/p>\n<p><strong>Um bom sacerdote se reconhece se sabe brincar com uma crian\u00e7a<\/strong><br \/>\n\u201cNo exame de consci\u00eancia \u2013 disse a seguir o Papa \u2013 considerem isto: hoje fui funcion\u00e1rio ou mediador? Guardei a mim mesmo, busquei a mim mesmo, a minha comodidade, a minha organiza\u00e7\u00e3o ou deixei que o dia seguisse a servi\u00e7o dos outros?\u201d.<\/p>\n<p>Uma vez \u2013 contou Francisco \u2013 uma pessoa me dizia \u201cque ele reconhecia os sacerdotes pelo comportamento com as crian\u00e7as: se sabem fazer carinho numa crian\u00e7a, sorrir para uma crian\u00e7a, brincar com uma crian\u00e7a&#8230;\u00c9 interessante isto porque significa que sabem abaixar-se, aproximar-se das pequenas coisas\u201d.<\/p>\n<p>Pelo contr\u00e1rio \u2013 observou \u2013 \u201co intermedi\u00e1rio \u00e9 triste, sempre com aquela cara triste ou muito s\u00e9ria, rosto sisudo. O intermedi\u00e1rio tem olhar sisudo, muito sisudo! O mediador \u2013 retomou \u2013 \u00e9 aberto: o sorriso, a acolhida, a compreens\u00e3o, os carinhos\u201d.<\/p>\n<p><strong>Policarpo, S\u00e3o Francisco Xavier, S\u00e3o Paulo: tr\u00eas \u00edcones de sacerdotes mediadores<\/strong><br \/>\nNa parte final da homilia, o Papa prop\u00f4s tr\u00eas \u201c\u00edcones\u201d de sacerdotes mediadores e n\u00e3o intermedi\u00e1rios\u201d. O primeiro \u00e9 o \u201cgrande\u201d Policarpo que \u201cn\u00e3o negocia a sua voca\u00e7\u00e3o e vai com coragem \u00e0 pira e quando o fogo o cerca, os fieis que estavam ali sentiram odor de p\u00e3o\u201d. \u201cAssim \u2013 disse Francisco \u2013 acaba um mediador: como um peda\u00e7o de p\u00e3o para os seus fieis\u201d.<\/p>\n<p>O outro \u00edcone \u00e9 S\u00e3o Francisco Xavier, que morre jovem na praia de Sancian, \u201colhando para a China\u201d onde queria ir mas n\u00e3o o poder\u00e1, porque o Senhor o leva para Si.<\/p>\n<p>E depois o \u00faltimo \u00edcone: o idoso S\u00e3o Paulo nas Tr\u00eas Fontes. \u201cAquela manh\u00e3, bem cedo \u2013 recordou \u2013 os soldados foram at\u00e9 ele, o pegaram e ele caminhava encurvado\u201d. Sabia muito bem que isto acontecia pela trai\u00e7\u00e3o de alguns dentro da comunidade crist\u00e3, mas ele lutou tanto, tanto na sua vida, que se oferece ao Senhor como um sacrif\u00edcio\u201d.<\/p>\n<p>\u201cTr\u00eas \u00edcones \u2013 concluiu \u2013 que podem nos ajudar. Olhemos nisto: como quero acabar a minha vida de sacerdote? Como funcion\u00e1rio, como intermedi\u00e1rio ou como mediador, isto \u00e9, na cruz?\u201d.<\/p>\n<hr \/>\n<p><em>Fonte: R\u00e1dio Vaticano<\/em><\/p>\n","protected":false},"excerpt":{"rendered":"<p>Missa em Santa Marta<\/p>\n","protected":false},"author":1,"featured_media":221609,"comment_status":"open","ping_status":"open","sticky":false,"template":"","format":"standard","meta":[],"categories":[1428],"tags":[1586],"acf":[],"yoast_head":"<!-- This site is optimized with the Yoast SEO plugin v19.2 - https:\/\/yoast.com\/wordpress\/plugins\/seo\/ -->\n<title>Papa aos sacerdotes: ser mediadores e n\u00e3o intermedi\u00e1rios - Not\u00edcias - Franciscanos<\/title>\n<meta name=\"robots\" content=\"index, follow, max-snippet:-1, max-image-preview:large, max-video-preview:-1\" \/>\n<link rel=\"canonical\" href=\"https:\/\/franciscanos.org.br\/noticias\/papa-aos-sacerdotes-ser-mediadores-e-nao-intermediarios.html\" \/>\n<meta property=\"og:locale\" content=\"pt_BR\" \/>\n<meta property=\"og:type\" content=\"article\" \/>\n<meta property=\"og:title\" content=\"Papa aos sacerdotes: ser mediadores e n\u00e3o intermedi\u00e1rios - Not\u00edcias - Franciscanos\" \/>\n<meta property=\"og:description\" content=\"Missa em Santa Marta\" \/>\n<meta property=\"og:url\" content=\"https:\/\/franciscanos.org.br\/noticias\/papa-aos-sacerdotes-ser-mediadores-e-nao-intermediarios.html\" \/>\n<meta property=\"og:site_name\" content=\"Not\u00edcias - Franciscanos\" \/>\n<meta property=\"article:published_time\" content=\"2016-12-09T18:40:58+00:00\" \/>\n<meta property=\"article:modified_time\" content=\"2020-06-09T15:31:16+00:00\" \/>\n<meta property=\"og:image\" content=\"https:\/\/franciscanos.org.br\/noticias\/wp-content\/uploads\/2016\/12\/martaG_091216.jpg\" \/>\n\t<meta property=\"og:image:width\" content=\"273\" \/>\n\t<meta property=\"og:image:height\" content=\"181\" \/>\n\t<meta property=\"og:image:type\" content=\"image\/jpeg\" \/>\n<meta name=\"author\" content=\"admin\" \/>\n<meta name=\"twitter:card\" content=\"summary_large_image\" \/>\n<meta name=\"twitter:label1\" content=\"Escrito por\" \/>\n\t<meta name=\"twitter:data1\" content=\"admin\" \/>\n\t<meta name=\"twitter:label2\" content=\"Est. tempo de leitura\" \/>\n\t<meta name=\"twitter:data2\" content=\"6 minutos\" \/>\n<script type=\"application\/ld+json\" class=\"yoast-schema-graph\">{\"@context\":\"https:\/\/schema.org\",\"@graph\":[{\"@type\":\"WebSite\",\"@id\":\"https:\/\/franciscanos.org.br\/noticias\/#website\",\"url\":\"https:\/\/franciscanos.org.br\/noticias\/\",\"name\":\"Not\u00edcias - Franciscanos\",\"description\":\"Prov\u00edncia Franciscana da Imaculada Concei\u00e7\u00e3o do Brasil - Ordem dos Frades Menores - OFM\",\"potentialAction\":[{\"@type\":\"SearchAction\",\"target\":{\"@type\":\"EntryPoint\",\"urlTemplate\":\"https:\/\/franciscanos.org.br\/noticias\/?s={search_term_string}\"},\"query-input\":\"required name=search_term_string\"}],\"inLanguage\":\"pt-BR\"},{\"@type\":\"ImageObject\",\"inLanguage\":\"pt-BR\",\"@id\":\"https:\/\/franciscanos.org.br\/noticias\/papa-aos-sacerdotes-ser-mediadores-e-nao-intermediarios.html#primaryimage\",\"url\":\"https:\/\/franciscanos.org.br\/noticias\/wp-content\/uploads\/2016\/12\/martaG_091216.jpg\",\"contentUrl\":\"https:\/\/franciscanos.org.br\/noticias\/wp-content\/uploads\/2016\/12\/martaG_091216.jpg\",\"width\":273,\"height\":181},{\"@type\":\"WebPage\",\"@id\":\"https:\/\/franciscanos.org.br\/noticias\/papa-aos-sacerdotes-ser-mediadores-e-nao-intermediarios.html#webpage\",\"url\":\"https:\/\/franciscanos.org.br\/noticias\/papa-aos-sacerdotes-ser-mediadores-e-nao-intermediarios.html\",\"name\":\"Papa aos sacerdotes: ser mediadores e n\u00e3o intermedi\u00e1rios - Not\u00edcias - Franciscanos\",\"isPartOf\":{\"@id\":\"https:\/\/franciscanos.org.br\/noticias\/#website\"},\"primaryImageOfPage\":{\"@id\":\"https:\/\/franciscanos.org.br\/noticias\/papa-aos-sacerdotes-ser-mediadores-e-nao-intermediarios.html#primaryimage\"},\"datePublished\":\"2016-12-09T18:40:58+00:00\",\"dateModified\":\"2020-06-09T15:31:16+00:00\",\"author\":{\"@id\":\"https:\/\/franciscanos.org.br\/noticias\/#\/schema\/person\/b38fbf43118f02820bd932f2e4b14ad3\"},\"breadcrumb\":{\"@id\":\"https:\/\/franciscanos.org.br\/noticias\/papa-aos-sacerdotes-ser-mediadores-e-nao-intermediarios.html#breadcrumb\"},\"inLanguage\":\"pt-BR\",\"potentialAction\":[{\"@type\":\"ReadAction\",\"target\":[\"https:\/\/franciscanos.org.br\/noticias\/papa-aos-sacerdotes-ser-mediadores-e-nao-intermediarios.html\"]}]},{\"@type\":\"BreadcrumbList\",\"@id\":\"https:\/\/franciscanos.org.br\/noticias\/papa-aos-sacerdotes-ser-mediadores-e-nao-intermediarios.html#breadcrumb\",\"itemListElement\":[{\"@type\":\"ListItem\",\"position\":1,\"name\":\"Home\",\"item\":\"https:\/\/franciscanos.org.br\/noticias\"},{\"@type\":\"ListItem\",\"position\":2,\"name\":\"Papa aos sacerdotes: ser mediadores e n\u00e3o intermedi\u00e1rios\"}]},{\"@type\":\"Person\",\"@id\":\"https:\/\/franciscanos.org.br\/noticias\/#\/schema\/person\/b38fbf43118f02820bd932f2e4b14ad3\",\"name\":\"admin\",\"image\":{\"@type\":\"ImageObject\",\"inLanguage\":\"pt-BR\",\"@id\":\"https:\/\/franciscanos.org.br\/noticias\/#\/schema\/person\/image\/\",\"url\":\"https:\/\/secure.gravatar.com\/avatar\/e8495742d34d0ba6448ea1c628263b3e?s=96&d=mm&r=g\",\"contentUrl\":\"https:\/\/secure.gravatar.com\/avatar\/e8495742d34d0ba6448ea1c628263b3e?s=96&d=mm&r=g\",\"caption\":\"admin\"},\"url\":\"https:\/\/franciscanos.org.br\/noticias\/author\/admin\"}]}<\/script>\n<!-- \/ Yoast SEO plugin. -->","yoast_head_json":{"title":"Papa aos sacerdotes: ser mediadores e n\u00e3o intermedi\u00e1rios - Not\u00edcias - Franciscanos","robots":{"index":"index","follow":"follow","max-snippet":"max-snippet:-1","max-image-preview":"max-image-preview:large","max-video-preview":"max-video-preview:-1"},"canonical":"https:\/\/franciscanos.org.br\/noticias\/papa-aos-sacerdotes-ser-mediadores-e-nao-intermediarios.html","og_locale":"pt_BR","og_type":"article","og_title":"Papa aos sacerdotes: ser mediadores e n\u00e3o intermedi\u00e1rios - Not\u00edcias - Franciscanos","og_description":"Missa em Santa Marta","og_url":"https:\/\/franciscanos.org.br\/noticias\/papa-aos-sacerdotes-ser-mediadores-e-nao-intermediarios.html","og_site_name":"Not\u00edcias - Franciscanos","article_published_time":"2016-12-09T18:40:58+00:00","article_modified_time":"2020-06-09T15:31:16+00:00","og_image":[{"width":273,"height":181,"url":"https:\/\/franciscanos.org.br\/noticias\/wp-content\/uploads\/2016\/12\/martaG_091216.jpg","type":"image\/jpeg"}],"author":"admin","twitter_card":"summary_large_image","twitter_misc":{"Escrito por":"admin","Est. tempo de leitura":"6 minutos"},"schema":{"@context":"https:\/\/schema.org","@graph":[{"@type":"WebSite","@id":"https:\/\/franciscanos.org.br\/noticias\/#website","url":"https:\/\/franciscanos.org.br\/noticias\/","name":"Not\u00edcias - Franciscanos","description":"Prov\u00edncia Franciscana da Imaculada Concei\u00e7\u00e3o do Brasil - Ordem dos Frades Menores - OFM","potentialAction":[{"@type":"SearchAction","target":{"@type":"EntryPoint","urlTemplate":"https:\/\/franciscanos.org.br\/noticias\/?s={search_term_string}"},"query-input":"required name=search_term_string"}],"inLanguage":"pt-BR"},{"@type":"ImageObject","inLanguage":"pt-BR","@id":"https:\/\/franciscanos.org.br\/noticias\/papa-aos-sacerdotes-ser-mediadores-e-nao-intermediarios.html#primaryimage","url":"https:\/\/franciscanos.org.br\/noticias\/wp-content\/uploads\/2016\/12\/martaG_091216.jpg","contentUrl":"https:\/\/franciscanos.org.br\/noticias\/wp-content\/uploads\/2016\/12\/martaG_091216.jpg","width":273,"height":181},{"@type":"WebPage","@id":"https:\/\/franciscanos.org.br\/noticias\/papa-aos-sacerdotes-ser-mediadores-e-nao-intermediarios.html#webpage","url":"https:\/\/franciscanos.org.br\/noticias\/papa-aos-sacerdotes-ser-mediadores-e-nao-intermediarios.html","name":"Papa aos sacerdotes: ser mediadores e n\u00e3o intermedi\u00e1rios - Not\u00edcias - Franciscanos","isPartOf":{"@id":"https:\/\/franciscanos.org.br\/noticias\/#website"},"primaryImageOfPage":{"@id":"https:\/\/franciscanos.org.br\/noticias\/papa-aos-sacerdotes-ser-mediadores-e-nao-intermediarios.html#primaryimage"},"datePublished":"2016-12-09T18:40:58+00:00","dateModified":"2020-06-09T15:31:16+00:00","author":{"@id":"https:\/\/franciscanos.org.br\/noticias\/#\/schema\/person\/b38fbf43118f02820bd932f2e4b14ad3"},"breadcrumb":{"@id":"https:\/\/franciscanos.org.br\/noticias\/papa-aos-sacerdotes-ser-mediadores-e-nao-intermediarios.html#breadcrumb"},"inLanguage":"pt-BR","potentialAction":[{"@type":"ReadAction","target":["https:\/\/franciscanos.org.br\/noticias\/papa-aos-sacerdotes-ser-mediadores-e-nao-intermediarios.html"]}]},{"@type":"BreadcrumbList","@id":"https:\/\/franciscanos.org.br\/noticias\/papa-aos-sacerdotes-ser-mediadores-e-nao-intermediarios.html#breadcrumb","itemListElement":[{"@type":"ListItem","position":1,"name":"Home","item":"https:\/\/franciscanos.org.br\/noticias"},{"@type":"ListItem","position":2,"name":"Papa aos sacerdotes: ser mediadores e n\u00e3o intermedi\u00e1rios"}]},{"@type":"Person","@id":"https:\/\/franciscanos.org.br\/noticias\/#\/schema\/person\/b38fbf43118f02820bd932f2e4b14ad3","name":"admin","image":{"@type":"ImageObject","inLanguage":"pt-BR","@id":"https:\/\/franciscanos.org.br\/noticias\/#\/schema\/person\/image\/","url":"https:\/\/secure.gravatar.com\/avatar\/e8495742d34d0ba6448ea1c628263b3e?s=96&d=mm&r=g","contentUrl":"https:\/\/secure.gravatar.com\/avatar\/e8495742d34d0ba6448ea1c628263b3e?s=96&d=mm&r=g","caption":"admin"},"url":"https:\/\/franciscanos.org.br\/noticias\/author\/admin"}]}},"_links":{"self":[{"href":"https:\/\/franciscanos.org.br\/noticias\/wp-json\/wp\/v2\/posts\/122050"}],"collection":[{"href":"https:\/\/franciscanos.org.br\/noticias\/wp-json\/wp\/v2\/posts"}],"about":[{"href":"https:\/\/franciscanos.org.br\/noticias\/wp-json\/wp\/v2\/types\/post"}],"author":[{"embeddable":true,"href":"https:\/\/franciscanos.org.br\/noticias\/wp-json\/wp\/v2\/users\/1"}],"replies":[{"embeddable":true,"href":"https:\/\/franciscanos.org.br\/noticias\/wp-json\/wp\/v2\/comments?post=122050"}],"version-history":[{"count":1,"href":"https:\/\/franciscanos.org.br\/noticias\/wp-json\/wp\/v2\/posts\/122050\/revisions"}],"predecessor-version":[{"id":225514,"href":"https:\/\/franciscanos.org.br\/noticias\/wp-json\/wp\/v2\/posts\/122050\/revisions\/225514"}],"wp:featuredmedia":[{"embeddable":true,"href":"https:\/\/franciscanos.org.br\/noticias\/wp-json\/wp\/v2\/media\/221609"}],"wp:attachment":[{"href":"https:\/\/franciscanos.org.br\/noticias\/wp-json\/wp\/v2\/media?parent=122050"}],"wp:term":[{"taxonomy":"category","embeddable":true,"href":"https:\/\/franciscanos.org.br\/noticias\/wp-json\/wp\/v2\/categories?post=122050"},{"taxonomy":"post_tag","embeddable":true,"href":"https:\/\/franciscanos.org.br\/noticias\/wp-json\/wp\/v2\/tags?post=122050"}],"curies":[{"name":"wp","href":"https:\/\/api.w.org\/{rel}","templated":true}]}}