{"id":121960,"date":"2016-12-08T09:27:38","date_gmt":"2016-12-08T11:27:38","guid":{"rendered":"http:\/\/franciscanos.org.br\/?p=121960"},"modified":"2020-06-09T12:32:05","modified_gmt":"2020-06-09T15:32:05","slug":"o-mundo-necessita-da-revolucao-da-ternura-afirma-papa","status":"publish","type":"post","link":"https:\/\/franciscanos.org.br\/noticias\/o-mundo-necessita-da-revolucao-da-ternura-afirma-papa.html","title":{"rendered":"O Senhor n\u00e3o deixa o homem \u00e0 merc\u00ea do seu mal"},"content":{"rendered":"<p><img loading=\"lazy\" src=\"http:\/\/franciscanos.org.br\/wp-content\/uploads\/2015\/05\/angelus.jpg\" alt=\"angelus\" width=\"820\" height=\"340\" \/><br \/>\n<strong>Cidade do Vaticano<\/strong> &#8211; O Papa Francisco rezou a ora\u00e7\u00e3o mariana do Angelus, nesta quinta-feira (08\/12), Solenidade da Imaculada Concei\u00e7\u00e3o de Nossa Senhora, com os fi\u00e9is reunidos na Pra\u00e7a S\u00e3o Pedro.<\/p>\n<p>\u201cAs leituras da Solenidade de hoje da Imaculada Concei\u00e7\u00e3o da Beata Virgem Maria apresentam duas passagens cruciais na hist\u00f3ria das rela\u00e7\u00f5es entre o homem e Deus: podemos dizer que nos levam \u00e0s origens do bem e do mal\u201d, disse o Pont\u00edfice.<\/p>\n<p><strong>Medo<\/strong><br \/>\n\u201cO livro do G\u00eanesis nos mostra o &#8220;n\u00e3o das origens&#8221;, quando o homem preferiu olhar para si mesmo, em vez do seu Criador, quis fazer por conta pr\u00f3pria, escolheu ser autossuficiente. Mas, assim fazendo, saindo da comunh\u00e3o com Deus, perdeu a si mesmo e come\u00e7ou a ter medo, a se esconder e a acusar quem estava perto. Isto faz o pecado. Mas o Senhor n\u00e3o deixa o homem \u00e0 merc\u00ea do seu mal; imediatamente o procura e lhe faz uma pergunta cheia de apreens\u00e3o: &#8220;Onde voc\u00ea est\u00e1?&#8221;. \u00c9 a pergunta de um pai ou de uma m\u00e3e que procura o filho perdido: &#8220;Onde voc\u00ea est\u00e1? Em qual situa\u00e7\u00e3o voc\u00ea se encontra?&#8221;. E este Deus o faz com tanta paci\u00eancia, at\u00e9 preencher a dist\u00e2ncia criada nas origens.\u201d<\/p>\n<p>A segunda passagem crucial, narrada hoje no Evangelho, \u00e9 quando Deus vem habitar entre n\u00f3s, se faz homem como n\u00f3s. E isso s\u00f3 foi poss\u00edvel por meio de um grande \u201cSim\u201d, o de Maria no momento da Anuncia\u00e7\u00e3o.<\/p>\n<p><strong>O sim de Maria<\/strong><br \/>\n\u201cAtrav\u00e9s deste \u201csim\u201d Jesus come\u00e7ou o seu caminho nas estradas da humanidade; come\u00e7ou em Maria, transcorrendo os primeiros meses de vida no \u00fatero da m\u00e3e: n\u00e3o apareceu j\u00e1 adulto e forte, mas seguiu todo o percurso de um ser humano. Se fez em tudo igual a n\u00f3s, exceto uma coisa: o pecado. Por isso, escolheu Maria, a \u00fanica criatura sem pecado, imaculada. No Evangelho, com uma palavra, ela \u00e9 chamada de &#8220;cheia de gra\u00e7a&#8221;, isto \u00e9 cumulada de gra\u00e7a. Isso significa que nela, \u201cimediatamente\u201d cheia de gra\u00e7a, n\u00e3o h\u00e1 lugar para o pecado. E tamb\u00e9m n\u00f3s, quando nos dirigimos a ela, reconhecemos esta beleza: a invocamos &#8220;cheia de gra\u00e7a&#8221;, sem sombra de mal\u201d, sublinhou Francisco.<\/p>\n<p>Maria responde \u00e0 proposta de Deus dizendo: &#8220;Eis aqui a serva do Senhor&#8221;. Ela n\u00e3o diz: &#8220;Desta vez eu vou fazer a vontade de Deus, eu estou dispon\u00edvel, depois vamos ver &#8230;&#8221;. O seu \u00e9 um \u201csim\u201d total, incondicional. E como o \u201cn\u00e3o\u201d das origens tinha fechado a passagem do homem a Deus, assim o \u201csim\u201d de Maria abriu o caminho para Deus entre n\u00f3s. \u00c9 o \u201csim\u201d mais importante da hist\u00f3ria, o \u201csim\u201d humilde que abate o \u201cn\u00e3o\u201d soberbo das origens, o \u201csim\u201d fiel que cura a desobedi\u00eancia, o \u201csim\u201d dispon\u00edvel que derrota o ego\u00edsmo do pecado.<\/p>\n<p><strong>Sim e n\u00e3o a Deus<\/strong><br \/>\n\u201cTamb\u00e9m para cada um existe uma hist\u00f3ria de salva\u00e7\u00e3o feita de sim e de n\u00e3o a Deus. \u00c0s vezes, por\u00e9m, somos especialistas nos Sim \u00e0 metade: somos bons em fingir de n\u00e3o entender bem o que Deus quer e o que a consci\u00eancia sugere. Somos tamb\u00e9m astutos, e para n\u00e3o dizer um n\u00e3o verdadeiro a Deus dizemos: &#8220;eu n\u00e3o posso&#8221;, &#8220;n\u00e3o hoje, mas amanh\u00e3&#8221;; &#8220;amanh\u00e3 serei melhor, amanh\u00e3 eu vou rezar, vou fazer o bem, amanh\u00e3.&#8221; Assim, no entanto, fechamos a porta ao bem, e o mal aproveita desta falta de \u201csim\u201d. Em vez disso, cada \u201csim\u201d pleno a Deus d\u00e1 origem a uma hist\u00f3ria nova: dizer sim a Deus \u00e9 verdadeiramente &#8220;original&#8221;, n\u00e3o o pecado, que nos torna velhos dentro, nos envelhece por dentro. Cada sim a Deus origina hist\u00f3rias de salva\u00e7\u00e3o para n\u00f3s e para os outros.\u201d<br \/>\nNeste caminho do Advento, Deus quer nos visitar e espera o nosso &#8220;sim&#8221;, com o qual dizemos a ele: &#8220;Creio em Ti, espero em Ti, eu te amo; fa\u00e7a-se em mim segundo a tua vontade de bem&#8221;. Com generosidade e confian\u00e7a, como Maria, vamos dizer hoje, cada um de n\u00f3s, este sim pessoal a Deus.<\/p>\n<p><strong>Pra\u00e7a de Espanha<\/strong><br \/>\nAp\u00f3s a ora\u00e7\u00e3o mariana do Angelus, o Papa Francisco recordou o terremoto que abalou nesta quarta-feira (07\/12), a ilha de Sumatra, na Indon\u00e9sia.<br \/>\n\u201cAsseguro a minha ora\u00e7\u00e3o pelas v\u00edtimas e seus familiares, pelos feridos e todos os que perderam suas casas. Que o Senhor d\u00ea for\u00e7a \u00e0 popula\u00e7\u00e3o e sustente o trabalho de socorro.\u201d<br \/>\nA seguir, saudou todos os fi\u00e9is com afeto, especialmente as fam\u00edlias e grupos paroquiais. Sa\u00fado os fi\u00e9is de Rocca di Papa com a tocha de Natal, o grupo &#8220;Projeto Rebecca&#8221; que se ocupa de crian\u00e7as necessitadas, e os fi\u00e9is de Biella.<\/p>\n<p>Nesta Solenidade da Imaculada Concei\u00e7\u00e3o a A\u00e7\u00e3o Cat\u00f3lica Italiana renova a sua ades\u00e3o. \u201cDirijo um pensamento especial a todas as associa\u00e7\u00f5es diocesanas e paroquiais. A Virgem Imaculada aben\u00e7oe a A\u00e7\u00e3o Cat\u00f3lica e a torne sempre mais escola de santidade e de generoso servi\u00e7o \u00e0 Igreja e ao mundo\u201d, disse Francisco.<\/p>\n<p>\u201cNesta tarde eu vou at\u00e9 a Pra\u00e7a de Espanha para renovar o tradicional ato de homenagem e de ora\u00e7\u00e3o aos p\u00e9s do monumento \u00e0 Imaculada. Depois vou \u00e0 Bas\u00edlica de Santa Maria Maior, para rezar diante da imagem de Nossa Senhora \u201cSalus Populi Romani\u201d. Pe\u00e7o-lhes que se unam a mim neste gesto que expressa a devo\u00e7\u00e3o filial a nossa M\u00e3e celeste\u201d.<\/p>\n<p>O Papa concluiu desejando a todos boa festa e bom caminho de Advento sob a guia da Virgem Maria. \u201cPor favor, n\u00e3o se esque\u00e7am de rezar por mim. Bom almo\u00e7o e at\u00e9 mais!\u201d<\/p>\n<hr \/>\n<p><strong>ENTREVISTA: <\/strong><strong>O mundo necessita da revolu\u00e7\u00e3o da ternura, afirma Papa em entrevista<\/strong><br \/>\nOs frutos do Jubileu da Miseric\u00f3rdia, a laicidade, os desafios para os jovens e para a Europa: estes s\u00e3o alguns dos temas comentados por Francisco numa entrevista concedida ao semanal cat\u00f3lico belga Tertio, publicado esta quarta-feira (07\/12).<\/p>\n<p><strong>Laicidade saud\u00e1vel<\/strong><br \/>\nO Papa observa que um Estado laico \u00e9 melhor do que um Estado confessional. Todavia, n\u00e3o \u00e9 saud\u00e1vel o laicismo que \u201cfecha as portas \u00e0 transcend\u00eancia\u201d, trata-se de uma \u201cheran\u00e7a que o Iluminismo nos deixou\u201d. Para Francisco, a abertura \u00e0 transcend\u00eancia faz parte da ess\u00eancia humana, e quando um sistema pol\u00edtico ignora esta dimens\u00e3o, descarta a pessoa humana.<\/p>\n<p><strong>N\u00e3o se pode fazer guerra em nome de Deus<\/strong><br \/>\nO Papa responde a uma pergunta sobre as guerras e o fundamentalismo religioso. Antes de tudo, defende que \u201cnenhuma religi\u00e3o como tal pode fomentar a guerra\u201d, porque \u2013 neste caso \u2013 estaria \u201cproclamando um deus de destrui\u00e7\u00e3o, um deus de \u00f3dio\u201d. \u201cN\u00e3o se pode fazer a guerra em nome de Deus\u201d, \u201cem nome de nenhuma religi\u00e3o\u201d. Por isso, \u201co terrorismo e a guerra n\u00e3o se relacionam com a religi\u00e3o\u201d. O que acontece \u00e9 que \u201cusam deforma\u00e7\u00f5es religiosas para justific\u00e1-las\u201d. O Pont\u00edfice reconhece que \u201ctodas as religi\u00f5es t\u00eam grupos fundamentalistas. Todas. Inclusive n\u00f3s\u201d. Esses pequenos grupos, acrescenta, \u201cadoeceram a pr\u00f3pria religi\u00e3o\u201d e \u201cdividem a comunidade, o que \u00e9 uma forma de guerra\u201d.<\/p>\n<p><strong>L\u00edderes europeus<\/strong><br \/>\nNa entrevista, Francisco fala tamb\u00e9m do continente europeu e ressalta que, mesmo passados 100 anos da I Guerra Mundial, \u201cestamos sempre num estado de conflito mundial, em peda\u00e7os\u201d. Dizemos com a boca \u201cnunca mais a guerra\u201d, \u201cmas enquanto isso, fabricamos armas e as vendemos para quem combate em nome dos interesses dos fabricantes de armas. O pre\u00e7o \u00e9 muito alto: o sangue\u201d. Francisco considera que hoje faltam l\u00edderes verdadeiros na Europa, como Schumann, De Gasperi e Adenauer, que lutaram contra a guerra. \u201cA Europa necessita de l\u00edderes, l\u00edderes que olhem para frente\u201d.<\/p>\n<p><strong>Jubileu da Miseric\u00f3rdia, uma ideia inspirada pelo Senhor<\/strong><br \/>\nUma parte importante da entrevista \u00e9 dedicada ao Jubileu da Miseric\u00f3rdia. O Papa revela que a ideia n\u00e3o surgiu imediatamente, mas se inspirou de modo especial na a\u00e7\u00e3o do Beato Paulo VI e de S\u00e3o Jo\u00e3o Paulo II. A convoca\u00e7\u00e3o de um Ano Santo extraordin\u00e1rio nasceu de uma conversa com Dom Rino Fisichella, presidente do dicast\u00e9rio para a Nova Evangeliza\u00e7\u00e3o. Foi uma ideia que veio do \u201calto\u201d, \u201ccreio que o Senhor a inspirou\u201d. Um evento, prossegue, que \u201cevidentemente foi muito bem\u201d. E destaca que \u201ccriou muito movimento\u201d por ter se realizado em todo o mundo, e n\u00e3o s\u00f3 em Roma. \u201cTantas pessoas se sentiram chamadas a se reconciliarem com Deus, a sentirem o carinho do Pai\u201d.<\/p>\n<p><strong>Sinodalidade<\/strong><br \/>\nOutro tema foi a sinodalidade, em que Francisco recorda que a Igreja nasce da comunidade, da base. Portanto, ou existe uma Igreja piramidal, onde se faz o que diz Pedro, ou uma Igreja sinodal, em que Pedro \u00e9 Pedro, mas acompanha a Igreja. \u201cA experi\u00eancia mais rica disso tudo foram os \u00faltimos dois S\u00ednodos\u201d, aponta o Papa. Para ele, \u201c\u00e9 interessante a riqueza da variedade de tons, que \u00e9 pr\u00f3pria da Igreja. \u00c9 unidade na diversidade\u201d. Nos S\u00ednodos, cada um disse o que pensava \u201csem medo de se sentir julgado\u201d, \u201ctodos tinham a atitude de escuta, sem condenar\u201d.<\/p>\n<p>Houve uma discuss\u00e3o \u201ccomo irm\u00e3os\u201d. \u201cHouve uma liberdade de express\u00e3o muito grande\u201d e \u201cisso \u00e9 belo\u201d. \u201cPedro garante a unidade da Igreja\u201d e \u00e9 preciso \u201cprogredir na sinodalidade\u201d, defende Francisco. E aos jovens recordou a experi\u00eancia da JMJ de Crac\u00f3via, pedindo a eles que n\u00e3o tenham vergonha da f\u00e9, que busquem novos caminhos e \u201cn\u00e3o se aposentarem aos 20 anos.\u201d.<\/p>\n<p><strong>M\u00eddia e desinforma\u00e7\u00e3o<\/strong><br \/>\nO Papa faz tamb\u00e9m uma reflex\u00e3o sobre os meios de comunica\u00e7\u00e3o, destacando que a m\u00eddia \u201ctem uma responsabilidade muito grande\u201d, pois podem formar \u201cuma boa ou uma m\u00e1 opini\u00e3o\u201d, \u201cpodem construir\u201d, \u201cfazem um bem imenso\u201d. Todavia, podem fazer danos atrav\u00e9s da \u201ctenta\u00e7\u00e3o da cal\u00fania\u201d, para \u201csujar as pessoas\u201d e difam\u00e1-las. A desinforma\u00e7\u00e3o, adverte, \u00e9 o maior mal que a m\u00eddia pode fazer, \u201cporque orienta a opini\u00e3o p\u00fablica numa dire\u00e7\u00e3o, deixando a outra parte da verdade\u201d. Francisco pede ainda transpar\u00eancia e limpidez na cobertura, sem cair na \u201cdoen\u00e7a da coprofilia\u201d, isto \u00e9, comunicar o esc\u00e2ndalo, \u201ccoisas ruins\u201d, porque assim podem provocar danos.<\/p>\n<p><strong>Sacerdotes e ternura<\/strong><br \/>\nO \u00faltimo pensamento do Papa \u00e9 direcionado aos sacerdotes, aos quais pede que amem sempre Nossa Senhora, que jamais se sintam \u00f3rf\u00e3os, que se deixem guiar por Jesus e busquem sua carne sofredora nos irm\u00e3os. E exortou: \u201cN\u00e3o tenham vergonha da ternura. Hoje se necessita de uma revolu\u00e7\u00e3o da ternura neste mundo que sofre de cardioesclerose\u201d.<\/p>\n<hr \/>\n<p><em>Fonte: R\u00e1dio Vaticano<\/em><\/p>\n","protected":false},"excerpt":{"rendered":"<p>Angelus<\/p>\n","protected":false},"author":1,"featured_media":210792,"comment_status":"open","ping_status":"open","sticky":false,"template":"","format":"standard","meta":[],"categories":[1428],"tags":[403],"acf":[],"yoast_head":"<!-- This site is optimized with the Yoast SEO plugin v19.2 - https:\/\/yoast.com\/wordpress\/plugins\/seo\/ -->\n<title>O Senhor n\u00e3o deixa o homem \u00e0 merc\u00ea do seu mal - Not\u00edcias - Franciscanos<\/title>\n<meta name=\"robots\" content=\"index, follow, max-snippet:-1, max-image-preview:large, max-video-preview:-1\" \/>\n<link rel=\"canonical\" href=\"https:\/\/franciscanos.org.br\/noticias\/o-mundo-necessita-da-revolucao-da-ternura-afirma-papa.html\" \/>\n<meta property=\"og:locale\" content=\"pt_BR\" \/>\n<meta property=\"og:type\" content=\"article\" \/>\n<meta property=\"og:title\" content=\"O Senhor n\u00e3o deixa o homem \u00e0 merc\u00ea do seu mal - Not\u00edcias - Franciscanos\" \/>\n<meta property=\"og:description\" content=\"Angelus\" \/>\n<meta property=\"og:url\" content=\"https:\/\/franciscanos.org.br\/noticias\/o-mundo-necessita-da-revolucao-da-ternura-afirma-papa.html\" \/>\n<meta property=\"og:site_name\" content=\"Not\u00edcias - Franciscanos\" \/>\n<meta property=\"article:published_time\" content=\"2016-12-08T11:27:38+00:00\" \/>\n<meta property=\"article:modified_time\" content=\"2020-06-09T15:32:05+00:00\" \/>\n<meta property=\"og:image\" content=\"https:\/\/franciscanos.org.br\/noticias\/wp-content\/uploads\/2016\/12\/angelus.jpg\" \/>\n\t<meta property=\"og:image:width\" content=\"273\" \/>\n\t<meta property=\"og:image:height\" content=\"181\" \/>\n\t<meta property=\"og:image:type\" content=\"image\/jpeg\" \/>\n<meta name=\"author\" content=\"admin\" \/>\n<meta name=\"twitter:card\" content=\"summary_large_image\" \/>\n<meta name=\"twitter:label1\" content=\"Escrito por\" \/>\n\t<meta name=\"twitter:data1\" content=\"admin\" \/>\n\t<meta name=\"twitter:label2\" content=\"Est. tempo de leitura\" \/>\n\t<meta name=\"twitter:data2\" content=\"9 minutos\" \/>\n<script type=\"application\/ld+json\" class=\"yoast-schema-graph\">{\"@context\":\"https:\/\/schema.org\",\"@graph\":[{\"@type\":\"WebSite\",\"@id\":\"https:\/\/franciscanos.org.br\/noticias\/#website\",\"url\":\"https:\/\/franciscanos.org.br\/noticias\/\",\"name\":\"Not\u00edcias - Franciscanos\",\"description\":\"Prov\u00edncia Franciscana da Imaculada Concei\u00e7\u00e3o do Brasil - Ordem dos Frades Menores - OFM\",\"potentialAction\":[{\"@type\":\"SearchAction\",\"target\":{\"@type\":\"EntryPoint\",\"urlTemplate\":\"https:\/\/franciscanos.org.br\/noticias\/?s={search_term_string}\"},\"query-input\":\"required name=search_term_string\"}],\"inLanguage\":\"pt-BR\"},{\"@type\":\"ImageObject\",\"inLanguage\":\"pt-BR\",\"@id\":\"https:\/\/franciscanos.org.br\/noticias\/o-mundo-necessita-da-revolucao-da-ternura-afirma-papa.html#primaryimage\",\"url\":\"https:\/\/franciscanos.org.br\/noticias\/wp-content\/uploads\/2016\/12\/angelus.jpg\",\"contentUrl\":\"https:\/\/franciscanos.org.br\/noticias\/wp-content\/uploads\/2016\/12\/angelus.jpg\",\"width\":273,\"height\":181},{\"@type\":\"WebPage\",\"@id\":\"https:\/\/franciscanos.org.br\/noticias\/o-mundo-necessita-da-revolucao-da-ternura-afirma-papa.html#webpage\",\"url\":\"https:\/\/franciscanos.org.br\/noticias\/o-mundo-necessita-da-revolucao-da-ternura-afirma-papa.html\",\"name\":\"O Senhor n\u00e3o deixa o homem \u00e0 merc\u00ea do seu mal - Not\u00edcias - Franciscanos\",\"isPartOf\":{\"@id\":\"https:\/\/franciscanos.org.br\/noticias\/#website\"},\"primaryImageOfPage\":{\"@id\":\"https:\/\/franciscanos.org.br\/noticias\/o-mundo-necessita-da-revolucao-da-ternura-afirma-papa.html#primaryimage\"},\"datePublished\":\"2016-12-08T11:27:38+00:00\",\"dateModified\":\"2020-06-09T15:32:05+00:00\",\"author\":{\"@id\":\"https:\/\/franciscanos.org.br\/noticias\/#\/schema\/person\/b38fbf43118f02820bd932f2e4b14ad3\"},\"breadcrumb\":{\"@id\":\"https:\/\/franciscanos.org.br\/noticias\/o-mundo-necessita-da-revolucao-da-ternura-afirma-papa.html#breadcrumb\"},\"inLanguage\":\"pt-BR\",\"potentialAction\":[{\"@type\":\"ReadAction\",\"target\":[\"https:\/\/franciscanos.org.br\/noticias\/o-mundo-necessita-da-revolucao-da-ternura-afirma-papa.html\"]}]},{\"@type\":\"BreadcrumbList\",\"@id\":\"https:\/\/franciscanos.org.br\/noticias\/o-mundo-necessita-da-revolucao-da-ternura-afirma-papa.html#breadcrumb\",\"itemListElement\":[{\"@type\":\"ListItem\",\"position\":1,\"name\":\"Home\",\"item\":\"https:\/\/franciscanos.org.br\/noticias\"},{\"@type\":\"ListItem\",\"position\":2,\"name\":\"O Senhor n\u00e3o deixa o homem \u00e0 merc\u00ea do seu mal\"}]},{\"@type\":\"Person\",\"@id\":\"https:\/\/franciscanos.org.br\/noticias\/#\/schema\/person\/b38fbf43118f02820bd932f2e4b14ad3\",\"name\":\"admin\",\"image\":{\"@type\":\"ImageObject\",\"inLanguage\":\"pt-BR\",\"@id\":\"https:\/\/franciscanos.org.br\/noticias\/#\/schema\/person\/image\/\",\"url\":\"https:\/\/secure.gravatar.com\/avatar\/e8495742d34d0ba6448ea1c628263b3e?s=96&d=mm&r=g\",\"contentUrl\":\"https:\/\/secure.gravatar.com\/avatar\/e8495742d34d0ba6448ea1c628263b3e?s=96&d=mm&r=g\",\"caption\":\"admin\"},\"url\":\"https:\/\/franciscanos.org.br\/noticias\/author\/admin\"}]}<\/script>\n<!-- \/ Yoast SEO plugin. -->","yoast_head_json":{"title":"O Senhor n\u00e3o deixa o homem \u00e0 merc\u00ea do seu mal - Not\u00edcias - Franciscanos","robots":{"index":"index","follow":"follow","max-snippet":"max-snippet:-1","max-image-preview":"max-image-preview:large","max-video-preview":"max-video-preview:-1"},"canonical":"https:\/\/franciscanos.org.br\/noticias\/o-mundo-necessita-da-revolucao-da-ternura-afirma-papa.html","og_locale":"pt_BR","og_type":"article","og_title":"O Senhor n\u00e3o deixa o homem \u00e0 merc\u00ea do seu mal - Not\u00edcias - Franciscanos","og_description":"Angelus","og_url":"https:\/\/franciscanos.org.br\/noticias\/o-mundo-necessita-da-revolucao-da-ternura-afirma-papa.html","og_site_name":"Not\u00edcias - Franciscanos","article_published_time":"2016-12-08T11:27:38+00:00","article_modified_time":"2020-06-09T15:32:05+00:00","og_image":[{"width":273,"height":181,"url":"https:\/\/franciscanos.org.br\/noticias\/wp-content\/uploads\/2016\/12\/angelus.jpg","type":"image\/jpeg"}],"author":"admin","twitter_card":"summary_large_image","twitter_misc":{"Escrito por":"admin","Est. tempo de leitura":"9 minutos"},"schema":{"@context":"https:\/\/schema.org","@graph":[{"@type":"WebSite","@id":"https:\/\/franciscanos.org.br\/noticias\/#website","url":"https:\/\/franciscanos.org.br\/noticias\/","name":"Not\u00edcias - Franciscanos","description":"Prov\u00edncia Franciscana da Imaculada Concei\u00e7\u00e3o do Brasil - Ordem dos Frades Menores - OFM","potentialAction":[{"@type":"SearchAction","target":{"@type":"EntryPoint","urlTemplate":"https:\/\/franciscanos.org.br\/noticias\/?s={search_term_string}"},"query-input":"required name=search_term_string"}],"inLanguage":"pt-BR"},{"@type":"ImageObject","inLanguage":"pt-BR","@id":"https:\/\/franciscanos.org.br\/noticias\/o-mundo-necessita-da-revolucao-da-ternura-afirma-papa.html#primaryimage","url":"https:\/\/franciscanos.org.br\/noticias\/wp-content\/uploads\/2016\/12\/angelus.jpg","contentUrl":"https:\/\/franciscanos.org.br\/noticias\/wp-content\/uploads\/2016\/12\/angelus.jpg","width":273,"height":181},{"@type":"WebPage","@id":"https:\/\/franciscanos.org.br\/noticias\/o-mundo-necessita-da-revolucao-da-ternura-afirma-papa.html#webpage","url":"https:\/\/franciscanos.org.br\/noticias\/o-mundo-necessita-da-revolucao-da-ternura-afirma-papa.html","name":"O Senhor n\u00e3o deixa o homem \u00e0 merc\u00ea do seu mal - Not\u00edcias - Franciscanos","isPartOf":{"@id":"https:\/\/franciscanos.org.br\/noticias\/#website"},"primaryImageOfPage":{"@id":"https:\/\/franciscanos.org.br\/noticias\/o-mundo-necessita-da-revolucao-da-ternura-afirma-papa.html#primaryimage"},"datePublished":"2016-12-08T11:27:38+00:00","dateModified":"2020-06-09T15:32:05+00:00","author":{"@id":"https:\/\/franciscanos.org.br\/noticias\/#\/schema\/person\/b38fbf43118f02820bd932f2e4b14ad3"},"breadcrumb":{"@id":"https:\/\/franciscanos.org.br\/noticias\/o-mundo-necessita-da-revolucao-da-ternura-afirma-papa.html#breadcrumb"},"inLanguage":"pt-BR","potentialAction":[{"@type":"ReadAction","target":["https:\/\/franciscanos.org.br\/noticias\/o-mundo-necessita-da-revolucao-da-ternura-afirma-papa.html"]}]},{"@type":"BreadcrumbList","@id":"https:\/\/franciscanos.org.br\/noticias\/o-mundo-necessita-da-revolucao-da-ternura-afirma-papa.html#breadcrumb","itemListElement":[{"@type":"ListItem","position":1,"name":"Home","item":"https:\/\/franciscanos.org.br\/noticias"},{"@type":"ListItem","position":2,"name":"O Senhor n\u00e3o deixa o homem \u00e0 merc\u00ea do seu mal"}]},{"@type":"Person","@id":"https:\/\/franciscanos.org.br\/noticias\/#\/schema\/person\/b38fbf43118f02820bd932f2e4b14ad3","name":"admin","image":{"@type":"ImageObject","inLanguage":"pt-BR","@id":"https:\/\/franciscanos.org.br\/noticias\/#\/schema\/person\/image\/","url":"https:\/\/secure.gravatar.com\/avatar\/e8495742d34d0ba6448ea1c628263b3e?s=96&d=mm&r=g","contentUrl":"https:\/\/secure.gravatar.com\/avatar\/e8495742d34d0ba6448ea1c628263b3e?s=96&d=mm&r=g","caption":"admin"},"url":"https:\/\/franciscanos.org.br\/noticias\/author\/admin"}]}},"_links":{"self":[{"href":"https:\/\/franciscanos.org.br\/noticias\/wp-json\/wp\/v2\/posts\/121960"}],"collection":[{"href":"https:\/\/franciscanos.org.br\/noticias\/wp-json\/wp\/v2\/posts"}],"about":[{"href":"https:\/\/franciscanos.org.br\/noticias\/wp-json\/wp\/v2\/types\/post"}],"author":[{"embeddable":true,"href":"https:\/\/franciscanos.org.br\/noticias\/wp-json\/wp\/v2\/users\/1"}],"replies":[{"embeddable":true,"href":"https:\/\/franciscanos.org.br\/noticias\/wp-json\/wp\/v2\/comments?post=121960"}],"version-history":[{"count":1,"href":"https:\/\/franciscanos.org.br\/noticias\/wp-json\/wp\/v2\/posts\/121960\/revisions"}],"predecessor-version":[{"id":225515,"href":"https:\/\/franciscanos.org.br\/noticias\/wp-json\/wp\/v2\/posts\/121960\/revisions\/225515"}],"wp:featuredmedia":[{"embeddable":true,"href":"https:\/\/franciscanos.org.br\/noticias\/wp-json\/wp\/v2\/media\/210792"}],"wp:attachment":[{"href":"https:\/\/franciscanos.org.br\/noticias\/wp-json\/wp\/v2\/media?parent=121960"}],"wp:term":[{"taxonomy":"category","embeddable":true,"href":"https:\/\/franciscanos.org.br\/noticias\/wp-json\/wp\/v2\/categories?post=121960"},{"taxonomy":"post_tag","embeddable":true,"href":"https:\/\/franciscanos.org.br\/noticias\/wp-json\/wp\/v2\/tags?post=121960"}],"curies":[{"name":"wp","href":"https:\/\/api.w.org\/{rel}","templated":true}]}}