{"id":121887,"date":"2016-12-07T08:25:47","date_gmt":"2016-12-07T10:25:47","guid":{"rendered":"http:\/\/franciscanos.org.br\/?p=121887"},"modified":"2018-12-07T12:26:16","modified_gmt":"2018-12-07T14:26:16","slug":"rocinha-um-sabor-doce-no-que-era-amargo","status":"publish","type":"post","link":"https:\/\/franciscanos.org.br\/noticias\/rocinha-um-sabor-doce-no-que-era-amargo.html","title":{"rendered":"Rocinha: Um sabor doce no que era amargo"},"content":{"rendered":"<p><img loading=\"lazy\" src=\"http:\/\/franciscanos.org.br\/wp-content\/uploads\/2016\/12\/rocinha_071216.jpg\" alt=\"rocinha_071216\" width=\"830\" height=\"269\" \/><\/p>\n<p><strong>Tha\u00eds de Oliveira Pereira (*)<\/strong><\/p>\n<p>A Rocinha \u00e9 atualmente a maior comunidade da Am\u00e9rica Latina e possui, segundo o IBGE, cerca de 70 mil habitantes, por\u00e9m os moradores discordam desta informa\u00e7\u00e3o, pois acreditam que o n\u00famero \u00e9 muito maior.<\/p>\n<p>O lugar, que recebeu t\u00edtulo de bairro apenas em 1993, apesar de ter sido fundado a partir de 1930, possui problemas comuns a muitos outros bairros do Rio de Janeiro, como a viol\u00eancia, a pobreza, a falta de saneamento b\u00e1sico e o tratamento de esgoto, problemas esses que na Rocinha ganham propor\u00e7\u00f5es muito maiores, justamente pelo seu tamanho, e torna o local com maior \u00edndice de tuberculose do pa\u00eds. Apesar de todos esses pontos negativos, a comunidade \u00e9 muito notada por ONGs e projetos volunt\u00e1rios, como o servi\u00e7o prestado pelos Franciscanos, a partir da Par\u00f3quia Nossa Senhora da Boa Viagem, localizada na Estrada da G\u00e1vea, em um ponto considerado o \u201ccora\u00e7\u00e3o\u201d do lugar.<\/p>\n<p>A capela de Nossa Senhora da Boa Viagem foi inaugurada em 1938 pelos Frades Menores, que atrav\u00e9s do Convento Santo Ant\u00f4nio do Largo da Carioca sempre deram assist\u00eancia \u00e0 comunidade desde 1930. Depois de um per\u00edodo sem essa presen\u00e7a franciscana (1985-2007), os frades retornaram para dar continuidade aos trabalhos pastorais que d\u00e3o suporte ao bairro em alguns setores. Entre os trabalhos desenvolvidos pela Par\u00f3quia, com a ajuda dos franciscanos, est\u00e3o a montagem e distribui\u00e7\u00e3o de cestas b\u00e1sicas para cerca de 100 fam\u00edlias, a administra\u00e7\u00e3o de um brech\u00f3 feito com doa\u00e7\u00f5es dos pr\u00f3prios moradores e que ajuda a manter os servi\u00e7os prestados, o di\u00e1logo pr\u00f3ximo com os jovens atrav\u00e9s do catecumenato, visitas aos enfermos, e a Par\u00f3quia tamb\u00e9m oferece seus espa\u00e7os para a realiza\u00e7\u00e3o de aulas de ingl\u00eas e artesanato totalmente gratuitas para a comunidade, encontro de grupo de mulheres, al\u00e9m das atividades religiosas.<\/p>\n<p><img loading=\"lazy\" src=\"http:\/\/franciscanos.org.br\/wp-content\/uploads\/2016\/12\/rocinha_071216_2.jpg\" alt=\"rocinha_071216_2\" width=\"830\" height=\"445\" \/><\/p>\n<p>Apesar de os trabalhos paroquiais serem muito parecidos aos de outras localidades, a Rocinha tem um gosto especial para o servi\u00e7o franciscano, como nos conta Frei Sandro Costa, p\u00e1roco respons\u00e1vel pelos servi\u00e7os pastorais na comunidade: \u201cAqui, acredito que podemos viver o carisma de forma mais pr\u00f3xima. Existe essa liga\u00e7\u00e3o com a pobreza e ao mesmo tempo essa luta contra ela em busca de dignidade. Quando tive a oportunidade de escolher onde morar e trabalhar, n\u00e3o tive d\u00favidas: escolhi a Rocinha\u201d, afirmou o religioso, que enfatiza tamb\u00e9m a diferen\u00e7a entre o trabalho volunt\u00e1rio e o trabalho pastoral desenvolvido por eles: \u201cO trabalho volunt\u00e1rio \u00e9 quando uma pessoa reserva parte de seu tempo para se dedicar a algo. O nosso servi\u00e7o \u00e9 constante. \u00c9 mais que uma atividade volunt\u00e1ria, \u00e9 um estilo de vida\u201d. Quando questionado sobre a maior conquista dos Franciscanos para a Rocinha, Frei Sandro fala com orgulho da independ\u00eancia com que a comunidade tem conseguido desenvolver os servi\u00e7os pastorais.<\/p>\n<p>O p\u00e1roco reside sozinho na Rocinha, por\u00e9m recebe ajuda de frades estudantes durante os fins de semana. Um deles, Frei Gabriel Alves, quando perguntei sobre ter medo da viol\u00eancia ao trabalhar na Rocinha, contou que sua vida j\u00e1 foi entregue pela f\u00e9: \u201cAqui nunca tive medo, por\u00e9m minha vida j\u00e1 est\u00e1 entregue a Deus. Se eu me recusasse a trabalhar aqui ou em qualquer lugar \u00e9 como se eu estivesse tomando minha vida de volta\u201d, disse. Frei Gabriel mora em Petr\u00f3polis, \u00e9 formado em Filosofia e atualmente \u00e9 estudante de Teologia no Instituto Teol\u00f3gico Franciscano.<\/p>\n<p>Os jovens tamb\u00e9m s\u00e3o muito ativos nos servi\u00e7os pastorais e sociais da Par\u00f3quia e o estudante N\u00edcolas Pereira se considera um assistente do trabalho franciscano na comunidade: \u201cAcredito que eu seja mais colaborador. Talvez quando era crian\u00e7a eu fosse mais ajudado, mas hoje vejo fam\u00edlias na Rocinha em situa\u00e7\u00f5es mais complicadas que a minha e sinto que eu posso ajudar\u201d. Ele fala tamb\u00e9m sobre a viv\u00eancia com a viol\u00eancia na comunidade: \u201cJ\u00e1 vi amigos se perderem nessa vida, aos poucos vamos ficando invis\u00edveis, e eles ficam invis\u00edveis tamb\u00e9m, por mais que a gente lute para que isso n\u00e3o aconte\u00e7a\u201d. N\u00edcolas tem 15 anos e faz parte do grupo de catecumenato com outros jovens da Par\u00f3quia.<\/p>\n<p>O servi\u00e7o com jovens do catecumenato \u00e9 desenvolvido por Celina Gomes, moradora da Rocinha h\u00e1 50 anos e volunt\u00e1ria na Par\u00f3quia. Ela conta sobre outra realidade: \u201cEu conheci uma Rocinha onde voc\u00ea plantava e colhia. Hoje voc\u00ea joga o lixo, entope; mata e morre\u201d.<\/p>\n<p><img loading=\"lazy\" src=\"http:\/\/franciscanos.org.br\/wp-content\/uploads\/2016\/12\/rocinha_071216_3.jpg\" alt=\"rocinha_071216_3\" width=\"830\" height=\"336\" \/><\/p>\n<p>A Rocinha tem in\u00fameros problemas, \u00e9 uma comunidade imensa e tamb\u00e9m sofre com o descaso p\u00fablico, por\u00e9m os servi\u00e7os prestados tanto por diversas ONGs quanto pelos Franciscanos nutrem uma forte esperan\u00e7a na comunidade. Todos com quem tive a oportunidade de conversar falam com muita afei\u00e7\u00e3o pelo local e sonham em ver a Rocinha cada vez melhor. H\u00e1 uma percep\u00e7\u00e3o de realidades diferentes dentro da mesma comunidade, talvez pelo seu tamanho, talvez por estar localizada em uma regi\u00e3o nobre do Rio de Janeiro, e talvez por isso ela se tornou um s\u00edmbolo da desigualdade social no pa\u00eds.<\/p>\n<p>A Rocinha possui ritmo, m\u00edstica, diversidade e um constante estado de alerta, mas \u00e9 a cren\u00e7a em um futuro sempre melhor que move os becos t\u00e3o particularmente estruturados: \u201cO que me encanta na Rocinha \u00e9 o povo, que n\u00e3o deixa de lutar, as pessoas saindo cedo para trabalhar, o choro das crian\u00e7as quando os pais as deixam nas creches. \u00c9 um povo acolhedor, um povo solid\u00e1rio. Os becos, as ruelas, as casas; costumo dizer que n\u00e3o h\u00e1 arquiteto no mundo que consiga desenvolver o que fizemos aqui\u201d, conta Celina com orgulho.<\/p>\n<p>A respeito do estilo de vida apresentado por Francisco de Assis, que sentiu o amargo se tornar doce durante sua vida de entrega ao pr\u00f3ximo e \u00e0 pobreza, seus seguidores conseguem sentir este mesmo sabor ao trabalhar e viver na Rocinha: amarga em alguns aspectos para muitos, mas que se torna cada dia mais doce para quem decide se envolver verdadeiramente com suas hist\u00f3rias de luta, de esperan\u00e7a e de vida.<\/p>\n<p><em>(*) Tha\u00eds de Oliveira Pereira \u00e9 estudante de jornalismo, pertence \u00e0 Par\u00f3quia de Campos El\u00edseos, em Duque de Caxias (RJ). Este texto foi cedido a este site.<\/em><\/p>\n<p><img loading=\"lazy\" src=\"http:\/\/franciscanos.org.br\/wp-content\/uploads\/2016\/12\/rocinha_noite_071216.jpg\" alt=\"rocinha_noite_071216\" width=\"830\" height=\"372\" \/><\/p>\n","protected":false},"excerpt":{"rendered":"<p>Comunidades<\/p>\n","protected":false},"author":1,"featured_media":192285,"comment_status":"open","ping_status":"open","sticky":false,"template":"","format":"standard","meta":[],"categories":[1],"tags":[696],"acf":[],"yoast_head":"<!-- This site is optimized with the Yoast SEO plugin v19.2 - https:\/\/yoast.com\/wordpress\/plugins\/seo\/ -->\n<title>Rocinha: Um sabor doce no que era amargo - Not\u00edcias - Franciscanos<\/title>\n<meta name=\"robots\" content=\"index, follow, max-snippet:-1, max-image-preview:large, max-video-preview:-1\" \/>\n<link rel=\"canonical\" href=\"https:\/\/franciscanos.org.br\/noticias\/rocinha-um-sabor-doce-no-que-era-amargo.html\" \/>\n<meta property=\"og:locale\" content=\"pt_BR\" \/>\n<meta property=\"og:type\" content=\"article\" \/>\n<meta property=\"og:title\" content=\"Rocinha: Um sabor doce no que era amargo - Not\u00edcias - Franciscanos\" \/>\n<meta property=\"og:description\" content=\"Comunidades\" \/>\n<meta property=\"og:url\" content=\"https:\/\/franciscanos.org.br\/noticias\/rocinha-um-sabor-doce-no-que-era-amargo.html\" \/>\n<meta property=\"og:site_name\" content=\"Not\u00edcias - Franciscanos\" \/>\n<meta property=\"article:published_time\" content=\"2016-12-07T10:25:47+00:00\" \/>\n<meta property=\"article:modified_time\" content=\"2018-12-07T14:26:16+00:00\" \/>\n<meta property=\"og:image\" content=\"https:\/\/franciscanos.org.br\/noticias\/wp-content\/uploads\/2016\/12\/rocinha.jpg\" \/>\n\t<meta property=\"og:image:width\" content=\"330\" \/>\n\t<meta property=\"og:image:height\" content=\"219\" \/>\n\t<meta property=\"og:image:type\" content=\"image\/jpeg\" \/>\n<meta name=\"author\" content=\"admin\" \/>\n<meta name=\"twitter:card\" content=\"summary_large_image\" \/>\n<meta name=\"twitter:label1\" content=\"Escrito por\" \/>\n\t<meta name=\"twitter:data1\" content=\"admin\" \/>\n\t<meta name=\"twitter:label2\" content=\"Est. tempo de leitura\" \/>\n\t<meta name=\"twitter:data2\" content=\"5 minutos\" \/>\n<script type=\"application\/ld+json\" class=\"yoast-schema-graph\">{\"@context\":\"https:\/\/schema.org\",\"@graph\":[{\"@type\":\"WebSite\",\"@id\":\"https:\/\/franciscanos.org.br\/noticias\/#website\",\"url\":\"https:\/\/franciscanos.org.br\/noticias\/\",\"name\":\"Not\u00edcias - Franciscanos\",\"description\":\"Prov\u00edncia Franciscana da Imaculada Concei\u00e7\u00e3o do Brasil - Ordem dos Frades Menores - OFM\",\"potentialAction\":[{\"@type\":\"SearchAction\",\"target\":{\"@type\":\"EntryPoint\",\"urlTemplate\":\"https:\/\/franciscanos.org.br\/noticias\/?s={search_term_string}\"},\"query-input\":\"required name=search_term_string\"}],\"inLanguage\":\"pt-BR\"},{\"@type\":\"ImageObject\",\"inLanguage\":\"pt-BR\",\"@id\":\"https:\/\/franciscanos.org.br\/noticias\/rocinha-um-sabor-doce-no-que-era-amargo.html#primaryimage\",\"url\":\"https:\/\/franciscanos.org.br\/noticias\/wp-content\/uploads\/2016\/12\/rocinha.jpg\",\"contentUrl\":\"https:\/\/franciscanos.org.br\/noticias\/wp-content\/uploads\/2016\/12\/rocinha.jpg\",\"width\":330,\"height\":219},{\"@type\":\"WebPage\",\"@id\":\"https:\/\/franciscanos.org.br\/noticias\/rocinha-um-sabor-doce-no-que-era-amargo.html#webpage\",\"url\":\"https:\/\/franciscanos.org.br\/noticias\/rocinha-um-sabor-doce-no-que-era-amargo.html\",\"name\":\"Rocinha: Um sabor doce no que era amargo - Not\u00edcias - Franciscanos\",\"isPartOf\":{\"@id\":\"https:\/\/franciscanos.org.br\/noticias\/#website\"},\"primaryImageOfPage\":{\"@id\":\"https:\/\/franciscanos.org.br\/noticias\/rocinha-um-sabor-doce-no-que-era-amargo.html#primaryimage\"},\"datePublished\":\"2016-12-07T10:25:47+00:00\",\"dateModified\":\"2018-12-07T14:26:16+00:00\",\"author\":{\"@id\":\"https:\/\/franciscanos.org.br\/noticias\/#\/schema\/person\/b38fbf43118f02820bd932f2e4b14ad3\"},\"breadcrumb\":{\"@id\":\"https:\/\/franciscanos.org.br\/noticias\/rocinha-um-sabor-doce-no-que-era-amargo.html#breadcrumb\"},\"inLanguage\":\"pt-BR\",\"potentialAction\":[{\"@type\":\"ReadAction\",\"target\":[\"https:\/\/franciscanos.org.br\/noticias\/rocinha-um-sabor-doce-no-que-era-amargo.html\"]}]},{\"@type\":\"BreadcrumbList\",\"@id\":\"https:\/\/franciscanos.org.br\/noticias\/rocinha-um-sabor-doce-no-que-era-amargo.html#breadcrumb\",\"itemListElement\":[{\"@type\":\"ListItem\",\"position\":1,\"name\":\"Home\",\"item\":\"https:\/\/franciscanos.org.br\/noticias\"},{\"@type\":\"ListItem\",\"position\":2,\"name\":\"Rocinha: Um sabor doce no que era amargo\"}]},{\"@type\":\"Person\",\"@id\":\"https:\/\/franciscanos.org.br\/noticias\/#\/schema\/person\/b38fbf43118f02820bd932f2e4b14ad3\",\"name\":\"admin\",\"image\":{\"@type\":\"ImageObject\",\"inLanguage\":\"pt-BR\",\"@id\":\"https:\/\/franciscanos.org.br\/noticias\/#\/schema\/person\/image\/\",\"url\":\"https:\/\/secure.gravatar.com\/avatar\/e8495742d34d0ba6448ea1c628263b3e?s=96&d=mm&r=g\",\"contentUrl\":\"https:\/\/secure.gravatar.com\/avatar\/e8495742d34d0ba6448ea1c628263b3e?s=96&d=mm&r=g\",\"caption\":\"admin\"},\"url\":\"https:\/\/franciscanos.org.br\/noticias\/author\/admin\"}]}<\/script>\n<!-- \/ Yoast SEO plugin. -->","yoast_head_json":{"title":"Rocinha: Um sabor doce no que era amargo - Not\u00edcias - Franciscanos","robots":{"index":"index","follow":"follow","max-snippet":"max-snippet:-1","max-image-preview":"max-image-preview:large","max-video-preview":"max-video-preview:-1"},"canonical":"https:\/\/franciscanos.org.br\/noticias\/rocinha-um-sabor-doce-no-que-era-amargo.html","og_locale":"pt_BR","og_type":"article","og_title":"Rocinha: Um sabor doce no que era amargo - Not\u00edcias - Franciscanos","og_description":"Comunidades","og_url":"https:\/\/franciscanos.org.br\/noticias\/rocinha-um-sabor-doce-no-que-era-amargo.html","og_site_name":"Not\u00edcias - Franciscanos","article_published_time":"2016-12-07T10:25:47+00:00","article_modified_time":"2018-12-07T14:26:16+00:00","og_image":[{"width":330,"height":219,"url":"https:\/\/franciscanos.org.br\/noticias\/wp-content\/uploads\/2016\/12\/rocinha.jpg","type":"image\/jpeg"}],"author":"admin","twitter_card":"summary_large_image","twitter_misc":{"Escrito por":"admin","Est. tempo de leitura":"5 minutos"},"schema":{"@context":"https:\/\/schema.org","@graph":[{"@type":"WebSite","@id":"https:\/\/franciscanos.org.br\/noticias\/#website","url":"https:\/\/franciscanos.org.br\/noticias\/","name":"Not\u00edcias - Franciscanos","description":"Prov\u00edncia Franciscana da Imaculada Concei\u00e7\u00e3o do Brasil - Ordem dos Frades Menores - OFM","potentialAction":[{"@type":"SearchAction","target":{"@type":"EntryPoint","urlTemplate":"https:\/\/franciscanos.org.br\/noticias\/?s={search_term_string}"},"query-input":"required name=search_term_string"}],"inLanguage":"pt-BR"},{"@type":"ImageObject","inLanguage":"pt-BR","@id":"https:\/\/franciscanos.org.br\/noticias\/rocinha-um-sabor-doce-no-que-era-amargo.html#primaryimage","url":"https:\/\/franciscanos.org.br\/noticias\/wp-content\/uploads\/2016\/12\/rocinha.jpg","contentUrl":"https:\/\/franciscanos.org.br\/noticias\/wp-content\/uploads\/2016\/12\/rocinha.jpg","width":330,"height":219},{"@type":"WebPage","@id":"https:\/\/franciscanos.org.br\/noticias\/rocinha-um-sabor-doce-no-que-era-amargo.html#webpage","url":"https:\/\/franciscanos.org.br\/noticias\/rocinha-um-sabor-doce-no-que-era-amargo.html","name":"Rocinha: Um sabor doce no que era amargo - Not\u00edcias - Franciscanos","isPartOf":{"@id":"https:\/\/franciscanos.org.br\/noticias\/#website"},"primaryImageOfPage":{"@id":"https:\/\/franciscanos.org.br\/noticias\/rocinha-um-sabor-doce-no-que-era-amargo.html#primaryimage"},"datePublished":"2016-12-07T10:25:47+00:00","dateModified":"2018-12-07T14:26:16+00:00","author":{"@id":"https:\/\/franciscanos.org.br\/noticias\/#\/schema\/person\/b38fbf43118f02820bd932f2e4b14ad3"},"breadcrumb":{"@id":"https:\/\/franciscanos.org.br\/noticias\/rocinha-um-sabor-doce-no-que-era-amargo.html#breadcrumb"},"inLanguage":"pt-BR","potentialAction":[{"@type":"ReadAction","target":["https:\/\/franciscanos.org.br\/noticias\/rocinha-um-sabor-doce-no-que-era-amargo.html"]}]},{"@type":"BreadcrumbList","@id":"https:\/\/franciscanos.org.br\/noticias\/rocinha-um-sabor-doce-no-que-era-amargo.html#breadcrumb","itemListElement":[{"@type":"ListItem","position":1,"name":"Home","item":"https:\/\/franciscanos.org.br\/noticias"},{"@type":"ListItem","position":2,"name":"Rocinha: Um sabor doce no que era amargo"}]},{"@type":"Person","@id":"https:\/\/franciscanos.org.br\/noticias\/#\/schema\/person\/b38fbf43118f02820bd932f2e4b14ad3","name":"admin","image":{"@type":"ImageObject","inLanguage":"pt-BR","@id":"https:\/\/franciscanos.org.br\/noticias\/#\/schema\/person\/image\/","url":"https:\/\/secure.gravatar.com\/avatar\/e8495742d34d0ba6448ea1c628263b3e?s=96&d=mm&r=g","contentUrl":"https:\/\/secure.gravatar.com\/avatar\/e8495742d34d0ba6448ea1c628263b3e?s=96&d=mm&r=g","caption":"admin"},"url":"https:\/\/franciscanos.org.br\/noticias\/author\/admin"}]}},"_links":{"self":[{"href":"https:\/\/franciscanos.org.br\/noticias\/wp-json\/wp\/v2\/posts\/121887"}],"collection":[{"href":"https:\/\/franciscanos.org.br\/noticias\/wp-json\/wp\/v2\/posts"}],"about":[{"href":"https:\/\/franciscanos.org.br\/noticias\/wp-json\/wp\/v2\/types\/post"}],"author":[{"embeddable":true,"href":"https:\/\/franciscanos.org.br\/noticias\/wp-json\/wp\/v2\/users\/1"}],"replies":[{"embeddable":true,"href":"https:\/\/franciscanos.org.br\/noticias\/wp-json\/wp\/v2\/comments?post=121887"}],"version-history":[{"count":0,"href":"https:\/\/franciscanos.org.br\/noticias\/wp-json\/wp\/v2\/posts\/121887\/revisions"}],"wp:featuredmedia":[{"embeddable":true,"href":"https:\/\/franciscanos.org.br\/noticias\/wp-json\/wp\/v2\/media\/192285"}],"wp:attachment":[{"href":"https:\/\/franciscanos.org.br\/noticias\/wp-json\/wp\/v2\/media?parent=121887"}],"wp:term":[{"taxonomy":"category","embeddable":true,"href":"https:\/\/franciscanos.org.br\/noticias\/wp-json\/wp\/v2\/categories?post=121887"},{"taxonomy":"post_tag","embeddable":true,"href":"https:\/\/franciscanos.org.br\/noticias\/wp-json\/wp\/v2\/tags?post=121887"}],"curies":[{"name":"wp","href":"https:\/\/api.w.org\/{rel}","templated":true}]}}