{"id":121765,"date":"2016-12-05T19:15:28","date_gmt":"2016-12-05T21:15:28","guid":{"rendered":"http:\/\/franciscanos.org.br\/?p=121765"},"modified":"2019-11-01T10:53:47","modified_gmt":"2019-11-01T13:53:47","slug":"o-sim-que-gera-o-bem-na-vida-e-missao-do-frade","status":"publish","type":"post","link":"https:\/\/franciscanos.org.br\/noticias\/o-sim-que-gera-o-bem-na-vida-e-missao-do-frade.html","title":{"rendered":"O sim que gera o bem na vida e miss\u00e3o do frade"},"content":{"rendered":"<p><img loading=\"lazy\" src=\"http:\/\/franciscanos.org.br\/wp-content\/uploads\/2016\/12\/jubileus_051216_2.jpg\" alt=\"jubileus_051216_2\" width=\"830\" height=\"460\" \/><\/p>\n<p><strong>Moacir Beggo<\/strong><\/p>\n<p><strong>Bragan\u00e7a Paulista (SP)<\/strong> &#8211; A festa dos Jubileus dos frades da Prov\u00edncia da Imaculada Concei\u00e7\u00e3o, que come\u00e7ou na Fraternidade de Rondinha, no \u00faltimo dia 2, estendeu-se para a Fraternidade de Bragan\u00e7a Paulista nesta segunda (5\/12), onde os frades idosos e enfermos celebraram seus jubileus de vida religiosa e sacerdotal.<\/p>\n<p>A celebra\u00e7\u00e3o, simples e repleta de significados, marcou pela renova\u00e7\u00e3o dos votos de Frei Roger Strapazzon e Frei Josemberg Aranha, que conclu\u00edram o Ano Mission\u00e1rio na Fraternidade Santo Ant\u00f4nio do Pari, tendo como mestre Frei Germano Guesser, coordenador do Regional S\u00e3o Paulo.<\/p>\n<p>O Ministro Provincial, Frei Fid\u00eancio Vanboemmel, presidiu a celebra\u00e7\u00e3o, que contou com os frades do Regional S\u00e3o Paulo, entre eles o Vig\u00e1rio Provincial, Frei C\u00e9sar K\u00fclkamp, e o bispo em\u00e9rito de Campanha, Dom Frei Diamantino Prata, e a diretoria da Universidade S\u00e3o Francisco, representada pelo Professor e Reitor, Joel Alves de Sousa J\u00fanior, e a doutora Angela Maria Izzo, respons\u00e1vel pelos frades idosos e enfermos desta Fraternidade.<\/p>\n<p><img loading=\"lazy\" src=\"http:\/\/franciscanos.org.br\/wp-content\/uploads\/2016\/12\/jubileus_051216_3.jpg\" alt=\"jubileus_051216_3\" width=\"830\" height=\"569\" \/><\/p>\n<p>Frei Carlos Jos\u00e9 K\u00f6rber, o guardi\u00e3o da Fraternidade, acolheu a todos e falou da alegria de reuni-los na celebra\u00e7\u00e3o e no almo\u00e7o festivo encerrando as atividades do Regional S\u00e3o Paulo em 2016. O encontro tamb\u00e9m tinha outro significado pela import\u00e2ncia da inaugura\u00e7\u00e3o de mais cinco quartos na casa e um elevador que vai ajudar muito na locomo\u00e7\u00e3o dos idosos e enfermos. Frei Fid\u00eancio aben\u00e7oou as novas instala\u00e7\u00f5es e agradeceu pelo apoio da Fraternidade Provincial.<\/p>\n<p>A liturgia tomou a celebra\u00e7\u00e3o da Imaculada Concei\u00e7\u00e3o de Maria, Padroeira da Prov\u00edncia. Frei Fid\u00eancio lembrou que, no G\u00eanesis, o homem se fecha \u00e0 gra\u00e7a de Deus. &#8220;Mas, no fundo, a gente v\u00ea que a miseric\u00f3rdia de Deus n\u00e3o condena o ser humano, a miseric\u00f3rdia de Deus condena, sim, o mal. Bem diferente \u00e9 o que n\u00f3s ouvimos no Evangelho de Lucas: Maria escolhida, Maria preservada por Deus, Maria, como qualquer um de n\u00f3s, chamada por Deus a viver a sua grandiosidade, a sua excel\u00eancia enquanto menina-mulher. Ela foi tamb\u00e9m visitada por Deus, n\u00e3o temeu a visita de Deus, ao contr\u00e1rio de Ad\u00e3o e Eva, que tiveram medo dos passos de Deus&#8221;, disse.<\/p>\n<p><img loading=\"lazy\" class=\"alignright wp-image-121770\" src=\"http:\/\/franciscanos.org.br\/wp-content\/uploads\/2016\/12\/jubileus_051216_4.jpg\" alt=\"jubileus_051216_4\" width=\"396\" height=\"368\" \/>Segundo o Ministro Provincial, Maria, no seu sil\u00eancio, acolhe o mensageiro de Deus. &#8220;Maria\u00a0 se inquieta mas n\u00e3o se fecha. Ela se coloca na escuta, quer compreender, quer entender o mist\u00e9rio mais profundo do amor de Deus&#8221;, acrescentou. &#8220;E assim Maria se coloca como servidora: eis aqui a serva do Senhor, fa\u00e7a-se em mim segundo a vossa Palavra&#8221;, enfatizou, referindo-se ao sim de Maria.<\/p>\n<p>&#8220;Queridos irm\u00e3os, queridas irm\u00e3s, n\u00f3s estamos aqui nesse dia para render gra\u00e7as, louvar a Deus e certamente Maria nos estimula, nos provoca a sermos tamb\u00e9m atentos, atentas, \u00e0 Palavra, e permitir que essa Palavra de Deus gere em n\u00f3s a vida&#8221;, animou, enfatizando o momento de gratid\u00e3o pelos jubileus. &#8220;Que possamos agradecer a Deus por toda a vida que conseguimos gerar a partir da escuta da pr\u00f3pria Palavra de Deus, o bem que n\u00f3s conseguimos realizar nas nossas diferentes miss\u00f5es, o bem que n\u00f3s realizamos a partir do sim que n\u00f3s pronunciamos a favor da Palavra de Deus. E hoje, muito particularmente, queremos louvar e agradecer a Deus pelo sim desses nossos irm\u00e3os que durante tantos anos escutaram a Palavra de Deus e fizeram com que a Palavra de Deus tamb\u00e9m se transformasse no Verbo Encarnado, na vida e na miss\u00e3o deles&#8221;, completou.<\/p>\n<p>Frei Fid\u00eancio olhou com carinho para os dois jovens frades que renovavam os votos e disse que era uma b\u00ean\u00e7\u00e3o particular para eles darem o sim tendo o testemunho de frades que repetiam este mesmo sim h\u00e1 75 anos, como Frei Jo\u00e3o Batista de Ara\u00fajo Campos e Frei Olavo Seifert; h\u00e1 72 anos, como Cir\u00edaco Tokarski; h\u00e1 65 anos, como Frei Odorico Decker; a 60 anos, como Frei Aristides Luiz Pasquali, todos celebrando jubileus de vida religiosa; e 70 anos de sacerd\u00f3cio (Frei Olavo); 65 anos de sacerd\u00f3cio (Frei Cir\u00edaco); e 60 anos de sacerd\u00f3cio (Frei Celso Francisco de Faria).<\/p>\n<p><img loading=\"lazy\" src=\"http:\/\/franciscanos.org.br\/wp-content\/uploads\/2016\/12\/jubileus_051216_1.jpg\" alt=\"jubileus_051216_1\" width=\"830\" height=\"424\" \/><\/p>\n<p>Para Frei Roger, esta celebra\u00e7\u00e3o foi mais marcante de todas neste tempo de Profiss\u00e3o tempor\u00e1ria. &#8220;O exemplo dos frades idosos me emocionou mais do que na Primeira Profiss\u00e3o em Rodeio&#8221;, confessou. Frei Roger continua o Ano Mission\u00e1rio, mas agora em Angola: &#8220;Ouvindo os relatos dos confrades de minha turma que est\u00e3o fazendo o Ano Mission\u00e1rio em Angola (Freis Jhones, Jefferson e Junior), n\u00e3o tive d\u00favida que Cristo continuava me convidando para &#8216;ir e ver&#8217;. Foi com essa motiva\u00e7\u00e3o, que solicitei ao Definit\u00f3rio Provincial, e fui acolhido, a continua\u00e7\u00e3o do meu ano mission\u00e1rio em novas terras&#8221;, disse. J\u00e1 Frei Josemberg segue para Petr\u00f3polis, onde inicia o primeiro ano de Teologia.<\/p>\n<p>Frei Germano n\u00e3o poupou elogios aos dois jovens frades pelo ano que fizeram no Pari. Para ele, a palavra &#8220;disponibilidade&#8221; resume Frei Roger e Frei Josemberg.\u00a0Neste \u00a0Regional ficou decidido que o primeiro encontro de 2017 ser\u00e1 no dia 20 de mar\u00e7o, em Santos (SP).<\/p>\n","protected":false},"excerpt":{"rendered":"<p>Jubileus da Prov\u00edncia<\/p>\n","protected":false},"author":1,"featured_media":213296,"comment_status":"open","ping_status":"open","sticky":false,"template":"","format":"standard","meta":[],"categories":[1],"tags":[332],"acf":[],"yoast_head":"<!-- This site is optimized with the Yoast SEO plugin v19.2 - https:\/\/yoast.com\/wordpress\/plugins\/seo\/ -->\n<title>O sim que gera o bem na vida e miss\u00e3o do frade - Not\u00edcias - Franciscanos<\/title>\n<meta name=\"robots\" content=\"index, follow, max-snippet:-1, max-image-preview:large, max-video-preview:-1\" \/>\n<link rel=\"canonical\" href=\"https:\/\/franciscanos.org.br\/noticias\/o-sim-que-gera-o-bem-na-vida-e-missao-do-frade.html\" \/>\n<meta property=\"og:locale\" content=\"pt_BR\" \/>\n<meta property=\"og:type\" content=\"article\" \/>\n<meta property=\"og:title\" content=\"O sim que gera o bem na vida e miss\u00e3o do frade - Not\u00edcias - Franciscanos\" \/>\n<meta property=\"og:description\" content=\"Jubileus da Prov\u00edncia\" \/>\n<meta property=\"og:url\" content=\"https:\/\/franciscanos.org.br\/noticias\/o-sim-que-gera-o-bem-na-vida-e-missao-do-frade.html\" \/>\n<meta property=\"og:site_name\" content=\"Not\u00edcias - Franciscanos\" \/>\n<meta property=\"article:published_time\" content=\"2016-12-05T21:15:28+00:00\" \/>\n<meta property=\"article:modified_time\" content=\"2019-11-01T13:53:47+00:00\" \/>\n<meta property=\"og:image\" content=\"https:\/\/franciscanos.org.br\/noticias\/wp-content\/uploads\/2016\/12\/jubileus_051216_2.jpg\" \/>\n\t<meta property=\"og:image:width\" content=\"273\" \/>\n\t<meta property=\"og:image:height\" content=\"181\" \/>\n\t<meta property=\"og:image:type\" content=\"image\/jpeg\" \/>\n<meta name=\"author\" content=\"admin\" \/>\n<meta name=\"twitter:card\" content=\"summary_large_image\" \/>\n<meta name=\"twitter:label1\" content=\"Escrito por\" \/>\n\t<meta name=\"twitter:data1\" content=\"admin\" \/>\n\t<meta name=\"twitter:label2\" content=\"Est. tempo de leitura\" \/>\n\t<meta name=\"twitter:data2\" content=\"4 minutos\" \/>\n<script type=\"application\/ld+json\" class=\"yoast-schema-graph\">{\"@context\":\"https:\/\/schema.org\",\"@graph\":[{\"@type\":\"WebSite\",\"@id\":\"https:\/\/franciscanos.org.br\/noticias\/#website\",\"url\":\"https:\/\/franciscanos.org.br\/noticias\/\",\"name\":\"Not\u00edcias - Franciscanos\",\"description\":\"Prov\u00edncia Franciscana da Imaculada Concei\u00e7\u00e3o do Brasil - Ordem dos Frades Menores - OFM\",\"potentialAction\":[{\"@type\":\"SearchAction\",\"target\":{\"@type\":\"EntryPoint\",\"urlTemplate\":\"https:\/\/franciscanos.org.br\/noticias\/?s={search_term_string}\"},\"query-input\":\"required name=search_term_string\"}],\"inLanguage\":\"pt-BR\"},{\"@type\":\"ImageObject\",\"inLanguage\":\"pt-BR\",\"@id\":\"https:\/\/franciscanos.org.br\/noticias\/o-sim-que-gera-o-bem-na-vida-e-missao-do-frade.html#primaryimage\",\"url\":\"https:\/\/franciscanos.org.br\/noticias\/wp-content\/uploads\/2016\/12\/jubileus_051216_2.jpg\",\"contentUrl\":\"https:\/\/franciscanos.org.br\/noticias\/wp-content\/uploads\/2016\/12\/jubileus_051216_2.jpg\",\"width\":273,\"height\":181},{\"@type\":\"WebPage\",\"@id\":\"https:\/\/franciscanos.org.br\/noticias\/o-sim-que-gera-o-bem-na-vida-e-missao-do-frade.html#webpage\",\"url\":\"https:\/\/franciscanos.org.br\/noticias\/o-sim-que-gera-o-bem-na-vida-e-missao-do-frade.html\",\"name\":\"O sim que gera o bem na vida e miss\u00e3o do frade - Not\u00edcias - Franciscanos\",\"isPartOf\":{\"@id\":\"https:\/\/franciscanos.org.br\/noticias\/#website\"},\"primaryImageOfPage\":{\"@id\":\"https:\/\/franciscanos.org.br\/noticias\/o-sim-que-gera-o-bem-na-vida-e-missao-do-frade.html#primaryimage\"},\"datePublished\":\"2016-12-05T21:15:28+00:00\",\"dateModified\":\"2019-11-01T13:53:47+00:00\",\"author\":{\"@id\":\"https:\/\/franciscanos.org.br\/noticias\/#\/schema\/person\/b38fbf43118f02820bd932f2e4b14ad3\"},\"breadcrumb\":{\"@id\":\"https:\/\/franciscanos.org.br\/noticias\/o-sim-que-gera-o-bem-na-vida-e-missao-do-frade.html#breadcrumb\"},\"inLanguage\":\"pt-BR\",\"potentialAction\":[{\"@type\":\"ReadAction\",\"target\":[\"https:\/\/franciscanos.org.br\/noticias\/o-sim-que-gera-o-bem-na-vida-e-missao-do-frade.html\"]}]},{\"@type\":\"BreadcrumbList\",\"@id\":\"https:\/\/franciscanos.org.br\/noticias\/o-sim-que-gera-o-bem-na-vida-e-missao-do-frade.html#breadcrumb\",\"itemListElement\":[{\"@type\":\"ListItem\",\"position\":1,\"name\":\"Home\",\"item\":\"https:\/\/franciscanos.org.br\/noticias\"},{\"@type\":\"ListItem\",\"position\":2,\"name\":\"O sim que gera o bem na vida e miss\u00e3o do frade\"}]},{\"@type\":\"Person\",\"@id\":\"https:\/\/franciscanos.org.br\/noticias\/#\/schema\/person\/b38fbf43118f02820bd932f2e4b14ad3\",\"name\":\"admin\",\"image\":{\"@type\":\"ImageObject\",\"inLanguage\":\"pt-BR\",\"@id\":\"https:\/\/franciscanos.org.br\/noticias\/#\/schema\/person\/image\/\",\"url\":\"https:\/\/secure.gravatar.com\/avatar\/e8495742d34d0ba6448ea1c628263b3e?s=96&d=mm&r=g\",\"contentUrl\":\"https:\/\/secure.gravatar.com\/avatar\/e8495742d34d0ba6448ea1c628263b3e?s=96&d=mm&r=g\",\"caption\":\"admin\"},\"url\":\"https:\/\/franciscanos.org.br\/noticias\/author\/admin\"}]}<\/script>\n<!-- \/ Yoast SEO plugin. -->","yoast_head_json":{"title":"O sim que gera o bem na vida e miss\u00e3o do frade - Not\u00edcias - Franciscanos","robots":{"index":"index","follow":"follow","max-snippet":"max-snippet:-1","max-image-preview":"max-image-preview:large","max-video-preview":"max-video-preview:-1"},"canonical":"https:\/\/franciscanos.org.br\/noticias\/o-sim-que-gera-o-bem-na-vida-e-missao-do-frade.html","og_locale":"pt_BR","og_type":"article","og_title":"O sim que gera o bem na vida e miss\u00e3o do frade - Not\u00edcias - Franciscanos","og_description":"Jubileus da Prov\u00edncia","og_url":"https:\/\/franciscanos.org.br\/noticias\/o-sim-que-gera-o-bem-na-vida-e-missao-do-frade.html","og_site_name":"Not\u00edcias - Franciscanos","article_published_time":"2016-12-05T21:15:28+00:00","article_modified_time":"2019-11-01T13:53:47+00:00","og_image":[{"width":273,"height":181,"url":"https:\/\/franciscanos.org.br\/noticias\/wp-content\/uploads\/2016\/12\/jubileus_051216_2.jpg","type":"image\/jpeg"}],"author":"admin","twitter_card":"summary_large_image","twitter_misc":{"Escrito por":"admin","Est. tempo de leitura":"4 minutos"},"schema":{"@context":"https:\/\/schema.org","@graph":[{"@type":"WebSite","@id":"https:\/\/franciscanos.org.br\/noticias\/#website","url":"https:\/\/franciscanos.org.br\/noticias\/","name":"Not\u00edcias - Franciscanos","description":"Prov\u00edncia Franciscana da Imaculada Concei\u00e7\u00e3o do Brasil - Ordem dos Frades Menores - OFM","potentialAction":[{"@type":"SearchAction","target":{"@type":"EntryPoint","urlTemplate":"https:\/\/franciscanos.org.br\/noticias\/?s={search_term_string}"},"query-input":"required name=search_term_string"}],"inLanguage":"pt-BR"},{"@type":"ImageObject","inLanguage":"pt-BR","@id":"https:\/\/franciscanos.org.br\/noticias\/o-sim-que-gera-o-bem-na-vida-e-missao-do-frade.html#primaryimage","url":"https:\/\/franciscanos.org.br\/noticias\/wp-content\/uploads\/2016\/12\/jubileus_051216_2.jpg","contentUrl":"https:\/\/franciscanos.org.br\/noticias\/wp-content\/uploads\/2016\/12\/jubileus_051216_2.jpg","width":273,"height":181},{"@type":"WebPage","@id":"https:\/\/franciscanos.org.br\/noticias\/o-sim-que-gera-o-bem-na-vida-e-missao-do-frade.html#webpage","url":"https:\/\/franciscanos.org.br\/noticias\/o-sim-que-gera-o-bem-na-vida-e-missao-do-frade.html","name":"O sim que gera o bem na vida e miss\u00e3o do frade - Not\u00edcias - Franciscanos","isPartOf":{"@id":"https:\/\/franciscanos.org.br\/noticias\/#website"},"primaryImageOfPage":{"@id":"https:\/\/franciscanos.org.br\/noticias\/o-sim-que-gera-o-bem-na-vida-e-missao-do-frade.html#primaryimage"},"datePublished":"2016-12-05T21:15:28+00:00","dateModified":"2019-11-01T13:53:47+00:00","author":{"@id":"https:\/\/franciscanos.org.br\/noticias\/#\/schema\/person\/b38fbf43118f02820bd932f2e4b14ad3"},"breadcrumb":{"@id":"https:\/\/franciscanos.org.br\/noticias\/o-sim-que-gera-o-bem-na-vida-e-missao-do-frade.html#breadcrumb"},"inLanguage":"pt-BR","potentialAction":[{"@type":"ReadAction","target":["https:\/\/franciscanos.org.br\/noticias\/o-sim-que-gera-o-bem-na-vida-e-missao-do-frade.html"]}]},{"@type":"BreadcrumbList","@id":"https:\/\/franciscanos.org.br\/noticias\/o-sim-que-gera-o-bem-na-vida-e-missao-do-frade.html#breadcrumb","itemListElement":[{"@type":"ListItem","position":1,"name":"Home","item":"https:\/\/franciscanos.org.br\/noticias"},{"@type":"ListItem","position":2,"name":"O sim que gera o bem na vida e miss\u00e3o do frade"}]},{"@type":"Person","@id":"https:\/\/franciscanos.org.br\/noticias\/#\/schema\/person\/b38fbf43118f02820bd932f2e4b14ad3","name":"admin","image":{"@type":"ImageObject","inLanguage":"pt-BR","@id":"https:\/\/franciscanos.org.br\/noticias\/#\/schema\/person\/image\/","url":"https:\/\/secure.gravatar.com\/avatar\/e8495742d34d0ba6448ea1c628263b3e?s=96&d=mm&r=g","contentUrl":"https:\/\/secure.gravatar.com\/avatar\/e8495742d34d0ba6448ea1c628263b3e?s=96&d=mm&r=g","caption":"admin"},"url":"https:\/\/franciscanos.org.br\/noticias\/author\/admin"}]}},"_links":{"self":[{"href":"https:\/\/franciscanos.org.br\/noticias\/wp-json\/wp\/v2\/posts\/121765"}],"collection":[{"href":"https:\/\/franciscanos.org.br\/noticias\/wp-json\/wp\/v2\/posts"}],"about":[{"href":"https:\/\/franciscanos.org.br\/noticias\/wp-json\/wp\/v2\/types\/post"}],"author":[{"embeddable":true,"href":"https:\/\/franciscanos.org.br\/noticias\/wp-json\/wp\/v2\/users\/1"}],"replies":[{"embeddable":true,"href":"https:\/\/franciscanos.org.br\/noticias\/wp-json\/wp\/v2\/comments?post=121765"}],"version-history":[{"count":0,"href":"https:\/\/franciscanos.org.br\/noticias\/wp-json\/wp\/v2\/posts\/121765\/revisions"}],"wp:featuredmedia":[{"embeddable":true,"href":"https:\/\/franciscanos.org.br\/noticias\/wp-json\/wp\/v2\/media\/213296"}],"wp:attachment":[{"href":"https:\/\/franciscanos.org.br\/noticias\/wp-json\/wp\/v2\/media?parent=121765"}],"wp:term":[{"taxonomy":"category","embeddable":true,"href":"https:\/\/franciscanos.org.br\/noticias\/wp-json\/wp\/v2\/categories?post=121765"},{"taxonomy":"post_tag","embeddable":true,"href":"https:\/\/franciscanos.org.br\/noticias\/wp-json\/wp\/v2\/tags?post=121765"}],"curies":[{"name":"wp","href":"https:\/\/api.w.org\/{rel}","templated":true}]}}