{"id":121708,"date":"2016-12-05T10:32:29","date_gmt":"2016-12-05T12:32:29","guid":{"rendered":"http:\/\/franciscanos.org.br\/?p=121708"},"modified":"2020-06-09T12:35:09","modified_gmt":"2020-06-09T15:35:09","slug":"papa-a-transformacao-de-jesus-nao-e-magia-renova-o-coracao","status":"publish","type":"post","link":"https:\/\/franciscanos.org.br\/noticias\/papa-a-transformacao-de-jesus-nao-e-magia-renova-o-coracao.html","title":{"rendered":"A transforma\u00e7\u00e3o de Jesus n\u00e3o \u00e9 magia, renova o cora\u00e7\u00e3o"},"content":{"rendered":"<p><img loading=\"lazy\" src=\"http:\/\/franciscanos.org.br\/wp-content\/uploads\/2016\/12\/marta1_051216.jpg\" alt=\"marta1_051216\" width=\"830\" height=\"401\" \/><br \/>\n<strong>Cidade do Vaticano<\/strong> \u2013 Deixemo-nos transformar por Jesus, deixando que nos liberte dos nossos pecados: foi o que disse o Papa celebrando a Missa na manh\u00e3 de segunda-feira, 5 de dezembro, na capela da Casa Santa Marta. Em sua homilia, o Pont\u00edfice comentou a primeira leitura, que fala da renova\u00e7\u00e3o: O deserto florescer\u00e1, os cegos ver\u00e3o e os surdos ouvir\u00e3o. Tudo ser\u00e1 transformado para melhor, pois era isso que o povo de Israel esperava do Messias.<\/p>\n<p>Ao falar do Evangelho do dia, Papa observou que Jesus curava e mostrava \u201cum caminho de mudan\u00e7a para as pessoas e, por isso, elas o seguiam\u201d. N\u00e3o o seguiam porque estava na moda, mas porque a sua mensagem chegava ao cora\u00e7\u00e3o. E depois, acrescentou, \u201co povo via que Jesus curava e o seguia tamb\u00e9m por isso\u201d: \u201cMas o que Jesus fazia n\u00e3o era somente uma mudan\u00e7a da feiura \u00e0 beleza, do ruim ao bom: Jesus fez uma transforma\u00e7\u00e3o. N\u00e3o \u00e9 um problema de fazer bonito, n\u00e3o \u00e9 problema de maquiagem, de magia: transformou tudo a partir de dentro! Transformou com uma recria\u00e7\u00e3o: Deus tinha criado o mundo; o homem caiu no pecado; chega Jesus para recriar o mundo. E esta \u00e9 a mensagem; a mensagem do Evangelho, que se v\u00ea claramente: antes de curar aquele homem, Jesus perdoa os seus pecados. Vai ali, \u00e0 recria\u00e7\u00e3o, recria aquele homem de pecador a homem justo: o recria como justo. O faz de novo, totalmente novo. E isso escandaliza: isso escandaliza!\u201d<\/p>\n<p>Por isso, afirmou o Papa, os Doutores da Lei \u201ccome\u00e7am a discutir, a murmurar\u201d porque n\u00e3o podiam aceitar a sua autoridade. Jesus, disse, \u201c\u00e9 capaz de fazer de n\u00f3s \u2013 pecadores \u2013 pessoas novas\u201d. \u00c9 algo \u2013 observou \u2013 que Madalena intuiu, ela que era saud\u00e1vel, mas tinha uma chaga dentro: era uma pecadora. Intuiu, portanto, que \u201caquele homem podia curar n\u00e3o o corpo, mas a chaga da alma. Podia recri\u00e1-la! E para isso precisa de tanta f\u00e9\u201d.<\/p>\n<p><strong>Dizer os pecados \u201ccom nome e sobrenome\u201d<\/strong><br \/>\nO Papa afirmou: \u201cQue o Senhor nos ajude a nos preparar para o Natal com grande f\u00e9\u201d, porque precisa de muita f\u00e9 \u201cpara a cura da alma, para a cura existencial, para a recria\u00e7\u00e3o que Jesus nos traz\u201d. \u201cSer transformados \u2013 reiterou \u2013 \u00e9 a gra\u00e7a da sa\u00fade que Jesus traz\u201d. E precisa vencer a tenta\u00e7\u00e3o de dizer \u201ceu n\u00e3o consigo\u201d, mas, ao inv\u00e9s, se deixar \u201ctransformar\u201d, \u201crecriar\u201d por Jesus. Coragem \u00e9 a palavra de Deus: \u201cTodos somos pecadores, mas olhe para a raiz do seu pecado e que o Senhor v\u00e1 l\u00e1 no fundo e a recrie; e aquela raiz amarga florescer\u00e1, florescer\u00e1 com as obras de justi\u00e7a; e voc\u00ea ser\u00e1 um novo homem, uma nova mulher. Mas se n\u00f3s \u2018Sim, sim, tenho pecados; vou, me confesso\u2026 duas palavrinhas e depois continuo assim\u2026\u2019, n\u00e3o me deixo recriar pelo Senhor. Somente duas pinceladas de verniz e acreditamos que com isso encerro o caso! N\u00e3o! Os meus pecados, com nome e sobrenome: eu fiz isso, isso, isso e me vergonho dentro do cora\u00e7\u00e3o! E abro o cora\u00e7\u00e3o: \u2018Senhor, o \u00fanico que tenho. Recria-me! Recria-me!\u2019 E assim teremos a coragem de ir com f\u00e9 verdadeira \u2013 como pedimos \u2013 em dire\u00e7\u00e3o ao Natal\u201d.<\/p>\n<p>O Papa acrescentou que sempre \u201ctentamos esconder a gravidade dos nossos pecados\u201d. Por exemplo, quando n\u00e3o damos import\u00e2ncia \u00e0 inveja. Esta, ao inv\u00e9s, disse Francisco, \u201c\u00e9 algo terr\u00edvel! \u00c9 como o veneno da serpente\u201d que tenta destruir o outro!\u201d.<\/p>\n<p><strong>Deixemos que o Senhor cancele os nossos pecados<\/strong><br \/>\nO Papa ent\u00e3o encorajou a \u201cir a fundo nos nossos pecados e depois entreg\u00e1-los ao Senhor, para que Ele os cancele e nos ajude a ir avante com f\u00e9\u201d. E destacou este trecho, contando uma anedota de um Santo, \u201cestudioso da B\u00edblia\u201d, que tinha um car\u00e1ter muito forte, com momentos de ira e que pedia perd\u00e3o ao Senhor, fazendo muitas ren\u00fancias e penit\u00eancias: \u201cO Santo, falando com o Senhor, dizia: \u2018Est\u00e1 feliz, Senhor?\u2019 \u2013 \u2018N\u00e3o!\u2019 \u2013 \u2018Mas dei tudo!\u2019 \u2013 \u2018N\u00e3o, falta alguma coisa\u2026\u2019. E este pobre homem fazia outra penit\u00eancia, outra ora\u00e7\u00e3o, outra vig\u00edlia: \u2018Dei-lhe isto Senhor. Est\u00e1 bom assim?\u2019 \u2013 \u2018N\u00e3o! Falta alguma coisa\u2026\u2019 \u2013 \u2018Mas o que falta, Senhor?\u2019 \u2013 \u2018Faltam os seus pecados! D\u00ea-me os seus pecados!\u2019. Isso \u00e9 o que o Senhor pede a n\u00f3s hoje: \u2018Coragem! D\u00ea-me os seus pecados e eu farei de voc\u00ea um novo homem e uma nova mulher\u2019. Que o Senhor nos d\u00ea f\u00e9 para acreditar nisto\u201d.<\/p>\n<hr \/>\n<p><em>Fonte: R\u00e1dio Vaticano<\/em><\/p>\n","protected":false},"excerpt":{"rendered":"<p>Missa em Santa Marta<\/p>\n","protected":false},"author":1,"featured_media":202996,"comment_status":"open","ping_status":"open","sticky":false,"template":"","format":"standard","meta":[],"categories":[1428],"tags":[1586],"acf":[],"yoast_head":"<!-- This site is optimized with the Yoast SEO plugin v19.2 - https:\/\/yoast.com\/wordpress\/plugins\/seo\/ -->\n<title>A transforma\u00e7\u00e3o de Jesus n\u00e3o \u00e9 magia, renova o cora\u00e7\u00e3o - Not\u00edcias - Franciscanos<\/title>\n<meta name=\"robots\" content=\"index, follow, max-snippet:-1, max-image-preview:large, max-video-preview:-1\" \/>\n<link rel=\"canonical\" href=\"https:\/\/franciscanos.org.br\/noticias\/papa-a-transformacao-de-jesus-nao-e-magia-renova-o-coracao.html\" \/>\n<meta property=\"og:locale\" content=\"pt_BR\" \/>\n<meta property=\"og:type\" content=\"article\" \/>\n<meta property=\"og:title\" content=\"A transforma\u00e7\u00e3o de Jesus n\u00e3o \u00e9 magia, renova o cora\u00e7\u00e3o - Not\u00edcias - Franciscanos\" \/>\n<meta property=\"og:description\" content=\"Missa em Santa Marta\" \/>\n<meta property=\"og:url\" content=\"https:\/\/franciscanos.org.br\/noticias\/papa-a-transformacao-de-jesus-nao-e-magia-renova-o-coracao.html\" \/>\n<meta property=\"og:site_name\" content=\"Not\u00edcias - Franciscanos\" \/>\n<meta property=\"article:published_time\" content=\"2016-12-05T12:32:29+00:00\" \/>\n<meta property=\"article:modified_time\" content=\"2020-06-09T15:35:09+00:00\" \/>\n<meta property=\"og:image\" content=\"https:\/\/franciscanos.org.br\/noticias\/wp-content\/uploads\/2016\/12\/marta1_051216.jpg\" \/>\n\t<meta property=\"og:image:width\" content=\"273\" \/>\n\t<meta property=\"og:image:height\" content=\"182\" \/>\n\t<meta property=\"og:image:type\" content=\"image\/jpeg\" \/>\n<meta name=\"author\" content=\"admin\" \/>\n<meta name=\"twitter:card\" content=\"summary_large_image\" \/>\n<meta name=\"twitter:label1\" content=\"Escrito por\" \/>\n\t<meta name=\"twitter:data1\" content=\"admin\" \/>\n\t<meta name=\"twitter:label2\" content=\"Est. tempo de leitura\" \/>\n\t<meta name=\"twitter:data2\" content=\"4 minutos\" \/>\n<script type=\"application\/ld+json\" class=\"yoast-schema-graph\">{\"@context\":\"https:\/\/schema.org\",\"@graph\":[{\"@type\":\"WebSite\",\"@id\":\"https:\/\/franciscanos.org.br\/noticias\/#website\",\"url\":\"https:\/\/franciscanos.org.br\/noticias\/\",\"name\":\"Not\u00edcias - Franciscanos\",\"description\":\"Prov\u00edncia Franciscana da Imaculada Concei\u00e7\u00e3o do Brasil - Ordem dos Frades Menores - OFM\",\"potentialAction\":[{\"@type\":\"SearchAction\",\"target\":{\"@type\":\"EntryPoint\",\"urlTemplate\":\"https:\/\/franciscanos.org.br\/noticias\/?s={search_term_string}\"},\"query-input\":\"required name=search_term_string\"}],\"inLanguage\":\"pt-BR\"},{\"@type\":\"ImageObject\",\"inLanguage\":\"pt-BR\",\"@id\":\"https:\/\/franciscanos.org.br\/noticias\/papa-a-transformacao-de-jesus-nao-e-magia-renova-o-coracao.html#primaryimage\",\"url\":\"https:\/\/franciscanos.org.br\/noticias\/wp-content\/uploads\/2016\/12\/marta1_051216.jpg\",\"contentUrl\":\"https:\/\/franciscanos.org.br\/noticias\/wp-content\/uploads\/2016\/12\/marta1_051216.jpg\",\"width\":273,\"height\":182},{\"@type\":\"WebPage\",\"@id\":\"https:\/\/franciscanos.org.br\/noticias\/papa-a-transformacao-de-jesus-nao-e-magia-renova-o-coracao.html#webpage\",\"url\":\"https:\/\/franciscanos.org.br\/noticias\/papa-a-transformacao-de-jesus-nao-e-magia-renova-o-coracao.html\",\"name\":\"A transforma\u00e7\u00e3o de Jesus n\u00e3o \u00e9 magia, renova o cora\u00e7\u00e3o - Not\u00edcias - Franciscanos\",\"isPartOf\":{\"@id\":\"https:\/\/franciscanos.org.br\/noticias\/#website\"},\"primaryImageOfPage\":{\"@id\":\"https:\/\/franciscanos.org.br\/noticias\/papa-a-transformacao-de-jesus-nao-e-magia-renova-o-coracao.html#primaryimage\"},\"datePublished\":\"2016-12-05T12:32:29+00:00\",\"dateModified\":\"2020-06-09T15:35:09+00:00\",\"author\":{\"@id\":\"https:\/\/franciscanos.org.br\/noticias\/#\/schema\/person\/b38fbf43118f02820bd932f2e4b14ad3\"},\"breadcrumb\":{\"@id\":\"https:\/\/franciscanos.org.br\/noticias\/papa-a-transformacao-de-jesus-nao-e-magia-renova-o-coracao.html#breadcrumb\"},\"inLanguage\":\"pt-BR\",\"potentialAction\":[{\"@type\":\"ReadAction\",\"target\":[\"https:\/\/franciscanos.org.br\/noticias\/papa-a-transformacao-de-jesus-nao-e-magia-renova-o-coracao.html\"]}]},{\"@type\":\"BreadcrumbList\",\"@id\":\"https:\/\/franciscanos.org.br\/noticias\/papa-a-transformacao-de-jesus-nao-e-magia-renova-o-coracao.html#breadcrumb\",\"itemListElement\":[{\"@type\":\"ListItem\",\"position\":1,\"name\":\"Home\",\"item\":\"https:\/\/franciscanos.org.br\/noticias\"},{\"@type\":\"ListItem\",\"position\":2,\"name\":\"A transforma\u00e7\u00e3o de Jesus n\u00e3o \u00e9 magia, renova o cora\u00e7\u00e3o\"}]},{\"@type\":\"Person\",\"@id\":\"https:\/\/franciscanos.org.br\/noticias\/#\/schema\/person\/b38fbf43118f02820bd932f2e4b14ad3\",\"name\":\"admin\",\"image\":{\"@type\":\"ImageObject\",\"inLanguage\":\"pt-BR\",\"@id\":\"https:\/\/franciscanos.org.br\/noticias\/#\/schema\/person\/image\/\",\"url\":\"https:\/\/secure.gravatar.com\/avatar\/e8495742d34d0ba6448ea1c628263b3e?s=96&d=mm&r=g\",\"contentUrl\":\"https:\/\/secure.gravatar.com\/avatar\/e8495742d34d0ba6448ea1c628263b3e?s=96&d=mm&r=g\",\"caption\":\"admin\"},\"url\":\"https:\/\/franciscanos.org.br\/noticias\/author\/admin\"}]}<\/script>\n<!-- \/ Yoast SEO plugin. -->","yoast_head_json":{"title":"A transforma\u00e7\u00e3o de Jesus n\u00e3o \u00e9 magia, renova o cora\u00e7\u00e3o - Not\u00edcias - Franciscanos","robots":{"index":"index","follow":"follow","max-snippet":"max-snippet:-1","max-image-preview":"max-image-preview:large","max-video-preview":"max-video-preview:-1"},"canonical":"https:\/\/franciscanos.org.br\/noticias\/papa-a-transformacao-de-jesus-nao-e-magia-renova-o-coracao.html","og_locale":"pt_BR","og_type":"article","og_title":"A transforma\u00e7\u00e3o de Jesus n\u00e3o \u00e9 magia, renova o cora\u00e7\u00e3o - Not\u00edcias - Franciscanos","og_description":"Missa em Santa Marta","og_url":"https:\/\/franciscanos.org.br\/noticias\/papa-a-transformacao-de-jesus-nao-e-magia-renova-o-coracao.html","og_site_name":"Not\u00edcias - Franciscanos","article_published_time":"2016-12-05T12:32:29+00:00","article_modified_time":"2020-06-09T15:35:09+00:00","og_image":[{"width":273,"height":182,"url":"https:\/\/franciscanos.org.br\/noticias\/wp-content\/uploads\/2016\/12\/marta1_051216.jpg","type":"image\/jpeg"}],"author":"admin","twitter_card":"summary_large_image","twitter_misc":{"Escrito por":"admin","Est. tempo de leitura":"4 minutos"},"schema":{"@context":"https:\/\/schema.org","@graph":[{"@type":"WebSite","@id":"https:\/\/franciscanos.org.br\/noticias\/#website","url":"https:\/\/franciscanos.org.br\/noticias\/","name":"Not\u00edcias - Franciscanos","description":"Prov\u00edncia Franciscana da Imaculada Concei\u00e7\u00e3o do Brasil - Ordem dos Frades Menores - OFM","potentialAction":[{"@type":"SearchAction","target":{"@type":"EntryPoint","urlTemplate":"https:\/\/franciscanos.org.br\/noticias\/?s={search_term_string}"},"query-input":"required name=search_term_string"}],"inLanguage":"pt-BR"},{"@type":"ImageObject","inLanguage":"pt-BR","@id":"https:\/\/franciscanos.org.br\/noticias\/papa-a-transformacao-de-jesus-nao-e-magia-renova-o-coracao.html#primaryimage","url":"https:\/\/franciscanos.org.br\/noticias\/wp-content\/uploads\/2016\/12\/marta1_051216.jpg","contentUrl":"https:\/\/franciscanos.org.br\/noticias\/wp-content\/uploads\/2016\/12\/marta1_051216.jpg","width":273,"height":182},{"@type":"WebPage","@id":"https:\/\/franciscanos.org.br\/noticias\/papa-a-transformacao-de-jesus-nao-e-magia-renova-o-coracao.html#webpage","url":"https:\/\/franciscanos.org.br\/noticias\/papa-a-transformacao-de-jesus-nao-e-magia-renova-o-coracao.html","name":"A transforma\u00e7\u00e3o de Jesus n\u00e3o \u00e9 magia, renova o cora\u00e7\u00e3o - Not\u00edcias - Franciscanos","isPartOf":{"@id":"https:\/\/franciscanos.org.br\/noticias\/#website"},"primaryImageOfPage":{"@id":"https:\/\/franciscanos.org.br\/noticias\/papa-a-transformacao-de-jesus-nao-e-magia-renova-o-coracao.html#primaryimage"},"datePublished":"2016-12-05T12:32:29+00:00","dateModified":"2020-06-09T15:35:09+00:00","author":{"@id":"https:\/\/franciscanos.org.br\/noticias\/#\/schema\/person\/b38fbf43118f02820bd932f2e4b14ad3"},"breadcrumb":{"@id":"https:\/\/franciscanos.org.br\/noticias\/papa-a-transformacao-de-jesus-nao-e-magia-renova-o-coracao.html#breadcrumb"},"inLanguage":"pt-BR","potentialAction":[{"@type":"ReadAction","target":["https:\/\/franciscanos.org.br\/noticias\/papa-a-transformacao-de-jesus-nao-e-magia-renova-o-coracao.html"]}]},{"@type":"BreadcrumbList","@id":"https:\/\/franciscanos.org.br\/noticias\/papa-a-transformacao-de-jesus-nao-e-magia-renova-o-coracao.html#breadcrumb","itemListElement":[{"@type":"ListItem","position":1,"name":"Home","item":"https:\/\/franciscanos.org.br\/noticias"},{"@type":"ListItem","position":2,"name":"A transforma\u00e7\u00e3o de Jesus n\u00e3o \u00e9 magia, renova o cora\u00e7\u00e3o"}]},{"@type":"Person","@id":"https:\/\/franciscanos.org.br\/noticias\/#\/schema\/person\/b38fbf43118f02820bd932f2e4b14ad3","name":"admin","image":{"@type":"ImageObject","inLanguage":"pt-BR","@id":"https:\/\/franciscanos.org.br\/noticias\/#\/schema\/person\/image\/","url":"https:\/\/secure.gravatar.com\/avatar\/e8495742d34d0ba6448ea1c628263b3e?s=96&d=mm&r=g","contentUrl":"https:\/\/secure.gravatar.com\/avatar\/e8495742d34d0ba6448ea1c628263b3e?s=96&d=mm&r=g","caption":"admin"},"url":"https:\/\/franciscanos.org.br\/noticias\/author\/admin"}]}},"_links":{"self":[{"href":"https:\/\/franciscanos.org.br\/noticias\/wp-json\/wp\/v2\/posts\/121708"}],"collection":[{"href":"https:\/\/franciscanos.org.br\/noticias\/wp-json\/wp\/v2\/posts"}],"about":[{"href":"https:\/\/franciscanos.org.br\/noticias\/wp-json\/wp\/v2\/types\/post"}],"author":[{"embeddable":true,"href":"https:\/\/franciscanos.org.br\/noticias\/wp-json\/wp\/v2\/users\/1"}],"replies":[{"embeddable":true,"href":"https:\/\/franciscanos.org.br\/noticias\/wp-json\/wp\/v2\/comments?post=121708"}],"version-history":[{"count":1,"href":"https:\/\/franciscanos.org.br\/noticias\/wp-json\/wp\/v2\/posts\/121708\/revisions"}],"predecessor-version":[{"id":225520,"href":"https:\/\/franciscanos.org.br\/noticias\/wp-json\/wp\/v2\/posts\/121708\/revisions\/225520"}],"wp:featuredmedia":[{"embeddable":true,"href":"https:\/\/franciscanos.org.br\/noticias\/wp-json\/wp\/v2\/media\/202996"}],"wp:attachment":[{"href":"https:\/\/franciscanos.org.br\/noticias\/wp-json\/wp\/v2\/media?parent=121708"}],"wp:term":[{"taxonomy":"category","embeddable":true,"href":"https:\/\/franciscanos.org.br\/noticias\/wp-json\/wp\/v2\/categories?post=121708"},{"taxonomy":"post_tag","embeddable":true,"href":"https:\/\/franciscanos.org.br\/noticias\/wp-json\/wp\/v2\/tags?post=121708"}],"curies":[{"name":"wp","href":"https:\/\/api.w.org\/{rel}","templated":true}]}}