{"id":121619,"date":"2016-12-05T05:26:44","date_gmt":"2016-12-05T07:26:44","guid":{"rendered":"http:\/\/franciscanos.org.br\/?p=121619"},"modified":"2020-06-09T12:35:48","modified_gmt":"2020-06-09T15:35:48","slug":"anunciar-jesus-sem-fazer-proselitismo","status":"publish","type":"post","link":"https:\/\/franciscanos.org.br\/noticias\/anunciar-jesus-sem-fazer-proselitismo.html","title":{"rendered":"Anunciar Jesus sem fazer proselitismo"},"content":{"rendered":"<p><img loading=\"lazy\" src=\"http:\/\/franciscanos.org.br\/wp-content\/uploads\/2016\/12\/papa_051216.jpg\" alt=\"papa_051216\" width=\"820\" height=\"337\" \/><\/p>\n<p><strong>Cidade do Vaticano<\/strong> &#8211; \u201cA condi\u00e7\u00e3o para fazer parte do reino \u00e9 realizar uma mudan\u00e7a na nossa vida, isto \u00e9 converter-se, dando um passo a cada dia: trata-se de deixar os caminhos, convenientes, mas enganosos, dos \u00eddolos deste mundo: o sucesso a todo custo, o poder \u00e0 custa dos mais fracos, a sede de riqueza, o prazer a qualquer pre\u00e7o: comportamentos que s\u00e3o do diabo\u201d. Foi o que recordou o Papa Francisco na sua alocu\u00e7\u00e3o que precedeu neste 2\u00ba Domingo do Advento, a Ora\u00e7\u00e3o mariana do Angelus com os fi\u00e9is reunidos na Pra\u00e7a S\u00e3o Pedro. Em uma manh\u00e3 de c\u00e9u coberto, o Papa disse que o convite \u00e9 \u201cabrir o caminho ao Senhor que vem. Ele n\u00e3o tira a nossa liberdade, mas nos d\u00e1 a verdadeira felicidade\u201d.<\/p>\n<p><strong>Miss\u00e3o do crist\u00e3o<\/strong><br \/>\nCom o nascimento de Jesus em Bel\u00e9m, \u00e9 o pr\u00f3prio Deus que veio habitar no meio de n\u00f3s, para nos libertar do ego\u00edsmo, do pecado e da corrup\u00e7\u00e3o\u201d. \u201cO Reino de Deus disse Jesus est\u00e1 no meio de voc\u00eas! Esta \u00e9 a mensagem central de toda a miss\u00e3o crist\u00e3\u201d, explicou Francisco revelando quanto seja importante esta \u201cboa not\u00edcia\u201d.<\/p>\n<p>\u201cQuando um mission\u00e1rio vai, um crist\u00e3o vai anunciar Jesus, n\u00e3o vai fazer proselitismo, como se fosse um torcedor que busca para o seu time mais torcedores. N\u00e3o, vai simplesmente a anunciar: o Reino de Deus est\u00e1 no meio de voc\u00eas! E assim o mission\u00e1rio prepara o caminho para Jesus que encontra o seu povo\u201d.<\/p>\n<p><strong>Reino de Deus<\/strong><br \/>\n\u201cCertamente, o reino de Deus se estender\u00e1 indefinidamente para al\u00e9m da vida terrena, mas a boa not\u00edcia que Jesus nos traz &#8211; e que Jo\u00e3o antecipa &#8211; \u00e9 que o reino de Deus, n\u00e3o devemos esperar por ele no futuro: se aproximou, e de alguma forma, j\u00e1 est\u00e1 presente e podemos experiment\u00e1-lo agora o poder espiritual.<\/p>\n<p>\u201cDeus vem estabelecer o seu dom\u00ednio na nossa hist\u00f3ria, na nossa vida quotidiana; e l\u00e1 onde \u00e9 acolhido com f\u00e9 e humildade brotam o amor, a alegria e a paz\u201d.<\/p>\n<p><strong>Tempo de Natal<\/strong><br \/>\nNos aproximamos do Natal \u2013 destacou o Papa \u2013 \u201cum dia de grande alegria, tamb\u00e9m exterior, mas \u00e9 principalmente um evento religioso, por isso \u00e9 necess\u00e1ria uma prepara\u00e7\u00e3o espiritual\u201d.<\/p>\n<p>\u201cNeste tempo de Advento, deixemo-nos guiar pela exorta\u00e7\u00e3o de Jo\u00e3o Batista: &#8216;Preparai o caminho do Senhor, endireitai as suas veredas&#8217;. N\u00f3s preparamos o caminho do Senhor e endireitamos as suas veredas, quando examinamos a nossa consci\u00eancia, quando vemos nossas atitudes, quando com sinceridade e confian\u00e7a confessamos os nossos pecados no sacramento da Penit\u00eancia&#8221;.<\/p>\n<p>Neste Sacramento experimentamos em nossos cora\u00e7\u00f5es a proximidade do reino de Deus e a sua salva\u00e7\u00e3o. A salva\u00e7\u00e3o de Deus \u00e9 obra de um amor maior, maior do que nosso pecado; somente o amor de Deus pode cancelar o pecado e livrar do mal, e somente o amor de Deus pode guiar-nos no caminho do bem.<\/p>\n<p>Que a Virgem Maria &#8211; concluiu Francisco &#8211; nos ajude a nos preparamos para o encontro com este Amor-maior que na noite de Natal se fez pequeno pequeno, como uma semente, ca\u00edda na terra, a semente do Reino de Deus.<\/p>\n<p>Antes de se despedir dos fi\u00e9is o Papa dirigiu sua sauda\u00e7\u00e3o aos romanos e peregrinos presentes na Pra\u00e7a S\u00e3o Pedro. Em especial saudou os fi\u00e9is que vieram de C\u00f3rdoba, Ja\u00e9n e Val\u00eancia, na Espanha; de Split e Makarska, na Cro\u00e1cia; das par\u00f3quias de Santa Maria da Ora\u00e7\u00e3o e do Sant\u00edssimo Corpo e Sangue de Cristo, de Roma. A todos desejou um bom domingo e um bom caminho de Advento marcando encontro para a pr\u00f3xima quinta-feira, festa de Maria Imaculada, na Pra\u00e7a Espanha. \u201cNestes dias \u2013 concluiu &#8211; vamos rezar juntos, pedindo a sua materna intercess\u00e3o para a convers\u00e3o dos cora\u00e7\u00f5es e o dom da paz. E por favor, n\u00e3o se esque\u00e7am de rezar por mim. Bom almo\u00e7o\u201d.<\/p>\n<hr \/>\n<p><em>Fonte: R\u00e1dio Vaticano<\/em><\/p>\n","protected":false},"excerpt":{"rendered":"<p>Angelus<\/p>\n","protected":false},"author":1,"featured_media":222440,"comment_status":"open","ping_status":"open","sticky":false,"template":"","format":"standard","meta":[],"categories":[1428],"tags":[403],"acf":[],"yoast_head":"<!-- This site is optimized with the Yoast SEO plugin v19.2 - https:\/\/yoast.com\/wordpress\/plugins\/seo\/ -->\n<title>Anunciar Jesus sem fazer proselitismo - Not\u00edcias - Franciscanos<\/title>\n<meta name=\"robots\" content=\"index, follow, max-snippet:-1, max-image-preview:large, max-video-preview:-1\" \/>\n<link rel=\"canonical\" href=\"https:\/\/franciscanos.org.br\/noticias\/anunciar-jesus-sem-fazer-proselitismo.html\" \/>\n<meta property=\"og:locale\" content=\"pt_BR\" \/>\n<meta property=\"og:type\" content=\"article\" \/>\n<meta property=\"og:title\" content=\"Anunciar Jesus sem fazer proselitismo - Not\u00edcias - Franciscanos\" \/>\n<meta property=\"og:description\" content=\"Angelus\" \/>\n<meta property=\"og:url\" content=\"https:\/\/franciscanos.org.br\/noticias\/anunciar-jesus-sem-fazer-proselitismo.html\" \/>\n<meta property=\"og:site_name\" content=\"Not\u00edcias - Franciscanos\" \/>\n<meta property=\"article:published_time\" content=\"2016-12-05T07:26:44+00:00\" \/>\n<meta property=\"article:modified_time\" content=\"2020-06-09T15:35:48+00:00\" \/>\n<meta property=\"og:image\" content=\"https:\/\/franciscanos.org.br\/noticias\/wp-content\/uploads\/2016\/12\/papa_051216.jpg\" \/>\n\t<meta property=\"og:image:width\" content=\"273\" \/>\n\t<meta property=\"og:image:height\" content=\"181\" \/>\n\t<meta property=\"og:image:type\" content=\"image\/jpeg\" \/>\n<meta name=\"author\" content=\"admin\" \/>\n<meta name=\"twitter:card\" content=\"summary_large_image\" \/>\n<meta name=\"twitter:label1\" content=\"Escrito por\" \/>\n\t<meta name=\"twitter:data1\" content=\"admin\" \/>\n\t<meta name=\"twitter:label2\" content=\"Est. tempo de leitura\" \/>\n\t<meta name=\"twitter:data2\" content=\"3 minutos\" \/>\n<script type=\"application\/ld+json\" class=\"yoast-schema-graph\">{\"@context\":\"https:\/\/schema.org\",\"@graph\":[{\"@type\":\"WebSite\",\"@id\":\"https:\/\/franciscanos.org.br\/noticias\/#website\",\"url\":\"https:\/\/franciscanos.org.br\/noticias\/\",\"name\":\"Not\u00edcias - Franciscanos\",\"description\":\"Prov\u00edncia Franciscana da Imaculada Concei\u00e7\u00e3o do Brasil - Ordem dos Frades Menores - OFM\",\"potentialAction\":[{\"@type\":\"SearchAction\",\"target\":{\"@type\":\"EntryPoint\",\"urlTemplate\":\"https:\/\/franciscanos.org.br\/noticias\/?s={search_term_string}\"},\"query-input\":\"required name=search_term_string\"}],\"inLanguage\":\"pt-BR\"},{\"@type\":\"ImageObject\",\"inLanguage\":\"pt-BR\",\"@id\":\"https:\/\/franciscanos.org.br\/noticias\/anunciar-jesus-sem-fazer-proselitismo.html#primaryimage\",\"url\":\"https:\/\/franciscanos.org.br\/noticias\/wp-content\/uploads\/2016\/12\/papa_051216.jpg\",\"contentUrl\":\"https:\/\/franciscanos.org.br\/noticias\/wp-content\/uploads\/2016\/12\/papa_051216.jpg\",\"width\":273,\"height\":181},{\"@type\":\"WebPage\",\"@id\":\"https:\/\/franciscanos.org.br\/noticias\/anunciar-jesus-sem-fazer-proselitismo.html#webpage\",\"url\":\"https:\/\/franciscanos.org.br\/noticias\/anunciar-jesus-sem-fazer-proselitismo.html\",\"name\":\"Anunciar Jesus sem fazer proselitismo - Not\u00edcias - Franciscanos\",\"isPartOf\":{\"@id\":\"https:\/\/franciscanos.org.br\/noticias\/#website\"},\"primaryImageOfPage\":{\"@id\":\"https:\/\/franciscanos.org.br\/noticias\/anunciar-jesus-sem-fazer-proselitismo.html#primaryimage\"},\"datePublished\":\"2016-12-05T07:26:44+00:00\",\"dateModified\":\"2020-06-09T15:35:48+00:00\",\"author\":{\"@id\":\"https:\/\/franciscanos.org.br\/noticias\/#\/schema\/person\/b38fbf43118f02820bd932f2e4b14ad3\"},\"breadcrumb\":{\"@id\":\"https:\/\/franciscanos.org.br\/noticias\/anunciar-jesus-sem-fazer-proselitismo.html#breadcrumb\"},\"inLanguage\":\"pt-BR\",\"potentialAction\":[{\"@type\":\"ReadAction\",\"target\":[\"https:\/\/franciscanos.org.br\/noticias\/anunciar-jesus-sem-fazer-proselitismo.html\"]}]},{\"@type\":\"BreadcrumbList\",\"@id\":\"https:\/\/franciscanos.org.br\/noticias\/anunciar-jesus-sem-fazer-proselitismo.html#breadcrumb\",\"itemListElement\":[{\"@type\":\"ListItem\",\"position\":1,\"name\":\"Home\",\"item\":\"https:\/\/franciscanos.org.br\/noticias\"},{\"@type\":\"ListItem\",\"position\":2,\"name\":\"Anunciar Jesus sem fazer proselitismo\"}]},{\"@type\":\"Person\",\"@id\":\"https:\/\/franciscanos.org.br\/noticias\/#\/schema\/person\/b38fbf43118f02820bd932f2e4b14ad3\",\"name\":\"admin\",\"image\":{\"@type\":\"ImageObject\",\"inLanguage\":\"pt-BR\",\"@id\":\"https:\/\/franciscanos.org.br\/noticias\/#\/schema\/person\/image\/\",\"url\":\"https:\/\/secure.gravatar.com\/avatar\/e8495742d34d0ba6448ea1c628263b3e?s=96&d=mm&r=g\",\"contentUrl\":\"https:\/\/secure.gravatar.com\/avatar\/e8495742d34d0ba6448ea1c628263b3e?s=96&d=mm&r=g\",\"caption\":\"admin\"},\"url\":\"https:\/\/franciscanos.org.br\/noticias\/author\/admin\"}]}<\/script>\n<!-- \/ Yoast SEO plugin. -->","yoast_head_json":{"title":"Anunciar Jesus sem fazer proselitismo - Not\u00edcias - Franciscanos","robots":{"index":"index","follow":"follow","max-snippet":"max-snippet:-1","max-image-preview":"max-image-preview:large","max-video-preview":"max-video-preview:-1"},"canonical":"https:\/\/franciscanos.org.br\/noticias\/anunciar-jesus-sem-fazer-proselitismo.html","og_locale":"pt_BR","og_type":"article","og_title":"Anunciar Jesus sem fazer proselitismo - Not\u00edcias - Franciscanos","og_description":"Angelus","og_url":"https:\/\/franciscanos.org.br\/noticias\/anunciar-jesus-sem-fazer-proselitismo.html","og_site_name":"Not\u00edcias - Franciscanos","article_published_time":"2016-12-05T07:26:44+00:00","article_modified_time":"2020-06-09T15:35:48+00:00","og_image":[{"width":273,"height":181,"url":"https:\/\/franciscanos.org.br\/noticias\/wp-content\/uploads\/2016\/12\/papa_051216.jpg","type":"image\/jpeg"}],"author":"admin","twitter_card":"summary_large_image","twitter_misc":{"Escrito por":"admin","Est. tempo de leitura":"3 minutos"},"schema":{"@context":"https:\/\/schema.org","@graph":[{"@type":"WebSite","@id":"https:\/\/franciscanos.org.br\/noticias\/#website","url":"https:\/\/franciscanos.org.br\/noticias\/","name":"Not\u00edcias - Franciscanos","description":"Prov\u00edncia Franciscana da Imaculada Concei\u00e7\u00e3o do Brasil - Ordem dos Frades Menores - OFM","potentialAction":[{"@type":"SearchAction","target":{"@type":"EntryPoint","urlTemplate":"https:\/\/franciscanos.org.br\/noticias\/?s={search_term_string}"},"query-input":"required name=search_term_string"}],"inLanguage":"pt-BR"},{"@type":"ImageObject","inLanguage":"pt-BR","@id":"https:\/\/franciscanos.org.br\/noticias\/anunciar-jesus-sem-fazer-proselitismo.html#primaryimage","url":"https:\/\/franciscanos.org.br\/noticias\/wp-content\/uploads\/2016\/12\/papa_051216.jpg","contentUrl":"https:\/\/franciscanos.org.br\/noticias\/wp-content\/uploads\/2016\/12\/papa_051216.jpg","width":273,"height":181},{"@type":"WebPage","@id":"https:\/\/franciscanos.org.br\/noticias\/anunciar-jesus-sem-fazer-proselitismo.html#webpage","url":"https:\/\/franciscanos.org.br\/noticias\/anunciar-jesus-sem-fazer-proselitismo.html","name":"Anunciar Jesus sem fazer proselitismo - Not\u00edcias - Franciscanos","isPartOf":{"@id":"https:\/\/franciscanos.org.br\/noticias\/#website"},"primaryImageOfPage":{"@id":"https:\/\/franciscanos.org.br\/noticias\/anunciar-jesus-sem-fazer-proselitismo.html#primaryimage"},"datePublished":"2016-12-05T07:26:44+00:00","dateModified":"2020-06-09T15:35:48+00:00","author":{"@id":"https:\/\/franciscanos.org.br\/noticias\/#\/schema\/person\/b38fbf43118f02820bd932f2e4b14ad3"},"breadcrumb":{"@id":"https:\/\/franciscanos.org.br\/noticias\/anunciar-jesus-sem-fazer-proselitismo.html#breadcrumb"},"inLanguage":"pt-BR","potentialAction":[{"@type":"ReadAction","target":["https:\/\/franciscanos.org.br\/noticias\/anunciar-jesus-sem-fazer-proselitismo.html"]}]},{"@type":"BreadcrumbList","@id":"https:\/\/franciscanos.org.br\/noticias\/anunciar-jesus-sem-fazer-proselitismo.html#breadcrumb","itemListElement":[{"@type":"ListItem","position":1,"name":"Home","item":"https:\/\/franciscanos.org.br\/noticias"},{"@type":"ListItem","position":2,"name":"Anunciar Jesus sem fazer proselitismo"}]},{"@type":"Person","@id":"https:\/\/franciscanos.org.br\/noticias\/#\/schema\/person\/b38fbf43118f02820bd932f2e4b14ad3","name":"admin","image":{"@type":"ImageObject","inLanguage":"pt-BR","@id":"https:\/\/franciscanos.org.br\/noticias\/#\/schema\/person\/image\/","url":"https:\/\/secure.gravatar.com\/avatar\/e8495742d34d0ba6448ea1c628263b3e?s=96&d=mm&r=g","contentUrl":"https:\/\/secure.gravatar.com\/avatar\/e8495742d34d0ba6448ea1c628263b3e?s=96&d=mm&r=g","caption":"admin"},"url":"https:\/\/franciscanos.org.br\/noticias\/author\/admin"}]}},"_links":{"self":[{"href":"https:\/\/franciscanos.org.br\/noticias\/wp-json\/wp\/v2\/posts\/121619"}],"collection":[{"href":"https:\/\/franciscanos.org.br\/noticias\/wp-json\/wp\/v2\/posts"}],"about":[{"href":"https:\/\/franciscanos.org.br\/noticias\/wp-json\/wp\/v2\/types\/post"}],"author":[{"embeddable":true,"href":"https:\/\/franciscanos.org.br\/noticias\/wp-json\/wp\/v2\/users\/1"}],"replies":[{"embeddable":true,"href":"https:\/\/franciscanos.org.br\/noticias\/wp-json\/wp\/v2\/comments?post=121619"}],"version-history":[{"count":2,"href":"https:\/\/franciscanos.org.br\/noticias\/wp-json\/wp\/v2\/posts\/121619\/revisions"}],"predecessor-version":[{"id":225521,"href":"https:\/\/franciscanos.org.br\/noticias\/wp-json\/wp\/v2\/posts\/121619\/revisions\/225521"}],"wp:featuredmedia":[{"embeddable":true,"href":"https:\/\/franciscanos.org.br\/noticias\/wp-json\/wp\/v2\/media\/222440"}],"wp:attachment":[{"href":"https:\/\/franciscanos.org.br\/noticias\/wp-json\/wp\/v2\/media?parent=121619"}],"wp:term":[{"taxonomy":"category","embeddable":true,"href":"https:\/\/franciscanos.org.br\/noticias\/wp-json\/wp\/v2\/categories?post=121619"},{"taxonomy":"post_tag","embeddable":true,"href":"https:\/\/franciscanos.org.br\/noticias\/wp-json\/wp\/v2\/tags?post=121619"}],"curies":[{"name":"wp","href":"https:\/\/api.w.org\/{rel}","templated":true}]}}