{"id":121459,"date":"2016-12-01T11:13:30","date_gmt":"2016-12-01T13:13:30","guid":{"rendered":"http:\/\/franciscanos.org.br\/?p=121459"},"modified":"2019-01-18T16:56:51","modified_gmt":"2019-01-18T18:56:51","slug":"lancamentos-da-semana-23","status":"publish","type":"post","link":"https:\/\/franciscanos.org.br\/noticias\/lancamentos-da-semana-23.html","title":{"rendered":"Lan\u00e7amentos da semana"},"content":{"rendered":"<h3><strong><a href=\"http:\/\/franciscanos.org.br\/wp-content\/uploads\/2016\/12\/imitacao-de-cristo.jpg\"><img loading=\"lazy\" class=\"alignleft size-full wp-image-121464\" src=\"http:\/\/franciscanos.org.br\/wp-content\/uploads\/2016\/12\/imitacao-de-cristo.jpg\" alt=\"imitacao-de-cristo\" width=\"200\" height=\"312\" \/><\/a>Imita\u00e7\u00e3o de Cristo e seguimento de Jesus<\/strong><\/h3>\n<p><strong>Tom\u00e1s de Kempis <\/strong>e<strong> Leonardo Boff<\/strong><\/p>\n<p>Depois da B\u00edblia, <em>Imita\u00e7\u00e3o de Cristo<\/em> \u00e9 um dos livros mais lidos por crist\u00e3os e por seguidores de outros caminhos espirituais. Por s\u00e9culos, os leitores e leitoras abriam este livro ao l\u00e9u e meditavam as pequenas partes que comp\u00f5em cada cap\u00edtulo. Como algo que vinha do Esp\u00edrito Santo, as palavras respondiam \u00e0s buscas de orienta\u00e7\u00e3o, de consolo e de advert\u00eancia que irrompiam da leitura.<\/p>\n<p>Seu autor, Tom\u00e1s de Kempis, era c\u00f4nego da Ordem de Santo Agostinho e durante toda sua vida dedicou-se \u00e0 inicia\u00e7\u00e3o de jovens novi\u00e7os na vida espiritual. Das confer\u00eancias e dos conselhos espirituais que dispensava nasceu este pequeno livro.<\/p>\n<p>O te\u00f3logo Leonardo Boff retraduziu e atualizou a obra no contexto da piedade crist\u00e3, inspirado nos ensinamentos do Conc\u00edlio Vaticano II. E para conferir atualidade a ela, Boff acrescentou mais uma parte sob o t\u00edtulo <strong><em>Seguimento de Jesus<\/em><\/strong>. Este tema do seguimento traduz a tend\u00eancia espiritual, nascida dos estudos b\u00edblicos e vivida pelos crist\u00e3os e pelas crist\u00e3s engajados no mundo numa perspectiva de fazer valer os bens do Reino de Deus, que s\u00e3o o amor incondicional, a miseric\u00f3rdia, a fraternidade universal e a filia\u00e7\u00e3o divina oferecida a todos.<\/p>\n<p>Este novo cap\u00edtulo foi elaborado utilizando a vis\u00e3o moderna do universo, da vida e do ser humano, com os dados mais seguros das ci\u00eancias contempor\u00e2neas, sempre dentro do estilo e da mentalidade de Tom\u00e1s de Kempis em sua <em>Imita\u00e7\u00e3o de Cristo.<\/em> Ambas as partes se completam e permitem aos leitores e leitoras uma percep\u00e7\u00e3o mais totalizante da presen\u00e7a de Deus e de sua gra\u00e7a entre n\u00f3s.<\/p>\n<p style=\"padding-left: 30px;\"><strong>Tom\u00e1s de Kempis<\/strong> <em>nasceu no ano de 1380, em Kempen, pequeno povoado da diocese de K\u00f6ln, e seguiu, em 1931, o exemplo de seu irm\u00e3o Jo\u00e3o, tomando o h\u00e1bito dos regulares de Santo Agostinho, no Mosteiro de Santa Ana. Ordenado sacerdote em 1412, ocupou durante toda sua longa vida o cargo importante de mestre de novi\u00e7os. Faleceu em 1471, na idade avan\u00e7ada de 91 anos, legando \u00e0 posteridade, al\u00e9m dos quatro livros da Imita\u00e7\u00e3o de Cristo, muitas outras obras asc\u00e9ticas, entre as quais se destacam as seguintes: Soliloquium animae, Orationes et meditationes de Vita Christi, Vita Gerardi Magni, Chronica Montis S. Agnetis, etc.<\/em><\/p>\n<p style=\"padding-left: 30px;\"><strong>Leonardo Boff<\/strong><em> foi por mais de 20 anos professor de Teologia Sistem\u00e1tica no Instituto Franciscano de Petr\u00f3polis e posteriormente professor de \u00c9tica, Filosofia da Religi\u00e3o e de Ecologia Filos\u00f3fica na Universidade Estadual do Rio de Janeiro. Foi tamb\u00e9m professor visitante em v\u00e1rias universidades estrangeiras. Por muitos anos coordenou as publica\u00e7\u00f5es religiosas da Editora Vozes e especialmente a obra completa de C.G.Jung. \u00c9 membro da Iniciativa Internacional da Carta da Terra, da qual \u00e9 um dos co-redatores. Em 2002 foi galardoado pelo Parlamento sueco com o Pr\u00eamio Nobel Alternativo da Paz por associar ecologia com justi\u00e7a social e espiritualidade. \u00c9 autor de quase cem livros, na sua maioria pela Editora Vozes.<\/em><\/p>\n<p><strong>N\u00ba DE P\u00c1GINAS<\/strong><strong>: 304<\/strong><\/p>\n<p>&nbsp;<\/p>\n<h3><strong><a href=\"http:\/\/franciscanos.org.br\/wp-content\/uploads\/2016\/12\/o-grande-livro.jpg\"><img loading=\"lazy\" class=\"alignleft size-full wp-image-121465\" src=\"http:\/\/franciscanos.org.br\/wp-content\/uploads\/2016\/12\/o-grande-livro.jpg\" alt=\"o-grande-livro\" width=\"200\" height=\"305\" \/><\/a>O grande livro do Ho\u2019oponopono<br \/>\n<\/strong><strong>Sabedoria havaiana de cura<\/strong><\/h3>\n<p><strong>Jean Graciet<\/strong>,<strong> Dr. Luc Bodin <\/strong>e<strong> Nathalie Bodin<\/strong><\/p>\n<p><strong>\u201cArte\u201d<\/strong> ancestral havaiana, o Ho\u2019oponopono permite apagar em voc\u00ea as mem\u00f3rias e programas inconscientes que o perturbam, o que lhe traz paz interior e harmonia na vida. Quando um acontecimento desagrad\u00e1vel ocorrer, pratique o Ho\u2019oponopono.<\/p>\n<p><strong>O processo se d\u00e1 em cinco etapas:<\/strong><\/p>\n<p><strong>&#8211; Eu sou 100% criador <\/strong>de tudo o que acontece na minha vida. Esta conscientiza\u00e7\u00e3o \u00e9 um momento essencial: s\u00e3o somente voc\u00ea e os seus pensamentos que criam todos os acontecimentos que surgem na sua vida. Os outros n\u00e3o t\u00eam nada a ver com isto. Se voc\u00ea corrigir os seus pensamentos, poder\u00e1 ent\u00e3o mudar a sua realidade!<\/p>\n<p><strong>&#8211; Sinto muito<\/strong>, porque eu ignorava que esta mem\u00f3ria estava em mim. Sinto muito tamb\u00e9m pelo que ela p\u00f4de causar de desagrad\u00e1vel.<\/p>\n<p><strong>&#8211; Perd\u00e3o<\/strong>, porque eu ignorava ser o autor do acontecimento em quest\u00e3o. O perd\u00e3o libera do passado e proporciona paz.<\/p>\n<p><strong>&#8211; Obrigado<\/strong> a este acontecimento, que me fez tomar consci\u00eancia desta mem\u00f3ria perturbadora e me deu a oportunidade de limp\u00e1-la.<\/p>\n<p><strong>&#8211; Eu te amo<\/strong>, eu amo todos voc\u00eas, os outros, a vida, as mem\u00f3rias e a mim mesmo.<\/p>\n<p>Gra\u00e7as ao Ho\u2019oponopono voc\u00ea n\u00e3o buscar\u00e1 mais mudar os outros e o mundo exterior, mas ver\u00e1 o que precisa ser curado dentro de si mesmo. Voc\u00ea ficar\u00e1 ent\u00e3o em paz, e a inspira\u00e7\u00e3o vir\u00e1 sussurrar no seu ouvido a melhor solu\u00e7\u00e3o para resolver o conflito!<\/p>\n<p style=\"padding-left: 30px;\"><strong>Jean Graciet<\/strong><em> \u00e9 praticante de PNL e hipnose ericksoniana, al\u00e9m de especialista em pesquisa do sentido dos sintomas e das doen\u00e7as. Ele dirige confer\u00eancias e workshops sobre os temas do relacionamento, da evolu\u00e7\u00e3o individual e do despertar das consci\u00eancias.<\/em><\/p>\n<p style=\"padding-left: 30px;\"><strong>Luc Bodin<\/strong><em> \u00e9 doutor em medicina, formado em oncologia cl\u00ednica e especializado em medicinas naturais. Ele \u00e9 conselheiro cient\u00edfico junto a v\u00e1rias revistas de sa\u00fade e autor de muitos livros de sucesso voltados para o p\u00fablico em geral a respeito de suas \u00e1reas de compet\u00eancia, tais como c\u00e2ncer, doen\u00e7a de Alzheimer, fibromialgia, fadiga cr\u00f4nica.<\/em><\/p>\n<p style=\"padding-left: 30px;\"><strong>Nathalie Bodin<\/strong><em> \u00e9 consultora em feng shui. Fascinada pelo mundo energ\u00e9tico, ela se formou em diferentes pr\u00e1ticas e continuou suas pesquisas com o estudo da psicogenealogia, da l\u00edngua dos p\u00e1ssaros e das t\u00e9cnicas de purifica\u00e7\u00e3o do espa\u00e7o.<\/em><\/p>\n<p><strong>N\u00ba DE P\u00c1GINAS<\/strong><strong>: 160<\/strong><\/p>\n<p>&nbsp;<\/p>\n<h3><strong><a href=\"http:\/\/franciscanos.org.br\/wp-content\/uploads\/2016\/12\/pequena-escola.jpg\"><img loading=\"lazy\" class=\"alignleft size-full wp-image-121466\" src=\"http:\/\/franciscanos.org.br\/wp-content\/uploads\/2016\/12\/pequena-escola.jpg\" alt=\"pequena-escola\" width=\"200\" height=\"300\" \/><\/a>Pequena escola das emo\u00e7\u00f5es<br \/>\n<\/strong><strong>Como os sentimentos nos orientam e o que anima nossa vida<\/strong><\/h3>\n<p><strong>Anselm Gr\u00fcn<\/strong><\/p>\n<p>As emo\u00e7\u00f5es sempre s\u00e3o ambivalentes. Elas s\u00e3o capazes de nos dominar e paralisar ou de nos estimular a realizar alguma coisa.\u00a0 Muitas vezes n\u00e3o conseguimos entender bem as nossas emo\u00e7\u00f5es, n\u00e3o \u00e9 \u00e0 toa que falamos em \u201cmistura de sentimentos\u201d. N\u00e3o raro temos a impress\u00e3o de estar carregando um coquetel de emo\u00e7\u00f5es dentro do peito.<\/p>\n<p>Nesta obra, Anselm Gr\u00fcn ir\u00e1 examinar individualmente algumas emo\u00e7\u00f5es e mostrar\u00e1 que elas s\u00e3o uma intensa fonte de for\u00e7a. Ao ler esta obra a respeito das emo\u00e7\u00f5es voc\u00ea entrar\u00e1 em contato consigo mesmo, descobrir\u00e1 suas pr\u00f3prias emo\u00e7\u00f5es e com isso, descobrir\u00e1 a si mesmo.<\/p>\n<p>O t\u00edtulo deste livro fala numa \u201cpequena escola das emo\u00e7\u00f5es\u201d, isso pode significar que: n\u00e3o estamos \u00e0 merc\u00ea de nossos sentimentos, que podemos aprender a lidar com nossas emo\u00e7\u00f5es e que somos capazes de nos aprimorar nessa pr\u00e1tica. Do mesmo modo, em nossa vida di\u00e1ria, podemos nos exercitar a prestar aten\u00e7\u00e3o e a observar, cuidadosamente, esses sentimentos amorfos e nebulosos, a analis\u00e1-los e a fazer com eles um outro \u201ccoquetel\u201d, do qual possam ser extra\u00eddas emo\u00e7\u00f5es que\u00a0 nos\u00a0 d\u00eaem \u2013 e d\u00eaem a outros, por nosso interm\u00e9dio \u2013 uma inje\u00e7\u00e3o de vida.<\/p>\n<p style=\"padding-left: 30px;\"><strong>Anselm Gr\u00fcn OSB<\/strong><em>,<\/em><em> doutor em teologia, nascido em 1945<strong>, <\/strong>vive na Abadia de M\u00fcnsterschwarzache guia de medita\u00e7\u00e3o. Seus livros s\u00e3o divulgados pelo mundo, chegando a milh\u00f5es de c\u00f3pias vendidas. H\u00e1 d\u00e9cadas vem se dedicando a refletir e escrever sobre as quest\u00f5es fundamentais da vida, das rela\u00e7\u00f5es humanas, dos desafios que nos convidam a amadurecer e abrir nossa alma para encontrar sua verdadeira natureza e perceber Deus nas coisas aparentemente simples. Inspira-se na tradi\u00e7\u00e3o mon\u00e1stica e crist\u00e3, e recorre tamb\u00e9m \u00e0 psicologia e \u00e0s demais ci\u00eancias para ajudar as pessoas a compreender melhor sua vida e diminuir a complexidade dos problemas que a vida moderna nos imp\u00f5e enfrentar. Tem a habilidade de falar com clareza, e expressar aquilo que muito n\u00e3o conseguem formular em palavras. \u00c9 autor de dezenas de obras publicadas no Brasil pela Editora Vozes.<\/em><\/p>\n<p><strong>\u00a0<\/strong><strong>N\u00ba DE P\u00c1GINAS: 248<\/strong><\/p>\n<p>&nbsp;<\/p>\n<h3>\u00a0<a href=\"http:\/\/franciscanos.org.br\/wp-content\/uploads\/2016\/12\/101-jogos.jpg\"><img loading=\"lazy\" class=\"alignleft size-full wp-image-121467\" src=\"http:\/\/franciscanos.org.br\/wp-content\/uploads\/2016\/12\/101-jogos.jpg\" alt=\"101-jogos\" width=\"200\" height=\"287\" \/><\/a><strong>101 jogos para motricidade limitada e espa\u00e7os reduzidos<\/strong><\/h3>\n<p><strong>Juan Jos\u00e9 Jurado Soto<\/strong> e<strong> Manuel L\u00f3pez de la Nieta Moreno<\/strong><\/p>\n<p>Este livro apresenta uma caracter\u00edstica dupla. Por um lado, n\u00e3o exige grande motricidade por parte de seus participantes, o que permite, em muitos casos, que as brincadeiras possam ser praticadas por pessoas com motricidade limitada. E, por outro, podem ser realizadas em espa\u00e7os reduzidos, alguns at\u00e9 mesmo na sala de aula, no \u00f4nibus escolar, numa sala de espera etc.<\/p>\n<p>Os jogos aqui apresentados necessitam de certa tranquilidade, sendo, por isso, interessante serem praticados em momentos em que se busque produzir serenidade como, por exemplo, depois de um dia agitado ou nervosismo causado por um acontecimento especial.<\/p>\n<p>O livro \u00e9 dirigido fundamentalmente a professores de Educa\u00e7\u00e3o F\u00edsica, monitores e educadores, mas pode ser \u00fatil tamb\u00e9m a pessoas que precisam exercitar-se mentalmente ou realizar movimentos de baixa intensidade.<\/p>\n<p style=\"padding-left: 30px;\"><strong>Juan Jos\u00e9 Jurado Soto <\/strong><em>\u00e9 professor de Ensino Fundamental e licenciado em Psicopedagogia.<\/em><\/p>\n<p style=\"padding-left: 30px;\"><strong>Manuel L\u00f3pez de la Nieta Moreno<\/strong><em> \u00e9 professor de Ensino Fundamental e licenciado em Educa\u00e7\u00e3o F\u00edsica.<\/em><\/p>\n<p><strong>N\u00ba DE P\u00c1GINAS<\/strong><strong>: 216<\/strong><\/p>\n<p><em>\u00a0<\/em><\/p>\n<h3><strong><a href=\"http:\/\/franciscanos.org.br\/wp-content\/uploads\/2016\/12\/culturas-infantis.jpg\"><img loading=\"lazy\" class=\"alignleft size-full wp-image-121468\" src=\"http:\/\/franciscanos.org.br\/wp-content\/uploads\/2016\/12\/culturas-infantis.jpg\" alt=\"culturas-infantis\" width=\"200\" height=\"288\" \/><\/a>Culturas infantis e desigualdades<\/strong><\/h3>\n<p><strong>Deise Arenhart<\/strong><\/p>\n<p>Como crian\u00e7as que vivenciam diferentes contextos socioespacias produzem suas culturas? Como essas s\u00e3o atravessadas pelas dimens\u00f5es geracionais e pelas condi\u00e7\u00f5es socioecon\u00f4micas? S\u00e3o com essas perguntas, e outras que acabam por emergir no campo de pesquisa que Deise Arenhart se dirige a dois espa\u00e7os de Educa\u00e7\u00e3o Infantil, situados em locais diferenciados em um grande centro urbano brasileiro e, nesses lugares, encontra crian\u00e7as oriundas de diferentes estratos econ\u00f4micos. Utilizando estrat\u00e9gias de natureza etnogr\u00e1fica, pautada em observa\u00e7\u00f5es, notas registradas em di\u00e1rios de campo, imagens fotogr\u00e1ficas, entrevistas e preenchimento de question\u00e1rio, busca dialogar com as experi\u00eancias cotidianas das crian\u00e7as e das demais pessoas que fazem parte desse processo de ser, estar e se fazer no mundo.<\/p>\n<p>O texto aqui apresentado, oriundo dessa pesquisa, \u00e9 uma contribui\u00e7\u00e3o significativa para o campo de Estudos da Inf\u00e2ncia, uma vez que, ao colocar em conversas construtos da Sociologia da Inf\u00e2ncia, da Geografia da Inf\u00e2ncia, da Sociologia da Educa\u00e7\u00e3o, entre outros, traz \u00e0 tona o tema geracional e de classe social em suas interfaces com as inf\u00e2ncias que se forjam nas rotinas desses locais. Para isso, duas categorias foram consideradas: o corpo e o brincar.\u00a0 E, a partir dessas, muitas outras conversas s\u00e3o tecidas e nos revelam experi\u00eancias densamente vividas pelas crian\u00e7as, situadas nas fronteiras e limites de seus espa\u00e7os e tempos.<\/p>\n<p style=\"padding-left: 30px;\"><strong>Deise Arenhart<\/strong> <em>nasceu em S\u00e3o Jos\u00e9 do Cedro\/SC. Graduou-se em Educa\u00e7\u00e3o F\u00edsica e realizou mestrado em Educa\u00e7\u00e3o na Universidade Federal de Santa Catarina\/UFSC. \u00c9 doutora em Educa\u00e7\u00e3o pela Universidade Federal Fluminense e professora adjunta da Faculdade de Educa\u00e7\u00e3o da UFRJ, onde atua no campo da educa\u00e7\u00e3o infantil.\u00a0 \u00c9 autora do livro Inf\u00e2ncia, Educa\u00e7\u00e3o e MST: quando as crian\u00e7as ocupam a cena(Editora Argos, 2007) e de diversos artigos relacionados \u00e0 inf\u00e2ncia, cultura e educa\u00e7\u00e3o.<\/em><\/p>\n<p><strong>N\u00ba DE P\u00c1GINAS<\/strong><strong>: 208<\/strong><\/p>\n<p>&nbsp;<\/p>\n<h3><strong><a href=\"http:\/\/franciscanos.org.br\/wp-content\/uploads\/2016\/12\/depressao.jpg\"><img loading=\"lazy\" class=\"alignleft size-full wp-image-121469\" src=\"http:\/\/franciscanos.org.br\/wp-content\/uploads\/2016\/12\/depressao.jpg\" alt=\"depressao\" width=\"200\" height=\"287\" \/><\/a>Depress\u00e3o-Doen\u00e7a<br \/>\n<\/strong><strong>O grande mal do s\u00e9culo XXI<\/strong><\/h3>\n<p><strong>Carlos Vieira<\/strong><\/p>\n<p>O assunto tratado neste livro \u00e9 uma intensa batalha que se trava hoje em dia para se tratar e prevenir um sofrimento que atinge um grande n\u00famero de pessoas: a <strong>depress\u00e3o<\/strong>. De acordo com a mais recente e moderna conceitua\u00e7\u00e3o atualmente em uso na Psiquiatria, o autor Dr. Carlos Vieira qualifica a depress\u00e3o como uma verdadeira doen\u00e7a, a Depress\u00e3o-Doen\u00e7a.O livro tem tr\u00eas objetivos principais: melhorar o n\u00edvel de informa\u00e7\u00e3o do leitor acerca da Depress\u00e3o-Doen\u00e7a; ajudar o leitor a melhor compreender os mecanismos depressivos e explicar, minuciosamente, como \u00e9 um tratamento ideal para esta doen\u00e7a.<\/p>\n<p style=\"padding-left: 30px;\"><strong>Dr. Carlos Vieira<\/strong><em> \u00e9 neuropsiquiatra, emembro titular da Associa\u00e7\u00e3o Brasileira de Psiquiatria, da Sociedade Brasileira de Neurocirurgia, da Sociedade de Neuropsiquiatria de Minas Gerais e dirigente do INEUPS (Instituto de Neuropsiquiatria e Sa\u00fade Mental).<\/em><\/p>\n<p><strong>N\u00ba DE P\u00c1GINAS<\/strong><strong>: 480<\/strong><\/p>\n<p><strong>\u00a0<\/strong><\/p>\n<h3><strong><a href=\"http:\/\/franciscanos.org.br\/wp-content\/uploads\/2016\/12\/martires-confessores.jpg\"><img loading=\"lazy\" class=\"alignleft size-full wp-image-121470\" src=\"http:\/\/franciscanos.org.br\/wp-content\/uploads\/2016\/12\/martires-confessores.jpg\" alt=\"martires-confessores\" width=\"200\" height=\"305\" \/><\/a>M\u00e1rtires, confessores e virgens<br \/>\n<\/strong><strong>O culto aos santos do Ocidente Medieval<\/strong><\/h3>\n<p><strong>Andr\u00e9ia C.L. Fraz\u00e3o da Silva<\/strong> e<strong> Leila Rodrigues da Silva (orgs.)<\/strong><\/p>\n<p>O culto aos santos foi iniciado ainda na Igreja antiga, por\u00e9m, foi na Idade M\u00e9dia, com a expans\u00e3o do cristianismo, que as manifesta\u00e7\u00f5es de devo\u00e7\u00e3o a pessoas consideradas dignas de rever\u00eancia especial por suas virtudes se difundiram.<\/p>\n<p>Neste sentido, no decorrer do Medievo, a devo\u00e7\u00e3o aos santos sofreu diversas transforma\u00e7\u00f5es e se constituiu como um fen\u00f4meno din\u00e2mico, vinculando-se a v\u00e1rias dimens\u00f5es do social, como aspectos de ordem econ\u00f4mica e pol\u00edtica, al\u00e9m do pr\u00f3prio universo religioso.\u00a0 Ao longo do per\u00edodo, o reconhecimento da santidade foi, por um lado, alvo de disputas e normaliza\u00e7\u00f5es, e, por outro, inspirou diferentes demonstra\u00e7\u00f5es de f\u00e9 dos fi\u00e9is e express\u00f5es art\u00edsticas e liter\u00e1rias.<\/p>\n<p>No presente livro os organizadores reuniram textos que focam aspectos particulares da santidade, sem a pretens\u00e3o de esgotar as reflex\u00f5es. O objetivo, sobretudo, \u00e9 introduzir o leitor \u00e0 complexidade do tema, motivando-o a prosseguir no estudo do culto aos santos.<\/p>\n<p><strong>N\u00ba DE P\u00c1GINAS<\/strong><strong>: 200<\/strong><\/p>\n<p>&nbsp;<\/p>\n<h3><strong><a href=\"http:\/\/franciscanos.org.br\/wp-content\/uploads\/2016\/12\/silencio.jpg\"><img loading=\"lazy\" class=\"alignleft size-full wp-image-121471\" src=\"http:\/\/franciscanos.org.br\/wp-content\/uploads\/2016\/12\/silencio.jpg\" alt=\"silencio\" width=\"200\" height=\"307\" \/><\/a>Sil\u00eancio interior<br \/>\n<\/strong><strong>A chave para encontrar o equil\u00edbrio e a espiritualidade<\/strong><\/h3>\n<p><strong>Graham Turner<\/strong><\/p>\n<p>O sil\u00eancio n\u00e3o parece, definitivamente, ser considerado um bem valioso em nossa cultura. Em toda parte somos bombardeados por barulho de toda esp\u00e9cie: som alto, buzinas, gritaria e ru\u00eddos.\u00a0 Algumas pessoas se acostumaram a ele de tal modo que o sil\u00eancio lhes causa t\u00e9dio e mal-estar, e procuram evit\u00e1-lo em seu dia a dia.<\/p>\n<p>Somos bombardeados n\u00e3o s\u00f3 por sons, mas tamb\u00e9m por imagens e apelos visuais diversos, de modo que nossa mente se encontra sempre ocupada com os est\u00edmulos exteriores. Mas quais as consequ\u00eancias de tamanha exposi\u00e7\u00e3o \u00e0 agita\u00e7\u00e3o e ao <em>frenesi<\/em> do mundo exterior para nossa alma e nossa paz interior? \u00c9 poss\u00edvel encontrar-se e cultivar um espa\u00e7o interior sereno para nos relacionarmos conosco mesmos e com os outros de forma saud\u00e1vel e verdadeira? \u00c9 poss\u00edvel encontrar espa\u00e7o em nosso interior para tomarmos as decis\u00f5es que precisamos tomar e encontrarmos as respostas aos problemas e questionamentos sobre o sentido de nossa vida?<\/p>\n<p>Na presente obra o autor realiza uma viagem de conhecimento de diversas culturas e tradi\u00e7\u00f5es religiosas, buscando experimentar as formas de cultivo do sil\u00eancio, e nos oferece um relato profundo e detalhado sobre como muitas pessoas, individualmente ou em grupos e comunidades, vivem o sil\u00eancio e encontraram maneiras de cultiv\u00e1-lo e, sobretudo, quais os benef\u00edcios desta op\u00e7\u00e3o para sua vida.<\/p>\n<p>Trata-se do relato de uma experi\u00eancia profunda e interessante sobre as riquezas que podem ser encontradas no interior do sil\u00eancio, assim como no sil\u00eancio interior de cada um de n\u00f3s.<\/p>\n<p style=\"padding-left: 30px;\"><strong>Graham Turner<\/strong><em> \u00e9 um jornalista premiado ingl\u00eas, trabalhou para os jornais brit\u00e2nicos The Scotsman e The Sunday Times. Foi o primeiro correspondente de economia para a BBC de Londres. Trabalhou para o The Daily Telegraph e para o The SundayTelegraph, escrevendo importantes reportagens que tiveram consider\u00e1vel influ\u00eancia nacional. Mora atualmente Turner em Oxford, Inglaterra.<\/em><\/p>\n<p><strong>N\u00ba DE P\u00c1GINAS<\/strong><strong>: 248<\/strong><\/p>\n<p>&nbsp;<\/p>\n<p><strong><a href=\"http:\/\/franciscanos.org.br\/wp-content\/uploads\/2016\/12\/ensinando-magica.jpg\"><img loading=\"lazy\" class=\"alignleft size-full wp-image-121472\" src=\"http:\/\/franciscanos.org.br\/wp-content\/uploads\/2016\/12\/ensinando-magica.jpg\" alt=\"ensinando-magica\" width=\"200\" height=\"306\" \/><\/a>Ensinando com m\u00e1gica<br \/>\n<\/strong><strong>O ilusionismo como recurso did\u00e1tico<\/strong><\/p>\n<p><strong>Xuxo Ruiz Dom\u00ednguez<\/strong><\/p>\n<p><em>Ensinando com M\u00e1gica<\/em> \u00e9 um livro cheio de recursos inovadores e m\u00e1gicos que favorecem a atualiza\u00e7\u00e3o e a forma\u00e7\u00e3o permanente dos profissionais da educa\u00e7\u00e3o.<\/p>\n<p>Ao longo da obra, os professores encontrar\u00e3o t\u00e9cnicas para ensinar divertindo, surpreender e cativar os alunos. Aprender\u00e3o a aplicar a m\u00e1gica para educar, para motivar, para melhorar as rela\u00e7\u00f5es com os colegas e entre alunos e professores, para melhorar o comportamento de turmas inteiras, para desenvolver a criatividade e o pensamento cr\u00edtico das crian\u00e7as.<\/p>\n<p>\u00c9 um uso diferente, alternativo e motivador da m\u00e1gica, tanto para os alunos quanto para os professores. \u00c9 uma obra que ir\u00e1 fornecer os recursos necess\u00e1rios para tornar a aprendizagem mais \u201ccolorida\u201d.<\/p>\n<p style=\"padding-left: 30px;\"><strong>Xuxo Ruiz Dom\u00ednguez<\/strong><em>, que apresenta nos palcos \u201cA m\u00e1gica de Xuxo\u201d, trabalha h\u00e1 muitos anos como professor, al\u00e9m de m\u00e1gico, e neste livro re\u00fane suas experi\u00eancias em ambas as facetas profissionais. Como experto em M\u00e1gica Educativa, ministrou numerosos cursos a profissionais da educa\u00e7\u00e3o sobre o uso did\u00e1tico-pedag\u00f3gico da m\u00e1gica<\/em><\/p>\n<p><strong>N\u00ba DE P\u00c1GINAS: 248<\/strong><\/p>\n","protected":false},"excerpt":{"rendered":"<p>Editora Vozes<\/p>\n","protected":false},"author":1,"featured_media":194592,"comment_status":"open","ping_status":"open","sticky":false,"template":"","format":"standard","meta":[],"categories":[1],"tags":[238],"acf":[],"yoast_head":"<!-- This site is optimized with the Yoast SEO plugin v19.2 - https:\/\/yoast.com\/wordpress\/plugins\/seo\/ -->\n<title>Lan\u00e7amentos da semana - Not\u00edcias - Franciscanos<\/title>\n<meta name=\"robots\" content=\"index, follow, max-snippet:-1, max-image-preview:large, max-video-preview:-1\" \/>\n<link rel=\"canonical\" href=\"https:\/\/franciscanos.org.br\/noticias\/lancamentos-da-semana-23.html\" \/>\n<meta property=\"og:locale\" content=\"pt_BR\" \/>\n<meta property=\"og:type\" content=\"article\" \/>\n<meta property=\"og:title\" content=\"Lan\u00e7amentos da semana - Not\u00edcias - Franciscanos\" \/>\n<meta property=\"og:description\" content=\"Editora Vozes\" \/>\n<meta property=\"og:url\" content=\"https:\/\/franciscanos.org.br\/noticias\/lancamentos-da-semana-23.html\" \/>\n<meta property=\"og:site_name\" content=\"Not\u00edcias - Franciscanos\" \/>\n<meta property=\"article:published_time\" content=\"2016-12-01T13:13:30+00:00\" \/>\n<meta property=\"article:modified_time\" content=\"2019-01-18T18:56:51+00:00\" \/>\n<meta property=\"og:image\" content=\"https:\/\/franciscanos.org.br\/noticias\/wp-content\/uploads\/2017\/11\/vozes.png\" \/>\n\t<meta property=\"og:image:width\" content=\"273\" \/>\n\t<meta property=\"og:image:height\" content=\"181\" \/>\n\t<meta property=\"og:image:type\" content=\"image\/png\" \/>\n<meta name=\"author\" content=\"admin\" \/>\n<meta name=\"twitter:card\" content=\"summary_large_image\" \/>\n<meta name=\"twitter:label1\" content=\"Escrito por\" \/>\n\t<meta name=\"twitter:data1\" content=\"admin\" \/>\n\t<meta name=\"twitter:label2\" content=\"Est. tempo de leitura\" \/>\n\t<meta name=\"twitter:data2\" content=\"14 minutos\" \/>\n<script type=\"application\/ld+json\" class=\"yoast-schema-graph\">{\"@context\":\"https:\/\/schema.org\",\"@graph\":[{\"@type\":\"WebSite\",\"@id\":\"https:\/\/franciscanos.org.br\/noticias\/#website\",\"url\":\"https:\/\/franciscanos.org.br\/noticias\/\",\"name\":\"Not\u00edcias - Franciscanos\",\"description\":\"Prov\u00edncia Franciscana da Imaculada Concei\u00e7\u00e3o do Brasil - Ordem dos Frades Menores - OFM\",\"potentialAction\":[{\"@type\":\"SearchAction\",\"target\":{\"@type\":\"EntryPoint\",\"urlTemplate\":\"https:\/\/franciscanos.org.br\/noticias\/?s={search_term_string}\"},\"query-input\":\"required name=search_term_string\"}],\"inLanguage\":\"pt-BR\"},{\"@type\":\"ImageObject\",\"inLanguage\":\"pt-BR\",\"@id\":\"https:\/\/franciscanos.org.br\/noticias\/lancamentos-da-semana-23.html#primaryimage\",\"url\":\"https:\/\/franciscanos.org.br\/noticias\/wp-content\/uploads\/2017\/11\/vozes.png\",\"contentUrl\":\"https:\/\/franciscanos.org.br\/noticias\/wp-content\/uploads\/2017\/11\/vozes.png\",\"width\":273,\"height\":181},{\"@type\":\"WebPage\",\"@id\":\"https:\/\/franciscanos.org.br\/noticias\/lancamentos-da-semana-23.html#webpage\",\"url\":\"https:\/\/franciscanos.org.br\/noticias\/lancamentos-da-semana-23.html\",\"name\":\"Lan\u00e7amentos da semana - Not\u00edcias - Franciscanos\",\"isPartOf\":{\"@id\":\"https:\/\/franciscanos.org.br\/noticias\/#website\"},\"primaryImageOfPage\":{\"@id\":\"https:\/\/franciscanos.org.br\/noticias\/lancamentos-da-semana-23.html#primaryimage\"},\"datePublished\":\"2016-12-01T13:13:30+00:00\",\"dateModified\":\"2019-01-18T18:56:51+00:00\",\"author\":{\"@id\":\"https:\/\/franciscanos.org.br\/noticias\/#\/schema\/person\/b38fbf43118f02820bd932f2e4b14ad3\"},\"breadcrumb\":{\"@id\":\"https:\/\/franciscanos.org.br\/noticias\/lancamentos-da-semana-23.html#breadcrumb\"},\"inLanguage\":\"pt-BR\",\"potentialAction\":[{\"@type\":\"ReadAction\",\"target\":[\"https:\/\/franciscanos.org.br\/noticias\/lancamentos-da-semana-23.html\"]}]},{\"@type\":\"BreadcrumbList\",\"@id\":\"https:\/\/franciscanos.org.br\/noticias\/lancamentos-da-semana-23.html#breadcrumb\",\"itemListElement\":[{\"@type\":\"ListItem\",\"position\":1,\"name\":\"Home\",\"item\":\"https:\/\/franciscanos.org.br\/noticias\"},{\"@type\":\"ListItem\",\"position\":2,\"name\":\"Lan\u00e7amentos da semana\"}]},{\"@type\":\"Person\",\"@id\":\"https:\/\/franciscanos.org.br\/noticias\/#\/schema\/person\/b38fbf43118f02820bd932f2e4b14ad3\",\"name\":\"admin\",\"image\":{\"@type\":\"ImageObject\",\"inLanguage\":\"pt-BR\",\"@id\":\"https:\/\/franciscanos.org.br\/noticias\/#\/schema\/person\/image\/\",\"url\":\"https:\/\/secure.gravatar.com\/avatar\/e8495742d34d0ba6448ea1c628263b3e?s=96&d=mm&r=g\",\"contentUrl\":\"https:\/\/secure.gravatar.com\/avatar\/e8495742d34d0ba6448ea1c628263b3e?s=96&d=mm&r=g\",\"caption\":\"admin\"},\"url\":\"https:\/\/franciscanos.org.br\/noticias\/author\/admin\"}]}<\/script>\n<!-- \/ Yoast SEO plugin. -->","yoast_head_json":{"title":"Lan\u00e7amentos da semana - Not\u00edcias - Franciscanos","robots":{"index":"index","follow":"follow","max-snippet":"max-snippet:-1","max-image-preview":"max-image-preview:large","max-video-preview":"max-video-preview:-1"},"canonical":"https:\/\/franciscanos.org.br\/noticias\/lancamentos-da-semana-23.html","og_locale":"pt_BR","og_type":"article","og_title":"Lan\u00e7amentos da semana - Not\u00edcias - Franciscanos","og_description":"Editora Vozes","og_url":"https:\/\/franciscanos.org.br\/noticias\/lancamentos-da-semana-23.html","og_site_name":"Not\u00edcias - Franciscanos","article_published_time":"2016-12-01T13:13:30+00:00","article_modified_time":"2019-01-18T18:56:51+00:00","og_image":[{"width":273,"height":181,"url":"https:\/\/franciscanos.org.br\/noticias\/wp-content\/uploads\/2017\/11\/vozes.png","type":"image\/png"}],"author":"admin","twitter_card":"summary_large_image","twitter_misc":{"Escrito por":"admin","Est. tempo de leitura":"14 minutos"},"schema":{"@context":"https:\/\/schema.org","@graph":[{"@type":"WebSite","@id":"https:\/\/franciscanos.org.br\/noticias\/#website","url":"https:\/\/franciscanos.org.br\/noticias\/","name":"Not\u00edcias - Franciscanos","description":"Prov\u00edncia Franciscana da Imaculada Concei\u00e7\u00e3o do Brasil - Ordem dos Frades Menores - OFM","potentialAction":[{"@type":"SearchAction","target":{"@type":"EntryPoint","urlTemplate":"https:\/\/franciscanos.org.br\/noticias\/?s={search_term_string}"},"query-input":"required name=search_term_string"}],"inLanguage":"pt-BR"},{"@type":"ImageObject","inLanguage":"pt-BR","@id":"https:\/\/franciscanos.org.br\/noticias\/lancamentos-da-semana-23.html#primaryimage","url":"https:\/\/franciscanos.org.br\/noticias\/wp-content\/uploads\/2017\/11\/vozes.png","contentUrl":"https:\/\/franciscanos.org.br\/noticias\/wp-content\/uploads\/2017\/11\/vozes.png","width":273,"height":181},{"@type":"WebPage","@id":"https:\/\/franciscanos.org.br\/noticias\/lancamentos-da-semana-23.html#webpage","url":"https:\/\/franciscanos.org.br\/noticias\/lancamentos-da-semana-23.html","name":"Lan\u00e7amentos da semana - Not\u00edcias - Franciscanos","isPartOf":{"@id":"https:\/\/franciscanos.org.br\/noticias\/#website"},"primaryImageOfPage":{"@id":"https:\/\/franciscanos.org.br\/noticias\/lancamentos-da-semana-23.html#primaryimage"},"datePublished":"2016-12-01T13:13:30+00:00","dateModified":"2019-01-18T18:56:51+00:00","author":{"@id":"https:\/\/franciscanos.org.br\/noticias\/#\/schema\/person\/b38fbf43118f02820bd932f2e4b14ad3"},"breadcrumb":{"@id":"https:\/\/franciscanos.org.br\/noticias\/lancamentos-da-semana-23.html#breadcrumb"},"inLanguage":"pt-BR","potentialAction":[{"@type":"ReadAction","target":["https:\/\/franciscanos.org.br\/noticias\/lancamentos-da-semana-23.html"]}]},{"@type":"BreadcrumbList","@id":"https:\/\/franciscanos.org.br\/noticias\/lancamentos-da-semana-23.html#breadcrumb","itemListElement":[{"@type":"ListItem","position":1,"name":"Home","item":"https:\/\/franciscanos.org.br\/noticias"},{"@type":"ListItem","position":2,"name":"Lan\u00e7amentos da semana"}]},{"@type":"Person","@id":"https:\/\/franciscanos.org.br\/noticias\/#\/schema\/person\/b38fbf43118f02820bd932f2e4b14ad3","name":"admin","image":{"@type":"ImageObject","inLanguage":"pt-BR","@id":"https:\/\/franciscanos.org.br\/noticias\/#\/schema\/person\/image\/","url":"https:\/\/secure.gravatar.com\/avatar\/e8495742d34d0ba6448ea1c628263b3e?s=96&d=mm&r=g","contentUrl":"https:\/\/secure.gravatar.com\/avatar\/e8495742d34d0ba6448ea1c628263b3e?s=96&d=mm&r=g","caption":"admin"},"url":"https:\/\/franciscanos.org.br\/noticias\/author\/admin"}]}},"_links":{"self":[{"href":"https:\/\/franciscanos.org.br\/noticias\/wp-json\/wp\/v2\/posts\/121459"}],"collection":[{"href":"https:\/\/franciscanos.org.br\/noticias\/wp-json\/wp\/v2\/posts"}],"about":[{"href":"https:\/\/franciscanos.org.br\/noticias\/wp-json\/wp\/v2\/types\/post"}],"author":[{"embeddable":true,"href":"https:\/\/franciscanos.org.br\/noticias\/wp-json\/wp\/v2\/users\/1"}],"replies":[{"embeddable":true,"href":"https:\/\/franciscanos.org.br\/noticias\/wp-json\/wp\/v2\/comments?post=121459"}],"version-history":[{"count":0,"href":"https:\/\/franciscanos.org.br\/noticias\/wp-json\/wp\/v2\/posts\/121459\/revisions"}],"wp:featuredmedia":[{"embeddable":true,"href":"https:\/\/franciscanos.org.br\/noticias\/wp-json\/wp\/v2\/media\/194592"}],"wp:attachment":[{"href":"https:\/\/franciscanos.org.br\/noticias\/wp-json\/wp\/v2\/media?parent=121459"}],"wp:term":[{"taxonomy":"category","embeddable":true,"href":"https:\/\/franciscanos.org.br\/noticias\/wp-json\/wp\/v2\/categories?post=121459"},{"taxonomy":"post_tag","embeddable":true,"href":"https:\/\/franciscanos.org.br\/noticias\/wp-json\/wp\/v2\/tags?post=121459"}],"curies":[{"name":"wp","href":"https:\/\/api.w.org\/{rel}","templated":true}]}}