{"id":121359,"date":"2016-11-30T12:50:11","date_gmt":"2016-11-30T14:50:11","guid":{"rendered":"http:\/\/franciscanos.org.br\/?p=121359"},"modified":"2020-06-09T12:37:31","modified_gmt":"2020-06-09T15:37:31","slug":"nosso-compromisso-e-devolver-a-esperanca-e-a-superar-o-estigma","status":"publish","type":"post","link":"https:\/\/franciscanos.org.br\/noticias\/nosso-compromisso-e-devolver-a-esperanca-e-a-superar-o-estigma.html","title":{"rendered":"&#8220;Nosso compromisso \u00e9 devolver esperan\u00e7a e superar o estigma&#8221;"},"content":{"rendered":"<p><img loading=\"lazy\" src=\"http:\/\/franciscanos.org.br\/wp-content\/uploads\/2016\/11\/aids_301116.jpg\" alt=\"aids_301116\" width=\"820\" height=\"431\" \/><\/p>\n<blockquote><p>Estimados irm\u00e3os da Ordem, membros do Movimento Franciscano, e amigos dos Franciscanos. O Senhor vos d\u00ea a paz!<\/p><\/blockquote>\n<p>Ao celebrarmos neste 1\u00ba de dezembro o Dia Mundial de Luta contra a Aids, fazemos mem\u00f3ria de tantas pessoas que morreram por causa desta enfermidade e renovamos nosso compromisso para p\u00f4r fim a novas infec\u00e7\u00f5es pelo HIV. Segundo o informe &#8220;A Aids em n\u00fameros\/2015&#8221;, preparado pela UNAIDS (ONU), o mundo deteve e reverteu a propaga\u00e7\u00e3o do HIV. Conseguiu-se uma redu\u00e7\u00e3o da epidemia.<\/p>\n<p>As novas infec\u00e7\u00f5es pelo v\u00edrus e as mortes relacionadas \u00e0 Aids diminu\u00edram sensivelmente desde o ponto m\u00e1ximo da epidemia. Agora, a resposta \u00e9 para dar um passo mais adiante: p\u00f4r fim \u00e0 epidemia at\u00e9 2030.<\/p>\n<p>A redu\u00e7\u00e3o da epidemia \u00e9 um sinal que alimenta nossa esperan\u00e7a. Os franciscanos e as franciscanas s\u00e3o chamados a seguir trabalhando e promovendo esfor\u00e7os que nos conduzam \u00e0 desejada meta para p\u00f4r fim \u00e0s infec\u00e7\u00f5es pelo HIV, especialmente em crian\u00e7as do nosso tempo. Para colaborar com esta causa, que une homens e mulheres de boa vontade, podemos come\u00e7ar informando-nos, para depois \u00a0promover a preven\u00e7\u00e3o, a compreens\u00e3o, a inclus\u00e3o e a empatia com os que padecem desta enfermidade.<\/p>\n<p>Na diversidade de presen\u00e7as da Ordem existem fraternidades que h\u00e1 20 anos trabalham fiel e devotamente neste campo; agrade\u00e7o-os pela sensibilidade e compromisso.<\/p>\n<p>Tamb\u00e9m quero seguir animando toda Ordem para que, juntos, ofere\u00e7amos nosso compromisso de ora\u00e7\u00e3o por todos os que foram infectados e vivem com HIV-Aids. Oremos juntos em nossas fraternidades, com nossas comunidades pastorais e com toda a fam\u00edlia franciscana.<\/p>\n<p>Tamb\u00e9m quero incentivar os irm\u00e3os a seguir oferecendo nossos servi\u00e7os atrav\u00e9s de centros de sa\u00fade e de servi\u00e7o pastoral aos enfermos e a transformar nossas fraternidades, par\u00f3quias e centros de estudos em estruturas de acolhida humana e espiritual. Nosso compromisso deve estar orientado a devolver a esperan\u00e7a e a superar o estigma e a exclus\u00e3o que, em muitas ocasi\u00f5es, \u00e9 consequ\u00eancia da ignor\u00e2ncia frente \u00e0 enfermidade.<\/p>\n<p>Nos alegramos porque o centro de acolhida Santa Clara, na Tail\u00e2ndia, neste ano foi registrado e reconhecido pelo governo como Funda\u00e7\u00e3o <em>&#8220;Pax e Bonum&#8221;.<\/em> Recordemos que este centro nasceu no ano de 1993 como uma resposta franciscana de abra\u00e7ar enfermos terminais da Aids. Os pacientes s\u00e3o homens e mulheres entre os 25 e 60 anos. O Centro Santa Clara oferece cuidado e um espa\u00e7o limpo e digno.<\/p>\n<p>Igualmente, devemos apoiar os esfor\u00e7os de planejamento na luta contra o HIV-Aids, promovida pela comunidade internacional e que busca desenvolver novas estrat\u00e9gias de compromisso, especialmente para avan\u00e7ar na preven\u00e7\u00e3o e tratamento das crian\u00e7as; devemos procurar o bem-estar das gera\u00e7\u00f5es futuras, n\u00e3o s\u00f3 no \u00e2mbito dos servi\u00e7os m\u00e9dicos, mas tamb\u00e9m como apoio espiritual, social e emocional.<\/p>\n<p>Desafia unirmo-nos \u00e0 voz e ao compromisso das comunidades religiosas e organiza\u00e7\u00f5es relacionadas com o cuidado da vida das crian\u00e7as que vivem com HIV-Aids, de seus pais e suas fam\u00edlias. Unimo-nos a eles para resistir contra o medo e as tend\u00eancias do estigma e da discrimina\u00e7\u00e3o. Unimo-nos a eles promovendo uma educa\u00e7\u00e3o sexual que ajude na preven\u00e7\u00e3o da transmiss\u00e3o da enfermidade em sintonia com a doutrina da Igreja Cat\u00f3lica e os valores franciscanos.<\/p>\n<p><strong>ORA\u00c7\u00c3O PELOS ENFERMOS DE HIV-AIDS<\/strong><\/p>\n<blockquote><p>\u00a0<em>\u00d3 Deus, Pai nosso, escuta nossa ora\u00e7\u00e3o pelos que s\u00e3o afligidos pela Aids, pelos que est\u00e3o em perigo de morte. Concede-lhes o consolo de tua presen\u00e7a; faz com que busquem o rosto e encontrem a for\u00e7a de Ti, que \u00e9s a fonte da vida.<\/em><\/p>\n<p><em>Senhor Jesus, escuta nossa ora\u00e7\u00e3o pelos que acabam de saber que est\u00e3o infectados pelo v\u00edrus HIV mas que n\u00e3o est\u00e3o todavia enfermos. Recorda-lhes que t\u00eam ainda uma vida diante deles.<\/em><\/p>\n<p><em>Fa\u00e7a com que encontrem em Ti a Vida, o Caminho e a Verdade.<\/em><\/p>\n<p><em>Esp\u00edrito Santo de Deus, escuta as ora\u00e7\u00f5es dos que se ocupam das pessoas enfermas com a Aids. Concede-lhes a certeza da presen\u00e7a do Pai e o amor de Jesus. Concede-lhes Teu conselho e lhes d\u00ea Tua paz.<\/em><\/p>\n<p><em>Pai, te rogamos que todos escutemos teu chamado nestas circunst\u00e2ncias, um chamado de arrependimento, um chamado de ajuda aos outros. Ajuda-nos para que possamos viver de maneira respons\u00e1vel, n\u00e3o pensando somente em n\u00f3s mesmos, mas tamb\u00e9m nos que est\u00e3o ao nosso redor.<\/em><\/p>\n<p><em>Te rogamos pelos cientistas e m\u00e9dicos, para que encontrem um definitivo rem\u00e9dio para a Aids.<\/em><\/p>\n<p><em>Guia-nos para que possamos dar teu conselho aos que necessitam de ajuda. Encha nossos cora\u00e7\u00f5es de compaix\u00e3o para que os enfermos de HIV-Aids tenham a certeza de que a Igreja os ajudar\u00e1. Guia-nos para que saibamos como ajudar aos que t\u00eam necessidade.<\/em><\/p>\n<p><em>Tudo isso te pedimos porque tua miseric\u00f3rdia por n\u00f3s \u00e9 imensa.<\/em><\/p>\n<p><em>Senhor da Miseric\u00f3rdia, escuta nossa ora\u00e7\u00e3o. Am\u00e9m!<\/em><\/p><\/blockquote>\n<p>&nbsp;<\/p>\n<p><strong>Fraternalmente,<\/strong><\/p>\n<p><strong>Frei Michael A. Perry<\/strong><\/p>\n<p><strong>Ministro Geral da Ordem dos Frades Menores<\/strong><\/p>\n<p><strong>Roma, 1\u00ba de dezembro de 2016<\/strong><\/p>\n","protected":false},"excerpt":{"rendered":"<p>Mensagem do Ministro Geral para o Dia de Luta contra a Aids<\/p>\n","protected":false},"author":1,"featured_media":218953,"comment_status":"open","ping_status":"open","sticky":false,"template":"","format":"standard","meta":[],"categories":[1],"tags":[1633,184],"acf":[],"yoast_head":"<!-- This site is optimized with the Yoast SEO plugin v19.2 - https:\/\/yoast.com\/wordpress\/plugins\/seo\/ -->\n<title>&quot;Nosso compromisso \u00e9 devolver esperan\u00e7a e superar o estigma&quot; - Not\u00edcias - Franciscanos<\/title>\n<meta name=\"robots\" content=\"index, follow, max-snippet:-1, max-image-preview:large, max-video-preview:-1\" \/>\n<link rel=\"canonical\" href=\"https:\/\/franciscanos.org.br\/noticias\/nosso-compromisso-e-devolver-a-esperanca-e-a-superar-o-estigma.html\" \/>\n<meta property=\"og:locale\" content=\"pt_BR\" \/>\n<meta property=\"og:type\" content=\"article\" \/>\n<meta property=\"og:title\" content=\"&quot;Nosso compromisso \u00e9 devolver esperan\u00e7a e superar o estigma&quot; - Not\u00edcias - Franciscanos\" \/>\n<meta property=\"og:description\" content=\"Mensagem do Ministro Geral para o Dia de Luta contra a Aids\" \/>\n<meta property=\"og:url\" content=\"https:\/\/franciscanos.org.br\/noticias\/nosso-compromisso-e-devolver-a-esperanca-e-a-superar-o-estigma.html\" \/>\n<meta property=\"og:site_name\" content=\"Not\u00edcias - Franciscanos\" \/>\n<meta property=\"article:published_time\" content=\"2016-11-30T14:50:11+00:00\" \/>\n<meta property=\"article:modified_time\" content=\"2020-06-09T15:37:31+00:00\" \/>\n<meta property=\"og:image\" content=\"https:\/\/franciscanos.org.br\/noticias\/wp-content\/uploads\/2016\/11\/aids_301116.jpg\" \/>\n\t<meta property=\"og:image:width\" content=\"273\" \/>\n\t<meta property=\"og:image:height\" content=\"181\" \/>\n\t<meta property=\"og:image:type\" content=\"image\/jpeg\" \/>\n<meta name=\"author\" content=\"admin\" \/>\n<meta name=\"twitter:card\" content=\"summary_large_image\" \/>\n<meta name=\"twitter:label1\" content=\"Escrito por\" \/>\n\t<meta name=\"twitter:data1\" content=\"admin\" \/>\n\t<meta name=\"twitter:label2\" content=\"Est. tempo de leitura\" \/>\n\t<meta name=\"twitter:data2\" content=\"4 minutos\" \/>\n<script type=\"application\/ld+json\" class=\"yoast-schema-graph\">{\"@context\":\"https:\/\/schema.org\",\"@graph\":[{\"@type\":\"WebSite\",\"@id\":\"https:\/\/franciscanos.org.br\/noticias\/#website\",\"url\":\"https:\/\/franciscanos.org.br\/noticias\/\",\"name\":\"Not\u00edcias - Franciscanos\",\"description\":\"Prov\u00edncia Franciscana da Imaculada Concei\u00e7\u00e3o do Brasil - Ordem dos Frades Menores - OFM\",\"potentialAction\":[{\"@type\":\"SearchAction\",\"target\":{\"@type\":\"EntryPoint\",\"urlTemplate\":\"https:\/\/franciscanos.org.br\/noticias\/?s={search_term_string}\"},\"query-input\":\"required name=search_term_string\"}],\"inLanguage\":\"pt-BR\"},{\"@type\":\"ImageObject\",\"inLanguage\":\"pt-BR\",\"@id\":\"https:\/\/franciscanos.org.br\/noticias\/nosso-compromisso-e-devolver-a-esperanca-e-a-superar-o-estigma.html#primaryimage\",\"url\":\"https:\/\/franciscanos.org.br\/noticias\/wp-content\/uploads\/2016\/11\/aids_301116.jpg\",\"contentUrl\":\"https:\/\/franciscanos.org.br\/noticias\/wp-content\/uploads\/2016\/11\/aids_301116.jpg\",\"width\":273,\"height\":181},{\"@type\":\"WebPage\",\"@id\":\"https:\/\/franciscanos.org.br\/noticias\/nosso-compromisso-e-devolver-a-esperanca-e-a-superar-o-estigma.html#webpage\",\"url\":\"https:\/\/franciscanos.org.br\/noticias\/nosso-compromisso-e-devolver-a-esperanca-e-a-superar-o-estigma.html\",\"name\":\"\\\"Nosso compromisso \u00e9 devolver esperan\u00e7a e superar o estigma\\\" - Not\u00edcias - Franciscanos\",\"isPartOf\":{\"@id\":\"https:\/\/franciscanos.org.br\/noticias\/#website\"},\"primaryImageOfPage\":{\"@id\":\"https:\/\/franciscanos.org.br\/noticias\/nosso-compromisso-e-devolver-a-esperanca-e-a-superar-o-estigma.html#primaryimage\"},\"datePublished\":\"2016-11-30T14:50:11+00:00\",\"dateModified\":\"2020-06-09T15:37:31+00:00\",\"author\":{\"@id\":\"https:\/\/franciscanos.org.br\/noticias\/#\/schema\/person\/b38fbf43118f02820bd932f2e4b14ad3\"},\"breadcrumb\":{\"@id\":\"https:\/\/franciscanos.org.br\/noticias\/nosso-compromisso-e-devolver-a-esperanca-e-a-superar-o-estigma.html#breadcrumb\"},\"inLanguage\":\"pt-BR\",\"potentialAction\":[{\"@type\":\"ReadAction\",\"target\":[\"https:\/\/franciscanos.org.br\/noticias\/nosso-compromisso-e-devolver-a-esperanca-e-a-superar-o-estigma.html\"]}]},{\"@type\":\"BreadcrumbList\",\"@id\":\"https:\/\/franciscanos.org.br\/noticias\/nosso-compromisso-e-devolver-a-esperanca-e-a-superar-o-estigma.html#breadcrumb\",\"itemListElement\":[{\"@type\":\"ListItem\",\"position\":1,\"name\":\"Home\",\"item\":\"https:\/\/franciscanos.org.br\/noticias\"},{\"@type\":\"ListItem\",\"position\":2,\"name\":\"&#8220;Nosso compromisso \u00e9 devolver esperan\u00e7a e superar o estigma&#8221;\"}]},{\"@type\":\"Person\",\"@id\":\"https:\/\/franciscanos.org.br\/noticias\/#\/schema\/person\/b38fbf43118f02820bd932f2e4b14ad3\",\"name\":\"admin\",\"image\":{\"@type\":\"ImageObject\",\"inLanguage\":\"pt-BR\",\"@id\":\"https:\/\/franciscanos.org.br\/noticias\/#\/schema\/person\/image\/\",\"url\":\"https:\/\/secure.gravatar.com\/avatar\/e8495742d34d0ba6448ea1c628263b3e?s=96&d=mm&r=g\",\"contentUrl\":\"https:\/\/secure.gravatar.com\/avatar\/e8495742d34d0ba6448ea1c628263b3e?s=96&d=mm&r=g\",\"caption\":\"admin\"},\"url\":\"https:\/\/franciscanos.org.br\/noticias\/author\/admin\"}]}<\/script>\n<!-- \/ Yoast SEO plugin. -->","yoast_head_json":{"title":"\"Nosso compromisso \u00e9 devolver esperan\u00e7a e superar o estigma\" - Not\u00edcias - Franciscanos","robots":{"index":"index","follow":"follow","max-snippet":"max-snippet:-1","max-image-preview":"max-image-preview:large","max-video-preview":"max-video-preview:-1"},"canonical":"https:\/\/franciscanos.org.br\/noticias\/nosso-compromisso-e-devolver-a-esperanca-e-a-superar-o-estigma.html","og_locale":"pt_BR","og_type":"article","og_title":"\"Nosso compromisso \u00e9 devolver esperan\u00e7a e superar o estigma\" - Not\u00edcias - Franciscanos","og_description":"Mensagem do Ministro Geral para o Dia de Luta contra a Aids","og_url":"https:\/\/franciscanos.org.br\/noticias\/nosso-compromisso-e-devolver-a-esperanca-e-a-superar-o-estigma.html","og_site_name":"Not\u00edcias - Franciscanos","article_published_time":"2016-11-30T14:50:11+00:00","article_modified_time":"2020-06-09T15:37:31+00:00","og_image":[{"width":273,"height":181,"url":"https:\/\/franciscanos.org.br\/noticias\/wp-content\/uploads\/2016\/11\/aids_301116.jpg","type":"image\/jpeg"}],"author":"admin","twitter_card":"summary_large_image","twitter_misc":{"Escrito por":"admin","Est. tempo de leitura":"4 minutos"},"schema":{"@context":"https:\/\/schema.org","@graph":[{"@type":"WebSite","@id":"https:\/\/franciscanos.org.br\/noticias\/#website","url":"https:\/\/franciscanos.org.br\/noticias\/","name":"Not\u00edcias - Franciscanos","description":"Prov\u00edncia Franciscana da Imaculada Concei\u00e7\u00e3o do Brasil - Ordem dos Frades Menores - OFM","potentialAction":[{"@type":"SearchAction","target":{"@type":"EntryPoint","urlTemplate":"https:\/\/franciscanos.org.br\/noticias\/?s={search_term_string}"},"query-input":"required name=search_term_string"}],"inLanguage":"pt-BR"},{"@type":"ImageObject","inLanguage":"pt-BR","@id":"https:\/\/franciscanos.org.br\/noticias\/nosso-compromisso-e-devolver-a-esperanca-e-a-superar-o-estigma.html#primaryimage","url":"https:\/\/franciscanos.org.br\/noticias\/wp-content\/uploads\/2016\/11\/aids_301116.jpg","contentUrl":"https:\/\/franciscanos.org.br\/noticias\/wp-content\/uploads\/2016\/11\/aids_301116.jpg","width":273,"height":181},{"@type":"WebPage","@id":"https:\/\/franciscanos.org.br\/noticias\/nosso-compromisso-e-devolver-a-esperanca-e-a-superar-o-estigma.html#webpage","url":"https:\/\/franciscanos.org.br\/noticias\/nosso-compromisso-e-devolver-a-esperanca-e-a-superar-o-estigma.html","name":"\"Nosso compromisso \u00e9 devolver esperan\u00e7a e superar o estigma\" - Not\u00edcias - Franciscanos","isPartOf":{"@id":"https:\/\/franciscanos.org.br\/noticias\/#website"},"primaryImageOfPage":{"@id":"https:\/\/franciscanos.org.br\/noticias\/nosso-compromisso-e-devolver-a-esperanca-e-a-superar-o-estigma.html#primaryimage"},"datePublished":"2016-11-30T14:50:11+00:00","dateModified":"2020-06-09T15:37:31+00:00","author":{"@id":"https:\/\/franciscanos.org.br\/noticias\/#\/schema\/person\/b38fbf43118f02820bd932f2e4b14ad3"},"breadcrumb":{"@id":"https:\/\/franciscanos.org.br\/noticias\/nosso-compromisso-e-devolver-a-esperanca-e-a-superar-o-estigma.html#breadcrumb"},"inLanguage":"pt-BR","potentialAction":[{"@type":"ReadAction","target":["https:\/\/franciscanos.org.br\/noticias\/nosso-compromisso-e-devolver-a-esperanca-e-a-superar-o-estigma.html"]}]},{"@type":"BreadcrumbList","@id":"https:\/\/franciscanos.org.br\/noticias\/nosso-compromisso-e-devolver-a-esperanca-e-a-superar-o-estigma.html#breadcrumb","itemListElement":[{"@type":"ListItem","position":1,"name":"Home","item":"https:\/\/franciscanos.org.br\/noticias"},{"@type":"ListItem","position":2,"name":"&#8220;Nosso compromisso \u00e9 devolver esperan\u00e7a e superar o estigma&#8221;"}]},{"@type":"Person","@id":"https:\/\/franciscanos.org.br\/noticias\/#\/schema\/person\/b38fbf43118f02820bd932f2e4b14ad3","name":"admin","image":{"@type":"ImageObject","inLanguage":"pt-BR","@id":"https:\/\/franciscanos.org.br\/noticias\/#\/schema\/person\/image\/","url":"https:\/\/secure.gravatar.com\/avatar\/e8495742d34d0ba6448ea1c628263b3e?s=96&d=mm&r=g","contentUrl":"https:\/\/secure.gravatar.com\/avatar\/e8495742d34d0ba6448ea1c628263b3e?s=96&d=mm&r=g","caption":"admin"},"url":"https:\/\/franciscanos.org.br\/noticias\/author\/admin"}]}},"_links":{"self":[{"href":"https:\/\/franciscanos.org.br\/noticias\/wp-json\/wp\/v2\/posts\/121359"}],"collection":[{"href":"https:\/\/franciscanos.org.br\/noticias\/wp-json\/wp\/v2\/posts"}],"about":[{"href":"https:\/\/franciscanos.org.br\/noticias\/wp-json\/wp\/v2\/types\/post"}],"author":[{"embeddable":true,"href":"https:\/\/franciscanos.org.br\/noticias\/wp-json\/wp\/v2\/users\/1"}],"replies":[{"embeddable":true,"href":"https:\/\/franciscanos.org.br\/noticias\/wp-json\/wp\/v2\/comments?post=121359"}],"version-history":[{"count":1,"href":"https:\/\/franciscanos.org.br\/noticias\/wp-json\/wp\/v2\/posts\/121359\/revisions"}],"predecessor-version":[{"id":225523,"href":"https:\/\/franciscanos.org.br\/noticias\/wp-json\/wp\/v2\/posts\/121359\/revisions\/225523"}],"wp:featuredmedia":[{"embeddable":true,"href":"https:\/\/franciscanos.org.br\/noticias\/wp-json\/wp\/v2\/media\/218953"}],"wp:attachment":[{"href":"https:\/\/franciscanos.org.br\/noticias\/wp-json\/wp\/v2\/media?parent=121359"}],"wp:term":[{"taxonomy":"category","embeddable":true,"href":"https:\/\/franciscanos.org.br\/noticias\/wp-json\/wp\/v2\/categories?post=121359"},{"taxonomy":"post_tag","embeddable":true,"href":"https:\/\/franciscanos.org.br\/noticias\/wp-json\/wp\/v2\/tags?post=121359"}],"curies":[{"name":"wp","href":"https:\/\/api.w.org\/{rel}","templated":true}]}}