{"id":121354,"date":"2016-11-30T14:03:43","date_gmt":"2016-11-30T16:03:43","guid":{"rendered":"http:\/\/franciscanos.org.br\/?p=121354"},"modified":"2019-12-06T17:30:13","modified_gmt":"2019-12-06T20:30:13","slug":"jubilandos-no-ano-da-misericordia","status":"publish","type":"post","link":"https:\/\/franciscanos.org.br\/noticias\/jubilandos-no-ano-da-misericordia.html","title":{"rendered":"Prov\u00edncia celebra jubileus dos frades em Rondinha"},"content":{"rendered":"<h3><strong><a href=\"http:\/\/franciscanos.org.br\/wp-content\/uploads\/2016\/11\/8301.jpg\"><img loading=\"lazy\" src=\"http:\/\/franciscanos.org.br\/wp-content\/uploads\/2016\/11\/8301.jpg\" alt=\"830\" width=\"830\" height=\"445\" \/><\/a><\/strong><\/h3>\n<blockquote>\n<h4 style=\"padding-left: 30px;\"><em><strong>E fiz miseric\u00f3rdia com eles\u00a0<\/strong><strong>(Test. 1-2)<\/strong><\/em><\/h4>\n<\/blockquote>\n<p>A Fraternidade S\u00e3o Boaventura, de Rondinha, receber\u00e1 nos dias 1\u00ba e 2 de dezembro os frades que celebram seus jubileus neste ano. Neste Ano da Miseric\u00f3rdia, 30 frades celebram a\u00e7\u00e3o de gra\u00e7as pelos 25, 50, 60, 65 e 70, 71, 72, 74, 75 e 76 anos de Vida Religiosa ou Sacerdotal.<\/p>\n<p>Segundo o Ministro Provincial Frei Fid\u00eancio Vanboemmel, celebrar o jubileu \u00e9 retomar toda a caminhada vocacional para atualiz\u00e1-la no presente, em forma de a\u00e7\u00e3o de gra\u00e7as. Enfim, no dia do Jubileu, o irm\u00e3o tamb\u00e9m renova o compromisso assumido h\u00e1 25, 50, 60, 65 e 70 anos, declarando o segredo mais profundo que o animou, tanto na vida religiosa como na vida sacerdotal: \u2018Senhor, a minha vida est\u00e1 nas tuas m\u00e3os\u2019\u201d, explica Frei Fid\u00eancio, manifestando aos confrades jubilandos, \u201ca nossa gratid\u00e3o e estima, e que o Senhor os aben\u00e7oe!\u201d<\/p>\n<p>Para o Ministro, na celebra\u00e7\u00e3o dos jubileus agradecemos o dom da voca\u00e7\u00e3o de cada um desses nossos irm\u00e3os. \u201cEm primeiro lugar, sublinhamos a voca\u00e7\u00e3o \u00e0 vida religiosa franciscana. \u2018O Senhor me concedeu\u2019 viver esta forma e Regra de vida, nos ensina S\u00e3o Francisco de Assis! E nesta mesma l\u00f3gica, o Ser\u00e1fico Pai ainda nos ensina que o irm\u00e3o \u00e9 uma d\u00e1diva divina dada \u00e0 fraternidade: \u2018O Senhor me deu irm\u00e3os!\u2019 Em segundo lugar, evidenciamos a voca\u00e7\u00e3o presbiteral dos confrades que celebram seu jubileu sacerdotal. Louvamos e agradecemos a Deus pela vida sacerdotal desses irm\u00e3os porque o Senhor \u2018os honrou acima de todos, por causa desse mist\u00e9rio\u2019, nos exorta S\u00e3o Francisco\u201d, continua o Ministro Provincial.<\/p>\n<p>\u201cPara cada jubilando em particular, a celebra\u00e7\u00e3o jubilar \u00e9 uma ocasi\u00e3o singular que possibilita ao confrade fazer a releitura da sua voca\u00e7\u00e3o de frade menor ou a sua voca\u00e7\u00e3o de sacerdote do Alt\u00edssimo. Por que releitura? A releitura implica numa parada. Parada para rever, discernir e retomar o \u2018ponto de partida\u2019 da sua consagra\u00e7\u00e3o a Deus na vida religiosa ou sacerdotal\u201d, completou o Ministro.<\/p>\n<h3><strong>Conhe\u00e7a os jubilandos de nossa Prov\u00edncia:<\/strong><\/h3>\n<hr \/>\n<h4><span style=\"color: #993366;\"><strong>76 ANOS DE VIDA RELIGIOSA<\/strong><\/span><\/h4>\n<h3><strong><a href=\"http:\/\/franciscanos.org.br\/wp-content\/uploads\/2016\/11\/dom-paulo-evaristo.jpg\"><img loading=\"lazy\" class=\"alignleft wp-image-121374\" src=\"http:\/\/franciscanos.org.br\/wp-content\/uploads\/2016\/11\/dom-paulo-evaristo.jpg\" alt=\"_dom-paulo-evaristo\" width=\"75\" height=\"75\" \/><\/a>DOM PAULO EVARISTO ARNS<\/strong><\/h3>\n<p>Arcebispo Em\u00e9rito de S\u00e3o Paulo, \u00e9 natural de Forquilhinha, SC. Nasceu no dia 14 de setembro de 1921 e ingressou na Ordem dos Frades Menores no dia 9 de dezembro de 1939. Fez a profiss\u00e3o solene no dia 10 de dezembro de 1943 e foi ordenado bispo no dia 3 de julho de 1966. Tornou-se Cardeal em 5 de mar\u00e7o de 1973.<\/p>\n<hr \/>\n<h4><span style=\"color: #993366;\"><strong>75 ANOS DE VIDA RELIGIOSA<\/strong><\/span><\/h4>\n<h3><strong><a href=\"http:\/\/franciscanos.org.br\/wp-content\/uploads\/2016\/11\/joao_B_de_Araujo.jpg\"><img loading=\"lazy\" class=\"alignleft size-full wp-image-121379\" src=\"http:\/\/franciscanos.org.br\/wp-content\/uploads\/2016\/11\/joao_B_de_Araujo.jpg\" alt=\"joao_B_de_Araujo\" width=\"75\" height=\"76\" \/><\/a>FREI JO\u00c3O BATISTA A. CAMPOS<\/strong><\/h3>\n<p>\u00c9 natural de Bragan\u00e7a Paulista, S\u00e3o Paulo. Nasceu no dia 2 de setembro<br \/>\nde 1922 e ingressou na Ordem dos Frades Menores no dia 26 de novembro de 1940.<br \/>\nFez a profiss\u00e3o solene no dia 8 de maio de 1949.<\/p>\n<h3><strong><a href=\"http:\/\/franciscanos.org.br\/wp-content\/uploads\/2016\/11\/Olavo-Seifert.jpg\"><img loading=\"lazy\" class=\"alignleft size-full wp-image-121381\" src=\"http:\/\/franciscanos.org.br\/wp-content\/uploads\/2016\/11\/Olavo-Seifert.jpg\" alt=\"_Olavo-Seifert\" width=\"75\" height=\"75\" \/><\/a>FREI OLAVO SEIFERT<\/strong><\/h3>\n<p>\u00c9 natural de Curitiba, Paran\u00e1. Nasceu no dia 4 de agosto de 1919 e ingressou na Ordem dos Frades Menores no dia 21 de dezembro de 1940. Fez a profiss\u00e3o solene no dia 22 de dezembro de 1944 e foi ordenado sacerdote no dia 3 de dezembro de 1946.<\/p>\n<hr \/>\n<h4><span style=\"color: #993366;\"><strong>74 ANOS DE VIDA RELIGIOSA<\/strong><\/span><\/h4>\n<h3><strong><a href=\"http:\/\/franciscanos.org.br\/wp-content\/uploads\/2016\/11\/C\u00e1ssio-Viera-de-Lima.jpg\"><img loading=\"lazy\" class=\"alignleft size-full wp-image-121382\" src=\"http:\/\/franciscanos.org.br\/wp-content\/uploads\/2016\/11\/C\u00e1ssio-Viera-de-Lima.jpg\" alt=\"_C\u00e1ssio-Viera-de-Lima\" width=\"75\" height=\"75\" \/><\/a>FREI C\u00c1SSIO VIEIRA DE LIMA<\/strong><\/h3>\n<p>\u00c9 natural de S\u00e3o Jo\u00e3o da Boa Vista (SP). Nasceu no dia 22 de agosto de 1921 e ingressou na Ordem dos Frades Menores no dia 20 de dezembro de 1941. Fez a profiss\u00e3o solene no dia 21 de dezembro de 1945 e foi ordenado sacerdote no dia 16 de julho de 1949.<\/p>\n<h3><strong><a href=\"http:\/\/franciscanos.org.br\/wp-content\/uploads\/2016\/11\/Nestor-Kuhn.jpg\"><img loading=\"lazy\" class=\"alignleft size-full wp-image-121383\" src=\"http:\/\/franciscanos.org.br\/wp-content\/uploads\/2016\/11\/Nestor-Kuhn.jpg\" alt=\"_Nestor-Kuhn\" width=\"75\" height=\"75\" \/><\/a>FREI NESTOR KUHN<\/strong><\/h3>\n<p>\u00c9 natural de Peritiba, Santa Catarina. Nasceu no dia 25 de outubro de 1921 e ingressou na Ordem dos Frades Menores no dia 20 de dezembro de 1941. Fez a profiss\u00e3o solene no dia 21 de junho de 1946 e foi ordenado sacerdote no dia 26 de julho de 1948.<\/p>\n<hr \/>\n<h4><span style=\"color: #993366;\"><strong>72 ANOS DE VIDA RELIGIOSA<\/strong><\/span><\/h4>\n<h3><strong><a href=\"http:\/\/franciscanos.org.br\/wp-content\/uploads\/2016\/11\/Cir\u00edaco-tokarski.jpg\"><img loading=\"lazy\" class=\"alignleft size-full wp-image-121384\" src=\"http:\/\/franciscanos.org.br\/wp-content\/uploads\/2016\/11\/Cir\u00edaco-tokarski.jpg\" alt=\"_Cir\u00edaco-tokarski\" width=\"75\" height=\"75\" \/><\/a>FREI CIR\u00cdACO TOKARSKI<\/strong><\/h3>\n<p>\u00c9 natural de Contenda, Paran\u00e1. Nasceu no dia 28 de julho de 1922 e ingressou na Ordem dos Frades Menores no dia 20 de dezembro de 1943. Fez a profiss\u00e3o solene no dia 21 de dezembro de 1947 e foi ordenado sacerdote no dia 26 de julho de 1951.<\/p>\n<h3><strong><a href=\"http:\/\/franciscanos.org.br\/wp-content\/uploads\/2016\/11\/Policarpo-Berri.jpg\"><img loading=\"lazy\" class=\"alignleft size-full wp-image-121385\" src=\"http:\/\/franciscanos.org.br\/wp-content\/uploads\/2016\/11\/Policarpo-Berri.jpg\" alt=\"_Policarpo-Berri\" width=\"75\" height=\"75\" \/><\/a>FREI POLICARPO BERRI<\/strong><\/h3>\n<p>\u00c9 natural de Rodeio, Santa Catarina. Nasceu no dia 13 de julho de 1924 e ingressou na Ordem dos Frades Menores no dia 20 de dezembro de 1943. Fez a profiss\u00e3o solene no dia 21 de dezembro de 1947 e foi ordenado sacerdote no dia 25 de julho de 1950.<\/p>\n<hr \/>\n<h4><span style=\"color: #993366;\"><strong>65 ANOS DE VIDA RELIGIOSA<\/strong><\/span><\/h4>\n<h3><strong><a href=\"http:\/\/franciscanos.org.br\/wp-content\/uploads\/2016\/11\/odorico-decker.jpg\"><img loading=\"lazy\" class=\"alignleft size-full wp-image-121386\" src=\"http:\/\/franciscanos.org.br\/wp-content\/uploads\/2016\/11\/odorico-decker.jpg\" alt=\"_odorico-decker\" width=\"75\" height=\"75\" \/><\/a>FREI ODORICO DECKER<\/strong><\/h3>\n<p>\u00c9 natural de Bigua\u00e7u, em Santa Catarina. Nasceu no dia 27 de abril de 1929<br \/>\ne ingressou na Ordem dos Frades Menores no dia 17 de maio de 1950.<br \/>\nFez a profiss\u00e3o solene no dia 13 de junho de 1958.<\/p>\n<hr \/>\n<h4><span style=\"color: #993366;\"><strong>60 ANOS DE VIDA RELIGIOSA<\/strong><\/span><\/h4>\n<h3><strong><a href=\"http:\/\/franciscanos.org.br\/wp-content\/uploads\/2016\/11\/claudio-guski.jpg\"><img loading=\"lazy\" class=\"alignleft size-full wp-image-121388\" src=\"http:\/\/franciscanos.org.br\/wp-content\/uploads\/2016\/11\/claudio-guski.jpg\" alt=\"_claudio-guski\" width=\"75\" height=\"75\" \/><\/a>FREI CL\u00c1UDIO GUSKI<\/strong><\/h3>\n<p>\u00c9 natural de Allenstein, Alemanha. Nasceu no dia 10 de novembro de 1933 e ingressou na Ordem no dia 21 de dezembro de 1955. Fez a profiss\u00e3o solene no dia 22 de dezembro de 1959 e foi ordenado sacerdote no dia 15 de dezembro de 1961.<\/p>\n<h3><strong><a href=\"http:\/\/franciscanos.org.br\/wp-content\/uploads\/2016\/11\/Aristides-Luiz-Pasquali.jpg\"><img loading=\"lazy\" class=\"alignleft size-full wp-image-121389\" src=\"http:\/\/franciscanos.org.br\/wp-content\/uploads\/2016\/11\/Aristides-Luiz-Pasquali.jpg\" alt=\"_Aristides-Luiz-Pasquali\" width=\"75\" height=\"75\" \/><\/a>FREI ARISTIDES LUIZ PASQUALI<\/strong><\/h3>\n<p>\u00c9 natural de Rodeio, Santa Catarina. Nasceu no dia 20 de agosto de 1937<br \/>\ne ingressou na Ordem dos Frades Menores no dia 11 de de fevereiro de 1955.<br \/>\nFez a profiss\u00e3o solene no dia 4 de maio de 1963.<\/p>\n<h3><strong><a href=\"http:\/\/franciscanos.org.br\/wp-content\/uploads\/2016\/11\/Henrique_Dell_Olivo.jpg\"><img loading=\"lazy\" class=\"alignleft size-full wp-image-121390\" src=\"http:\/\/franciscanos.org.br\/wp-content\/uploads\/2016\/11\/Henrique_Dell_Olivo.jpg\" alt=\"_Henrique_Dell_Olivo\" width=\"75\" height=\"75\" \/><\/a>FREI HENRIQUE IRENO DELL\u2019OLIVO<\/strong><\/h3>\n<p>\u00c9 natural de Lageado, Rio Grande do Sul. Nasceu no dia 23 de mar\u00e7o de 1939<br \/>\ne ingressou na Ordem dos Frades Menores no dia 17 de maio de 1955.<br \/>\nFez a profiss\u00e3o solene no dia 4 de maio de 1963.<\/p>\n<h3><strong><a href=\"http:\/\/franciscanos.org.br\/wp-content\/uploads\/2016\/11\/Jose-zanchet.jpg\"><img loading=\"lazy\" class=\"alignleft size-full wp-image-121392\" src=\"http:\/\/franciscanos.org.br\/wp-content\/uploads\/2016\/11\/Jose-zanchet.jpg\" alt=\"_Jose-zanchet\" width=\"75\" height=\"75\" \/><\/a>FREI JOS\u00c9 ZANCHET<\/strong><\/h3>\n<p>\u00c9 natural de Tr\u00eas Arroios, Rio Grande do Sul. Vestiu o h\u00e1bito franciscano<br \/>\nno dia 21 de dezembro de 1955 e fez a profiss\u00e3o solene no dia 22 de dezembro de 1959.<br \/>\nFoi ordenado presb\u00edtero no dia 15 de dezembro de 1961.<\/p>\n<h3><strong><a href=\"http:\/\/franciscanos.org.br\/wp-content\/uploads\/2016\/11\/leo_schmitt.jpg\"><img loading=\"lazy\" class=\"alignleft size-full wp-image-121393\" src=\"http:\/\/franciscanos.org.br\/wp-content\/uploads\/2016\/11\/leo_schmitt.jpg\" alt=\"_leo_schmitt\" width=\"75\" height=\"75\" \/><\/a>FREI L\u00c9O SEVERINO SCHMIDT<\/strong><\/h3>\n<p>\u00c9 natural de Porto Uni\u00e3o, em Santa Catarina. Nasceu no dia 31 de maio de 1934 e ingressou na Ordem no dia 21 de dezembro de 1955. Fez a profiss\u00e3o solene no dia 22 de dezembro de 1959 e foi ordenado sacerdote no dia 15 de dezembro de 1961.<\/p>\n<hr \/>\n<h4><span style=\"color: #993366;\"><strong>50 ANOS DE VIDA RELIGIOSA<\/strong><\/span><\/h4>\n<h3><strong><a href=\"http:\/\/franciscanos.org.br\/wp-content\/uploads\/2016\/11\/fidelio_Ferreira.jpg\"><img loading=\"lazy\" class=\"alignleft size-full wp-image-121394\" src=\"http:\/\/franciscanos.org.br\/wp-content\/uploads\/2016\/11\/fidelio_Ferreira.jpg\" alt=\"_fidelio_Ferreira\" width=\"75\" height=\"75\" \/><\/a>FREI FID\u00c9LIO GON\u00c7ALVES FERREIRA<\/strong><\/h3>\n<p>\u00c9 natural de Itai\u00faba, Bahia. Nasceu no dia 23 de mar\u00e7o de 1941<br \/>\ne ingressou na Ordem dos Frades Menores no dia 18 de dezembro de 1966.<br \/>\nFez a profiss\u00e3o solene no dia 13 de dezembro de 1970.<\/p>\n<h3><strong><a href=\"http:\/\/franciscanos.org.br\/wp-content\/uploads\/2016\/11\/dom_Cappio.jpg\"><img loading=\"lazy\" class=\"alignleft size-full wp-image-121395\" src=\"http:\/\/franciscanos.org.br\/wp-content\/uploads\/2016\/11\/dom_Cappio.jpg\" alt=\"_dom_Cappio\" width=\"75\" height=\"75\" \/><\/a>DOM LUIZ FLAVIO CAPPIO<\/strong><\/h3>\n<p>\u00c9 natural de Guaratinguet\u00e1, S\u00e3o Paulo. Nasceu no dia 4 de outubro de 1946 e ingressou na Ordem dos Frades Menores no dia 19 de dezembro de 1965. Fez a profiss\u00e3o solene no dia 5 de outubro de 1970 e foi ordenado sacerdote em 19 de dezembro de 1971 e bispo da Barra no dia 6 de julho de 1997.<\/p>\n<h3><strong><a href=\"http:\/\/franciscanos.org.br\/wp-content\/uploads\/2016\/11\/Vicente_Bohme.jpg\"><img loading=\"lazy\" class=\"alignleft size-full wp-image-121396\" src=\"http:\/\/franciscanos.org.br\/wp-content\/uploads\/2016\/11\/Vicente_Bohme.jpg\" alt=\"_Vicente_Bohme\" width=\"75\" height=\"75\" \/><\/a>FREI VICENTE BOHNE<\/strong><\/h3>\n<p>\u00c9 natural de Schwerin, Alemanha. Chegou ao Brasil em 15 de maio de 1965 e vestiu o h\u00e1bito franciscano em 19 de dezembro de 1965. Fez a profiss\u00e3o solene no dia 5 de outubro de 1970 e foi ordenado presb\u00edtero no dia 16 de abril de 1972.<\/p>\n<h3><strong><a href=\"http:\/\/franciscanos.org.br\/wp-content\/uploads\/2016\/11\/Walter-Hugo-de-Almeida.jpg\"><img loading=\"lazy\" class=\"alignleft size-full wp-image-121397\" src=\"http:\/\/franciscanos.org.br\/wp-content\/uploads\/2016\/11\/Walter-Hugo-de-Almeida.jpg\" alt=\"_Walter-Hugo-de-Almeida\" width=\"75\" height=\"75\" \/><\/a>FREI WALTER HUGO DE ALMEIDA<\/strong><\/h3>\n<p>\u00c9 natural de Diamantina, Minas Gerais. Nasceu no dia 14 de junho de 1936 e ingressou na Ordem dos Frades Menores no dia 19 de dezembro de 1965. Fez a profiss\u00e3o solene no dia 5 de outubro de 1970 e foi ordenado sacerdote no dia 12 de dezembro de 1971.<\/p>\n<hr \/>\n<h4><span style=\"color: #993366;\"><strong>25 ANOS DE VIDA RELIGIOSA<\/strong><\/span><\/h4>\n<h3><strong><a href=\"http:\/\/franciscanos.org.br\/wp-content\/uploads\/2016\/11\/Claudino_Gilz.jpg\"><img loading=\"lazy\" class=\"alignleft size-full wp-image-121398\" src=\"http:\/\/franciscanos.org.br\/wp-content\/uploads\/2016\/11\/Claudino_Gilz.jpg\" alt=\"_Claudino_Gilz\" width=\"75\" height=\"75\" \/><\/a>FREI CLAUDINO GILZ<\/strong><\/h3>\n<p>\u00c9 natural de Ituporanga, Santa Catarina. Nasceu no dia 6 de maio de 1970 e ingressou na Ordem dos Frades Menores no dia 10 de janeiro de 1990. Fez a profiss\u00e3o solene no dia 9 de setembro de 1995 e foi ordenado presb\u00edtero no dia 14 de fevereiro de 1998.<\/p>\n<h3><strong><a href=\"http:\/\/franciscanos.org.br\/wp-content\/uploads\/2016\/11\/luis_Aliberti.jpg\"><img loading=\"lazy\" class=\"alignleft size-full wp-image-121399\" src=\"http:\/\/franciscanos.org.br\/wp-content\/uploads\/2016\/11\/luis_Aliberti.jpg\" alt=\"_luis_Aliberti\" width=\"75\" height=\"76\" \/><\/a>FREI LU\u00cdS ALIBERTI<\/strong><\/h3>\n<p>\u00c9 natural de Piracicaba, S\u00e3o Paulo. Nasceu no dia 21 de novembro de 1966 e ingressou na Ordem dos Frades Menores no dia 10 de janeiro de 1991. Fez a profiss\u00e3o solene no dia 2 de agosto de 1996 e foi ordenado sacerdote no dia 22 de julho de 2000.<\/p>\n<h3><strong><a href=\"http:\/\/franciscanos.org.br\/wp-content\/uploads\/2016\/11\/Raimundo-J.jpg\"><img loading=\"lazy\" class=\"alignleft size-full wp-image-121400\" src=\"http:\/\/franciscanos.org.br\/wp-content\/uploads\/2016\/11\/Raimundo-J.jpg\" alt=\"_Raimundo-J\" width=\"75\" height=\"75\" \/><\/a>FREI RAIMUNDO J. DE OLIVEIRA CASTRO\u00a0<\/strong><\/h3>\n<p>\u00c9 natural de Batatais, S\u00e3o Paulo. Nasceu no dia 22 de janeiro de 1954 e ingressou na Ordem dos Frades Menores no dia 10 de janeiro de 1990. Fez a profiss\u00e3o solene no dia 9 de setembro de 1995 e foi ordenado sacerdote no dia 18 de julho de 1998.<\/p>\n<hr \/>\n<h4><span style=\"color: #993366;\"><strong>71 ANOS DE SACERD\u00d3CIO<\/strong><\/span><\/h4>\n<h3><strong><a href=\"http:\/\/franciscanos.org.br\/wp-content\/uploads\/2016\/11\/dom-paulo-evaristo1.jpg\"><img loading=\"lazy\" class=\"alignleft size-full wp-image-121401\" src=\"http:\/\/franciscanos.org.br\/wp-content\/uploads\/2016\/11\/dom-paulo-evaristo1.jpg\" alt=\"_dom-paulo-evaristo\" width=\"75\" height=\"75\" \/><\/a>DOM PAULO EVARISTO ARNS<\/strong><\/h3>\n<p>Arcebispo Em\u00e9rito de S\u00e3o Paulo, \u00e9 natural de Forquilhinha, SC. Nasceu no dia 14 de setembro de 1921 e ingressou na Ordem dos Frades Menores no dia 9 de dezembro de 1939. Fez a profiss\u00e3o solene no dia 10 de dezembro de 1943 e foi ordenado bispo no dia 3 de julho de 1966. Tornou-se Cardeal em 5 de mar\u00e7o de 1973.<\/p>\n<hr \/>\n<h4><span style=\"color: #993366;\"><strong>70 ANOS DE SACERD\u00d3CIO<\/strong><\/span><\/h4>\n<h3><strong><a href=\"http:\/\/franciscanos.org.br\/wp-content\/uploads\/2016\/11\/Olavo-Seifert1.jpg\"><img loading=\"lazy\" class=\"alignleft size-full wp-image-121402\" src=\"http:\/\/franciscanos.org.br\/wp-content\/uploads\/2016\/11\/Olavo-Seifert1.jpg\" alt=\"_Olavo-Seifert\" width=\"75\" height=\"75\" \/><\/a>FREI OLAVO SEIFERT<\/strong><\/h3>\n<p>\u00c9 natural de Curitiba, Paran\u00e1. Nasceu no dia 4 de agosto de 1919 e ingressou na Ordem dos Frades Menores no dia 21 de dezembro de 1940. Fez a profiss\u00e3o solene no dia 22 de dezembro de 1944 e foi ordenado sacerdote no dia 3 de dezembro de 1946.<\/p>\n<hr \/>\n<h4><span style=\"color: #993366;\"><strong>65 ANOS DE SACERD\u00d3CIO<\/strong><\/span><\/h4>\n<h3><strong><a href=\"http:\/\/franciscanos.org.br\/wp-content\/uploads\/2016\/11\/Cir\u00edaco-tokarski.jpg\"><img loading=\"lazy\" class=\"alignleft size-full wp-image-121384\" src=\"http:\/\/franciscanos.org.br\/wp-content\/uploads\/2016\/11\/Cir\u00edaco-tokarski.jpg\" alt=\"_Cir\u00edaco-tokarski\" width=\"75\" height=\"75\" \/><\/a>FREI CIR\u00cdACO TOKARSKI<\/strong><\/h3>\n<p>\u00c9 natural de Contenda, Paran\u00e1. Nasceu no dia 28 de julho de 1922 e ingressou na Ordem dos Frades Menores no dia 20 de dezembro de 1943. Fez a profiss\u00e3o solene no dia 21 de dezembro de 1947 e foi ordenado sacerdote no dia 26 de julho de 1951.<\/p>\n<hr \/>\n<h4><span style=\"color: #993366;\"><strong>60\u00a0ANOS DE SACERD\u00d3CIO<\/strong><\/span><\/h4>\n<h3><strong><a href=\"http:\/\/franciscanos.org.br\/wp-content\/uploads\/2016\/11\/celso_faria.jpg\"><img loading=\"lazy\" class=\"alignleft size-full wp-image-121403\" src=\"http:\/\/franciscanos.org.br\/wp-content\/uploads\/2016\/11\/celso_faria.jpg\" alt=\"_celso_faria\" width=\"75\" height=\"75\" \/><\/a>FREI CELSO FRANCISCO DE FARIA<\/strong><\/h3>\n<p>\u00c9 natural de Florian\u00f3polis, Santa Catarina. Nasceu no dia 21 de fevereiro de 1928 e ingressou na Ordem no dia 19 de dezembro de 1949. Fez a profiss\u00e3o solene no dia 20 de dezembro de 1953 e foi ordenado sacerdote no dia 2 de julho de 1956.<\/p>\n<hr \/>\n<h4><span style=\"color: #993366;\"><strong>50 ANOS DE\u00a0SACERD\u00d3CIO<\/strong><\/span><\/h4>\n<h3><strong><a href=\"http:\/\/franciscanos.org.br\/wp-content\/uploads\/2016\/11\/guido_scottini.jpg\"><img loading=\"lazy\" class=\"alignleft size-full wp-image-121404\" src=\"http:\/\/franciscanos.org.br\/wp-content\/uploads\/2016\/11\/guido_scottini.jpg\" alt=\"_guido_scottini\" width=\"75\" height=\"75\" \/><\/a>FREI GUIDO SCOTTINI\u00a0<\/strong><\/h3>\n<p>\u00c9 natural do Rodeio, Santa Catarina. Nasceu no dia 29 de setembro de 1935 e ingressou na Ordem dos Frades Menores no dia 19 de dezembro de 1960. Fez a profiss\u00e3o solene no dia 02 de fevereiro de 1965 e foi ordenado sacerdote no dia 21 de dezembro de 1966.<\/p>\n<h3><strong><a href=\"http:\/\/franciscanos.org.br\/wp-content\/uploads\/2016\/11\/Jos\u00e9-Alamiro-Andrade-Silva.jpg\"><img loading=\"lazy\" class=\"alignleft size-full wp-image-121405\" src=\"http:\/\/franciscanos.org.br\/wp-content\/uploads\/2016\/11\/Jos\u00e9-Alamiro-Andrade-Silva.jpg\" alt=\"_Jos\u00e9-Alamiro-Andrade-Silva\" width=\"75\" height=\"75\" \/><\/a>FREI JOS\u00c9 ALAMIRO ANDRADE SILVA<\/strong><\/h3>\n<p>\u00c9 natural de Tr\u00eas Pontas, Minas Gerais. Vestiu o h\u00e1bito franciscano<br \/>\nno dia 19 de dezembro de 1960 e fez a profiss\u00e3o solene no dia 2 de fevereiro de 1965.<br \/>\nFoi ordenado presb\u00edtero no dia 21 de dezembro de 1966.<\/p>\n<hr \/>\n<h4><span style=\"color: #993366;\"><strong>25 ANOS DE SACERD\u00d3CIO<\/strong><\/span><\/h4>\n<h3><strong><a href=\"http:\/\/franciscanos.org.br\/wp-content\/uploads\/2016\/11\/Antonio_Marinho.jpg\"><img loading=\"lazy\" class=\"alignleft size-full wp-image-121406\" src=\"http:\/\/franciscanos.org.br\/wp-content\/uploads\/2016\/11\/Antonio_Marinho.jpg\" alt=\"_Antonio_Marinho\" width=\"75\" height=\"75\" \/><\/a>FREI ANT\u00d4NIO EVERALDO P. MARINHO<\/strong><\/h3>\n<p>\u00c9 natural de Palmas, Paran\u00e1. Nasceu no dia 29 de maio de 1959 e ingressou na Ordem dos Frades Menores no dia 20 de janeiro de 1983. Fez a profiss\u00e3o solene no dia 2 de agosto de 1988 e foi ordenado sacerdote no dia 26 de janeiro de 1991.<\/p>\n<h3><strong><a href=\"http:\/\/franciscanos.org.br\/wp-content\/uploads\/2016\/11\/Luiz-Flavio-Adami-Loureiro.jpg\"><img loading=\"lazy\" class=\"alignleft size-full wp-image-121407\" src=\"http:\/\/franciscanos.org.br\/wp-content\/uploads\/2016\/11\/Luiz-Flavio-Adami-Loureiro.jpg\" alt=\"_Luiz-Flavio-Adami-Loureiro\" width=\"75\" height=\"75\" \/><\/a>FREI LUIZ FL\u00c1VIO ADAMI LOUREIRO<\/strong><\/h3>\n<p>\u00c9 natural de Vit\u00f3ria, Esp\u00edrito Santo. Nasceu no dia 17 de janeiro de 1949 e ingressou na Ordem dos Frades Menores no dia 20 de janeiro de 1983. Fez a profiss\u00e3o solene no dia 2 de agosto de 1988 e foi ordenado sacerdote no dia 2 de fevereiro de 1991.<\/p>\n<h3><strong><a href=\"http:\/\/franciscanos.org.br\/wp-content\/uploads\/2016\/11\/Nelson-Jos\u00e9-Hillesheim.jpg\"><img loading=\"lazy\" class=\"alignleft size-full wp-image-121408\" src=\"http:\/\/franciscanos.org.br\/wp-content\/uploads\/2016\/11\/Nelson-Jos\u00e9-Hillesheim.jpg\" alt=\"_Nelson-Jos\u00e9-Hillesheim\" width=\"75\" height=\"75\" \/><\/a>FREI N\u00c9LSON JOS\u00c9 HILLESHEIM<\/strong><\/h3>\n<p>\u00c9 natural de Ituporanga, Santa Catarina. Nasceu no dia 8 de novembro de 1956 e ingressou na Ordem dos Frades Menores no dia 20 de janeiro de 1983. Fez a profiss\u00e3o solene no dia 2 de agosto de 1989 e foi ordenado sacerdote no dia 5 de janeiro de 1991.<\/p>\n<h3><strong><a href=\"http:\/\/franciscanos.org.br\/wp-content\/uploads\/2016\/11\/Valdir-Nunes-Ribeiro.jpg\"><img loading=\"lazy\" class=\"alignleft size-full wp-image-121409\" src=\"http:\/\/franciscanos.org.br\/wp-content\/uploads\/2016\/11\/Valdir-Nunes-Ribeiro.jpg\" alt=\"_Valdir-Nunes-Ribeiro\" width=\"75\" height=\"75\" \/><\/a>FREI VALDIR NUNES RIBEIRO<\/strong><\/h3>\n<p>\u00c9 natural de Adamantina, S\u00e3o Paulo. Nasceu no dia 24 de agosto de 1960 e ingressou na Ordem dos Frades Menores no dia 20 de janeiro de 1984. Fez a profiss\u00e3o solene no dia 2 de agosto de 1989 e foi ordenado sacerdote no dia 14 de dezembro de 1991.<\/p>\n","protected":false},"excerpt":{"rendered":"<p>Celebra\u00e7\u00e3o<\/p>\n","protected":false},"author":1,"featured_media":214401,"comment_status":"open","ping_status":"open","sticky":false,"template":"","format":"standard","meta":[],"categories":[1],"tags":[332],"acf":[],"yoast_head":"<!-- This site is optimized with the Yoast SEO plugin v19.2 - https:\/\/yoast.com\/wordpress\/plugins\/seo\/ -->\n<title>Prov\u00edncia celebra jubileus dos frades em Rondinha - Not\u00edcias - Franciscanos<\/title>\n<meta name=\"robots\" content=\"index, follow, max-snippet:-1, max-image-preview:large, max-video-preview:-1\" \/>\n<link rel=\"canonical\" href=\"https:\/\/franciscanos.org.br\/noticias\/jubilandos-no-ano-da-misericordia.html\" \/>\n<meta property=\"og:locale\" content=\"pt_BR\" \/>\n<meta property=\"og:type\" content=\"article\" \/>\n<meta property=\"og:title\" content=\"Prov\u00edncia celebra jubileus dos frades em Rondinha - Not\u00edcias - Franciscanos\" \/>\n<meta property=\"og:description\" content=\"Celebra\u00e7\u00e3o\" \/>\n<meta property=\"og:url\" content=\"https:\/\/franciscanos.org.br\/noticias\/jubilandos-no-ano-da-misericordia.html\" \/>\n<meta property=\"og:site_name\" content=\"Not\u00edcias - Franciscanos\" \/>\n<meta property=\"article:published_time\" content=\"2016-11-30T16:03:43+00:00\" \/>\n<meta property=\"article:modified_time\" content=\"2019-12-06T20:30:13+00:00\" \/>\n<meta property=\"og:image\" content=\"https:\/\/franciscanos.org.br\/noticias\/wp-content\/uploads\/2016\/11\/8301.jpg\" \/>\n\t<meta property=\"og:image:width\" content=\"273\" \/>\n\t<meta property=\"og:image:height\" content=\"181\" \/>\n\t<meta property=\"og:image:type\" content=\"image\/jpeg\" \/>\n<meta name=\"author\" content=\"admin\" \/>\n<meta name=\"twitter:card\" content=\"summary_large_image\" \/>\n<meta name=\"twitter:label1\" content=\"Escrito por\" \/>\n\t<meta name=\"twitter:data1\" content=\"admin\" \/>\n\t<meta name=\"twitter:label2\" content=\"Est. tempo de leitura\" \/>\n\t<meta name=\"twitter:data2\" content=\"9 minutos\" \/>\n<script type=\"application\/ld+json\" class=\"yoast-schema-graph\">{\"@context\":\"https:\/\/schema.org\",\"@graph\":[{\"@type\":\"WebSite\",\"@id\":\"https:\/\/franciscanos.org.br\/noticias\/#website\",\"url\":\"https:\/\/franciscanos.org.br\/noticias\/\",\"name\":\"Not\u00edcias - Franciscanos\",\"description\":\"Prov\u00edncia Franciscana da Imaculada Concei\u00e7\u00e3o do Brasil - Ordem dos Frades Menores - OFM\",\"potentialAction\":[{\"@type\":\"SearchAction\",\"target\":{\"@type\":\"EntryPoint\",\"urlTemplate\":\"https:\/\/franciscanos.org.br\/noticias\/?s={search_term_string}\"},\"query-input\":\"required name=search_term_string\"}],\"inLanguage\":\"pt-BR\"},{\"@type\":\"ImageObject\",\"inLanguage\":\"pt-BR\",\"@id\":\"https:\/\/franciscanos.org.br\/noticias\/jubilandos-no-ano-da-misericordia.html#primaryimage\",\"url\":\"https:\/\/franciscanos.org.br\/noticias\/wp-content\/uploads\/2016\/11\/8301.jpg\",\"contentUrl\":\"https:\/\/franciscanos.org.br\/noticias\/wp-content\/uploads\/2016\/11\/8301.jpg\",\"width\":273,\"height\":181},{\"@type\":\"WebPage\",\"@id\":\"https:\/\/franciscanos.org.br\/noticias\/jubilandos-no-ano-da-misericordia.html#webpage\",\"url\":\"https:\/\/franciscanos.org.br\/noticias\/jubilandos-no-ano-da-misericordia.html\",\"name\":\"Prov\u00edncia celebra jubileus dos frades em Rondinha - Not\u00edcias - Franciscanos\",\"isPartOf\":{\"@id\":\"https:\/\/franciscanos.org.br\/noticias\/#website\"},\"primaryImageOfPage\":{\"@id\":\"https:\/\/franciscanos.org.br\/noticias\/jubilandos-no-ano-da-misericordia.html#primaryimage\"},\"datePublished\":\"2016-11-30T16:03:43+00:00\",\"dateModified\":\"2019-12-06T20:30:13+00:00\",\"author\":{\"@id\":\"https:\/\/franciscanos.org.br\/noticias\/#\/schema\/person\/b38fbf43118f02820bd932f2e4b14ad3\"},\"breadcrumb\":{\"@id\":\"https:\/\/franciscanos.org.br\/noticias\/jubilandos-no-ano-da-misericordia.html#breadcrumb\"},\"inLanguage\":\"pt-BR\",\"potentialAction\":[{\"@type\":\"ReadAction\",\"target\":[\"https:\/\/franciscanos.org.br\/noticias\/jubilandos-no-ano-da-misericordia.html\"]}]},{\"@type\":\"BreadcrumbList\",\"@id\":\"https:\/\/franciscanos.org.br\/noticias\/jubilandos-no-ano-da-misericordia.html#breadcrumb\",\"itemListElement\":[{\"@type\":\"ListItem\",\"position\":1,\"name\":\"Home\",\"item\":\"https:\/\/franciscanos.org.br\/noticias\"},{\"@type\":\"ListItem\",\"position\":2,\"name\":\"Prov\u00edncia celebra jubileus dos frades em Rondinha\"}]},{\"@type\":\"Person\",\"@id\":\"https:\/\/franciscanos.org.br\/noticias\/#\/schema\/person\/b38fbf43118f02820bd932f2e4b14ad3\",\"name\":\"admin\",\"image\":{\"@type\":\"ImageObject\",\"inLanguage\":\"pt-BR\",\"@id\":\"https:\/\/franciscanos.org.br\/noticias\/#\/schema\/person\/image\/\",\"url\":\"https:\/\/secure.gravatar.com\/avatar\/e8495742d34d0ba6448ea1c628263b3e?s=96&d=mm&r=g\",\"contentUrl\":\"https:\/\/secure.gravatar.com\/avatar\/e8495742d34d0ba6448ea1c628263b3e?s=96&d=mm&r=g\",\"caption\":\"admin\"},\"url\":\"https:\/\/franciscanos.org.br\/noticias\/author\/admin\"}]}<\/script>\n<!-- \/ Yoast SEO plugin. -->","yoast_head_json":{"title":"Prov\u00edncia celebra jubileus dos frades em Rondinha - Not\u00edcias - Franciscanos","robots":{"index":"index","follow":"follow","max-snippet":"max-snippet:-1","max-image-preview":"max-image-preview:large","max-video-preview":"max-video-preview:-1"},"canonical":"https:\/\/franciscanos.org.br\/noticias\/jubilandos-no-ano-da-misericordia.html","og_locale":"pt_BR","og_type":"article","og_title":"Prov\u00edncia celebra jubileus dos frades em Rondinha - Not\u00edcias - Franciscanos","og_description":"Celebra\u00e7\u00e3o","og_url":"https:\/\/franciscanos.org.br\/noticias\/jubilandos-no-ano-da-misericordia.html","og_site_name":"Not\u00edcias - Franciscanos","article_published_time":"2016-11-30T16:03:43+00:00","article_modified_time":"2019-12-06T20:30:13+00:00","og_image":[{"width":273,"height":181,"url":"https:\/\/franciscanos.org.br\/noticias\/wp-content\/uploads\/2016\/11\/8301.jpg","type":"image\/jpeg"}],"author":"admin","twitter_card":"summary_large_image","twitter_misc":{"Escrito por":"admin","Est. tempo de leitura":"9 minutos"},"schema":{"@context":"https:\/\/schema.org","@graph":[{"@type":"WebSite","@id":"https:\/\/franciscanos.org.br\/noticias\/#website","url":"https:\/\/franciscanos.org.br\/noticias\/","name":"Not\u00edcias - Franciscanos","description":"Prov\u00edncia Franciscana da Imaculada Concei\u00e7\u00e3o do Brasil - Ordem dos Frades Menores - OFM","potentialAction":[{"@type":"SearchAction","target":{"@type":"EntryPoint","urlTemplate":"https:\/\/franciscanos.org.br\/noticias\/?s={search_term_string}"},"query-input":"required name=search_term_string"}],"inLanguage":"pt-BR"},{"@type":"ImageObject","inLanguage":"pt-BR","@id":"https:\/\/franciscanos.org.br\/noticias\/jubilandos-no-ano-da-misericordia.html#primaryimage","url":"https:\/\/franciscanos.org.br\/noticias\/wp-content\/uploads\/2016\/11\/8301.jpg","contentUrl":"https:\/\/franciscanos.org.br\/noticias\/wp-content\/uploads\/2016\/11\/8301.jpg","width":273,"height":181},{"@type":"WebPage","@id":"https:\/\/franciscanos.org.br\/noticias\/jubilandos-no-ano-da-misericordia.html#webpage","url":"https:\/\/franciscanos.org.br\/noticias\/jubilandos-no-ano-da-misericordia.html","name":"Prov\u00edncia celebra jubileus dos frades em Rondinha - Not\u00edcias - Franciscanos","isPartOf":{"@id":"https:\/\/franciscanos.org.br\/noticias\/#website"},"primaryImageOfPage":{"@id":"https:\/\/franciscanos.org.br\/noticias\/jubilandos-no-ano-da-misericordia.html#primaryimage"},"datePublished":"2016-11-30T16:03:43+00:00","dateModified":"2019-12-06T20:30:13+00:00","author":{"@id":"https:\/\/franciscanos.org.br\/noticias\/#\/schema\/person\/b38fbf43118f02820bd932f2e4b14ad3"},"breadcrumb":{"@id":"https:\/\/franciscanos.org.br\/noticias\/jubilandos-no-ano-da-misericordia.html#breadcrumb"},"inLanguage":"pt-BR","potentialAction":[{"@type":"ReadAction","target":["https:\/\/franciscanos.org.br\/noticias\/jubilandos-no-ano-da-misericordia.html"]}]},{"@type":"BreadcrumbList","@id":"https:\/\/franciscanos.org.br\/noticias\/jubilandos-no-ano-da-misericordia.html#breadcrumb","itemListElement":[{"@type":"ListItem","position":1,"name":"Home","item":"https:\/\/franciscanos.org.br\/noticias"},{"@type":"ListItem","position":2,"name":"Prov\u00edncia celebra jubileus dos frades em Rondinha"}]},{"@type":"Person","@id":"https:\/\/franciscanos.org.br\/noticias\/#\/schema\/person\/b38fbf43118f02820bd932f2e4b14ad3","name":"admin","image":{"@type":"ImageObject","inLanguage":"pt-BR","@id":"https:\/\/franciscanos.org.br\/noticias\/#\/schema\/person\/image\/","url":"https:\/\/secure.gravatar.com\/avatar\/e8495742d34d0ba6448ea1c628263b3e?s=96&d=mm&r=g","contentUrl":"https:\/\/secure.gravatar.com\/avatar\/e8495742d34d0ba6448ea1c628263b3e?s=96&d=mm&r=g","caption":"admin"},"url":"https:\/\/franciscanos.org.br\/noticias\/author\/admin"}]}},"_links":{"self":[{"href":"https:\/\/franciscanos.org.br\/noticias\/wp-json\/wp\/v2\/posts\/121354"}],"collection":[{"href":"https:\/\/franciscanos.org.br\/noticias\/wp-json\/wp\/v2\/posts"}],"about":[{"href":"https:\/\/franciscanos.org.br\/noticias\/wp-json\/wp\/v2\/types\/post"}],"author":[{"embeddable":true,"href":"https:\/\/franciscanos.org.br\/noticias\/wp-json\/wp\/v2\/users\/1"}],"replies":[{"embeddable":true,"href":"https:\/\/franciscanos.org.br\/noticias\/wp-json\/wp\/v2\/comments?post=121354"}],"version-history":[{"count":0,"href":"https:\/\/franciscanos.org.br\/noticias\/wp-json\/wp\/v2\/posts\/121354\/revisions"}],"wp:featuredmedia":[{"embeddable":true,"href":"https:\/\/franciscanos.org.br\/noticias\/wp-json\/wp\/v2\/media\/214401"}],"wp:attachment":[{"href":"https:\/\/franciscanos.org.br\/noticias\/wp-json\/wp\/v2\/media?parent=121354"}],"wp:term":[{"taxonomy":"category","embeddable":true,"href":"https:\/\/franciscanos.org.br\/noticias\/wp-json\/wp\/v2\/categories?post=121354"},{"taxonomy":"post_tag","embeddable":true,"href":"https:\/\/franciscanos.org.br\/noticias\/wp-json\/wp\/v2\/tags?post=121354"}],"curies":[{"name":"wp","href":"https:\/\/api.w.org\/{rel}","templated":true}]}}