{"id":121322,"date":"2016-11-30T08:18:57","date_gmt":"2016-11-30T10:18:57","guid":{"rendered":"http:\/\/franciscanos.org.br\/?p=121322"},"modified":"2021-07-05T20:16:32","modified_gmt":"2021-07-05T23:16:32","slug":"canarinhos-iniciam-tradicionais-apresentacoes-de-natal","status":"publish","type":"post","link":"https:\/\/franciscanos.org.br\/noticias\/canarinhos-iniciam-tradicionais-apresentacoes-de-natal.html","title":{"rendered":"Canarinhos iniciam apresenta\u00e7\u00f5es natalinas"},"content":{"rendered":"<p><img loading=\"lazy\" src=\"http:\/\/franciscanos.org.br\/wp-content\/uploads\/2016\/11\/canarinhos_301116.jpg\" alt=\"canarinhos_301116\" width=\"830\" height=\"361\" \/><\/p>\n<p>O Natal \u00e9 uma das datas mais importantes para os crist\u00e3os, quando \u00e9 comemorado o dia do nascimento de Jesus. No Instituto dos Meninos Cantores de Petr\u00f3polis (IMCP), essa \u00e9poca do ano \u00e9 sin\u00f4nimo de agenda cheia para o Coral dos Canarinhos e das Meninas dos Canarinhos, que j\u00e1 est\u00e3o se preparando para as tradicionais apresenta\u00e7\u00f5es. Em dezembro, os grupos vocais levam sua m\u00fasica para o p\u00fablico de Petr\u00f3polis e de outras cidades, em concertos que refletem sobre o verdadeiro esp\u00edrito natalino.<\/p>\n<p>Entre os dias 1\u00ba e 8 de dezembro, o Coral dos Canarinhos viaja para uma turn\u00ea em Curitiba, onde far\u00e1 sete apresenta\u00e7\u00f5es, em diferentes unidades do Col\u00e9gio Bom Jesus, que estar\u00e3o organizando Autos de Natal. Al\u00e9m disso, os Canarinhos e as Meninas dos Canarinhos realizam uma s\u00e9rie de concertos em Teres\u00f3polis, no Hotel Le Canton. O coro feminino se apresenta em 3 e 10 de dezembro e o grupo vocal masculino faz concertos nos dias 17 e 23 do mesmo m\u00eas, sempre \u00e0s 18h.<\/p>\n<p>\u201cAs viagens com os corais s\u00e3o sempre muito prazerosas. Para os meninos mais novos, \u00e9 uma oportunidade de conhecer outros lugares e ter experi\u00eancias in\u00e9ditas\u201d, declarou o maestro dos Canarinhos e diretor art\u00edstico do IMCP, Marco Aur\u00e9lio Lischt.<\/p>\n<p>Apresenta\u00e7\u00f5es tamb\u00e9m encerram o fim de ano no Curso de Aprendizes, etapa preparat\u00f3ria para os coros do IMCP. Os alunos fazem um concerto em 8 de dezembro, \u00e0s 19h, tamb\u00e9m na sede do instituto. Na ocasi\u00e3o, 29 cantores, com idade entre 9 e 10 anos, ir\u00e3o mostrar o que aprenderam ao longo de um ano de estudo.<\/p>\n<p>J\u00e1 no dia 15 de dezembro, \u00e0s 20h, o Sagrado Cora\u00e7\u00e3o de Jesus recebe o tradicional Concerto de Natal do IMCP, que reunir\u00e1 150 vozes com os Corais dos Canarinhos e das Meninas dos Canarinhos, os alunos do Curso de Aprendizes e o Coral Mirim do Col\u00e9gio Bom jesus. A entrada \u00e9 franca.<\/p>\n<p>\u201cEsperamos que a nossa m\u00fasica traga uma reflex\u00e3o sobre o ano que se passou e o que queremos para 2017. Contamos com a presen\u00e7a de todos nas apresenta\u00e7\u00f5es natalinas, onde vamos celebrar o nascimento de Cristo e as conquistas que alcan\u00e7amos em 2016\u201d, convidou Lischt.<\/p>\n<p>Mais informa\u00e7\u00f5es sobre as atividades do IMCP podem ser consultadas pelo site http:\/\/canarinhos.com.br, pelo Facebook http:\/\/fb.com\/canarinhosdepetropolis ou pelo telefone (24) 2104-4141. O Instituto dos Meninos Cantores de Petr\u00f3polis fica na Rua Santos Dumont, 355, no Centro Hist\u00f3rico.<\/p>\n","protected":false},"excerpt":{"rendered":"<p>Corais<\/p>\n","protected":false},"author":1,"featured_media":217779,"comment_status":"open","ping_status":"open","sticky":false,"template":"","format":"standard","meta":[],"categories":[1],"tags":[1378],"acf":[],"yoast_head":"<!-- This site is optimized with the Yoast SEO plugin v19.2 - https:\/\/yoast.com\/wordpress\/plugins\/seo\/ -->\n<title>Canarinhos iniciam apresenta\u00e7\u00f5es natalinas - Not\u00edcias - Franciscanos<\/title>\n<meta name=\"robots\" content=\"index, follow, max-snippet:-1, max-image-preview:large, max-video-preview:-1\" \/>\n<link rel=\"canonical\" href=\"https:\/\/franciscanos.org.br\/noticias\/canarinhos-iniciam-tradicionais-apresentacoes-de-natal.html\" \/>\n<meta property=\"og:locale\" content=\"pt_BR\" \/>\n<meta property=\"og:type\" content=\"article\" \/>\n<meta property=\"og:title\" content=\"Canarinhos iniciam apresenta\u00e7\u00f5es natalinas - Not\u00edcias - Franciscanos\" \/>\n<meta property=\"og:description\" content=\"Corais\" \/>\n<meta property=\"og:url\" content=\"https:\/\/franciscanos.org.br\/noticias\/canarinhos-iniciam-tradicionais-apresentacoes-de-natal.html\" \/>\n<meta property=\"og:site_name\" content=\"Not\u00edcias - Franciscanos\" \/>\n<meta property=\"article:published_time\" content=\"2016-11-30T10:18:57+00:00\" \/>\n<meta property=\"article:modified_time\" content=\"2021-07-05T23:16:32+00:00\" \/>\n<meta property=\"og:image\" content=\"https:\/\/franciscanos.org.br\/noticias\/wp-content\/uploads\/2016\/11\/canarinhos_301116.jpg\" \/>\n\t<meta property=\"og:image:width\" content=\"273\" \/>\n\t<meta property=\"og:image:height\" content=\"181\" \/>\n\t<meta property=\"og:image:type\" content=\"image\/jpeg\" \/>\n<meta name=\"author\" content=\"admin\" \/>\n<meta name=\"twitter:card\" content=\"summary_large_image\" \/>\n<meta name=\"twitter:label1\" content=\"Escrito por\" \/>\n\t<meta name=\"twitter:data1\" content=\"admin\" \/>\n\t<meta name=\"twitter:label2\" content=\"Est. tempo de leitura\" \/>\n\t<meta name=\"twitter:data2\" content=\"2 minutos\" \/>\n<script type=\"application\/ld+json\" class=\"yoast-schema-graph\">{\"@context\":\"https:\/\/schema.org\",\"@graph\":[{\"@type\":\"WebSite\",\"@id\":\"https:\/\/franciscanos.org.br\/noticias\/#website\",\"url\":\"https:\/\/franciscanos.org.br\/noticias\/\",\"name\":\"Not\u00edcias - Franciscanos\",\"description\":\"Prov\u00edncia Franciscana da Imaculada Concei\u00e7\u00e3o do Brasil - Ordem dos Frades Menores - OFM\",\"potentialAction\":[{\"@type\":\"SearchAction\",\"target\":{\"@type\":\"EntryPoint\",\"urlTemplate\":\"https:\/\/franciscanos.org.br\/noticias\/?s={search_term_string}\"},\"query-input\":\"required name=search_term_string\"}],\"inLanguage\":\"pt-BR\"},{\"@type\":\"ImageObject\",\"inLanguage\":\"pt-BR\",\"@id\":\"https:\/\/franciscanos.org.br\/noticias\/canarinhos-iniciam-tradicionais-apresentacoes-de-natal.html#primaryimage\",\"url\":\"https:\/\/franciscanos.org.br\/noticias\/wp-content\/uploads\/2016\/11\/canarinhos_301116.jpg\",\"contentUrl\":\"https:\/\/franciscanos.org.br\/noticias\/wp-content\/uploads\/2016\/11\/canarinhos_301116.jpg\",\"width\":273,\"height\":181},{\"@type\":\"WebPage\",\"@id\":\"https:\/\/franciscanos.org.br\/noticias\/canarinhos-iniciam-tradicionais-apresentacoes-de-natal.html#webpage\",\"url\":\"https:\/\/franciscanos.org.br\/noticias\/canarinhos-iniciam-tradicionais-apresentacoes-de-natal.html\",\"name\":\"Canarinhos iniciam apresenta\u00e7\u00f5es natalinas - Not\u00edcias - Franciscanos\",\"isPartOf\":{\"@id\":\"https:\/\/franciscanos.org.br\/noticias\/#website\"},\"primaryImageOfPage\":{\"@id\":\"https:\/\/franciscanos.org.br\/noticias\/canarinhos-iniciam-tradicionais-apresentacoes-de-natal.html#primaryimage\"},\"datePublished\":\"2016-11-30T10:18:57+00:00\",\"dateModified\":\"2021-07-05T23:16:32+00:00\",\"author\":{\"@id\":\"https:\/\/franciscanos.org.br\/noticias\/#\/schema\/person\/b38fbf43118f02820bd932f2e4b14ad3\"},\"breadcrumb\":{\"@id\":\"https:\/\/franciscanos.org.br\/noticias\/canarinhos-iniciam-tradicionais-apresentacoes-de-natal.html#breadcrumb\"},\"inLanguage\":\"pt-BR\",\"potentialAction\":[{\"@type\":\"ReadAction\",\"target\":[\"https:\/\/franciscanos.org.br\/noticias\/canarinhos-iniciam-tradicionais-apresentacoes-de-natal.html\"]}]},{\"@type\":\"BreadcrumbList\",\"@id\":\"https:\/\/franciscanos.org.br\/noticias\/canarinhos-iniciam-tradicionais-apresentacoes-de-natal.html#breadcrumb\",\"itemListElement\":[{\"@type\":\"ListItem\",\"position\":1,\"name\":\"Home\",\"item\":\"https:\/\/franciscanos.org.br\/noticias\"},{\"@type\":\"ListItem\",\"position\":2,\"name\":\"Canarinhos iniciam apresenta\u00e7\u00f5es natalinas\"}]},{\"@type\":\"Person\",\"@id\":\"https:\/\/franciscanos.org.br\/noticias\/#\/schema\/person\/b38fbf43118f02820bd932f2e4b14ad3\",\"name\":\"admin\",\"image\":{\"@type\":\"ImageObject\",\"inLanguage\":\"pt-BR\",\"@id\":\"https:\/\/franciscanos.org.br\/noticias\/#\/schema\/person\/image\/\",\"url\":\"https:\/\/secure.gravatar.com\/avatar\/e8495742d34d0ba6448ea1c628263b3e?s=96&d=mm&r=g\",\"contentUrl\":\"https:\/\/secure.gravatar.com\/avatar\/e8495742d34d0ba6448ea1c628263b3e?s=96&d=mm&r=g\",\"caption\":\"admin\"},\"url\":\"https:\/\/franciscanos.org.br\/noticias\/author\/admin\"}]}<\/script>\n<!-- \/ Yoast SEO plugin. -->","yoast_head_json":{"title":"Canarinhos iniciam apresenta\u00e7\u00f5es natalinas - Not\u00edcias - Franciscanos","robots":{"index":"index","follow":"follow","max-snippet":"max-snippet:-1","max-image-preview":"max-image-preview:large","max-video-preview":"max-video-preview:-1"},"canonical":"https:\/\/franciscanos.org.br\/noticias\/canarinhos-iniciam-tradicionais-apresentacoes-de-natal.html","og_locale":"pt_BR","og_type":"article","og_title":"Canarinhos iniciam apresenta\u00e7\u00f5es natalinas - Not\u00edcias - Franciscanos","og_description":"Corais","og_url":"https:\/\/franciscanos.org.br\/noticias\/canarinhos-iniciam-tradicionais-apresentacoes-de-natal.html","og_site_name":"Not\u00edcias - Franciscanos","article_published_time":"2016-11-30T10:18:57+00:00","article_modified_time":"2021-07-05T23:16:32+00:00","og_image":[{"width":273,"height":181,"url":"https:\/\/franciscanos.org.br\/noticias\/wp-content\/uploads\/2016\/11\/canarinhos_301116.jpg","type":"image\/jpeg"}],"author":"admin","twitter_card":"summary_large_image","twitter_misc":{"Escrito por":"admin","Est. tempo de leitura":"2 minutos"},"schema":{"@context":"https:\/\/schema.org","@graph":[{"@type":"WebSite","@id":"https:\/\/franciscanos.org.br\/noticias\/#website","url":"https:\/\/franciscanos.org.br\/noticias\/","name":"Not\u00edcias - Franciscanos","description":"Prov\u00edncia Franciscana da Imaculada Concei\u00e7\u00e3o do Brasil - Ordem dos Frades Menores - OFM","potentialAction":[{"@type":"SearchAction","target":{"@type":"EntryPoint","urlTemplate":"https:\/\/franciscanos.org.br\/noticias\/?s={search_term_string}"},"query-input":"required name=search_term_string"}],"inLanguage":"pt-BR"},{"@type":"ImageObject","inLanguage":"pt-BR","@id":"https:\/\/franciscanos.org.br\/noticias\/canarinhos-iniciam-tradicionais-apresentacoes-de-natal.html#primaryimage","url":"https:\/\/franciscanos.org.br\/noticias\/wp-content\/uploads\/2016\/11\/canarinhos_301116.jpg","contentUrl":"https:\/\/franciscanos.org.br\/noticias\/wp-content\/uploads\/2016\/11\/canarinhos_301116.jpg","width":273,"height":181},{"@type":"WebPage","@id":"https:\/\/franciscanos.org.br\/noticias\/canarinhos-iniciam-tradicionais-apresentacoes-de-natal.html#webpage","url":"https:\/\/franciscanos.org.br\/noticias\/canarinhos-iniciam-tradicionais-apresentacoes-de-natal.html","name":"Canarinhos iniciam apresenta\u00e7\u00f5es natalinas - Not\u00edcias - Franciscanos","isPartOf":{"@id":"https:\/\/franciscanos.org.br\/noticias\/#website"},"primaryImageOfPage":{"@id":"https:\/\/franciscanos.org.br\/noticias\/canarinhos-iniciam-tradicionais-apresentacoes-de-natal.html#primaryimage"},"datePublished":"2016-11-30T10:18:57+00:00","dateModified":"2021-07-05T23:16:32+00:00","author":{"@id":"https:\/\/franciscanos.org.br\/noticias\/#\/schema\/person\/b38fbf43118f02820bd932f2e4b14ad3"},"breadcrumb":{"@id":"https:\/\/franciscanos.org.br\/noticias\/canarinhos-iniciam-tradicionais-apresentacoes-de-natal.html#breadcrumb"},"inLanguage":"pt-BR","potentialAction":[{"@type":"ReadAction","target":["https:\/\/franciscanos.org.br\/noticias\/canarinhos-iniciam-tradicionais-apresentacoes-de-natal.html"]}]},{"@type":"BreadcrumbList","@id":"https:\/\/franciscanos.org.br\/noticias\/canarinhos-iniciam-tradicionais-apresentacoes-de-natal.html#breadcrumb","itemListElement":[{"@type":"ListItem","position":1,"name":"Home","item":"https:\/\/franciscanos.org.br\/noticias"},{"@type":"ListItem","position":2,"name":"Canarinhos iniciam apresenta\u00e7\u00f5es natalinas"}]},{"@type":"Person","@id":"https:\/\/franciscanos.org.br\/noticias\/#\/schema\/person\/b38fbf43118f02820bd932f2e4b14ad3","name":"admin","image":{"@type":"ImageObject","inLanguage":"pt-BR","@id":"https:\/\/franciscanos.org.br\/noticias\/#\/schema\/person\/image\/","url":"https:\/\/secure.gravatar.com\/avatar\/e8495742d34d0ba6448ea1c628263b3e?s=96&d=mm&r=g","contentUrl":"https:\/\/secure.gravatar.com\/avatar\/e8495742d34d0ba6448ea1c628263b3e?s=96&d=mm&r=g","caption":"admin"},"url":"https:\/\/franciscanos.org.br\/noticias\/author\/admin"}]}},"_links":{"self":[{"href":"https:\/\/franciscanos.org.br\/noticias\/wp-json\/wp\/v2\/posts\/121322"}],"collection":[{"href":"https:\/\/franciscanos.org.br\/noticias\/wp-json\/wp\/v2\/posts"}],"about":[{"href":"https:\/\/franciscanos.org.br\/noticias\/wp-json\/wp\/v2\/types\/post"}],"author":[{"embeddable":true,"href":"https:\/\/franciscanos.org.br\/noticias\/wp-json\/wp\/v2\/users\/1"}],"replies":[{"embeddable":true,"href":"https:\/\/franciscanos.org.br\/noticias\/wp-json\/wp\/v2\/comments?post=121322"}],"version-history":[{"count":1,"href":"https:\/\/franciscanos.org.br\/noticias\/wp-json\/wp\/v2\/posts\/121322\/revisions"}],"predecessor-version":[{"id":232907,"href":"https:\/\/franciscanos.org.br\/noticias\/wp-json\/wp\/v2\/posts\/121322\/revisions\/232907"}],"wp:featuredmedia":[{"embeddable":true,"href":"https:\/\/franciscanos.org.br\/noticias\/wp-json\/wp\/v2\/media\/217779"}],"wp:attachment":[{"href":"https:\/\/franciscanos.org.br\/noticias\/wp-json\/wp\/v2\/media?parent=121322"}],"wp:term":[{"taxonomy":"category","embeddable":true,"href":"https:\/\/franciscanos.org.br\/noticias\/wp-json\/wp\/v2\/categories?post=121322"},{"taxonomy":"post_tag","embeddable":true,"href":"https:\/\/franciscanos.org.br\/noticias\/wp-json\/wp\/v2\/tags?post=121322"}],"curies":[{"name":"wp","href":"https:\/\/api.w.org\/{rel}","templated":true}]}}