{"id":120941,"date":"2016-11-25T10:58:24","date_gmt":"2016-11-25T12:58:24","guid":{"rendered":"http:\/\/franciscanos.org.br\/?p=120941"},"modified":"2020-06-09T12:40:53","modified_gmt":"2020-06-09T15:40:53","slug":"papa-condenacao-eterna-nao-e-uma-sala-de-tortura-mas-distanciamento-de-deus","status":"publish","type":"post","link":"https:\/\/franciscanos.org.br\/noticias\/papa-condenacao-eterna-nao-e-uma-sala-de-tortura-mas-distanciamento-de-deus.html","title":{"rendered":"Um cora\u00e7\u00e3o orgulhoso nos afasta de Deus, afirma Papa"},"content":{"rendered":"<p><img loading=\"lazy\" src=\"http:\/\/franciscanos.org.br\/wp-content\/uploads\/2016\/11\/marta_251116.jpg\" alt=\"marta_251116\" width=\"830\" height=\"390\" \/><br \/>\n<strong>Cidade do Vaticano<\/strong> \u00a0&#8211; Jamais dialogar com o diabo, com o sedutor e o impostor, que afasta de Deus, fonte da felicidade. Foi o que disse o Papa na missa da manh\u00e3 de sexta-feira, 25\/11, na Casa S. Marta, convidando-nos a aproximar-se do \u00faltimo encontro com o Senhor, no dia do Ju\u00edzo, com o cora\u00e7\u00e3o humilde.<\/p>\n<p>Nestes dois \u00faltimos dias do ano lit\u00fargico, a Igreja completa a reflex\u00e3o sobre o fim do mundo e o Papa fala disso, lembrando a primeira carta do Apocalipse de Jo\u00e3o. Como ser\u00e1 o ju\u00edzo universal, questiona, e o encontro final com Jesus?<\/p>\n<p><strong>Diabo, sedutor que arru\u00edna a vida. Jamais dialogar com ele<\/strong><br \/>\nA primeira imagem do Ap\u00f3stolo \u00e9 o ju\u00edzo do \u201cdrag\u00e3o, a antiga serpente, que \u00e9 o diabo\u201d e que o anjo descido do c\u00e9u joga do Abismo, acorrentado para que \u201cn\u00e3o pudesse mais seduzir as na\u00e7\u00f5es: porque ele \u00e9 um sedutor\u201d, destaca Francisco.<\/p>\n<p>\u201cEle \u00e9 um mentiroso, ou mais: \u00e9 o pai da mentira, gera mentiras, \u00e9 um impostor. Leva a crer que se comes a ma\u00e7\u00e3, ser\u00e1s como Deus. Ele a vende assim e tu a compras; no fim, ele te engana, arru\u00edna tua vida. \u2018Mas padre, o que podemos fazer para n\u00e3o nos deixarmos enganar pelo diabo? Com o diabo n\u00e3o se dialoga. O que Jesus fez com o diabo? Jesus o expulsava, lhe perguntava seu nome, mas n\u00e3o conversava\u201d.<\/p>\n<p>Tamb\u00e9m no deserto, acrescenta o Papa, Jesus nunca usou a palavra pr\u00f3pria porque sabia bem do perigo. \u201cNas tr\u00eas respostas que deu ao diabo, se defendeu com a Palavra de Deus, a Palavra da B\u00edblia\u201d. Jamais dialogar com este \u2018mentiroso\u2019, \u2018impostor\u2019, aquele que quer a \u2018nossa ru\u00edna\u2019 e que por isso, \u2018ser\u00e1 jogado no Abismo\u2019.<\/p>\n<p>Na p\u00e1gina do Apocalipse, comparecem ent\u00e3o as almas dos m\u00e1rtires, os \u2018humildes\u2019, observa o Papa, aqueles que testemunharam Jesus Cristo e n\u00e3o adoraram o diabo e seus seguidores: o \u2018dinheiro, a mundanidade e a vaidade\u2019, dando a vida por isso.<\/p>\n<p><strong>Condena\u00e7\u00e3o \u00e9 estar distante de Deus, n\u00e3o sala de tortura<\/strong><br \/>\nO Senhor julgar\u00e1 grandes e pequenos pelas suas obras, l\u00ea-se ainda no Apocalipse, e os condenados ser\u00e3o lan\u00e7ados no &#8220;lago de fogo&#8221;. \u00c9 sobre esta &#8220;segunda morte&#8221; que Francisco se det\u00e9m:<br \/>\n\u201cA condena\u00e7\u00e3o eterna n\u00e3o \u00e9 uma sala de tortura, ela \u00e9 uma descri\u00e7\u00e3o dessa segunda morte: \u00e9 uma morte. E aqueles que n\u00e3o ser\u00e3o recebidos no reino de Deus \u00e9 porque eles n\u00e3o se aproximaram do Senhor. S\u00e3o aqueles que sempre seguiram pelo seu caminho, afastando-se do Senhor e passando diante do Senhor e se distanciaram sozinhos. \u00c9 a condena\u00e7\u00e3o eterna, \u00e9 o distanciar-se constantemente de Deus. \u00c9 a maior dor, um cora\u00e7\u00e3o insatisfeito, um cora\u00e7\u00e3o que foi feito para encontrar a Deus, mas por orgulho, por ter a certeza de si mesmo, se afasta de Deus\u201d.<\/p>\n<p>A dist\u00e2ncia para sempre de &#8220;Deus que d\u00e1 a felicidade&#8221;, do &#8220;Deus que nos ama tanto&#8221;, este \u00e9 o &#8220;fogo&#8221;, reafirma o Papa, \u00e9 &#8220;o caminho da condena\u00e7\u00e3o eterna.&#8221; Mas a \u00faltima imagem do Apocalipse abre \u00e0 esperan\u00e7a e tamb\u00e9m Francisco o faz.<\/p>\n<p><strong>Abrir o cora\u00e7\u00e3o para Jesus com humildade, d\u00e1 a salva\u00e7\u00e3o<\/strong><br \/>\nSe &#8220;abrimos os nossos cora\u00e7\u00f5es&#8221;, como Jesus nos pede, teremos &#8220;a alegria e a salva\u00e7\u00e3o&#8221;, &#8220;c\u00e9u e terra novos&#8221;, dos quais se fala na primeira leitura. &#8220;Basta somente uma palavra,&#8221; destaca ainda o Papa: &#8220;Senhor&#8221; e &#8220;Ele faz o resto.&#8221; Portanto, deixar-se &#8220;acariciar&#8221; e &#8220;perdoar&#8221; por Jesus, sem orgulho, \u00e9 o convite final: A esperan\u00e7a que abre os cora\u00e7\u00f5es para o encontro com Jesus Isto nos espera: O encontro com Jesus. \u00c9 bonito, \u00e9 muito bonito! Ele s\u00f3 nos pede para sermos humildes e dizer, &#8216;Senhor&#8217;. Basta somente aquela palavra e Ele faz o resto.&#8221;<\/p>\n<hr \/>\n<p><em>Fonte: R\u00e1dio Vaticano<\/em><\/p>\n","protected":false},"excerpt":{"rendered":"<p>Missa em Santa Marta<\/p>\n","protected":false},"author":1,"featured_media":221635,"comment_status":"open","ping_status":"open","sticky":false,"template":"","format":"standard","meta":[],"categories":[1428],"tags":[1586],"acf":[],"yoast_head":"<!-- This site is optimized with the Yoast SEO plugin v19.2 - https:\/\/yoast.com\/wordpress\/plugins\/seo\/ -->\n<title>Um cora\u00e7\u00e3o orgulhoso nos afasta de Deus, afirma Papa - Not\u00edcias - Franciscanos<\/title>\n<meta name=\"robots\" content=\"index, follow, max-snippet:-1, max-image-preview:large, max-video-preview:-1\" \/>\n<link rel=\"canonical\" href=\"https:\/\/franciscanos.org.br\/noticias\/papa-condenacao-eterna-nao-e-uma-sala-de-tortura-mas-distanciamento-de-deus.html\" \/>\n<meta property=\"og:locale\" content=\"pt_BR\" \/>\n<meta property=\"og:type\" content=\"article\" \/>\n<meta property=\"og:title\" content=\"Um cora\u00e7\u00e3o orgulhoso nos afasta de Deus, afirma Papa - Not\u00edcias - Franciscanos\" \/>\n<meta property=\"og:description\" content=\"Missa em Santa Marta\" \/>\n<meta property=\"og:url\" content=\"https:\/\/franciscanos.org.br\/noticias\/papa-condenacao-eterna-nao-e-uma-sala-de-tortura-mas-distanciamento-de-deus.html\" \/>\n<meta property=\"og:site_name\" content=\"Not\u00edcias - Franciscanos\" \/>\n<meta property=\"article:published_time\" content=\"2016-11-25T12:58:24+00:00\" \/>\n<meta property=\"article:modified_time\" content=\"2020-06-09T15:40:53+00:00\" \/>\n<meta property=\"og:image\" content=\"https:\/\/franciscanos.org.br\/noticias\/wp-content\/uploads\/2016\/11\/marta_251116.jpg\" \/>\n\t<meta property=\"og:image:width\" content=\"273\" \/>\n\t<meta property=\"og:image:height\" content=\"181\" \/>\n\t<meta property=\"og:image:type\" content=\"image\/jpeg\" \/>\n<meta name=\"author\" content=\"admin\" \/>\n<meta name=\"twitter:card\" content=\"summary_large_image\" \/>\n<meta name=\"twitter:label1\" content=\"Escrito por\" \/>\n\t<meta name=\"twitter:data1\" content=\"admin\" \/>\n\t<meta name=\"twitter:label2\" content=\"Est. tempo de leitura\" \/>\n\t<meta name=\"twitter:data2\" content=\"3 minutos\" \/>\n<script type=\"application\/ld+json\" class=\"yoast-schema-graph\">{\"@context\":\"https:\/\/schema.org\",\"@graph\":[{\"@type\":\"WebSite\",\"@id\":\"https:\/\/franciscanos.org.br\/noticias\/#website\",\"url\":\"https:\/\/franciscanos.org.br\/noticias\/\",\"name\":\"Not\u00edcias - Franciscanos\",\"description\":\"Prov\u00edncia Franciscana da Imaculada Concei\u00e7\u00e3o do Brasil - Ordem dos Frades Menores - OFM\",\"potentialAction\":[{\"@type\":\"SearchAction\",\"target\":{\"@type\":\"EntryPoint\",\"urlTemplate\":\"https:\/\/franciscanos.org.br\/noticias\/?s={search_term_string}\"},\"query-input\":\"required name=search_term_string\"}],\"inLanguage\":\"pt-BR\"},{\"@type\":\"ImageObject\",\"inLanguage\":\"pt-BR\",\"@id\":\"https:\/\/franciscanos.org.br\/noticias\/papa-condenacao-eterna-nao-e-uma-sala-de-tortura-mas-distanciamento-de-deus.html#primaryimage\",\"url\":\"https:\/\/franciscanos.org.br\/noticias\/wp-content\/uploads\/2016\/11\/marta_251116.jpg\",\"contentUrl\":\"https:\/\/franciscanos.org.br\/noticias\/wp-content\/uploads\/2016\/11\/marta_251116.jpg\",\"width\":273,\"height\":181},{\"@type\":\"WebPage\",\"@id\":\"https:\/\/franciscanos.org.br\/noticias\/papa-condenacao-eterna-nao-e-uma-sala-de-tortura-mas-distanciamento-de-deus.html#webpage\",\"url\":\"https:\/\/franciscanos.org.br\/noticias\/papa-condenacao-eterna-nao-e-uma-sala-de-tortura-mas-distanciamento-de-deus.html\",\"name\":\"Um cora\u00e7\u00e3o orgulhoso nos afasta de Deus, afirma Papa - Not\u00edcias - Franciscanos\",\"isPartOf\":{\"@id\":\"https:\/\/franciscanos.org.br\/noticias\/#website\"},\"primaryImageOfPage\":{\"@id\":\"https:\/\/franciscanos.org.br\/noticias\/papa-condenacao-eterna-nao-e-uma-sala-de-tortura-mas-distanciamento-de-deus.html#primaryimage\"},\"datePublished\":\"2016-11-25T12:58:24+00:00\",\"dateModified\":\"2020-06-09T15:40:53+00:00\",\"author\":{\"@id\":\"https:\/\/franciscanos.org.br\/noticias\/#\/schema\/person\/b38fbf43118f02820bd932f2e4b14ad3\"},\"breadcrumb\":{\"@id\":\"https:\/\/franciscanos.org.br\/noticias\/papa-condenacao-eterna-nao-e-uma-sala-de-tortura-mas-distanciamento-de-deus.html#breadcrumb\"},\"inLanguage\":\"pt-BR\",\"potentialAction\":[{\"@type\":\"ReadAction\",\"target\":[\"https:\/\/franciscanos.org.br\/noticias\/papa-condenacao-eterna-nao-e-uma-sala-de-tortura-mas-distanciamento-de-deus.html\"]}]},{\"@type\":\"BreadcrumbList\",\"@id\":\"https:\/\/franciscanos.org.br\/noticias\/papa-condenacao-eterna-nao-e-uma-sala-de-tortura-mas-distanciamento-de-deus.html#breadcrumb\",\"itemListElement\":[{\"@type\":\"ListItem\",\"position\":1,\"name\":\"Home\",\"item\":\"https:\/\/franciscanos.org.br\/noticias\"},{\"@type\":\"ListItem\",\"position\":2,\"name\":\"Um cora\u00e7\u00e3o orgulhoso nos afasta de Deus, afirma Papa\"}]},{\"@type\":\"Person\",\"@id\":\"https:\/\/franciscanos.org.br\/noticias\/#\/schema\/person\/b38fbf43118f02820bd932f2e4b14ad3\",\"name\":\"admin\",\"image\":{\"@type\":\"ImageObject\",\"inLanguage\":\"pt-BR\",\"@id\":\"https:\/\/franciscanos.org.br\/noticias\/#\/schema\/person\/image\/\",\"url\":\"https:\/\/secure.gravatar.com\/avatar\/e8495742d34d0ba6448ea1c628263b3e?s=96&d=mm&r=g\",\"contentUrl\":\"https:\/\/secure.gravatar.com\/avatar\/e8495742d34d0ba6448ea1c628263b3e?s=96&d=mm&r=g\",\"caption\":\"admin\"},\"url\":\"https:\/\/franciscanos.org.br\/noticias\/author\/admin\"}]}<\/script>\n<!-- \/ Yoast SEO plugin. -->","yoast_head_json":{"title":"Um cora\u00e7\u00e3o orgulhoso nos afasta de Deus, afirma Papa - Not\u00edcias - Franciscanos","robots":{"index":"index","follow":"follow","max-snippet":"max-snippet:-1","max-image-preview":"max-image-preview:large","max-video-preview":"max-video-preview:-1"},"canonical":"https:\/\/franciscanos.org.br\/noticias\/papa-condenacao-eterna-nao-e-uma-sala-de-tortura-mas-distanciamento-de-deus.html","og_locale":"pt_BR","og_type":"article","og_title":"Um cora\u00e7\u00e3o orgulhoso nos afasta de Deus, afirma Papa - Not\u00edcias - Franciscanos","og_description":"Missa em Santa Marta","og_url":"https:\/\/franciscanos.org.br\/noticias\/papa-condenacao-eterna-nao-e-uma-sala-de-tortura-mas-distanciamento-de-deus.html","og_site_name":"Not\u00edcias - Franciscanos","article_published_time":"2016-11-25T12:58:24+00:00","article_modified_time":"2020-06-09T15:40:53+00:00","og_image":[{"width":273,"height":181,"url":"https:\/\/franciscanos.org.br\/noticias\/wp-content\/uploads\/2016\/11\/marta_251116.jpg","type":"image\/jpeg"}],"author":"admin","twitter_card":"summary_large_image","twitter_misc":{"Escrito por":"admin","Est. tempo de leitura":"3 minutos"},"schema":{"@context":"https:\/\/schema.org","@graph":[{"@type":"WebSite","@id":"https:\/\/franciscanos.org.br\/noticias\/#website","url":"https:\/\/franciscanos.org.br\/noticias\/","name":"Not\u00edcias - Franciscanos","description":"Prov\u00edncia Franciscana da Imaculada Concei\u00e7\u00e3o do Brasil - Ordem dos Frades Menores - OFM","potentialAction":[{"@type":"SearchAction","target":{"@type":"EntryPoint","urlTemplate":"https:\/\/franciscanos.org.br\/noticias\/?s={search_term_string}"},"query-input":"required name=search_term_string"}],"inLanguage":"pt-BR"},{"@type":"ImageObject","inLanguage":"pt-BR","@id":"https:\/\/franciscanos.org.br\/noticias\/papa-condenacao-eterna-nao-e-uma-sala-de-tortura-mas-distanciamento-de-deus.html#primaryimage","url":"https:\/\/franciscanos.org.br\/noticias\/wp-content\/uploads\/2016\/11\/marta_251116.jpg","contentUrl":"https:\/\/franciscanos.org.br\/noticias\/wp-content\/uploads\/2016\/11\/marta_251116.jpg","width":273,"height":181},{"@type":"WebPage","@id":"https:\/\/franciscanos.org.br\/noticias\/papa-condenacao-eterna-nao-e-uma-sala-de-tortura-mas-distanciamento-de-deus.html#webpage","url":"https:\/\/franciscanos.org.br\/noticias\/papa-condenacao-eterna-nao-e-uma-sala-de-tortura-mas-distanciamento-de-deus.html","name":"Um cora\u00e7\u00e3o orgulhoso nos afasta de Deus, afirma Papa - Not\u00edcias - Franciscanos","isPartOf":{"@id":"https:\/\/franciscanos.org.br\/noticias\/#website"},"primaryImageOfPage":{"@id":"https:\/\/franciscanos.org.br\/noticias\/papa-condenacao-eterna-nao-e-uma-sala-de-tortura-mas-distanciamento-de-deus.html#primaryimage"},"datePublished":"2016-11-25T12:58:24+00:00","dateModified":"2020-06-09T15:40:53+00:00","author":{"@id":"https:\/\/franciscanos.org.br\/noticias\/#\/schema\/person\/b38fbf43118f02820bd932f2e4b14ad3"},"breadcrumb":{"@id":"https:\/\/franciscanos.org.br\/noticias\/papa-condenacao-eterna-nao-e-uma-sala-de-tortura-mas-distanciamento-de-deus.html#breadcrumb"},"inLanguage":"pt-BR","potentialAction":[{"@type":"ReadAction","target":["https:\/\/franciscanos.org.br\/noticias\/papa-condenacao-eterna-nao-e-uma-sala-de-tortura-mas-distanciamento-de-deus.html"]}]},{"@type":"BreadcrumbList","@id":"https:\/\/franciscanos.org.br\/noticias\/papa-condenacao-eterna-nao-e-uma-sala-de-tortura-mas-distanciamento-de-deus.html#breadcrumb","itemListElement":[{"@type":"ListItem","position":1,"name":"Home","item":"https:\/\/franciscanos.org.br\/noticias"},{"@type":"ListItem","position":2,"name":"Um cora\u00e7\u00e3o orgulhoso nos afasta de Deus, afirma Papa"}]},{"@type":"Person","@id":"https:\/\/franciscanos.org.br\/noticias\/#\/schema\/person\/b38fbf43118f02820bd932f2e4b14ad3","name":"admin","image":{"@type":"ImageObject","inLanguage":"pt-BR","@id":"https:\/\/franciscanos.org.br\/noticias\/#\/schema\/person\/image\/","url":"https:\/\/secure.gravatar.com\/avatar\/e8495742d34d0ba6448ea1c628263b3e?s=96&d=mm&r=g","contentUrl":"https:\/\/secure.gravatar.com\/avatar\/e8495742d34d0ba6448ea1c628263b3e?s=96&d=mm&r=g","caption":"admin"},"url":"https:\/\/franciscanos.org.br\/noticias\/author\/admin"}]}},"_links":{"self":[{"href":"https:\/\/franciscanos.org.br\/noticias\/wp-json\/wp\/v2\/posts\/120941"}],"collection":[{"href":"https:\/\/franciscanos.org.br\/noticias\/wp-json\/wp\/v2\/posts"}],"about":[{"href":"https:\/\/franciscanos.org.br\/noticias\/wp-json\/wp\/v2\/types\/post"}],"author":[{"embeddable":true,"href":"https:\/\/franciscanos.org.br\/noticias\/wp-json\/wp\/v2\/users\/1"}],"replies":[{"embeddable":true,"href":"https:\/\/franciscanos.org.br\/noticias\/wp-json\/wp\/v2\/comments?post=120941"}],"version-history":[{"count":1,"href":"https:\/\/franciscanos.org.br\/noticias\/wp-json\/wp\/v2\/posts\/120941\/revisions"}],"predecessor-version":[{"id":225527,"href":"https:\/\/franciscanos.org.br\/noticias\/wp-json\/wp\/v2\/posts\/120941\/revisions\/225527"}],"wp:featuredmedia":[{"embeddable":true,"href":"https:\/\/franciscanos.org.br\/noticias\/wp-json\/wp\/v2\/media\/221635"}],"wp:attachment":[{"href":"https:\/\/franciscanos.org.br\/noticias\/wp-json\/wp\/v2\/media?parent=120941"}],"wp:term":[{"taxonomy":"category","embeddable":true,"href":"https:\/\/franciscanos.org.br\/noticias\/wp-json\/wp\/v2\/categories?post=120941"},{"taxonomy":"post_tag","embeddable":true,"href":"https:\/\/franciscanos.org.br\/noticias\/wp-json\/wp\/v2\/tags?post=120941"}],"curies":[{"name":"wp","href":"https:\/\/api.w.org\/{rel}","templated":true}]}}