{"id":12090,"date":"2012-02-16T07:49:01","date_gmt":"2012-02-16T09:49:01","guid":{"rendered":"http:\/\/new.franciscanos.org.br\/?p=12090"},"modified":"2019-09-13T13:22:17","modified_gmt":"2019-09-13T16:22:17","slug":"projeto-nossos-miudos-10-anos-construindo-a-paz","status":"publish","type":"post","link":"https:\/\/franciscanos.org.br\/noticias\/projeto-nossos-miudos-10-anos-construindo-a-paz.html","title":{"rendered":"Projeto Nossos Mi\u00fados: 10 anos construindo a paz"},"content":{"rendered":"<p><strong><a href=\"http:\/\/franciscanos.org.br\/wp-content\/uploads\/2012\/02\/nossosmiudos_8_g1602.jpg\"><br \/>\n<img loading=\"lazy\" class=\"alignright size-full wp-image-12091\" title=\"Nossos Mi\u00fados\" src=\"http:\/\/franciscanos.org.br\/wp-content\/uploads\/2012\/02\/nossosmiudos_8_g1602.jpg\" alt=\"\" width=\"400\" height=\"266\" \/><\/a>\u00a0Luanda (Angola)<\/strong> &#8211; A paz \u00e9 fruto do Amor, amor este que \u00e9 compassadamente edificado no cora\u00e7\u00e3o das pessoas que o recebem. A paz durante 30 anos foi almejada, sonhada e desejada por todo o povo Angolano. 30 anos de guerra civil \u00e9 demais para destruir estruturas f\u00edsicas e dispersar os valores, entre eles a Paz. Uma na\u00e7\u00e3o que n\u00e3o possui a paz n\u00e3o vive, vegeta. A Paz \u00e9 essencial e \u00e9 esta paz que ,constru\u00edda, ensinada e vivada ao longo de 10 anos, que o Projeto Nossos Mi\u00fados celebra no dia 31 de janeiro de 2012.<\/p>\n<p>No pr\u00f3ximo dia 31 de janeiro (2012) o projeto \u201cNossos Mi\u00fados\u201d com muita alegria celebra os seus 10 anos de exist\u00eancia. Este projeto que ainda \u00e9 um mi\u00fado, uma crian\u00e7a, j\u00e1 proporcionou a paz a muitos meninos desamparados, seja por motivo da guerra ou abandono por suas fam\u00edlias. Nesta mat\u00e9ria gostaria de convid\u00e1-lo a conhecer este belo projeto que os franciscanos mant\u00eam em Luanda (Angola). O mineiro franciscano, Frei M\u00e1rcio de Ara\u00fajo Terra, o mission\u00e1rio mais antigo da Miss\u00e3o dos Franciscanos em terras Angolanas, \u00e9 o pai deste projeto. Em suas malas, ao chegar a Angola no ano de 1999, Frei M\u00e1rcio trouxe o seu desejo de colaborar com este povo que tanto sofria. Transcrevo aqui a sua fala acerca de sua primeira experi\u00eancia pastoral, que muito tem a ver com este projeto, pois foi desta experi\u00eancia que surgiu a inspira\u00e7\u00e3o de se criar este t\u00e3o importante trabalho.<\/p>\n<p><a href=\"http:\/\/franciscanos.org.br\/wp-content\/uploads\/2012\/02\/nossosmiudos_6_g1602.jpg\"><img loading=\"lazy\" class=\"alignleft size-full wp-image-12092\" title=\"Projeto Nossos Mi\u00fados\" src=\"http:\/\/franciscanos.org.br\/wp-content\/uploads\/2012\/02\/nossosmiudos_6_g1602.jpg\" alt=\"\" width=\"400\" height=\"266\" \/><\/a>\u201cDepois deste tempo inicial de muito marasmo, foi-me oferecida a primeira oportunidade pastoral. Aconteceu gra\u00e7as \u00e0s Irm\u00e3s Franciscanas de S\u00e3o Jos\u00e9, que estavam iniciando as suas atividades no Roque Santeiro \u2013 o maior mercado a c\u00e9u aberto da \u00c1frica. Crian\u00e7as e jovens que fugiam das mais diversas regi\u00f5es de Angola, com medo da guerra acabaram fazendo do Roque a sua casa. \u00c9 curioso saber que muitas destas crian\u00e7as chegaram a Luanda em voos militares. Os militares, com pena das crian\u00e7as, as deixavam subir nos seus avi\u00f5es e depois as soltavam em Luanda. A Par\u00f3quia ali \u00e9 dos Salesianos.\u00a0 Como \u00e9 pr\u00f3prio do carisma salesiano o cuidado das crian\u00e7as e da juventude, eles estavam empenhados em desenvolver muitas atividades com estas crian\u00e7as e jovens. Como, por\u00e9m, os oper\u00e1rios eram poucos, fui acolhido numa equipe que, com leigos da par\u00f3quia e com as irm\u00e3s de S\u00e3o Jos\u00e9, iria fazer um acompanhamento a estes grupos. Foi muito interessante. As atividades de campo aconteciam aos domingos e nas segundas-feiras. Outros dias eram reuni\u00f5es avulsas para a avalia\u00e7\u00e3o, planejamento e forma\u00e7\u00e3o. Quando as reuni\u00f5es eram \u00e0 noite, eu n\u00e3o conseguia participar, porque havia um toque de recolher. Aos domingos, \u00edamos para o Roque por volta das 13h. Era o hor\u00e1rio que se encerravam as atividades comerciais. Umas mam\u00e1s, que l\u00e1 vendiam e que eram cat\u00f3licas, cediam suas barracas, onde realiz\u00e1vamos uma celebra\u00e7\u00e3o da palavra. Mas era dif\u00edcil, porque todo mundo queria mesmo era voltar para suas casas, embora a proposta fosse muito interessante, pois pretendia oferecer aos crist\u00e3os cat\u00f3licos a oportunidade de cumprir ali mesmo seu preceito dominical. Nas segundas-feiras, reun\u00edamo-nos com as crian\u00e7as e jovens. Era o dia do orat\u00f3rio salesiano. Foi a\u00ed que tive a primeira oportunidade de entrar em contato direto com muitas crian\u00e7as e adolescentes, que viviam as duras consequ\u00eancias da guerra: o abandono total\u201d. O abandono total \u00e9 algo que tira a paz do cora\u00e7\u00e3o de qualquer um, ainda mais de crian\u00e7as que est\u00e3o se formando para a vida. Este sentimento tocou profundamente o cora\u00e7\u00e3o de Frei M\u00e1rcio, e para trazer um pouco de paz ao cora\u00e7\u00e3o destes mi\u00fados\u00a0 e que\u00a0 o mission\u00e1rio franciscano come\u00e7ou a pensar na possibilidade de uma casa lar. Casa que fosse de acolhimento e de reintegra\u00e7\u00e3o com a fam\u00edlia. Certamente, o mineiro teria um desafio grande para superar.<\/p>\n<p><a href=\"http:\/\/franciscanos.org.br\/wp-content\/uploads\/2012\/02\/nossosmiudos_2_g1602.jpg\"><img loading=\"lazy\" class=\"alignright size-full wp-image-12093\" title=\"Projeto Nossos Mi\u00fados\" src=\"http:\/\/franciscanos.org.br\/wp-content\/uploads\/2012\/02\/nossosmiudos_2_g1602.jpg\" alt=\"\" width=\"400\" height=\"266\" \/><\/a>Com a ajuda da Missionszentrale der Franziskaner comprou-se uma casa de antigos colonos portugueses, uma \u2018vivenda\u2019, assim como est\u00e1 escrito na frente da casa. Uma casa lar para os meninos de rua, esta casa com poucos c\u00f4modos abrigaria cerca de 20 mi\u00fados. A mob\u00edlia e equipamentos para a casa foram doados por um padre da Alemanha, e durante o primeiro ano a C\u00e1ritas Francesa deu o dinheiro para a alimenta\u00e7\u00e3o.<\/p>\n<p>Ap\u00f3s uma pr\u00e9via sele\u00e7\u00e3o, no dia 31 de janeiro de 2002, foi inaugurado o Projeto Nossos Mi\u00fados, que segundo o seu fundador, \u201cisso foi feito com a cara e a coragem\u201d. H\u00e1 um prov\u00e9rbio popular que afirma que se isso for da vontade divina ir\u00e1 prosseguir. Tanto prosseguiu que neste m\u00eas completa 10 anos de exist\u00eancia, de longos trabalhos, desafios e barreiras superadas. Um dos desafios era tornar-se autossustent\u00e1vel. \u201cSe o diretor de uma institui\u00e7\u00e3o infantil vive pedindo aqui e acol\u00e1 recursos, para sustentar a sua obra, indiretamente ensina as crian\u00e7as a pedirem\u201d, afirma Frei M\u00e1rcio. Foi ent\u00e3o que conseguiram o apoio para comprar maquin\u00e1rios e montar uma pequena escola de padaria e confeitaria. Isso, seria um meio profissionalizante para os adolescentes que l\u00e1 viviam, e com a venda dos p\u00e3es, haveria o sustento para a casa.<\/p>\n<p>O Projeto Nossos Mi\u00fados hoje tem uma padaria montada com um \u00f3timo maquin\u00e1rio, isso gra\u00e7as ao investimento que recebeu da empresa brasileira Petrobr\u00e1s. Com isso hoje os meninos do projeto, s\u00f3 os mais velhos, podem aprender a arte da confeitaria e se sentem importantes em poder retribuir o carinho recebido. Em m\u00e9dia s\u00e3o produzidos todos os dias 1800 p\u00e3es que s\u00e3o vendidos para as creches e escolas de Luanda, al\u00e9m dos vizinhos.<\/p>\n<p><a href=\"http:\/\/franciscanos.org.br\/wp-content\/uploads\/2012\/02\/nossosmiudos_3_g1602.jpg\"><img loading=\"lazy\" class=\"alignleft size-full wp-image-12094\" title=\"Nossos Mi\u00fados\" src=\"http:\/\/franciscanos.org.br\/wp-content\/uploads\/2012\/02\/nossosmiudos_3_g1602.jpg\" alt=\"\" width=\"400\" height=\"266\" \/><\/a>O objetivo deste projeto \u00e9 de acolher e recolher os meninos desamparados e proporcionar-lhes a reintegra\u00e7\u00e3o seja na pr\u00f3pria sociedade como na fam\u00edlia. A casa acolhe apenas os meninos de 9 a 19 anos. No in\u00edcio, a maior parte dos mi\u00fados eram aqueles que fugiam da guerra. Com o fim da guerra este n\u00famero mesclou com outro fen\u00f4meno muito comum em Angola, o de crian\u00e7as acusadas de feiti\u00e7aria e que foram abandonadas pelos pais. Segundo Frei M\u00e1rcio, neste \u00faltimo caso \u00e9 sempre mais dif\u00edcil de se fazer a reintegra\u00e7\u00e3o na fam\u00edlia, uma vez que a cultura local cultiva muito a\u00a0 cren\u00e7a de que crian\u00e7as sejam feiticeiras e poderia trazer o mal para a fam\u00edlia.<\/p>\n<p>Hoje, o projeto assiste a 20 mi\u00fados, sendo crian\u00e7as e adolescentes, al\u00e9m daqueles que j\u00e1 sa\u00edram da casa e sempre voltam, pois sentem que ali \u00e9 sua casa tamb\u00e9m. O carinho, a educa\u00e7\u00e3o, a forma\u00e7\u00e3o e os valores que eles recebem no projeto, os capacitam para que se tornem cidad\u00e3os conscientes e sejam transformadores ativos na sociedade.<\/p>\n<p>Um dos pontos fortes deste projeto \u00e9 o cultivo dos estudos. Todos os mi\u00fados frequentam a escola. \u201cEles gostam e fazem muita quest\u00e3o de ira a escola. Isso n\u00e3o \u00e9 problema\u201d, assegura Frei M\u00e1rcio. A educa\u00e7\u00e3o tem o poder de transformar a sociedade, pois ela planta a semente que amanh\u00e3 produzir\u00e1 frutos. Se plantarmos a paz colheremos a paz. Assim \u00e9 o cultivo deste lar dos mi\u00fados. Todo o dia se semeia a Paz.<\/p>\n<p>O Projeto Nossos Mi\u00fados que est\u00e1 localizado no bairro Palanca da capital nacional ainda \u00e9 um mi\u00fado 10 anos \u00e9 pouco, por\u00e9m muitos meninos foram beneficiados, muitos, muitos mesmo, tiveram suas vidas poupadas e em seus cora\u00e7\u00f5es foi plantada a paz atrav\u00e9s do amor. Certamente, aqui podemos afirmar, s\u00e3o 10 anos construindo a paz. Nossos Mi\u00fados. Nossa Riqueza.<\/p>\n","protected":false},"excerpt":{"rendered":"<p>Miss\u00e3o de Angola<\/p>\n","protected":false},"author":1,"featured_media":210895,"comment_status":"open","ping_status":"open","sticky":false,"template":"","format":"standard","meta":[],"categories":[1],"tags":[109,122,173],"acf":[],"yoast_head":"<!-- This site is optimized with the Yoast SEO plugin v19.2 - https:\/\/yoast.com\/wordpress\/plugins\/seo\/ -->\n<title>Projeto Nossos Mi\u00fados: 10 anos construindo a paz - Not\u00edcias - Franciscanos<\/title>\n<meta name=\"robots\" content=\"index, follow, max-snippet:-1, max-image-preview:large, max-video-preview:-1\" \/>\n<link rel=\"canonical\" href=\"https:\/\/franciscanos.org.br\/noticias\/projeto-nossos-miudos-10-anos-construindo-a-paz.html\" \/>\n<meta property=\"og:locale\" content=\"pt_BR\" \/>\n<meta property=\"og:type\" content=\"article\" \/>\n<meta property=\"og:title\" content=\"Projeto Nossos Mi\u00fados: 10 anos construindo a paz - Not\u00edcias - Franciscanos\" \/>\n<meta property=\"og:description\" content=\"Miss\u00e3o de Angola\" \/>\n<meta property=\"og:url\" content=\"https:\/\/franciscanos.org.br\/noticias\/projeto-nossos-miudos-10-anos-construindo-a-paz.html\" \/>\n<meta property=\"og:site_name\" content=\"Not\u00edcias - Franciscanos\" \/>\n<meta property=\"article:published_time\" content=\"2012-02-16T09:49:01+00:00\" \/>\n<meta property=\"article:modified_time\" content=\"2019-09-13T16:22:17+00:00\" \/>\n<meta property=\"og:image\" content=\"https:\/\/franciscanos.org.br\/noticias\/wp-content\/uploads\/2012\/02\/nossosmiudos_6_g1602.jpg\" \/>\n\t<meta property=\"og:image:width\" content=\"273\" \/>\n\t<meta property=\"og:image:height\" content=\"182\" \/>\n\t<meta property=\"og:image:type\" content=\"image\/jpeg\" \/>\n<meta name=\"author\" content=\"admin\" \/>\n<meta name=\"twitter:card\" content=\"summary_large_image\" \/>\n<meta name=\"twitter:label1\" content=\"Escrito por\" \/>\n\t<meta name=\"twitter:data1\" content=\"admin\" \/>\n\t<meta name=\"twitter:label2\" content=\"Est. tempo de leitura\" \/>\n\t<meta name=\"twitter:data2\" content=\"7 minutos\" \/>\n<script type=\"application\/ld+json\" class=\"yoast-schema-graph\">{\"@context\":\"https:\/\/schema.org\",\"@graph\":[{\"@type\":\"WebSite\",\"@id\":\"https:\/\/franciscanos.org.br\/noticias\/#website\",\"url\":\"https:\/\/franciscanos.org.br\/noticias\/\",\"name\":\"Not\u00edcias - Franciscanos\",\"description\":\"Prov\u00edncia Franciscana da Imaculada Concei\u00e7\u00e3o do Brasil - Ordem dos Frades Menores - OFM\",\"potentialAction\":[{\"@type\":\"SearchAction\",\"target\":{\"@type\":\"EntryPoint\",\"urlTemplate\":\"https:\/\/franciscanos.org.br\/noticias\/?s={search_term_string}\"},\"query-input\":\"required name=search_term_string\"}],\"inLanguage\":\"pt-BR\"},{\"@type\":\"ImageObject\",\"inLanguage\":\"pt-BR\",\"@id\":\"https:\/\/franciscanos.org.br\/noticias\/projeto-nossos-miudos-10-anos-construindo-a-paz.html#primaryimage\",\"url\":\"https:\/\/franciscanos.org.br\/noticias\/wp-content\/uploads\/2012\/02\/nossosmiudos_6_g1602.jpg\",\"contentUrl\":\"https:\/\/franciscanos.org.br\/noticias\/wp-content\/uploads\/2012\/02\/nossosmiudos_6_g1602.jpg\",\"width\":273,\"height\":182},{\"@type\":\"WebPage\",\"@id\":\"https:\/\/franciscanos.org.br\/noticias\/projeto-nossos-miudos-10-anos-construindo-a-paz.html#webpage\",\"url\":\"https:\/\/franciscanos.org.br\/noticias\/projeto-nossos-miudos-10-anos-construindo-a-paz.html\",\"name\":\"Projeto Nossos Mi\u00fados: 10 anos construindo a paz - Not\u00edcias - Franciscanos\",\"isPartOf\":{\"@id\":\"https:\/\/franciscanos.org.br\/noticias\/#website\"},\"primaryImageOfPage\":{\"@id\":\"https:\/\/franciscanos.org.br\/noticias\/projeto-nossos-miudos-10-anos-construindo-a-paz.html#primaryimage\"},\"datePublished\":\"2012-02-16T09:49:01+00:00\",\"dateModified\":\"2019-09-13T16:22:17+00:00\",\"author\":{\"@id\":\"https:\/\/franciscanos.org.br\/noticias\/#\/schema\/person\/b38fbf43118f02820bd932f2e4b14ad3\"},\"breadcrumb\":{\"@id\":\"https:\/\/franciscanos.org.br\/noticias\/projeto-nossos-miudos-10-anos-construindo-a-paz.html#breadcrumb\"},\"inLanguage\":\"pt-BR\",\"potentialAction\":[{\"@type\":\"ReadAction\",\"target\":[\"https:\/\/franciscanos.org.br\/noticias\/projeto-nossos-miudos-10-anos-construindo-a-paz.html\"]}]},{\"@type\":\"BreadcrumbList\",\"@id\":\"https:\/\/franciscanos.org.br\/noticias\/projeto-nossos-miudos-10-anos-construindo-a-paz.html#breadcrumb\",\"itemListElement\":[{\"@type\":\"ListItem\",\"position\":1,\"name\":\"Home\",\"item\":\"https:\/\/franciscanos.org.br\/noticias\"},{\"@type\":\"ListItem\",\"position\":2,\"name\":\"Projeto Nossos Mi\u00fados: 10 anos construindo a paz\"}]},{\"@type\":\"Person\",\"@id\":\"https:\/\/franciscanos.org.br\/noticias\/#\/schema\/person\/b38fbf43118f02820bd932f2e4b14ad3\",\"name\":\"admin\",\"image\":{\"@type\":\"ImageObject\",\"inLanguage\":\"pt-BR\",\"@id\":\"https:\/\/franciscanos.org.br\/noticias\/#\/schema\/person\/image\/\",\"url\":\"https:\/\/secure.gravatar.com\/avatar\/e8495742d34d0ba6448ea1c628263b3e?s=96&d=mm&r=g\",\"contentUrl\":\"https:\/\/secure.gravatar.com\/avatar\/e8495742d34d0ba6448ea1c628263b3e?s=96&d=mm&r=g\",\"caption\":\"admin\"},\"url\":\"https:\/\/franciscanos.org.br\/noticias\/author\/admin\"}]}<\/script>\n<!-- \/ Yoast SEO plugin. -->","yoast_head_json":{"title":"Projeto Nossos Mi\u00fados: 10 anos construindo a paz - Not\u00edcias - Franciscanos","robots":{"index":"index","follow":"follow","max-snippet":"max-snippet:-1","max-image-preview":"max-image-preview:large","max-video-preview":"max-video-preview:-1"},"canonical":"https:\/\/franciscanos.org.br\/noticias\/projeto-nossos-miudos-10-anos-construindo-a-paz.html","og_locale":"pt_BR","og_type":"article","og_title":"Projeto Nossos Mi\u00fados: 10 anos construindo a paz - Not\u00edcias - Franciscanos","og_description":"Miss\u00e3o de Angola","og_url":"https:\/\/franciscanos.org.br\/noticias\/projeto-nossos-miudos-10-anos-construindo-a-paz.html","og_site_name":"Not\u00edcias - Franciscanos","article_published_time":"2012-02-16T09:49:01+00:00","article_modified_time":"2019-09-13T16:22:17+00:00","og_image":[{"width":273,"height":182,"url":"https:\/\/franciscanos.org.br\/noticias\/wp-content\/uploads\/2012\/02\/nossosmiudos_6_g1602.jpg","type":"image\/jpeg"}],"author":"admin","twitter_card":"summary_large_image","twitter_misc":{"Escrito por":"admin","Est. tempo de leitura":"7 minutos"},"schema":{"@context":"https:\/\/schema.org","@graph":[{"@type":"WebSite","@id":"https:\/\/franciscanos.org.br\/noticias\/#website","url":"https:\/\/franciscanos.org.br\/noticias\/","name":"Not\u00edcias - Franciscanos","description":"Prov\u00edncia Franciscana da Imaculada Concei\u00e7\u00e3o do Brasil - Ordem dos Frades Menores - OFM","potentialAction":[{"@type":"SearchAction","target":{"@type":"EntryPoint","urlTemplate":"https:\/\/franciscanos.org.br\/noticias\/?s={search_term_string}"},"query-input":"required name=search_term_string"}],"inLanguage":"pt-BR"},{"@type":"ImageObject","inLanguage":"pt-BR","@id":"https:\/\/franciscanos.org.br\/noticias\/projeto-nossos-miudos-10-anos-construindo-a-paz.html#primaryimage","url":"https:\/\/franciscanos.org.br\/noticias\/wp-content\/uploads\/2012\/02\/nossosmiudos_6_g1602.jpg","contentUrl":"https:\/\/franciscanos.org.br\/noticias\/wp-content\/uploads\/2012\/02\/nossosmiudos_6_g1602.jpg","width":273,"height":182},{"@type":"WebPage","@id":"https:\/\/franciscanos.org.br\/noticias\/projeto-nossos-miudos-10-anos-construindo-a-paz.html#webpage","url":"https:\/\/franciscanos.org.br\/noticias\/projeto-nossos-miudos-10-anos-construindo-a-paz.html","name":"Projeto Nossos Mi\u00fados: 10 anos construindo a paz - Not\u00edcias - Franciscanos","isPartOf":{"@id":"https:\/\/franciscanos.org.br\/noticias\/#website"},"primaryImageOfPage":{"@id":"https:\/\/franciscanos.org.br\/noticias\/projeto-nossos-miudos-10-anos-construindo-a-paz.html#primaryimage"},"datePublished":"2012-02-16T09:49:01+00:00","dateModified":"2019-09-13T16:22:17+00:00","author":{"@id":"https:\/\/franciscanos.org.br\/noticias\/#\/schema\/person\/b38fbf43118f02820bd932f2e4b14ad3"},"breadcrumb":{"@id":"https:\/\/franciscanos.org.br\/noticias\/projeto-nossos-miudos-10-anos-construindo-a-paz.html#breadcrumb"},"inLanguage":"pt-BR","potentialAction":[{"@type":"ReadAction","target":["https:\/\/franciscanos.org.br\/noticias\/projeto-nossos-miudos-10-anos-construindo-a-paz.html"]}]},{"@type":"BreadcrumbList","@id":"https:\/\/franciscanos.org.br\/noticias\/projeto-nossos-miudos-10-anos-construindo-a-paz.html#breadcrumb","itemListElement":[{"@type":"ListItem","position":1,"name":"Home","item":"https:\/\/franciscanos.org.br\/noticias"},{"@type":"ListItem","position":2,"name":"Projeto Nossos Mi\u00fados: 10 anos construindo a paz"}]},{"@type":"Person","@id":"https:\/\/franciscanos.org.br\/noticias\/#\/schema\/person\/b38fbf43118f02820bd932f2e4b14ad3","name":"admin","image":{"@type":"ImageObject","inLanguage":"pt-BR","@id":"https:\/\/franciscanos.org.br\/noticias\/#\/schema\/person\/image\/","url":"https:\/\/secure.gravatar.com\/avatar\/e8495742d34d0ba6448ea1c628263b3e?s=96&d=mm&r=g","contentUrl":"https:\/\/secure.gravatar.com\/avatar\/e8495742d34d0ba6448ea1c628263b3e?s=96&d=mm&r=g","caption":"admin"},"url":"https:\/\/franciscanos.org.br\/noticias\/author\/admin"}]}},"_links":{"self":[{"href":"https:\/\/franciscanos.org.br\/noticias\/wp-json\/wp\/v2\/posts\/12090"}],"collection":[{"href":"https:\/\/franciscanos.org.br\/noticias\/wp-json\/wp\/v2\/posts"}],"about":[{"href":"https:\/\/franciscanos.org.br\/noticias\/wp-json\/wp\/v2\/types\/post"}],"author":[{"embeddable":true,"href":"https:\/\/franciscanos.org.br\/noticias\/wp-json\/wp\/v2\/users\/1"}],"replies":[{"embeddable":true,"href":"https:\/\/franciscanos.org.br\/noticias\/wp-json\/wp\/v2\/comments?post=12090"}],"version-history":[{"count":0,"href":"https:\/\/franciscanos.org.br\/noticias\/wp-json\/wp\/v2\/posts\/12090\/revisions"}],"wp:featuredmedia":[{"embeddable":true,"href":"https:\/\/franciscanos.org.br\/noticias\/wp-json\/wp\/v2\/media\/210895"}],"wp:attachment":[{"href":"https:\/\/franciscanos.org.br\/noticias\/wp-json\/wp\/v2\/media?parent=12090"}],"wp:term":[{"taxonomy":"category","embeddable":true,"href":"https:\/\/franciscanos.org.br\/noticias\/wp-json\/wp\/v2\/categories?post=12090"},{"taxonomy":"post_tag","embeddable":true,"href":"https:\/\/franciscanos.org.br\/noticias\/wp-json\/wp\/v2\/tags?post=12090"}],"curies":[{"name":"wp","href":"https:\/\/api.w.org\/{rel}","templated":true}]}}