{"id":120882,"date":"2016-11-24T10:22:00","date_gmt":"2016-11-24T12:22:00","guid":{"rendered":"http:\/\/franciscanos.org.br\/?p=120882"},"modified":"2020-06-09T12:41:55","modified_gmt":"2020-06-09T15:41:55","slug":"papa-corrupcao-e-uma-forma-de-blasfemia","status":"publish","type":"post","link":"https:\/\/franciscanos.org.br\/noticias\/papa-corrupcao-e-uma-forma-de-blasfemia.html","title":{"rendered":"Papa: corrup\u00e7\u00e3o \u00e9 uma forma de blasf\u00eamia"},"content":{"rendered":"<p><img loading=\"lazy\" src=\"http:\/\/franciscanos.org.br\/wp-content\/uploads\/2016\/11\/marta_241116.jpg\" alt=\"marta_241116\" width=\"830\" height=\"401\" \/><br \/>\n<strong>Cidade do Vaticano<\/strong> \u2013 A corrup\u00e7\u00e3o \u00e9 uma forma de blasf\u00eamia, a linguagem de Babil\u00f4nia para a qual \u201cDeus n\u00e3o existe\u201d, mas somente o \u201cdeus dinheiro, o deus bem-estar, o deus explora\u00e7\u00e3o\u201d. Foi o que destacou o Papa na homilia da missa celebrada na manh\u00e3 de quinta-feira (24\/11) na capela da Casa Santa Marta.<\/p>\n<p>Francisco recordou que nesta \u00faltima semana do Ano lit\u00fargico, a Igreja nos faz refletir sobre o fim do mundo e sobre o nosso fim. Comentando a Leitura do Apocalipse, o Pont\u00edfice fala de tr\u00eas vozes. A primeira \u00e9 o grito do Anjo: \u201cCaiu Babil\u00f4nia\u201d, a grande cidade, \u201ca que semeava a corrup\u00e7\u00e3o no cora\u00e7\u00e3o das pessoas\u201d e que \u201cleva todos n\u00f3s no caminho da corrup\u00e7\u00e3o\u201d. E o papa explicou concretamente que a corrup\u00e7\u00e3o \u00e9 o modo de viver na blasf\u00eamia, a corrup\u00e7\u00e3o \u00e9 uma forma de blasf\u00eamia, a linguagem desta Babil\u00f4nia, desta mundanidade, \u00e9 a blasf\u00eamia, Deus n\u00e3o est\u00e1: est\u00e1 o deus dinheiro, o deus bem-estar, o deus explora\u00e7\u00e3o&#8230;\u201d<\/p>\n<p><strong>A mundanidade ruir\u00e1<\/strong><br \/>\nMas esta mundanidade que seduz os grandes da terra ruir\u00e1: \u201cMas esta cair\u00e1, esta civiliza\u00e7\u00e3o cair\u00e1 e o grito do Anjo \u00e9 um grito de vit\u00f3ria: \u2018Caiu\u2019, caiu esta que enganava com as suas sedu\u00e7\u00f5es. Este \u00e9 o imp\u00e9rio da vaidade, do orgulho, cair\u00e1, assim como Satan\u00e1s cair\u00e1.&#8221;<\/p>\n<p><strong>Pecador, mas n\u00e3o corrupto<\/strong><br \/>\nContrariamente ao grito do Anjo, que era um grito de vit\u00f3ria pela queda \u201cdesta civiliza\u00e7\u00e3o corrupta\u201d, h\u00e1 uma outra voz poderosa, ressalta Francisco, o grito da multid\u00e3o, que louva a Deus: \u201cSalva\u00e7\u00e3o, gl\u00f3ria e poder pertencem ao nosso Deus\u201d: \u00c9 a voz poderosa \u201cda adora\u00e7\u00e3o, da adora\u00e7\u00e3o do povo de Deus que se salva\u201d, e tamb\u00e9m do povo em caminho, que ainda est\u00e1 sobred a terra. O povo de Deus pecador, mas n\u00e3o corrupto: pecador que sabe como pedir perd\u00e3o, pecador que busca a salva\u00e7\u00e3o em Jesus Cristo.<\/p>\n<p>Este povo se alegra quando v\u00ea o fim e a alegria da vit\u00f3ria se transforma em adora\u00e7\u00e3o. N\u00e3o se pode permanecer somente com o primeiro grito do Anjo, se n\u00e3o h\u00e1 &#8220;esta voz poderosa da adora\u00e7\u00e3o de Deus&#8221;. Mas para os crist\u00e3os \u201cn\u00e3o \u00e9 f\u00e1cil adorar\u201d, observa o Papa: \u201cn\u00f3s somos bons quando rezamos pedindo alguma coisa\u201d, mas a ora\u00e7\u00e3o de louvor \u201cn\u00e3o \u00e9 f\u00e1cil faz\u00ea-la\u201d. Mas \u00e9 preciso aprend\u00ea-la, \u201cdevemos aprend\u00ea-la agora para n\u00e3o aprend\u00ea-la com pressa quando chegaremos l\u00e1, adverte Francisco, que enfatiza a beleza da ora\u00e7\u00e3o de adora\u00e7\u00e3o diante do tabern\u00e1culo. Uma ora\u00e7\u00e3o que diz apenas: \u201cV\u00f3s sois Deus. Eu sou um pobre filho amado por V\u00f3s\u201d.<\/p>\n<p><strong>Deus nos fala com um fio de sil\u00eancio sonoro<\/strong><br \/>\nPor fim, a terceira voz \u00e9 um sussurro. O Anjo que diz escrever: \u201cBem-aventurados os convidados \u00e0 ceia do cordeiro!\u201d. O convite do Senhor, de fato, n\u00e3o \u00e9 um grito, mas \u201cuma voz suave\u201d. Do mesmo modo quando Deus fala a Elias. Francisco destacou a beleza deste falar ao cora\u00e7\u00e3o com esta voz suave. \u201cA voz de Deus \u2013 disse o Papa \u2013 quando fala ao cora\u00e7\u00e3o \u00e9 assim: como um fio de sil\u00eancio sonoro\u201d.<\/p>\n<p>E este convite \u00e0s \u201cn\u00fapcias do cordeiro\u201d ser\u00e1 o fim, \u201ca nossa salva\u00e7\u00e3o\u201d, disse Francisco. Os que entraram na ceia, segundo a par\u00e1bola de Jesus, s\u00e3o aqueles que estavam nas encruzilhadas dos caminhos, \u201cbons e maus, cegos, surdos, mancos, todos n\u00f3s pecadores, mas com a humildade suficiente para dizer: \u2018Sou um pecador e Deus me salvar\u00e1\u2019\u201d. \u201cE se temos isso no cora\u00e7\u00e3o, Ele nos convidar\u00e1\u201d, acrescentou o Papa, e ouviremos \u201cesta voz sussurrada\u201d que nos convida \u00e0 ceia: \u201cE o Evangelho se conclui com esta voz: Quando come\u00e7arem a acontecer estas coisas, &#8211; ou seja, a destrui\u00e7\u00e3o da soberba, da vaidade, tudo isso &#8211; reanimai-vos e levantai as vossas cabe\u00e7as; porque se aproxima a vossa liberta\u00e7\u00e3o\u201d, isto \u00e9, est\u00e1 sendo convidado para a ceia do cordeiro. O Senhor nos d\u00ea esta gra\u00e7a de aguardar esta voz, de nos preparar para ouvir esta voz: \u2018Vem, vem, vem servo fiel \u2013 pecador mas fiel \u2013, vem, vem para a ceia do teu Senhor.<\/p>\n<hr \/>\n<p><em>Fonte: R\u00e1dio Vaticano<\/em><\/p>\n","protected":false},"excerpt":{"rendered":"<p>Missa em Santa Marta<\/p>\n","protected":false},"author":1,"featured_media":218931,"comment_status":"open","ping_status":"open","sticky":false,"template":"","format":"standard","meta":[],"categories":[1428],"tags":[1586],"acf":[],"yoast_head":"<!-- This site is optimized with the Yoast SEO plugin v19.2 - https:\/\/yoast.com\/wordpress\/plugins\/seo\/ -->\n<title>Papa: corrup\u00e7\u00e3o \u00e9 uma forma de blasf\u00eamia - Not\u00edcias - Franciscanos<\/title>\n<meta name=\"robots\" content=\"index, follow, max-snippet:-1, max-image-preview:large, max-video-preview:-1\" \/>\n<link rel=\"canonical\" href=\"https:\/\/franciscanos.org.br\/noticias\/papa-corrupcao-e-uma-forma-de-blasfemia.html\" \/>\n<meta property=\"og:locale\" content=\"pt_BR\" \/>\n<meta property=\"og:type\" content=\"article\" \/>\n<meta property=\"og:title\" content=\"Papa: corrup\u00e7\u00e3o \u00e9 uma forma de blasf\u00eamia - Not\u00edcias - Franciscanos\" \/>\n<meta property=\"og:description\" content=\"Missa em Santa Marta\" \/>\n<meta property=\"og:url\" content=\"https:\/\/franciscanos.org.br\/noticias\/papa-corrupcao-e-uma-forma-de-blasfemia.html\" \/>\n<meta property=\"og:site_name\" content=\"Not\u00edcias - Franciscanos\" \/>\n<meta property=\"article:published_time\" content=\"2016-11-24T12:22:00+00:00\" \/>\n<meta property=\"article:modified_time\" content=\"2020-06-09T15:41:55+00:00\" \/>\n<meta property=\"og:image\" content=\"https:\/\/franciscanos.org.br\/noticias\/wp-content\/uploads\/2016\/11\/marta_241116.jpg\" \/>\n\t<meta property=\"og:image:width\" content=\"273\" \/>\n\t<meta property=\"og:image:height\" content=\"181\" \/>\n\t<meta property=\"og:image:type\" content=\"image\/jpeg\" \/>\n<meta name=\"author\" content=\"admin\" \/>\n<meta name=\"twitter:card\" content=\"summary_large_image\" \/>\n<meta name=\"twitter:label1\" content=\"Escrito por\" \/>\n\t<meta name=\"twitter:data1\" content=\"admin\" \/>\n\t<meta name=\"twitter:label2\" content=\"Est. tempo de leitura\" \/>\n\t<meta name=\"twitter:data2\" content=\"4 minutos\" \/>\n<script type=\"application\/ld+json\" class=\"yoast-schema-graph\">{\"@context\":\"https:\/\/schema.org\",\"@graph\":[{\"@type\":\"WebSite\",\"@id\":\"https:\/\/franciscanos.org.br\/noticias\/#website\",\"url\":\"https:\/\/franciscanos.org.br\/noticias\/\",\"name\":\"Not\u00edcias - Franciscanos\",\"description\":\"Prov\u00edncia Franciscana da Imaculada Concei\u00e7\u00e3o do Brasil - Ordem dos Frades Menores - OFM\",\"potentialAction\":[{\"@type\":\"SearchAction\",\"target\":{\"@type\":\"EntryPoint\",\"urlTemplate\":\"https:\/\/franciscanos.org.br\/noticias\/?s={search_term_string}\"},\"query-input\":\"required name=search_term_string\"}],\"inLanguage\":\"pt-BR\"},{\"@type\":\"ImageObject\",\"inLanguage\":\"pt-BR\",\"@id\":\"https:\/\/franciscanos.org.br\/noticias\/papa-corrupcao-e-uma-forma-de-blasfemia.html#primaryimage\",\"url\":\"https:\/\/franciscanos.org.br\/noticias\/wp-content\/uploads\/2016\/11\/marta_241116.jpg\",\"contentUrl\":\"https:\/\/franciscanos.org.br\/noticias\/wp-content\/uploads\/2016\/11\/marta_241116.jpg\",\"width\":273,\"height\":181},{\"@type\":\"WebPage\",\"@id\":\"https:\/\/franciscanos.org.br\/noticias\/papa-corrupcao-e-uma-forma-de-blasfemia.html#webpage\",\"url\":\"https:\/\/franciscanos.org.br\/noticias\/papa-corrupcao-e-uma-forma-de-blasfemia.html\",\"name\":\"Papa: corrup\u00e7\u00e3o \u00e9 uma forma de blasf\u00eamia - Not\u00edcias - Franciscanos\",\"isPartOf\":{\"@id\":\"https:\/\/franciscanos.org.br\/noticias\/#website\"},\"primaryImageOfPage\":{\"@id\":\"https:\/\/franciscanos.org.br\/noticias\/papa-corrupcao-e-uma-forma-de-blasfemia.html#primaryimage\"},\"datePublished\":\"2016-11-24T12:22:00+00:00\",\"dateModified\":\"2020-06-09T15:41:55+00:00\",\"author\":{\"@id\":\"https:\/\/franciscanos.org.br\/noticias\/#\/schema\/person\/b38fbf43118f02820bd932f2e4b14ad3\"},\"breadcrumb\":{\"@id\":\"https:\/\/franciscanos.org.br\/noticias\/papa-corrupcao-e-uma-forma-de-blasfemia.html#breadcrumb\"},\"inLanguage\":\"pt-BR\",\"potentialAction\":[{\"@type\":\"ReadAction\",\"target\":[\"https:\/\/franciscanos.org.br\/noticias\/papa-corrupcao-e-uma-forma-de-blasfemia.html\"]}]},{\"@type\":\"BreadcrumbList\",\"@id\":\"https:\/\/franciscanos.org.br\/noticias\/papa-corrupcao-e-uma-forma-de-blasfemia.html#breadcrumb\",\"itemListElement\":[{\"@type\":\"ListItem\",\"position\":1,\"name\":\"Home\",\"item\":\"https:\/\/franciscanos.org.br\/noticias\"},{\"@type\":\"ListItem\",\"position\":2,\"name\":\"Papa: corrup\u00e7\u00e3o \u00e9 uma forma de blasf\u00eamia\"}]},{\"@type\":\"Person\",\"@id\":\"https:\/\/franciscanos.org.br\/noticias\/#\/schema\/person\/b38fbf43118f02820bd932f2e4b14ad3\",\"name\":\"admin\",\"image\":{\"@type\":\"ImageObject\",\"inLanguage\":\"pt-BR\",\"@id\":\"https:\/\/franciscanos.org.br\/noticias\/#\/schema\/person\/image\/\",\"url\":\"https:\/\/secure.gravatar.com\/avatar\/e8495742d34d0ba6448ea1c628263b3e?s=96&d=mm&r=g\",\"contentUrl\":\"https:\/\/secure.gravatar.com\/avatar\/e8495742d34d0ba6448ea1c628263b3e?s=96&d=mm&r=g\",\"caption\":\"admin\"},\"url\":\"https:\/\/franciscanos.org.br\/noticias\/author\/admin\"}]}<\/script>\n<!-- \/ Yoast SEO plugin. -->","yoast_head_json":{"title":"Papa: corrup\u00e7\u00e3o \u00e9 uma forma de blasf\u00eamia - Not\u00edcias - Franciscanos","robots":{"index":"index","follow":"follow","max-snippet":"max-snippet:-1","max-image-preview":"max-image-preview:large","max-video-preview":"max-video-preview:-1"},"canonical":"https:\/\/franciscanos.org.br\/noticias\/papa-corrupcao-e-uma-forma-de-blasfemia.html","og_locale":"pt_BR","og_type":"article","og_title":"Papa: corrup\u00e7\u00e3o \u00e9 uma forma de blasf\u00eamia - Not\u00edcias - Franciscanos","og_description":"Missa em Santa Marta","og_url":"https:\/\/franciscanos.org.br\/noticias\/papa-corrupcao-e-uma-forma-de-blasfemia.html","og_site_name":"Not\u00edcias - Franciscanos","article_published_time":"2016-11-24T12:22:00+00:00","article_modified_time":"2020-06-09T15:41:55+00:00","og_image":[{"width":273,"height":181,"url":"https:\/\/franciscanos.org.br\/noticias\/wp-content\/uploads\/2016\/11\/marta_241116.jpg","type":"image\/jpeg"}],"author":"admin","twitter_card":"summary_large_image","twitter_misc":{"Escrito por":"admin","Est. tempo de leitura":"4 minutos"},"schema":{"@context":"https:\/\/schema.org","@graph":[{"@type":"WebSite","@id":"https:\/\/franciscanos.org.br\/noticias\/#website","url":"https:\/\/franciscanos.org.br\/noticias\/","name":"Not\u00edcias - Franciscanos","description":"Prov\u00edncia Franciscana da Imaculada Concei\u00e7\u00e3o do Brasil - Ordem dos Frades Menores - OFM","potentialAction":[{"@type":"SearchAction","target":{"@type":"EntryPoint","urlTemplate":"https:\/\/franciscanos.org.br\/noticias\/?s={search_term_string}"},"query-input":"required name=search_term_string"}],"inLanguage":"pt-BR"},{"@type":"ImageObject","inLanguage":"pt-BR","@id":"https:\/\/franciscanos.org.br\/noticias\/papa-corrupcao-e-uma-forma-de-blasfemia.html#primaryimage","url":"https:\/\/franciscanos.org.br\/noticias\/wp-content\/uploads\/2016\/11\/marta_241116.jpg","contentUrl":"https:\/\/franciscanos.org.br\/noticias\/wp-content\/uploads\/2016\/11\/marta_241116.jpg","width":273,"height":181},{"@type":"WebPage","@id":"https:\/\/franciscanos.org.br\/noticias\/papa-corrupcao-e-uma-forma-de-blasfemia.html#webpage","url":"https:\/\/franciscanos.org.br\/noticias\/papa-corrupcao-e-uma-forma-de-blasfemia.html","name":"Papa: corrup\u00e7\u00e3o \u00e9 uma forma de blasf\u00eamia - Not\u00edcias - Franciscanos","isPartOf":{"@id":"https:\/\/franciscanos.org.br\/noticias\/#website"},"primaryImageOfPage":{"@id":"https:\/\/franciscanos.org.br\/noticias\/papa-corrupcao-e-uma-forma-de-blasfemia.html#primaryimage"},"datePublished":"2016-11-24T12:22:00+00:00","dateModified":"2020-06-09T15:41:55+00:00","author":{"@id":"https:\/\/franciscanos.org.br\/noticias\/#\/schema\/person\/b38fbf43118f02820bd932f2e4b14ad3"},"breadcrumb":{"@id":"https:\/\/franciscanos.org.br\/noticias\/papa-corrupcao-e-uma-forma-de-blasfemia.html#breadcrumb"},"inLanguage":"pt-BR","potentialAction":[{"@type":"ReadAction","target":["https:\/\/franciscanos.org.br\/noticias\/papa-corrupcao-e-uma-forma-de-blasfemia.html"]}]},{"@type":"BreadcrumbList","@id":"https:\/\/franciscanos.org.br\/noticias\/papa-corrupcao-e-uma-forma-de-blasfemia.html#breadcrumb","itemListElement":[{"@type":"ListItem","position":1,"name":"Home","item":"https:\/\/franciscanos.org.br\/noticias"},{"@type":"ListItem","position":2,"name":"Papa: corrup\u00e7\u00e3o \u00e9 uma forma de blasf\u00eamia"}]},{"@type":"Person","@id":"https:\/\/franciscanos.org.br\/noticias\/#\/schema\/person\/b38fbf43118f02820bd932f2e4b14ad3","name":"admin","image":{"@type":"ImageObject","inLanguage":"pt-BR","@id":"https:\/\/franciscanos.org.br\/noticias\/#\/schema\/person\/image\/","url":"https:\/\/secure.gravatar.com\/avatar\/e8495742d34d0ba6448ea1c628263b3e?s=96&d=mm&r=g","contentUrl":"https:\/\/secure.gravatar.com\/avatar\/e8495742d34d0ba6448ea1c628263b3e?s=96&d=mm&r=g","caption":"admin"},"url":"https:\/\/franciscanos.org.br\/noticias\/author\/admin"}]}},"_links":{"self":[{"href":"https:\/\/franciscanos.org.br\/noticias\/wp-json\/wp\/v2\/posts\/120882"}],"collection":[{"href":"https:\/\/franciscanos.org.br\/noticias\/wp-json\/wp\/v2\/posts"}],"about":[{"href":"https:\/\/franciscanos.org.br\/noticias\/wp-json\/wp\/v2\/types\/post"}],"author":[{"embeddable":true,"href":"https:\/\/franciscanos.org.br\/noticias\/wp-json\/wp\/v2\/users\/1"}],"replies":[{"embeddable":true,"href":"https:\/\/franciscanos.org.br\/noticias\/wp-json\/wp\/v2\/comments?post=120882"}],"version-history":[{"count":1,"href":"https:\/\/franciscanos.org.br\/noticias\/wp-json\/wp\/v2\/posts\/120882\/revisions"}],"predecessor-version":[{"id":225528,"href":"https:\/\/franciscanos.org.br\/noticias\/wp-json\/wp\/v2\/posts\/120882\/revisions\/225528"}],"wp:featuredmedia":[{"embeddable":true,"href":"https:\/\/franciscanos.org.br\/noticias\/wp-json\/wp\/v2\/media\/218931"}],"wp:attachment":[{"href":"https:\/\/franciscanos.org.br\/noticias\/wp-json\/wp\/v2\/media?parent=120882"}],"wp:term":[{"taxonomy":"category","embeddable":true,"href":"https:\/\/franciscanos.org.br\/noticias\/wp-json\/wp\/v2\/categories?post=120882"},{"taxonomy":"post_tag","embeddable":true,"href":"https:\/\/franciscanos.org.br\/noticias\/wp-json\/wp\/v2\/tags?post=120882"}],"curies":[{"name":"wp","href":"https:\/\/api.w.org\/{rel}","templated":true}]}}