{"id":120877,"date":"2016-11-24T09:40:50","date_gmt":"2016-11-24T11:40:50","guid":{"rendered":"http:\/\/franciscanos.org.br\/?p=120877"},"modified":"2020-03-05T15:07:04","modified_gmt":"2020-03-05T18:07:04","slug":"nota-da-cnbb-sobre-a-reforma-do-ensino-medio","status":"publish","type":"post","link":"https:\/\/franciscanos.org.br\/noticias\/nota-da-cnbb-sobre-a-reforma-do-ensino-medio.html","title":{"rendered":"Nota da CNBB sobre a &#8220;Reforma do Ensino M\u00e9dio&#8221;"},"content":{"rendered":"<p><img loading=\"lazy\" src=\"http:\/\/franciscanos.org.br\/wp-content\/uploads\/2016\/11\/nota_241116.jpg\" alt=\"nota_241116\" width=\"830\" height=\"501\" \/><br \/>\n<em>\u201cA fim de que os estudantes tenham esperan\u00e7a! \u201d\u00a0<\/em>(Papa Francisco, 14 de mar\u00e7o de 2015)<\/p>\n<p>O Conselho Episcopal Pastoral (CONSEP), da Confer\u00eancia Nacional dos Bispos do Brasil-CNBB, reunido em Bras\u00edlia-DF, nos dias 22 e 23 de novembro de 2016, manifesta inquieta\u00e7\u00e3o face a Medida Provis\u00f3ria 746\/16 que trata da reforma do Ensino M\u00e9dio, em tramita\u00e7\u00e3o no Congresso Nacional.<\/p>\n<p>Segundo o poder executivo, a MP 746\/16 \u00e9 uma proposta para a supera\u00e7\u00e3o das reconhecidas fragilidades do Ensino M\u00e9dio brasileiro. Sabe-se que o modelo atual, n\u00e3o prepara os estudantes para os desafios da contemporaneidade. Assim, s\u00e3o louv\u00e1veis iniciativas que busquem refletir, debater e aprimorar essa realidade.<\/p>\n<p>Contudo, assim como outras propostas recentes, tamb\u00e9m essa sofre os limites de uma busca apressada de solu\u00e7\u00e3o. Quest\u00e3o t\u00e3o nobre quanto a Educa\u00e7\u00e3o n\u00e3o pode se limitar \u00e0 reforma do Ensino M\u00e9dio. Antes, requer amplo debate com a sociedade organizada, particularmente com o mundo da educa\u00e7\u00e3o. \u00c9 a melhor forma de legitima\u00e7\u00e3o para medidas t\u00e3o fundamentais.<\/p>\n<p>Toda a vez que um processo dessa grandeza ignora a sociedade civil como interlocutora, ele se desqualifica. \u00c9 inadequado e abusivo que esse assunto seja tratado atrav\u00e9s de uma Medida Provis\u00f3ria.<\/p>\n<p>A educa\u00e7\u00e3o deve formar integralmente o ser humano. O foco das escolas n\u00e3o pode estar apenas em um saber tecnol\u00f3gico e instrumental. H\u00e1 que se contemplar igualmente as dimens\u00f5es \u00e9tica, est\u00e9tica, religiosa, pol\u00edtica e social. A escola \u00e9 um dos ambientes educativos no qual se cresce e se aprende a viver. Ela n\u00e3o amplia apenas a dimens\u00e3o intelectual, mas todas as dimens\u00f5es do ser humano, na busca do sentido da vida. Afinal, que tipo de homem e de mulher essa Medida Provis\u00f3ria vislumbra?<\/p>\n<p>Em um contexto de crise \u00e9tica como o atual, \u00e9 um contrassenso propor uma medida que intenta preparar para o mercado e n\u00e3o para a cidadania. Dizer que disciplinas como filosofia, sociologia, educa\u00e7\u00e3o f\u00edsica, artes e m\u00fasica s\u00e3o opcionais na forma\u00e7\u00e3o do ser humano \u00e9 apostar em um modelo formativo tecnicista que favorece a l\u00f3gica do mercado e n\u00e3o o desenvolvimento integral da pessoa e da sociedade.<\/p>\n<p>Quando a sociedade n\u00e3o \u00e9 ouvida ela se faz ouvir. No caso da MP 746\/16, os estudantes reclamaram seu protagonismo. Os professores, j\u00e1 penalizados por baixos sal\u00e1rios, tamb\u00e9m foram ignorados. Estes s\u00e3o sinais claros da surdez social das inst\u00e2ncias competentes.<\/p>\n<p>Conclamamos a sociedade, particularmente os estudantes e suas fam\u00edlias, a n\u00e3o se deixar vencer pelo clima de apatia e resigna\u00e7\u00e3o. \u00c9 fundamental a participa\u00e7\u00e3o popular pac\u00edfica na busca de solu\u00e7\u00f5es, sempre respeitando a pessoa e o patrim\u00f4nio p\u00fablico. A falta de criticidade com rela\u00e7\u00e3o a essa quest\u00e3o trar\u00e1 s\u00e9rias consequ\u00eancias para a vida democr\u00e1tica da sociedade.<\/p>\n<p><strong>Nossa Senhora Aparecida, padroeira do Brasil, interceda por n\u00f3s.<\/strong><br \/>\nBras\u00edlia, 23 de novembro de 2016.<br \/>\n<strong>Dom Murilo S. R. Krieger, SCJ<\/strong><br \/>\nArcebispo de S\u00e3o Salvador da Bahia<br \/>\nPresidente em Exercicio da CNBB<br \/>\n<strong>Dom Guilherme A. Werlang, MSF<\/strong><br \/>\nBispo de Ipamer\u00ed<br \/>\nComiss\u00e3o Episcopal para o Servi\u00e7o da Caridade<br \/>\nda Justi\u00e7a e da Paz<br \/>\n<strong>Dom Leonardo Ulrich Steiner, OFM<\/strong><br \/>\nBispo Auxiliar de Bras\u00edlia<br \/>\nSecret\u00e1rio-Geral da CNBB<\/p>\n","protected":false},"excerpt":{"rendered":"<p>Comunicado da CNBB<\/p>\n","protected":false},"author":1,"featured_media":218639,"comment_status":"open","ping_status":"open","sticky":false,"template":"","format":"standard","meta":[],"categories":[1],"tags":[29],"acf":[],"yoast_head":"<!-- This site is optimized with the Yoast SEO plugin v19.2 - https:\/\/yoast.com\/wordpress\/plugins\/seo\/ -->\n<title>Nota da CNBB sobre a &quot;Reforma do Ensino M\u00e9dio&quot; - Not\u00edcias - Franciscanos<\/title>\n<meta name=\"robots\" content=\"index, follow, max-snippet:-1, max-image-preview:large, max-video-preview:-1\" \/>\n<link rel=\"canonical\" href=\"https:\/\/franciscanos.org.br\/noticias\/nota-da-cnbb-sobre-a-reforma-do-ensino-medio.html\" \/>\n<meta property=\"og:locale\" content=\"pt_BR\" \/>\n<meta property=\"og:type\" content=\"article\" \/>\n<meta property=\"og:title\" content=\"Nota da CNBB sobre a &quot;Reforma do Ensino M\u00e9dio&quot; - Not\u00edcias - Franciscanos\" \/>\n<meta property=\"og:description\" content=\"Comunicado da CNBB\" \/>\n<meta property=\"og:url\" content=\"https:\/\/franciscanos.org.br\/noticias\/nota-da-cnbb-sobre-a-reforma-do-ensino-medio.html\" \/>\n<meta property=\"og:site_name\" content=\"Not\u00edcias - Franciscanos\" \/>\n<meta property=\"article:published_time\" content=\"2016-11-24T11:40:50+00:00\" \/>\n<meta property=\"article:modified_time\" content=\"2020-03-05T18:07:04+00:00\" \/>\n<meta property=\"og:image\" content=\"https:\/\/franciscanos.org.br\/noticias\/wp-content\/uploads\/2016\/11\/nota_241116.jpg\" \/>\n\t<meta property=\"og:image:width\" content=\"273\" \/>\n\t<meta property=\"og:image:height\" content=\"181\" \/>\n\t<meta property=\"og:image:type\" content=\"image\/jpeg\" \/>\n<meta name=\"author\" content=\"admin\" \/>\n<meta name=\"twitter:card\" content=\"summary_large_image\" \/>\n<meta name=\"twitter:label1\" content=\"Escrito por\" \/>\n\t<meta name=\"twitter:data1\" content=\"admin\" \/>\n\t<meta name=\"twitter:label2\" content=\"Est. tempo de leitura\" \/>\n\t<meta name=\"twitter:data2\" content=\"3 minutos\" \/>\n<script type=\"application\/ld+json\" class=\"yoast-schema-graph\">{\"@context\":\"https:\/\/schema.org\",\"@graph\":[{\"@type\":\"WebSite\",\"@id\":\"https:\/\/franciscanos.org.br\/noticias\/#website\",\"url\":\"https:\/\/franciscanos.org.br\/noticias\/\",\"name\":\"Not\u00edcias - Franciscanos\",\"description\":\"Prov\u00edncia Franciscana da Imaculada Concei\u00e7\u00e3o do Brasil - Ordem dos Frades Menores - OFM\",\"potentialAction\":[{\"@type\":\"SearchAction\",\"target\":{\"@type\":\"EntryPoint\",\"urlTemplate\":\"https:\/\/franciscanos.org.br\/noticias\/?s={search_term_string}\"},\"query-input\":\"required name=search_term_string\"}],\"inLanguage\":\"pt-BR\"},{\"@type\":\"ImageObject\",\"inLanguage\":\"pt-BR\",\"@id\":\"https:\/\/franciscanos.org.br\/noticias\/nota-da-cnbb-sobre-a-reforma-do-ensino-medio.html#primaryimage\",\"url\":\"https:\/\/franciscanos.org.br\/noticias\/wp-content\/uploads\/2016\/11\/nota_241116.jpg\",\"contentUrl\":\"https:\/\/franciscanos.org.br\/noticias\/wp-content\/uploads\/2016\/11\/nota_241116.jpg\",\"width\":273,\"height\":181},{\"@type\":\"WebPage\",\"@id\":\"https:\/\/franciscanos.org.br\/noticias\/nota-da-cnbb-sobre-a-reforma-do-ensino-medio.html#webpage\",\"url\":\"https:\/\/franciscanos.org.br\/noticias\/nota-da-cnbb-sobre-a-reforma-do-ensino-medio.html\",\"name\":\"Nota da CNBB sobre a \\\"Reforma do Ensino M\u00e9dio\\\" - Not\u00edcias - Franciscanos\",\"isPartOf\":{\"@id\":\"https:\/\/franciscanos.org.br\/noticias\/#website\"},\"primaryImageOfPage\":{\"@id\":\"https:\/\/franciscanos.org.br\/noticias\/nota-da-cnbb-sobre-a-reforma-do-ensino-medio.html#primaryimage\"},\"datePublished\":\"2016-11-24T11:40:50+00:00\",\"dateModified\":\"2020-03-05T18:07:04+00:00\",\"author\":{\"@id\":\"https:\/\/franciscanos.org.br\/noticias\/#\/schema\/person\/b38fbf43118f02820bd932f2e4b14ad3\"},\"breadcrumb\":{\"@id\":\"https:\/\/franciscanos.org.br\/noticias\/nota-da-cnbb-sobre-a-reforma-do-ensino-medio.html#breadcrumb\"},\"inLanguage\":\"pt-BR\",\"potentialAction\":[{\"@type\":\"ReadAction\",\"target\":[\"https:\/\/franciscanos.org.br\/noticias\/nota-da-cnbb-sobre-a-reforma-do-ensino-medio.html\"]}]},{\"@type\":\"BreadcrumbList\",\"@id\":\"https:\/\/franciscanos.org.br\/noticias\/nota-da-cnbb-sobre-a-reforma-do-ensino-medio.html#breadcrumb\",\"itemListElement\":[{\"@type\":\"ListItem\",\"position\":1,\"name\":\"Home\",\"item\":\"https:\/\/franciscanos.org.br\/noticias\"},{\"@type\":\"ListItem\",\"position\":2,\"name\":\"Nota da CNBB sobre a &#8220;Reforma do Ensino M\u00e9dio&#8221;\"}]},{\"@type\":\"Person\",\"@id\":\"https:\/\/franciscanos.org.br\/noticias\/#\/schema\/person\/b38fbf43118f02820bd932f2e4b14ad3\",\"name\":\"admin\",\"image\":{\"@type\":\"ImageObject\",\"inLanguage\":\"pt-BR\",\"@id\":\"https:\/\/franciscanos.org.br\/noticias\/#\/schema\/person\/image\/\",\"url\":\"https:\/\/secure.gravatar.com\/avatar\/e8495742d34d0ba6448ea1c628263b3e?s=96&d=mm&r=g\",\"contentUrl\":\"https:\/\/secure.gravatar.com\/avatar\/e8495742d34d0ba6448ea1c628263b3e?s=96&d=mm&r=g\",\"caption\":\"admin\"},\"url\":\"https:\/\/franciscanos.org.br\/noticias\/author\/admin\"}]}<\/script>\n<!-- \/ Yoast SEO plugin. -->","yoast_head_json":{"title":"Nota da CNBB sobre a \"Reforma do Ensino M\u00e9dio\" - Not\u00edcias - Franciscanos","robots":{"index":"index","follow":"follow","max-snippet":"max-snippet:-1","max-image-preview":"max-image-preview:large","max-video-preview":"max-video-preview:-1"},"canonical":"https:\/\/franciscanos.org.br\/noticias\/nota-da-cnbb-sobre-a-reforma-do-ensino-medio.html","og_locale":"pt_BR","og_type":"article","og_title":"Nota da CNBB sobre a \"Reforma do Ensino M\u00e9dio\" - Not\u00edcias - Franciscanos","og_description":"Comunicado da CNBB","og_url":"https:\/\/franciscanos.org.br\/noticias\/nota-da-cnbb-sobre-a-reforma-do-ensino-medio.html","og_site_name":"Not\u00edcias - Franciscanos","article_published_time":"2016-11-24T11:40:50+00:00","article_modified_time":"2020-03-05T18:07:04+00:00","og_image":[{"width":273,"height":181,"url":"https:\/\/franciscanos.org.br\/noticias\/wp-content\/uploads\/2016\/11\/nota_241116.jpg","type":"image\/jpeg"}],"author":"admin","twitter_card":"summary_large_image","twitter_misc":{"Escrito por":"admin","Est. tempo de leitura":"3 minutos"},"schema":{"@context":"https:\/\/schema.org","@graph":[{"@type":"WebSite","@id":"https:\/\/franciscanos.org.br\/noticias\/#website","url":"https:\/\/franciscanos.org.br\/noticias\/","name":"Not\u00edcias - Franciscanos","description":"Prov\u00edncia Franciscana da Imaculada Concei\u00e7\u00e3o do Brasil - Ordem dos Frades Menores - OFM","potentialAction":[{"@type":"SearchAction","target":{"@type":"EntryPoint","urlTemplate":"https:\/\/franciscanos.org.br\/noticias\/?s={search_term_string}"},"query-input":"required name=search_term_string"}],"inLanguage":"pt-BR"},{"@type":"ImageObject","inLanguage":"pt-BR","@id":"https:\/\/franciscanos.org.br\/noticias\/nota-da-cnbb-sobre-a-reforma-do-ensino-medio.html#primaryimage","url":"https:\/\/franciscanos.org.br\/noticias\/wp-content\/uploads\/2016\/11\/nota_241116.jpg","contentUrl":"https:\/\/franciscanos.org.br\/noticias\/wp-content\/uploads\/2016\/11\/nota_241116.jpg","width":273,"height":181},{"@type":"WebPage","@id":"https:\/\/franciscanos.org.br\/noticias\/nota-da-cnbb-sobre-a-reforma-do-ensino-medio.html#webpage","url":"https:\/\/franciscanos.org.br\/noticias\/nota-da-cnbb-sobre-a-reforma-do-ensino-medio.html","name":"Nota da CNBB sobre a \"Reforma do Ensino M\u00e9dio\" - Not\u00edcias - Franciscanos","isPartOf":{"@id":"https:\/\/franciscanos.org.br\/noticias\/#website"},"primaryImageOfPage":{"@id":"https:\/\/franciscanos.org.br\/noticias\/nota-da-cnbb-sobre-a-reforma-do-ensino-medio.html#primaryimage"},"datePublished":"2016-11-24T11:40:50+00:00","dateModified":"2020-03-05T18:07:04+00:00","author":{"@id":"https:\/\/franciscanos.org.br\/noticias\/#\/schema\/person\/b38fbf43118f02820bd932f2e4b14ad3"},"breadcrumb":{"@id":"https:\/\/franciscanos.org.br\/noticias\/nota-da-cnbb-sobre-a-reforma-do-ensino-medio.html#breadcrumb"},"inLanguage":"pt-BR","potentialAction":[{"@type":"ReadAction","target":["https:\/\/franciscanos.org.br\/noticias\/nota-da-cnbb-sobre-a-reforma-do-ensino-medio.html"]}]},{"@type":"BreadcrumbList","@id":"https:\/\/franciscanos.org.br\/noticias\/nota-da-cnbb-sobre-a-reforma-do-ensino-medio.html#breadcrumb","itemListElement":[{"@type":"ListItem","position":1,"name":"Home","item":"https:\/\/franciscanos.org.br\/noticias"},{"@type":"ListItem","position":2,"name":"Nota da CNBB sobre a &#8220;Reforma do Ensino M\u00e9dio&#8221;"}]},{"@type":"Person","@id":"https:\/\/franciscanos.org.br\/noticias\/#\/schema\/person\/b38fbf43118f02820bd932f2e4b14ad3","name":"admin","image":{"@type":"ImageObject","inLanguage":"pt-BR","@id":"https:\/\/franciscanos.org.br\/noticias\/#\/schema\/person\/image\/","url":"https:\/\/secure.gravatar.com\/avatar\/e8495742d34d0ba6448ea1c628263b3e?s=96&d=mm&r=g","contentUrl":"https:\/\/secure.gravatar.com\/avatar\/e8495742d34d0ba6448ea1c628263b3e?s=96&d=mm&r=g","caption":"admin"},"url":"https:\/\/franciscanos.org.br\/noticias\/author\/admin"}]}},"_links":{"self":[{"href":"https:\/\/franciscanos.org.br\/noticias\/wp-json\/wp\/v2\/posts\/120877"}],"collection":[{"href":"https:\/\/franciscanos.org.br\/noticias\/wp-json\/wp\/v2\/posts"}],"about":[{"href":"https:\/\/franciscanos.org.br\/noticias\/wp-json\/wp\/v2\/types\/post"}],"author":[{"embeddable":true,"href":"https:\/\/franciscanos.org.br\/noticias\/wp-json\/wp\/v2\/users\/1"}],"replies":[{"embeddable":true,"href":"https:\/\/franciscanos.org.br\/noticias\/wp-json\/wp\/v2\/comments?post=120877"}],"version-history":[{"count":0,"href":"https:\/\/franciscanos.org.br\/noticias\/wp-json\/wp\/v2\/posts\/120877\/revisions"}],"wp:featuredmedia":[{"embeddable":true,"href":"https:\/\/franciscanos.org.br\/noticias\/wp-json\/wp\/v2\/media\/218639"}],"wp:attachment":[{"href":"https:\/\/franciscanos.org.br\/noticias\/wp-json\/wp\/v2\/media?parent=120877"}],"wp:term":[{"taxonomy":"category","embeddable":true,"href":"https:\/\/franciscanos.org.br\/noticias\/wp-json\/wp\/v2\/categories?post=120877"},{"taxonomy":"post_tag","embeddable":true,"href":"https:\/\/franciscanos.org.br\/noticias\/wp-json\/wp\/v2\/tags?post=120877"}],"curies":[{"name":"wp","href":"https:\/\/api.w.org\/{rel}","templated":true}]}}