{"id":12086,"date":"2012-02-16T07:17:55","date_gmt":"2012-02-16T09:17:55","guid":{"rendered":"http:\/\/new.franciscanos.org.br\/?p=12086"},"modified":"2021-07-13T09:42:26","modified_gmt":"2021-07-13T12:42:26","slug":"miudos-do-projeto-bola-da-paz-participam-do-campeonato-gira-bairro","status":"publish","type":"post","link":"https:\/\/franciscanos.org.br\/noticias\/miudos-do-projeto-bola-da-paz-participam-do-campeonato-gira-bairro.html","title":{"rendered":"Projeto Bola da Paz participa do Campeonato Gira-Bairro"},"content":{"rendered":"<p><strong>Frei Fabio Jos\u00e9 Gomes<\/strong><\/p>\n<p><strong><a href=\"http:\/\/franciscanos.org.br\/wp-content\/uploads\/2012\/02\/miudos_2_g1602.jpg\"><img loading=\"lazy\" class=\"alignright size-full wp-image-12087\" title=\"Projeto Bola da Paz\" src=\"http:\/\/franciscanos.org.br\/wp-content\/uploads\/2012\/02\/miudos_2_g1602.jpg\" alt=\"\" width=\"400\" height=\"300\" \/><\/a>Luanda (Angola)<\/strong> &#8211; Os mi\u00fados (como se chamam os meninos em Angola)\u00a0 do Projeto Bola da Paz se reuniram, no s\u00e1bado (11\/02) para a abertura do Campeonato Gira-Bairro \u201cTa\u00e7a do Presidente\u201d. Organizado pelo\u00a0 Movimento Nacional Espont\u00e2neo, que tem como lema \u201cNova vis\u00e3o social sobre as comunidades\u201d, o campeonato procura incentivar o desporto nos bairros,\u00a0 afim de que crian\u00e7as e adolescentes mostrem o seu talento.<\/p>\n<p>Com a participa\u00e7\u00e3o de 77 equipes de diversos munic\u00edpios da grande Luanda, o campeonato ter\u00e1 propor\u00e7\u00f5es de competi\u00e7\u00e3o profissional. Na primeira fase, as equipes v\u00e3o se enfrentar em seus munic\u00edpios, onde v\u00e3o sair os dois melhores e assim formar uma fase final.<\/p>\n<p>A participa\u00e7\u00e3o do Projeto Bola da Paz partiu de iniciativa do instrutor Maur\u00edcio Mateus e das pr\u00f3prias crian\u00e7as que pediam\u00a0 por este campeonato.<\/p>\n<p><a href=\"http:\/\/franciscanos.org.br\/wp-content\/uploads\/2012\/02\/miudos_g1602.jpg\"><img loading=\"lazy\" class=\"alignleft size-full wp-image-12088\" title=\"Angola - Bola da Paz\" src=\"http:\/\/franciscanos.org.br\/wp-content\/uploads\/2012\/02\/miudos_g1602.jpg\" alt=\"\" width=\"400\" height=\"300\" \/><\/a>Momento bonito foi o desfile das equipes com suas bandeiras e uniformes fazendo a apresenta\u00e7\u00e3o para as autoridades presentes, imprensa e comunidade local.\u00a0 Ap\u00f3s apresenta\u00e7\u00e3o teve inicio o\u00a0 jogo entre Atl\u00e9tico de Icolo Bengo e\u00a0 Domant Futebol Clube,\u00a0 com ponta p\u00e9 inicial do vice ministro do desporto e juventude Job Capapinha.<\/p>\n<p>Nessa perspectiva, fica alegria de ver uma boa iniciativa com milhares de crian\u00e7as envolvidas na pr\u00e1tica do desporto, algo que faz muito bem para a vida pessoal e social dessas crian\u00e7as.<\/p>\n","protected":false},"excerpt":{"rendered":"<p>Miss\u00e3o de Angola<\/p>\n","protected":false},"author":1,"featured_media":210893,"comment_status":"closed","ping_status":"open","sticky":false,"template":"","format":"standard","meta":[],"categories":[1],"tags":[109,122],"acf":[],"yoast_head":"<!-- This site is optimized with the Yoast SEO plugin v19.2 - https:\/\/yoast.com\/wordpress\/plugins\/seo\/ -->\n<title>Projeto Bola da Paz participa do Campeonato Gira-Bairro - Not\u00edcias - Franciscanos<\/title>\n<meta name=\"robots\" content=\"index, follow, max-snippet:-1, max-image-preview:large, max-video-preview:-1\" \/>\n<link rel=\"canonical\" href=\"https:\/\/franciscanos.org.br\/noticias\/miudos-do-projeto-bola-da-paz-participam-do-campeonato-gira-bairro.html\" \/>\n<meta property=\"og:locale\" content=\"pt_BR\" \/>\n<meta property=\"og:type\" content=\"article\" \/>\n<meta property=\"og:title\" content=\"Projeto Bola da Paz participa do Campeonato Gira-Bairro - Not\u00edcias - Franciscanos\" \/>\n<meta property=\"og:description\" content=\"Miss\u00e3o de Angola\" \/>\n<meta property=\"og:url\" content=\"https:\/\/franciscanos.org.br\/noticias\/miudos-do-projeto-bola-da-paz-participam-do-campeonato-gira-bairro.html\" \/>\n<meta property=\"og:site_name\" content=\"Not\u00edcias - Franciscanos\" \/>\n<meta property=\"article:published_time\" content=\"2012-02-16T09:17:55+00:00\" \/>\n<meta property=\"article:modified_time\" content=\"2021-07-13T12:42:26+00:00\" \/>\n<meta property=\"og:image\" content=\"https:\/\/franciscanos.org.br\/noticias\/wp-content\/uploads\/2012\/02\/miudos_2_g1602.jpg\" \/>\n\t<meta property=\"og:image:width\" content=\"273\" \/>\n\t<meta property=\"og:image:height\" content=\"182\" \/>\n\t<meta property=\"og:image:type\" content=\"image\/jpeg\" \/>\n<meta name=\"author\" content=\"admin\" \/>\n<meta name=\"twitter:card\" content=\"summary_large_image\" \/>\n<meta name=\"twitter:label1\" content=\"Escrito por\" \/>\n\t<meta name=\"twitter:data1\" content=\"admin\" \/>\n\t<meta name=\"twitter:label2\" content=\"Est. tempo de leitura\" \/>\n\t<meta name=\"twitter:data2\" content=\"1 minuto\" \/>\n<script type=\"application\/ld+json\" class=\"yoast-schema-graph\">{\"@context\":\"https:\/\/schema.org\",\"@graph\":[{\"@type\":\"WebSite\",\"@id\":\"https:\/\/franciscanos.org.br\/noticias\/#website\",\"url\":\"https:\/\/franciscanos.org.br\/noticias\/\",\"name\":\"Not\u00edcias - Franciscanos\",\"description\":\"Prov\u00edncia Franciscana da Imaculada Concei\u00e7\u00e3o do Brasil - Ordem dos Frades Menores - OFM\",\"potentialAction\":[{\"@type\":\"SearchAction\",\"target\":{\"@type\":\"EntryPoint\",\"urlTemplate\":\"https:\/\/franciscanos.org.br\/noticias\/?s={search_term_string}\"},\"query-input\":\"required name=search_term_string\"}],\"inLanguage\":\"pt-BR\"},{\"@type\":\"ImageObject\",\"inLanguage\":\"pt-BR\",\"@id\":\"https:\/\/franciscanos.org.br\/noticias\/miudos-do-projeto-bola-da-paz-participam-do-campeonato-gira-bairro.html#primaryimage\",\"url\":\"https:\/\/franciscanos.org.br\/noticias\/wp-content\/uploads\/2012\/02\/miudos_2_g1602.jpg\",\"contentUrl\":\"https:\/\/franciscanos.org.br\/noticias\/wp-content\/uploads\/2012\/02\/miudos_2_g1602.jpg\",\"width\":273,\"height\":182},{\"@type\":\"WebPage\",\"@id\":\"https:\/\/franciscanos.org.br\/noticias\/miudos-do-projeto-bola-da-paz-participam-do-campeonato-gira-bairro.html#webpage\",\"url\":\"https:\/\/franciscanos.org.br\/noticias\/miudos-do-projeto-bola-da-paz-participam-do-campeonato-gira-bairro.html\",\"name\":\"Projeto Bola da Paz participa do Campeonato Gira-Bairro - Not\u00edcias - Franciscanos\",\"isPartOf\":{\"@id\":\"https:\/\/franciscanos.org.br\/noticias\/#website\"},\"primaryImageOfPage\":{\"@id\":\"https:\/\/franciscanos.org.br\/noticias\/miudos-do-projeto-bola-da-paz-participam-do-campeonato-gira-bairro.html#primaryimage\"},\"datePublished\":\"2012-02-16T09:17:55+00:00\",\"dateModified\":\"2021-07-13T12:42:26+00:00\",\"author\":{\"@id\":\"https:\/\/franciscanos.org.br\/noticias\/#\/schema\/person\/b38fbf43118f02820bd932f2e4b14ad3\"},\"breadcrumb\":{\"@id\":\"https:\/\/franciscanos.org.br\/noticias\/miudos-do-projeto-bola-da-paz-participam-do-campeonato-gira-bairro.html#breadcrumb\"},\"inLanguage\":\"pt-BR\",\"potentialAction\":[{\"@type\":\"ReadAction\",\"target\":[\"https:\/\/franciscanos.org.br\/noticias\/miudos-do-projeto-bola-da-paz-participam-do-campeonato-gira-bairro.html\"]}]},{\"@type\":\"BreadcrumbList\",\"@id\":\"https:\/\/franciscanos.org.br\/noticias\/miudos-do-projeto-bola-da-paz-participam-do-campeonato-gira-bairro.html#breadcrumb\",\"itemListElement\":[{\"@type\":\"ListItem\",\"position\":1,\"name\":\"Home\",\"item\":\"https:\/\/franciscanos.org.br\/noticias\"},{\"@type\":\"ListItem\",\"position\":2,\"name\":\"Projeto Bola da Paz participa do Campeonato Gira-Bairro\"}]},{\"@type\":\"Person\",\"@id\":\"https:\/\/franciscanos.org.br\/noticias\/#\/schema\/person\/b38fbf43118f02820bd932f2e4b14ad3\",\"name\":\"admin\",\"image\":{\"@type\":\"ImageObject\",\"inLanguage\":\"pt-BR\",\"@id\":\"https:\/\/franciscanos.org.br\/noticias\/#\/schema\/person\/image\/\",\"url\":\"https:\/\/secure.gravatar.com\/avatar\/e8495742d34d0ba6448ea1c628263b3e?s=96&d=mm&r=g\",\"contentUrl\":\"https:\/\/secure.gravatar.com\/avatar\/e8495742d34d0ba6448ea1c628263b3e?s=96&d=mm&r=g\",\"caption\":\"admin\"},\"url\":\"https:\/\/franciscanos.org.br\/noticias\/author\/admin\"}]}<\/script>\n<!-- \/ Yoast SEO plugin. -->","yoast_head_json":{"title":"Projeto Bola da Paz participa do Campeonato Gira-Bairro - Not\u00edcias - Franciscanos","robots":{"index":"index","follow":"follow","max-snippet":"max-snippet:-1","max-image-preview":"max-image-preview:large","max-video-preview":"max-video-preview:-1"},"canonical":"https:\/\/franciscanos.org.br\/noticias\/miudos-do-projeto-bola-da-paz-participam-do-campeonato-gira-bairro.html","og_locale":"pt_BR","og_type":"article","og_title":"Projeto Bola da Paz participa do Campeonato Gira-Bairro - Not\u00edcias - Franciscanos","og_description":"Miss\u00e3o de Angola","og_url":"https:\/\/franciscanos.org.br\/noticias\/miudos-do-projeto-bola-da-paz-participam-do-campeonato-gira-bairro.html","og_site_name":"Not\u00edcias - Franciscanos","article_published_time":"2012-02-16T09:17:55+00:00","article_modified_time":"2021-07-13T12:42:26+00:00","og_image":[{"width":273,"height":182,"url":"https:\/\/franciscanos.org.br\/noticias\/wp-content\/uploads\/2012\/02\/miudos_2_g1602.jpg","type":"image\/jpeg"}],"author":"admin","twitter_card":"summary_large_image","twitter_misc":{"Escrito por":"admin","Est. tempo de leitura":"1 minuto"},"schema":{"@context":"https:\/\/schema.org","@graph":[{"@type":"WebSite","@id":"https:\/\/franciscanos.org.br\/noticias\/#website","url":"https:\/\/franciscanos.org.br\/noticias\/","name":"Not\u00edcias - Franciscanos","description":"Prov\u00edncia Franciscana da Imaculada Concei\u00e7\u00e3o do Brasil - Ordem dos Frades Menores - OFM","potentialAction":[{"@type":"SearchAction","target":{"@type":"EntryPoint","urlTemplate":"https:\/\/franciscanos.org.br\/noticias\/?s={search_term_string}"},"query-input":"required name=search_term_string"}],"inLanguage":"pt-BR"},{"@type":"ImageObject","inLanguage":"pt-BR","@id":"https:\/\/franciscanos.org.br\/noticias\/miudos-do-projeto-bola-da-paz-participam-do-campeonato-gira-bairro.html#primaryimage","url":"https:\/\/franciscanos.org.br\/noticias\/wp-content\/uploads\/2012\/02\/miudos_2_g1602.jpg","contentUrl":"https:\/\/franciscanos.org.br\/noticias\/wp-content\/uploads\/2012\/02\/miudos_2_g1602.jpg","width":273,"height":182},{"@type":"WebPage","@id":"https:\/\/franciscanos.org.br\/noticias\/miudos-do-projeto-bola-da-paz-participam-do-campeonato-gira-bairro.html#webpage","url":"https:\/\/franciscanos.org.br\/noticias\/miudos-do-projeto-bola-da-paz-participam-do-campeonato-gira-bairro.html","name":"Projeto Bola da Paz participa do Campeonato Gira-Bairro - Not\u00edcias - Franciscanos","isPartOf":{"@id":"https:\/\/franciscanos.org.br\/noticias\/#website"},"primaryImageOfPage":{"@id":"https:\/\/franciscanos.org.br\/noticias\/miudos-do-projeto-bola-da-paz-participam-do-campeonato-gira-bairro.html#primaryimage"},"datePublished":"2012-02-16T09:17:55+00:00","dateModified":"2021-07-13T12:42:26+00:00","author":{"@id":"https:\/\/franciscanos.org.br\/noticias\/#\/schema\/person\/b38fbf43118f02820bd932f2e4b14ad3"},"breadcrumb":{"@id":"https:\/\/franciscanos.org.br\/noticias\/miudos-do-projeto-bola-da-paz-participam-do-campeonato-gira-bairro.html#breadcrumb"},"inLanguage":"pt-BR","potentialAction":[{"@type":"ReadAction","target":["https:\/\/franciscanos.org.br\/noticias\/miudos-do-projeto-bola-da-paz-participam-do-campeonato-gira-bairro.html"]}]},{"@type":"BreadcrumbList","@id":"https:\/\/franciscanos.org.br\/noticias\/miudos-do-projeto-bola-da-paz-participam-do-campeonato-gira-bairro.html#breadcrumb","itemListElement":[{"@type":"ListItem","position":1,"name":"Home","item":"https:\/\/franciscanos.org.br\/noticias"},{"@type":"ListItem","position":2,"name":"Projeto Bola da Paz participa do Campeonato Gira-Bairro"}]},{"@type":"Person","@id":"https:\/\/franciscanos.org.br\/noticias\/#\/schema\/person\/b38fbf43118f02820bd932f2e4b14ad3","name":"admin","image":{"@type":"ImageObject","inLanguage":"pt-BR","@id":"https:\/\/franciscanos.org.br\/noticias\/#\/schema\/person\/image\/","url":"https:\/\/secure.gravatar.com\/avatar\/e8495742d34d0ba6448ea1c628263b3e?s=96&d=mm&r=g","contentUrl":"https:\/\/secure.gravatar.com\/avatar\/e8495742d34d0ba6448ea1c628263b3e?s=96&d=mm&r=g","caption":"admin"},"url":"https:\/\/franciscanos.org.br\/noticias\/author\/admin"}]}},"_links":{"self":[{"href":"https:\/\/franciscanos.org.br\/noticias\/wp-json\/wp\/v2\/posts\/12086"}],"collection":[{"href":"https:\/\/franciscanos.org.br\/noticias\/wp-json\/wp\/v2\/posts"}],"about":[{"href":"https:\/\/franciscanos.org.br\/noticias\/wp-json\/wp\/v2\/types\/post"}],"author":[{"embeddable":true,"href":"https:\/\/franciscanos.org.br\/noticias\/wp-json\/wp\/v2\/users\/1"}],"replies":[{"embeddable":true,"href":"https:\/\/franciscanos.org.br\/noticias\/wp-json\/wp\/v2\/comments?post=12086"}],"version-history":[{"count":2,"href":"https:\/\/franciscanos.org.br\/noticias\/wp-json\/wp\/v2\/posts\/12086\/revisions"}],"predecessor-version":[{"id":233079,"href":"https:\/\/franciscanos.org.br\/noticias\/wp-json\/wp\/v2\/posts\/12086\/revisions\/233079"}],"wp:featuredmedia":[{"embeddable":true,"href":"https:\/\/franciscanos.org.br\/noticias\/wp-json\/wp\/v2\/media\/210893"}],"wp:attachment":[{"href":"https:\/\/franciscanos.org.br\/noticias\/wp-json\/wp\/v2\/media?parent=12086"}],"wp:term":[{"taxonomy":"category","embeddable":true,"href":"https:\/\/franciscanos.org.br\/noticias\/wp-json\/wp\/v2\/categories?post=12086"},{"taxonomy":"post_tag","embeddable":true,"href":"https:\/\/franciscanos.org.br\/noticias\/wp-json\/wp\/v2\/tags?post=12086"}],"curies":[{"name":"wp","href":"https:\/\/api.w.org\/{rel}","templated":true}]}}