{"id":120754,"date":"2016-11-22T09:19:50","date_gmt":"2016-11-22T11:19:50","guid":{"rendered":"http:\/\/franciscanos.org.br\/?p=120754"},"modified":"2020-06-09T12:43:21","modified_gmt":"2020-06-09T15:43:21","slug":"abandonar-a-alienacao-para-pensar-seriamente-na-nossa-morte","status":"publish","type":"post","link":"https:\/\/franciscanos.org.br\/noticias\/abandonar-a-alienacao-para-pensar-seriamente-na-nossa-morte.html","title":{"rendered":"Abandonar a aliena\u00e7\u00e3o para pensar sobre a morte"},"content":{"rendered":"<p><img loading=\"lazy\" src=\"http:\/\/franciscanos.org.br\/wp-content\/uploads\/2016\/11\/papa_2211161.jpg\" alt=\"papa_221116\" width=\"830\" height=\"450\" \/><br \/>\n<strong>Cidade do Vaticano<\/strong> &#8211; Evitar a aliena\u00e7\u00e3o do viver, isto \u00e9, como se jamais f\u00f4ssemos morrer: foi a advert\u00eancia feita pelo Papa Francisco na missa celebrada na manh\u00e3 de ter\u00e7a-feira, 22, na capela da Casa Santa Marta.<\/p>\n<p>O Papa interpretou a reflex\u00e3o com a qual a Igreja conduz a \u00faltima semana do Ano Lit\u00fargico como \u201cum chamado do Senhor para pensar seriamente no fim, no fim de cada um de n\u00f3s, porque cada um de n\u00f3s ter\u00e1 o seu fim\u201d.<\/p>\n<p><strong>Cada um de n\u00f3s ter\u00e1 seu fim: pensemos no rastro que deixaremos<\/strong><br \/>\n\u201cN\u00e3o gosta de pensar nessas coisas\u201d, observou, \u201cmas ali est\u00e1 a verdade\u201d. \u201cE quando um de n\u00f3s ter\u00e1 ido embora, passar\u00e3o anos e quase ningu\u00e9m se lembrar\u00e1\u201d. Eu tenho \u201cuma \u2018agenda\u201d, revela Francisco, \u201conde escrevo quando uma pessoa morre\u201d e todos os dias vejo aquela \u201crecorr\u00eancia\u201d e \u201ccomo o tempo passou\u201d. \u201cE isso nos obriga\u201d, \u201ca pensar no que deixaremos, qual \u00e9 o \u201crastro\u201d da nossa vida. E depois no final, como se l\u00ea no trecho de hoje do Apocalipse de Jo\u00e3o, haver\u00e1 o ju\u00edzo para cada um de n\u00f3s: \u201cE nos far\u00e1 bem pensar: \u201cMas como ser\u00e1 o dia em que eu estarei diante de Jesus? Quando Ele me perguntar\u00e1 sobre os talentos que me deu, que uso fiz deles; quando ele me perguntar\u00e1 como estava o meu cora\u00e7\u00e3o quando a semente caiu, como foi o caminho, os espinhos: essas Par\u00e1bolas do Reino de Deus. Como recebi a Palavra? Com cora\u00e7\u00e3o aberto? Eu a fiz germinar para o bem de todos ou a escondi?\u201d<\/p>\n<p><strong>Todos seremos julgados: n\u00e3o se deixar enganar pelas coisas superficiais<\/strong><br \/>\nCada um de n\u00f3s, portanto, estar\u00e1 diante de Jesus no dia do ju\u00edzo, ent\u00e3o \u2013 advertiu o Papa retomando as palavras do Evangelho de Lucas, \u201cn\u00e3o os deixe enganar\u201d. E a engana\u00e7\u00e3o de que fala \u00e9 \u201caliena\u00e7\u00e3o\u201d, \u201co estranhamento\u201d, a engana\u00e7\u00e3o das \u201ccoisas que s\u00e3o superficiais, que n\u00e3o t\u00eam transcend\u00eancia\u201d, de \u201cviver como se jamais f\u00f4ssemos morrer\u201d. \u201cQuando vir\u00e1 o Senhor\u201d, como me encontrar\u00e1? Esperando ou em meio a tantas aliena\u00e7\u00f5es da vida?<\/p>\n<p>\u201cEu me lembro quando era crian\u00e7a e fazia catecismo, nos ensinavam quatro coisas: morte, ju\u00edzo, inferno ou gl\u00f3ria. Depois do ju\u00edzo havia esta possibilidade. \u2018Mas Pai, isto \u00e9 para nos assustar&#8230;\u2019 \u2013 \u2018N\u00e3o, \u00e9 a verdade! Porque se n\u00e3o cuidares do cora\u00e7\u00e3o para que o Senhor esteja contigo e vives afastado sempre do Senhor, talvez haja o perigo, o risco de continuar afastado da eternidade do Senhor\u2019. \u00c9 horr\u00edvel isso!\u201d.<\/p>\n<p>\u201cN\u00e3o teremos medo da morte se formos fi\u00e9is ao Senhor no momento de prestar contas. E concluindo, Francisco se inspira na leitura do Apocalipse de Jo\u00e3o; no conselho do Ap\u00f3stolo: \u2018Seja fiel at\u00e9 a morte \u2013 diz o Senhor \u2013 e te darei a coroa da vida\u2019\u201d.<\/p>\n<p>\u201cA fidelidade ao Senhor n\u00e3o desilude. Se cada um de n\u00f3s for fiel ao Senhor, quando a morte chegar, diremos como Francisco: \u2018vinde, irm\u00e3 morte\u2019&#8230; Ela n\u00e3o nos assustar\u00e1. E quando ser\u00e1 o dia do ju\u00edzo, diremos ao Senhor: \u2018Senhor, tenho tantos pecados, mas tentei ser fiel\u2019. E o Senhor \u00e9 bom. Este \u00e9 o conselho que lhes dou: \u2018Sejam fi\u00e9is at\u00e9 a morte e lhes darei a coroa da vida\u2019. Com esta fidelidade n\u00e3o teremos medo no fim, n\u00e3o teremos medo no dia do ju\u00edzo\u201d.<\/p>\n<hr \/>\n<p><em>Fonte: R\u00e1dio Vaticano<\/em><\/p>\n","protected":false},"excerpt":{"rendered":"<p>Missa em Santa Marta<\/p>\n","protected":false},"author":1,"featured_media":222063,"comment_status":"open","ping_status":"open","sticky":false,"template":"","format":"standard","meta":[],"categories":[1428],"tags":[1586],"acf":[],"yoast_head":"<!-- This site is optimized with the Yoast SEO plugin v19.2 - https:\/\/yoast.com\/wordpress\/plugins\/seo\/ -->\n<title>Abandonar a aliena\u00e7\u00e3o para pensar sobre a morte - Not\u00edcias - Franciscanos<\/title>\n<meta name=\"robots\" content=\"index, follow, max-snippet:-1, max-image-preview:large, max-video-preview:-1\" \/>\n<link rel=\"canonical\" href=\"https:\/\/franciscanos.org.br\/noticias\/abandonar-a-alienacao-para-pensar-seriamente-na-nossa-morte.html\" \/>\n<meta property=\"og:locale\" content=\"pt_BR\" \/>\n<meta property=\"og:type\" content=\"article\" \/>\n<meta property=\"og:title\" content=\"Abandonar a aliena\u00e7\u00e3o para pensar sobre a morte - Not\u00edcias - Franciscanos\" \/>\n<meta property=\"og:description\" content=\"Missa em Santa Marta\" \/>\n<meta property=\"og:url\" content=\"https:\/\/franciscanos.org.br\/noticias\/abandonar-a-alienacao-para-pensar-seriamente-na-nossa-morte.html\" \/>\n<meta property=\"og:site_name\" content=\"Not\u00edcias - Franciscanos\" \/>\n<meta property=\"article:published_time\" content=\"2016-11-22T11:19:50+00:00\" \/>\n<meta property=\"article:modified_time\" content=\"2020-06-09T15:43:21+00:00\" \/>\n<meta property=\"og:image\" content=\"https:\/\/franciscanos.org.br\/noticias\/wp-content\/uploads\/2016\/11\/papa_2211161.jpg\" \/>\n\t<meta property=\"og:image:width\" content=\"273\" \/>\n\t<meta property=\"og:image:height\" content=\"181\" \/>\n\t<meta property=\"og:image:type\" content=\"image\/jpeg\" \/>\n<meta name=\"author\" content=\"admin\" \/>\n<meta name=\"twitter:card\" content=\"summary_large_image\" \/>\n<meta name=\"twitter:label1\" content=\"Escrito por\" \/>\n\t<meta name=\"twitter:data1\" content=\"admin\" \/>\n\t<meta name=\"twitter:label2\" content=\"Est. tempo de leitura\" \/>\n\t<meta name=\"twitter:data2\" content=\"3 minutos\" \/>\n<script type=\"application\/ld+json\" class=\"yoast-schema-graph\">{\"@context\":\"https:\/\/schema.org\",\"@graph\":[{\"@type\":\"WebSite\",\"@id\":\"https:\/\/franciscanos.org.br\/noticias\/#website\",\"url\":\"https:\/\/franciscanos.org.br\/noticias\/\",\"name\":\"Not\u00edcias - Franciscanos\",\"description\":\"Prov\u00edncia Franciscana da Imaculada Concei\u00e7\u00e3o do Brasil - Ordem dos Frades Menores - OFM\",\"potentialAction\":[{\"@type\":\"SearchAction\",\"target\":{\"@type\":\"EntryPoint\",\"urlTemplate\":\"https:\/\/franciscanos.org.br\/noticias\/?s={search_term_string}\"},\"query-input\":\"required name=search_term_string\"}],\"inLanguage\":\"pt-BR\"},{\"@type\":\"ImageObject\",\"inLanguage\":\"pt-BR\",\"@id\":\"https:\/\/franciscanos.org.br\/noticias\/abandonar-a-alienacao-para-pensar-seriamente-na-nossa-morte.html#primaryimage\",\"url\":\"https:\/\/franciscanos.org.br\/noticias\/wp-content\/uploads\/2016\/11\/papa_2211161.jpg\",\"contentUrl\":\"https:\/\/franciscanos.org.br\/noticias\/wp-content\/uploads\/2016\/11\/papa_2211161.jpg\",\"width\":273,\"height\":181},{\"@type\":\"WebPage\",\"@id\":\"https:\/\/franciscanos.org.br\/noticias\/abandonar-a-alienacao-para-pensar-seriamente-na-nossa-morte.html#webpage\",\"url\":\"https:\/\/franciscanos.org.br\/noticias\/abandonar-a-alienacao-para-pensar-seriamente-na-nossa-morte.html\",\"name\":\"Abandonar a aliena\u00e7\u00e3o para pensar sobre a morte - Not\u00edcias - Franciscanos\",\"isPartOf\":{\"@id\":\"https:\/\/franciscanos.org.br\/noticias\/#website\"},\"primaryImageOfPage\":{\"@id\":\"https:\/\/franciscanos.org.br\/noticias\/abandonar-a-alienacao-para-pensar-seriamente-na-nossa-morte.html#primaryimage\"},\"datePublished\":\"2016-11-22T11:19:50+00:00\",\"dateModified\":\"2020-06-09T15:43:21+00:00\",\"author\":{\"@id\":\"https:\/\/franciscanos.org.br\/noticias\/#\/schema\/person\/b38fbf43118f02820bd932f2e4b14ad3\"},\"breadcrumb\":{\"@id\":\"https:\/\/franciscanos.org.br\/noticias\/abandonar-a-alienacao-para-pensar-seriamente-na-nossa-morte.html#breadcrumb\"},\"inLanguage\":\"pt-BR\",\"potentialAction\":[{\"@type\":\"ReadAction\",\"target\":[\"https:\/\/franciscanos.org.br\/noticias\/abandonar-a-alienacao-para-pensar-seriamente-na-nossa-morte.html\"]}]},{\"@type\":\"BreadcrumbList\",\"@id\":\"https:\/\/franciscanos.org.br\/noticias\/abandonar-a-alienacao-para-pensar-seriamente-na-nossa-morte.html#breadcrumb\",\"itemListElement\":[{\"@type\":\"ListItem\",\"position\":1,\"name\":\"Home\",\"item\":\"https:\/\/franciscanos.org.br\/noticias\"},{\"@type\":\"ListItem\",\"position\":2,\"name\":\"Abandonar a aliena\u00e7\u00e3o para pensar sobre a morte\"}]},{\"@type\":\"Person\",\"@id\":\"https:\/\/franciscanos.org.br\/noticias\/#\/schema\/person\/b38fbf43118f02820bd932f2e4b14ad3\",\"name\":\"admin\",\"image\":{\"@type\":\"ImageObject\",\"inLanguage\":\"pt-BR\",\"@id\":\"https:\/\/franciscanos.org.br\/noticias\/#\/schema\/person\/image\/\",\"url\":\"https:\/\/secure.gravatar.com\/avatar\/e8495742d34d0ba6448ea1c628263b3e?s=96&d=mm&r=g\",\"contentUrl\":\"https:\/\/secure.gravatar.com\/avatar\/e8495742d34d0ba6448ea1c628263b3e?s=96&d=mm&r=g\",\"caption\":\"admin\"},\"url\":\"https:\/\/franciscanos.org.br\/noticias\/author\/admin\"}]}<\/script>\n<!-- \/ Yoast SEO plugin. -->","yoast_head_json":{"title":"Abandonar a aliena\u00e7\u00e3o para pensar sobre a morte - Not\u00edcias - Franciscanos","robots":{"index":"index","follow":"follow","max-snippet":"max-snippet:-1","max-image-preview":"max-image-preview:large","max-video-preview":"max-video-preview:-1"},"canonical":"https:\/\/franciscanos.org.br\/noticias\/abandonar-a-alienacao-para-pensar-seriamente-na-nossa-morte.html","og_locale":"pt_BR","og_type":"article","og_title":"Abandonar a aliena\u00e7\u00e3o para pensar sobre a morte - Not\u00edcias - Franciscanos","og_description":"Missa em Santa Marta","og_url":"https:\/\/franciscanos.org.br\/noticias\/abandonar-a-alienacao-para-pensar-seriamente-na-nossa-morte.html","og_site_name":"Not\u00edcias - Franciscanos","article_published_time":"2016-11-22T11:19:50+00:00","article_modified_time":"2020-06-09T15:43:21+00:00","og_image":[{"width":273,"height":181,"url":"https:\/\/franciscanos.org.br\/noticias\/wp-content\/uploads\/2016\/11\/papa_2211161.jpg","type":"image\/jpeg"}],"author":"admin","twitter_card":"summary_large_image","twitter_misc":{"Escrito por":"admin","Est. tempo de leitura":"3 minutos"},"schema":{"@context":"https:\/\/schema.org","@graph":[{"@type":"WebSite","@id":"https:\/\/franciscanos.org.br\/noticias\/#website","url":"https:\/\/franciscanos.org.br\/noticias\/","name":"Not\u00edcias - Franciscanos","description":"Prov\u00edncia Franciscana da Imaculada Concei\u00e7\u00e3o do Brasil - Ordem dos Frades Menores - OFM","potentialAction":[{"@type":"SearchAction","target":{"@type":"EntryPoint","urlTemplate":"https:\/\/franciscanos.org.br\/noticias\/?s={search_term_string}"},"query-input":"required name=search_term_string"}],"inLanguage":"pt-BR"},{"@type":"ImageObject","inLanguage":"pt-BR","@id":"https:\/\/franciscanos.org.br\/noticias\/abandonar-a-alienacao-para-pensar-seriamente-na-nossa-morte.html#primaryimage","url":"https:\/\/franciscanos.org.br\/noticias\/wp-content\/uploads\/2016\/11\/papa_2211161.jpg","contentUrl":"https:\/\/franciscanos.org.br\/noticias\/wp-content\/uploads\/2016\/11\/papa_2211161.jpg","width":273,"height":181},{"@type":"WebPage","@id":"https:\/\/franciscanos.org.br\/noticias\/abandonar-a-alienacao-para-pensar-seriamente-na-nossa-morte.html#webpage","url":"https:\/\/franciscanos.org.br\/noticias\/abandonar-a-alienacao-para-pensar-seriamente-na-nossa-morte.html","name":"Abandonar a aliena\u00e7\u00e3o para pensar sobre a morte - Not\u00edcias - Franciscanos","isPartOf":{"@id":"https:\/\/franciscanos.org.br\/noticias\/#website"},"primaryImageOfPage":{"@id":"https:\/\/franciscanos.org.br\/noticias\/abandonar-a-alienacao-para-pensar-seriamente-na-nossa-morte.html#primaryimage"},"datePublished":"2016-11-22T11:19:50+00:00","dateModified":"2020-06-09T15:43:21+00:00","author":{"@id":"https:\/\/franciscanos.org.br\/noticias\/#\/schema\/person\/b38fbf43118f02820bd932f2e4b14ad3"},"breadcrumb":{"@id":"https:\/\/franciscanos.org.br\/noticias\/abandonar-a-alienacao-para-pensar-seriamente-na-nossa-morte.html#breadcrumb"},"inLanguage":"pt-BR","potentialAction":[{"@type":"ReadAction","target":["https:\/\/franciscanos.org.br\/noticias\/abandonar-a-alienacao-para-pensar-seriamente-na-nossa-morte.html"]}]},{"@type":"BreadcrumbList","@id":"https:\/\/franciscanos.org.br\/noticias\/abandonar-a-alienacao-para-pensar-seriamente-na-nossa-morte.html#breadcrumb","itemListElement":[{"@type":"ListItem","position":1,"name":"Home","item":"https:\/\/franciscanos.org.br\/noticias"},{"@type":"ListItem","position":2,"name":"Abandonar a aliena\u00e7\u00e3o para pensar sobre a morte"}]},{"@type":"Person","@id":"https:\/\/franciscanos.org.br\/noticias\/#\/schema\/person\/b38fbf43118f02820bd932f2e4b14ad3","name":"admin","image":{"@type":"ImageObject","inLanguage":"pt-BR","@id":"https:\/\/franciscanos.org.br\/noticias\/#\/schema\/person\/image\/","url":"https:\/\/secure.gravatar.com\/avatar\/e8495742d34d0ba6448ea1c628263b3e?s=96&d=mm&r=g","contentUrl":"https:\/\/secure.gravatar.com\/avatar\/e8495742d34d0ba6448ea1c628263b3e?s=96&d=mm&r=g","caption":"admin"},"url":"https:\/\/franciscanos.org.br\/noticias\/author\/admin"}]}},"_links":{"self":[{"href":"https:\/\/franciscanos.org.br\/noticias\/wp-json\/wp\/v2\/posts\/120754"}],"collection":[{"href":"https:\/\/franciscanos.org.br\/noticias\/wp-json\/wp\/v2\/posts"}],"about":[{"href":"https:\/\/franciscanos.org.br\/noticias\/wp-json\/wp\/v2\/types\/post"}],"author":[{"embeddable":true,"href":"https:\/\/franciscanos.org.br\/noticias\/wp-json\/wp\/v2\/users\/1"}],"replies":[{"embeddable":true,"href":"https:\/\/franciscanos.org.br\/noticias\/wp-json\/wp\/v2\/comments?post=120754"}],"version-history":[{"count":2,"href":"https:\/\/franciscanos.org.br\/noticias\/wp-json\/wp\/v2\/posts\/120754\/revisions"}],"predecessor-version":[{"id":225530,"href":"https:\/\/franciscanos.org.br\/noticias\/wp-json\/wp\/v2\/posts\/120754\/revisions\/225530"}],"wp:featuredmedia":[{"embeddable":true,"href":"https:\/\/franciscanos.org.br\/noticias\/wp-json\/wp\/v2\/media\/222063"}],"wp:attachment":[{"href":"https:\/\/franciscanos.org.br\/noticias\/wp-json\/wp\/v2\/media?parent=120754"}],"wp:term":[{"taxonomy":"category","embeddable":true,"href":"https:\/\/franciscanos.org.br\/noticias\/wp-json\/wp\/v2\/categories?post=120754"},{"taxonomy":"post_tag","embeddable":true,"href":"https:\/\/franciscanos.org.br\/noticias\/wp-json\/wp\/v2\/tags?post=120754"}],"curies":[{"name":"wp","href":"https:\/\/api.w.org\/{rel}","templated":true}]}}