{"id":12071,"date":"2012-02-15T09:01:50","date_gmt":"2012-02-15T11:01:50","guid":{"rendered":"http:\/\/new.franciscanos.org.br\/?p=12071"},"modified":"2020-03-19T11:40:18","modified_gmt":"2020-03-19T14:40:18","slug":"mensagem-do-congresso-das-clarissas-encerrado-na-porciuncula","status":"publish","type":"post","link":"https:\/\/franciscanos.org.br\/noticias\/mensagem-do-congresso-das-clarissas-encerrado-na-porciuncula.html","title":{"rendered":"Mensagem do Congresso das Clarissas encerrado na Porci\u00fancula"},"content":{"rendered":"<p><a href=\"http:\/\/franciscanos.org.br\/wp-content\/uploads\/2012\/02\/congresso_g1502.jpg\"><img loading=\"lazy\" class=\"alignright size-full wp-image-12072\" title=\"Congresso das Clarissas\" src=\"http:\/\/franciscanos.org.br\/wp-content\/uploads\/2012\/02\/congresso_g1502.jpg\" alt=\"\" width=\"400\" height=\"264\" \/><\/a>Foi realizado de 5 a 12 de fevereiro, em Assis (It), o Congresso das Presidentes das Federa\u00e7\u00f5es da Ordem de Santa Clara, celebrativo pelo 8\u00ba jubileu de funda\u00e7\u00e3o das Clarissas. Do Brasil, participou a Ir. Maria Jos\u00e9 da Rosa M\u00edstica, presidente da Federa\u00e7\u00e3o da Sagrada Fam\u00edlia. J\u00e1 no dia 10 de fevereiro teve in\u00edcio o Congresso de Assistentes da Ordem de Santa Clara, que vai at\u00e9 o dia 19 de fevereiro. Do Brasil, participa o assistente nacional Frei Raimundo J. de Oliveira Castro.<\/p>\n<p><em><strong>Abaixo, a mensagem final do Congresso das presidentes das Federa\u00e7\u00f5es:<\/strong><\/em><\/p>\n<p>Por ocasi\u00e3o da celebra\u00e7\u00e3o do VIII centen\u00e1rio do in\u00edcio da Forma de Vida Clariana, de 5 a 12 de fevereiro de 2012, respondendo ao convite feito pelo Ministro Geral, Frei Jos\u00e9 Rodr\u00edguez Carballo, OFM, solicitado por muitas irm\u00e3s, reunimo-nos em Santa Maria dos Anjos, em torno da Porci\u00fancula, 39 Presidentes e 7 Delegadas das Federa\u00e7\u00f5es das Irm\u00e3s Pobres de Santa Clara do mundo, junto com os Frades do Definit\u00f3rio Geral OFM. Nestes dias de ora\u00e7\u00e3o, de conviv\u00eancia fraterna, de reflex\u00e3o sobre nossa identidade franciscano-clariana, sobre nossa miss\u00e3o como contemplativas e sobre os desafios do mundo atual \u00e0 nossa voca\u00e7\u00e3o, tivemos, tamb\u00e9m, a gra\u00e7a de visitar os lugares de nossas origens.<\/p>\n<p>O interc\u00e2mbio fraterno da vida e a reflex\u00e3o sobre nossa identidade fomos levadas a refletir v\u00e1rios temas que ampliaram nossa vis\u00e3o e ajudou-nos a aprofundar o sentido de perten\u00e7a \u00e0 Ordem e \u00e0 Fam\u00edlia franciscana, de maneira particular a rela\u00e7\u00e3o com os Frades Menores da Primeira Ordem.<\/p>\n<p>O Ministro Geral, Frei Jos\u00e9 Rodr\u00edguez Carballo, convidou-nos em v\u00e1rias ocasi\u00f5es a sermos as guardi\u00e3s de nosso carisma, de nossa identidade e da qualidade evang\u00e9lica de nossa vida. Esta mesma exorta\u00e7\u00e3o nos chegou por parte do Prefeito da CIVCSVA Sua Emin\u00eancia, o Cardeal Jo\u00e3o Braz de Av\u00edz, em sua reflex\u00e3o sobre nossa miss\u00e3o como Clarissas no mundo de hoje. Animadas por estas e por outras interven\u00e7\u00f5es durante o Congresso, queremos seguir caminhando juntas. Sabendo que \u00e9 fundamental viver com paix\u00e3o e alegria nossa voca\u00e7\u00e3o, apresentamos os seguintes temas para a reflex\u00e3o:<\/p>\n<p><strong>Revitaliza\u00e7\u00e3o e import\u00e2ncia de nossa vida e miss\u00e3o<\/strong><\/p>\n<p>Sentimos a necessidade de dar um novo impulso \u00e0 nossa vida e miss\u00e3o, \u00e0 luz das exig\u00eancias de nosso carisma e dos sinais dos tempos. Levando em conta a realidade em que se encontram v\u00e1rios Mosteiros, al\u00e9m da forma\u00e7\u00e3o, refletimos sobre a urg\u00eancia de adquirir crit\u00e9rios claros para acompanhar aos Mosteiros nas graves dificuldades. Entre esses crit\u00e9rios, levar em conta a import\u00e2ncia de nossa vida e de nossa presen\u00e7a em um determinado territ\u00f3rio. Na ajuda aos Mosteiros em dificuldade, tanto para a revitaliza\u00e7\u00e3o, como para um poss\u00edvel fechamento, seja feito um discernimento \u00e0 luz do que foi dito anteriormente (import\u00e2ncia de vida e presen\u00e7a). Nos Mosteiros federados parece oportuno, que essa ajuda, seja coordenada pelas Presidentes Federais com seu Conselho.<\/p>\n<p><strong>Forma\u00e7\u00e3o<\/strong><\/p>\n<p><strong>\u00a0<\/strong>\u00a0Conscientes da realidade de onde prov\u00eam nossas candidatas e na qual se encontram nossas comunidades, sentiu-se a necessidade de dar uma aten\u00e7\u00e3o especial \u00e0 forma\u00e7\u00e3o, tanto permanente como inicial, nos seguintes aspectos:<\/p>\n<p>&#8211; humano: devem ser levados em conta os valores humanos, tal como se expressam os documentos do Magist\u00e9rio e particularmente na Vida Fraterna em Comunidade;<\/p>\n<p>&#8211; crist\u00e3o: o ano da f\u00e9, proclamado por Bento XVI, a partir de outubro de 2012 a outubro de 2013, impulsiona-nos a aprofundar o tema da f\u00e9: assimila\u00e7\u00e3o de seus conte\u00fados, reflex\u00f5es sobre o tema, confiss\u00e3o da f\u00e9 na vida cotidiana, aprofundamento dos textos do Conc\u00edlio Vaticano II por ocasi\u00e3o do 50\u00b0 anivers\u00e1rio de sua abertura;<\/p>\n<p>&#8211; franciscano-clariano: que leve em conta os conte\u00fados essenciais de nossa identidade de fraternidade contemplativa em clausura de Irm\u00e3s Pobres de Santa Clara, aprofundando o tema da clausura em seu significado, segundo a especificidade de nossa forma de vida e dando um sentido lit\u00fargico, que fa\u00e7a de nossas celebra\u00e7\u00f5es um momento forte do sentido de Deus e do testemunho de nossa forma de vida.<\/p>\n<p>Ao longo de todo o processo formativo, o sem pr\u00f3prio, ilumine os elementos de nossa vida franciscano-clariana.<\/p>\n<p>Convidamos, tamb\u00e9m, a ver a forma\u00e7\u00e3o permanente como o h\u00famus da forma\u00e7\u00e3o inicial e a levar em conta as exig\u00eancias gerais e, ao mesmo tempo, as pr\u00f3prias de cada faixa et\u00e1ria, dando-se particular import\u00e2ncia \u00e0s irm\u00e3s nos primeiros cinco anos da profiss\u00e3o solene.<\/p>\n<p><strong>Rela\u00e7\u00e3o Irm\u00e3s Pobres de Santa Clara e Frades Menores<\/strong><\/p>\n<p>\u00c0 luz dos escritos de S\u00e3o Francisco e de Santa Clara, fazendo eco das diversas reflex\u00f5es, inclu\u00edda a do Prefeito para os Religiosos e a do Ministro Geral, tendo em conta que a forma de vida das Irm\u00e3s Pobres de Santa Clara \u00e9 a mesma que a dos Frades Menores (cf. Bento XVI, audi\u00eancia de 10 de agosto de 2011), sentiu-se a necessidade de seguir aprofundando a rela\u00e7\u00e3o entre a OFM e a OSC, sem medos e sem protagonismos de nenhuma das partes. Este aprofundamento ajudar\u00e1 a ambos a conhecer e a viver melhor nossa voca\u00e7\u00e3o comum. Neste contexto, desejar\u00edamos que fosse dada a oportunidade aos Mosteiros que pedirem, de ligarem-se juridicamente \u00e0 OFM.<\/p>\n<p><strong>Agradecimento<\/strong><\/p>\n<p>No final de nossa mensagem-sauda\u00e7\u00e3o, estamos conscientes de n\u00e3o termos absorvido, certamente, toda a riqueza de nosso encontro, por isso, propusemo-nos somente alguns pontos sobre os quais queremos nos comprometer nos pr\u00f3ximos anos, avaliando, em seguida, com os meios mais adequados, o caminho percorrido. Queremos expressar nosso agradecimento a Frei Jos\u00e9 Rodr\u00edguez Carballo, OFM, Ministro Geral, a Frei Rafael Blanco, OFM, Delegado Geral Pro-Monialibus, e a todos os frades, que, atrav\u00e9s de seu trabalho tornaram poss\u00edvel este Congresso. Agradecemos tamb\u00e9m \u00e0 CIVCSVA por haver concedido a permiss\u00e3o para sua realiza\u00e7\u00e3o, e a todas as irm\u00e3s e irm\u00e3os que em Assis nos acolheram com calor fraterno.<\/p>\n<p><em>Da Porci\u00fancula, onde Clara acolheu a forma de vida que Francisco lhe deu, abra\u00e7amos a todos. (cf. Testamento de Santa Clara 5).<\/em><\/p>\n<p><strong><em>Suas Irm\u00e3s Presidentes<\/em><\/strong>.<\/p>\n<p><strong>12.02.2012<\/strong><\/p>\n","protected":false},"excerpt":{"rendered":"<p>OSC<\/p>\n","protected":false},"author":1,"featured_media":210890,"comment_status":"closed","ping_status":"open","sticky":false,"template":"","format":"standard","meta":[],"categories":[1],"tags":[171,85,172],"acf":[],"yoast_head":"<!-- This site is optimized with the Yoast SEO plugin v19.2 - https:\/\/yoast.com\/wordpress\/plugins\/seo\/ -->\n<title>Mensagem do Congresso das Clarissas encerrado na Porci\u00fancula - Not\u00edcias - Franciscanos<\/title>\n<meta name=\"robots\" content=\"index, follow, max-snippet:-1, max-image-preview:large, max-video-preview:-1\" \/>\n<link rel=\"canonical\" href=\"https:\/\/franciscanos.org.br\/noticias\/mensagem-do-congresso-das-clarissas-encerrado-na-porciuncula.html\" \/>\n<meta property=\"og:locale\" content=\"pt_BR\" \/>\n<meta property=\"og:type\" content=\"article\" \/>\n<meta property=\"og:title\" content=\"Mensagem do Congresso das Clarissas encerrado na Porci\u00fancula - Not\u00edcias - Franciscanos\" \/>\n<meta property=\"og:description\" content=\"OSC\" \/>\n<meta property=\"og:url\" content=\"https:\/\/franciscanos.org.br\/noticias\/mensagem-do-congresso-das-clarissas-encerrado-na-porciuncula.html\" \/>\n<meta property=\"og:site_name\" content=\"Not\u00edcias - Franciscanos\" \/>\n<meta property=\"article:published_time\" content=\"2012-02-15T11:01:50+00:00\" \/>\n<meta property=\"article:modified_time\" content=\"2020-03-19T14:40:18+00:00\" \/>\n<meta property=\"og:image\" content=\"https:\/\/franciscanos.org.br\/noticias\/wp-content\/uploads\/2012\/02\/congresso_g1502.jpg\" \/>\n\t<meta property=\"og:image:width\" content=\"273\" \/>\n\t<meta property=\"og:image:height\" content=\"181\" \/>\n\t<meta property=\"og:image:type\" content=\"image\/jpeg\" \/>\n<meta name=\"author\" content=\"admin\" \/>\n<meta name=\"twitter:card\" content=\"summary_large_image\" \/>\n<meta name=\"twitter:label1\" content=\"Escrito por\" \/>\n\t<meta name=\"twitter:data1\" content=\"admin\" \/>\n\t<meta name=\"twitter:label2\" content=\"Est. tempo de leitura\" \/>\n\t<meta name=\"twitter:data2\" content=\"5 minutos\" \/>\n<script type=\"application\/ld+json\" class=\"yoast-schema-graph\">{\"@context\":\"https:\/\/schema.org\",\"@graph\":[{\"@type\":\"WebSite\",\"@id\":\"https:\/\/franciscanos.org.br\/noticias\/#website\",\"url\":\"https:\/\/franciscanos.org.br\/noticias\/\",\"name\":\"Not\u00edcias - Franciscanos\",\"description\":\"Prov\u00edncia Franciscana da Imaculada Concei\u00e7\u00e3o do Brasil - Ordem dos Frades Menores - OFM\",\"potentialAction\":[{\"@type\":\"SearchAction\",\"target\":{\"@type\":\"EntryPoint\",\"urlTemplate\":\"https:\/\/franciscanos.org.br\/noticias\/?s={search_term_string}\"},\"query-input\":\"required name=search_term_string\"}],\"inLanguage\":\"pt-BR\"},{\"@type\":\"ImageObject\",\"inLanguage\":\"pt-BR\",\"@id\":\"https:\/\/franciscanos.org.br\/noticias\/mensagem-do-congresso-das-clarissas-encerrado-na-porciuncula.html#primaryimage\",\"url\":\"https:\/\/franciscanos.org.br\/noticias\/wp-content\/uploads\/2012\/02\/congresso_g1502.jpg\",\"contentUrl\":\"https:\/\/franciscanos.org.br\/noticias\/wp-content\/uploads\/2012\/02\/congresso_g1502.jpg\",\"width\":273,\"height\":181},{\"@type\":\"WebPage\",\"@id\":\"https:\/\/franciscanos.org.br\/noticias\/mensagem-do-congresso-das-clarissas-encerrado-na-porciuncula.html#webpage\",\"url\":\"https:\/\/franciscanos.org.br\/noticias\/mensagem-do-congresso-das-clarissas-encerrado-na-porciuncula.html\",\"name\":\"Mensagem do Congresso das Clarissas encerrado na Porci\u00fancula - Not\u00edcias - Franciscanos\",\"isPartOf\":{\"@id\":\"https:\/\/franciscanos.org.br\/noticias\/#website\"},\"primaryImageOfPage\":{\"@id\":\"https:\/\/franciscanos.org.br\/noticias\/mensagem-do-congresso-das-clarissas-encerrado-na-porciuncula.html#primaryimage\"},\"datePublished\":\"2012-02-15T11:01:50+00:00\",\"dateModified\":\"2020-03-19T14:40:18+00:00\",\"author\":{\"@id\":\"https:\/\/franciscanos.org.br\/noticias\/#\/schema\/person\/b38fbf43118f02820bd932f2e4b14ad3\"},\"breadcrumb\":{\"@id\":\"https:\/\/franciscanos.org.br\/noticias\/mensagem-do-congresso-das-clarissas-encerrado-na-porciuncula.html#breadcrumb\"},\"inLanguage\":\"pt-BR\",\"potentialAction\":[{\"@type\":\"ReadAction\",\"target\":[\"https:\/\/franciscanos.org.br\/noticias\/mensagem-do-congresso-das-clarissas-encerrado-na-porciuncula.html\"]}]},{\"@type\":\"BreadcrumbList\",\"@id\":\"https:\/\/franciscanos.org.br\/noticias\/mensagem-do-congresso-das-clarissas-encerrado-na-porciuncula.html#breadcrumb\",\"itemListElement\":[{\"@type\":\"ListItem\",\"position\":1,\"name\":\"Home\",\"item\":\"https:\/\/franciscanos.org.br\/noticias\"},{\"@type\":\"ListItem\",\"position\":2,\"name\":\"Mensagem do Congresso das Clarissas encerrado na Porci\u00fancula\"}]},{\"@type\":\"Person\",\"@id\":\"https:\/\/franciscanos.org.br\/noticias\/#\/schema\/person\/b38fbf43118f02820bd932f2e4b14ad3\",\"name\":\"admin\",\"image\":{\"@type\":\"ImageObject\",\"inLanguage\":\"pt-BR\",\"@id\":\"https:\/\/franciscanos.org.br\/noticias\/#\/schema\/person\/image\/\",\"url\":\"https:\/\/secure.gravatar.com\/avatar\/e8495742d34d0ba6448ea1c628263b3e?s=96&d=mm&r=g\",\"contentUrl\":\"https:\/\/secure.gravatar.com\/avatar\/e8495742d34d0ba6448ea1c628263b3e?s=96&d=mm&r=g\",\"caption\":\"admin\"},\"url\":\"https:\/\/franciscanos.org.br\/noticias\/author\/admin\"}]}<\/script>\n<!-- \/ Yoast SEO plugin. -->","yoast_head_json":{"title":"Mensagem do Congresso das Clarissas encerrado na Porci\u00fancula - Not\u00edcias - Franciscanos","robots":{"index":"index","follow":"follow","max-snippet":"max-snippet:-1","max-image-preview":"max-image-preview:large","max-video-preview":"max-video-preview:-1"},"canonical":"https:\/\/franciscanos.org.br\/noticias\/mensagem-do-congresso-das-clarissas-encerrado-na-porciuncula.html","og_locale":"pt_BR","og_type":"article","og_title":"Mensagem do Congresso das Clarissas encerrado na Porci\u00fancula - Not\u00edcias - Franciscanos","og_description":"OSC","og_url":"https:\/\/franciscanos.org.br\/noticias\/mensagem-do-congresso-das-clarissas-encerrado-na-porciuncula.html","og_site_name":"Not\u00edcias - Franciscanos","article_published_time":"2012-02-15T11:01:50+00:00","article_modified_time":"2020-03-19T14:40:18+00:00","og_image":[{"width":273,"height":181,"url":"https:\/\/franciscanos.org.br\/noticias\/wp-content\/uploads\/2012\/02\/congresso_g1502.jpg","type":"image\/jpeg"}],"author":"admin","twitter_card":"summary_large_image","twitter_misc":{"Escrito por":"admin","Est. tempo de leitura":"5 minutos"},"schema":{"@context":"https:\/\/schema.org","@graph":[{"@type":"WebSite","@id":"https:\/\/franciscanos.org.br\/noticias\/#website","url":"https:\/\/franciscanos.org.br\/noticias\/","name":"Not\u00edcias - Franciscanos","description":"Prov\u00edncia Franciscana da Imaculada Concei\u00e7\u00e3o do Brasil - Ordem dos Frades Menores - OFM","potentialAction":[{"@type":"SearchAction","target":{"@type":"EntryPoint","urlTemplate":"https:\/\/franciscanos.org.br\/noticias\/?s={search_term_string}"},"query-input":"required name=search_term_string"}],"inLanguage":"pt-BR"},{"@type":"ImageObject","inLanguage":"pt-BR","@id":"https:\/\/franciscanos.org.br\/noticias\/mensagem-do-congresso-das-clarissas-encerrado-na-porciuncula.html#primaryimage","url":"https:\/\/franciscanos.org.br\/noticias\/wp-content\/uploads\/2012\/02\/congresso_g1502.jpg","contentUrl":"https:\/\/franciscanos.org.br\/noticias\/wp-content\/uploads\/2012\/02\/congresso_g1502.jpg","width":273,"height":181},{"@type":"WebPage","@id":"https:\/\/franciscanos.org.br\/noticias\/mensagem-do-congresso-das-clarissas-encerrado-na-porciuncula.html#webpage","url":"https:\/\/franciscanos.org.br\/noticias\/mensagem-do-congresso-das-clarissas-encerrado-na-porciuncula.html","name":"Mensagem do Congresso das Clarissas encerrado na Porci\u00fancula - Not\u00edcias - Franciscanos","isPartOf":{"@id":"https:\/\/franciscanos.org.br\/noticias\/#website"},"primaryImageOfPage":{"@id":"https:\/\/franciscanos.org.br\/noticias\/mensagem-do-congresso-das-clarissas-encerrado-na-porciuncula.html#primaryimage"},"datePublished":"2012-02-15T11:01:50+00:00","dateModified":"2020-03-19T14:40:18+00:00","author":{"@id":"https:\/\/franciscanos.org.br\/noticias\/#\/schema\/person\/b38fbf43118f02820bd932f2e4b14ad3"},"breadcrumb":{"@id":"https:\/\/franciscanos.org.br\/noticias\/mensagem-do-congresso-das-clarissas-encerrado-na-porciuncula.html#breadcrumb"},"inLanguage":"pt-BR","potentialAction":[{"@type":"ReadAction","target":["https:\/\/franciscanos.org.br\/noticias\/mensagem-do-congresso-das-clarissas-encerrado-na-porciuncula.html"]}]},{"@type":"BreadcrumbList","@id":"https:\/\/franciscanos.org.br\/noticias\/mensagem-do-congresso-das-clarissas-encerrado-na-porciuncula.html#breadcrumb","itemListElement":[{"@type":"ListItem","position":1,"name":"Home","item":"https:\/\/franciscanos.org.br\/noticias"},{"@type":"ListItem","position":2,"name":"Mensagem do Congresso das Clarissas encerrado na Porci\u00fancula"}]},{"@type":"Person","@id":"https:\/\/franciscanos.org.br\/noticias\/#\/schema\/person\/b38fbf43118f02820bd932f2e4b14ad3","name":"admin","image":{"@type":"ImageObject","inLanguage":"pt-BR","@id":"https:\/\/franciscanos.org.br\/noticias\/#\/schema\/person\/image\/","url":"https:\/\/secure.gravatar.com\/avatar\/e8495742d34d0ba6448ea1c628263b3e?s=96&d=mm&r=g","contentUrl":"https:\/\/secure.gravatar.com\/avatar\/e8495742d34d0ba6448ea1c628263b3e?s=96&d=mm&r=g","caption":"admin"},"url":"https:\/\/franciscanos.org.br\/noticias\/author\/admin"}]}},"_links":{"self":[{"href":"https:\/\/franciscanos.org.br\/noticias\/wp-json\/wp\/v2\/posts\/12071"}],"collection":[{"href":"https:\/\/franciscanos.org.br\/noticias\/wp-json\/wp\/v2\/posts"}],"about":[{"href":"https:\/\/franciscanos.org.br\/noticias\/wp-json\/wp\/v2\/types\/post"}],"author":[{"embeddable":true,"href":"https:\/\/franciscanos.org.br\/noticias\/wp-json\/wp\/v2\/users\/1"}],"replies":[{"embeddable":true,"href":"https:\/\/franciscanos.org.br\/noticias\/wp-json\/wp\/v2\/comments?post=12071"}],"version-history":[{"count":1,"href":"https:\/\/franciscanos.org.br\/noticias\/wp-json\/wp\/v2\/posts\/12071\/revisions"}],"predecessor-version":[{"id":221962,"href":"https:\/\/franciscanos.org.br\/noticias\/wp-json\/wp\/v2\/posts\/12071\/revisions\/221962"}],"wp:featuredmedia":[{"embeddable":true,"href":"https:\/\/franciscanos.org.br\/noticias\/wp-json\/wp\/v2\/media\/210890"}],"wp:attachment":[{"href":"https:\/\/franciscanos.org.br\/noticias\/wp-json\/wp\/v2\/media?parent=12071"}],"wp:term":[{"taxonomy":"category","embeddable":true,"href":"https:\/\/franciscanos.org.br\/noticias\/wp-json\/wp\/v2\/categories?post=12071"},{"taxonomy":"post_tag","embeddable":true,"href":"https:\/\/franciscanos.org.br\/noticias\/wp-json\/wp\/v2\/tags?post=12071"}],"curies":[{"name":"wp","href":"https:\/\/api.w.org\/{rel}","templated":true}]}}