{"id":120683,"date":"2016-11-18T11:35:58","date_gmt":"2016-11-18T13:35:58","guid":{"rendered":"http:\/\/franciscanos.org.br\/?p=120683"},"modified":"2020-06-09T13:42:29","modified_gmt":"2020-06-09T16:42:29","slug":"papa-deus-de-aos-sacerdotes-a-coragem-da-pobreza-crista","status":"publish","type":"post","link":"https:\/\/franciscanos.org.br\/noticias\/papa-deus-de-aos-sacerdotes-a-coragem-da-pobreza-crista.html","title":{"rendered":"Papa: Deus d\u00ea aos sacerdotes a coragem da pobreza crist\u00e3"},"content":{"rendered":"<p><img loading=\"lazy\" src=\"http:\/\/franciscanos.org.br\/wp-content\/uploads\/2016\/11\/marta_181116g.jpg\" alt=\"marta_181116g\" width=\"830\" height=\"401\" \/><br \/>\n<strong>Cidade do Vaticano<\/strong> &#8211; As pessoas n\u00e3o perdoam um sacerdote apegado ao dinheiro, que o Senhor nos d\u00ea a gra\u00e7a da pobreza crist\u00e3: foi o que disse o Papa durante a Missa na Casa Santa Marta da sexta-feira, 18. Concelebraram com Francisco os secret\u00e1rios dos n\u00fancios apost\u00f3licos, presentes no Vaticano para o seu Jubileu.<\/p>\n<p>No Evangelho do dia, Jesus expulsa os mercantes do Templo que transformaram a casa de Deus, um lugar de ora\u00e7\u00e3o, num \u201ccovil de ladr\u00f5es\u201d. \u201cO Senhor \u2013 explicou o Papa \u2013 nos faz entender onde est\u00e1 a semente do anticristo, a semente do inimigo, a semente que estraga o seu Reino\u201d: o apego ao dinheiro. \u201cO cora\u00e7\u00e3o apegado ao dinheiro \u00e9 um cora\u00e7\u00e3o idolatra\u201d. Jesus diz que n\u00e3o se pode servir dois senhores, dois patr\u00f5es\u201d, Deus e o dinheiro. O dinheiro \u2013 afirmou o Papa &#8211; \u00e9 \u201co anti-Senhor\u201d. Mas n\u00f3s podemos escolher: \u201cO Senhor Deus, a casa do Senhor Deus, que \u00e9 casa de ora\u00e7\u00e3o, de encontro com o Senhor, com o Deus do amor. E o senhor-dinheiro, que entra na casa de Deus, sempre tenta entrar. E essas pessoas que trocavam moedas ou vendiam coisas, mas, alugavam aqueles lugares, eh?: aos sacerdotes \u2026 alugavam para os sacerdotes, depois entrava o dinheiro. Este \u00e9 o senhor que pode arruinar a nossa vida e pode nos conduzir a acabar com a nossa vida, sem felicidade, sem a alegria de servir o verdadeiro Senhor, que \u00e9 o \u00fanico capaz de nos dar a verdadeira alegria\u201d.<\/p>\n<p>\u201d\u00c9 uma escolha pessoal\u201d \u2013 afirmou o Papa, que perguntou: \u201cComo \u00e9 a atitude de voc\u00eas em rela\u00e7\u00e3o ao dinheiro? S\u00e3o apegados ao dinheiro?\u201d<\/p>\n<p><strong>Percep\u00e7\u00e3o<\/strong><br \/>\n&#8220;O Povo de Deus, que tem uma grande percep\u00e7\u00e3o de aceitar como em louvar e condenar &#8211; porque o Povo de Deus tem a capacidade de condenar -, perdoa as tantas fraquezas e pecados dos sacerdotes. Por\u00e9m, n\u00e3o pode perdoar dois: o apego ao dinheiro, quando o v\u00ea interessado apegado ao dinheiro: isso ele n\u00e3o perdoa; e o maltrato aos fi\u00e9is: isto o Povo de Deus n\u00e3o suporta e n\u00e3o perdoa. Outras coisas, outras fraquezas, outros pecados n\u00e3o lhe est\u00e3o bem, mas pobre homem \u00e9 solit\u00e1rio&#8230; enfim, busca justific\u00e1-lo. Mas, a condena\u00e7\u00e3o n\u00e3o \u00e9 t\u00e3o forte e definitiva: o Povo de Deus \u00e9 capaz de entender tudo isso. O estado de poder que o dinheiro tem pode levar um sacerdote a ser dono de uma empresa ou ser um pr\u00edncipe e assim por diante&#8230;&#8221;.<\/p>\n<p>O Papa recordou os \u00eddolos que Raquel, mulher de Jac\u00f3, mantinha escondidos: &#8220;\u00c9 triste ver um sacerdote que chega ao fim da sua vida, quando est\u00e1 em agonia ou em coma, e seus familiares est\u00e3o ao seu lado como abutres, aguardando para ver o que lhes sobra. Procurem fazer um favor ao Senhor, como um verdadeiro exame de consci\u00eancia: \u201cSenhor, v\u00f3s sois o meu Senhor\u201d! Como Raquel, eliminemos os nossos deuses ocultos no cora\u00e7\u00e3o, o \u00eddolo do dinheiro\u201d.<\/p>\n<p>Assim, o Papa convidou todos a serem corajosos, a fazer escolhas. Fa\u00e7am escolhas justas! Que tenham o dinheiro suficiente, que faz um trabalhador honesto; fazer as devidas economias como um trabalhador honesto. Mas, \u00e9 inadmiss\u00edvel a idolatria, os interesses pessoais. Que o Senhor d\u00ea a todos n\u00f3s a gra\u00e7a da pobreza crist\u00e3&#8221;.<\/p>\n<p>&#8220;Que o Senhor &#8211; concluiu o Papa \u2013 nos d\u00ea a gra\u00e7a da verdadeira pobreza de um trabalhador, que labuta e ganha o necess\u00e1rio e nada mais\u201d.<\/p>\n<hr \/>\n<p><em>Fonte: R\u00e1dio Vaticano<\/em><\/p>\n","protected":false},"excerpt":{"rendered":"<p>Missa em Santa Marta<\/p>\n","protected":false},"author":1,"featured_media":217761,"comment_status":"open","ping_status":"open","sticky":false,"template":"","format":"standard","meta":[],"categories":[1428],"tags":[1586],"acf":[],"yoast_head":"<!-- This site is optimized with the Yoast SEO plugin v19.2 - https:\/\/yoast.com\/wordpress\/plugins\/seo\/ -->\n<title>Papa: Deus d\u00ea aos sacerdotes a coragem da pobreza crist\u00e3 - Not\u00edcias - Franciscanos<\/title>\n<meta name=\"robots\" content=\"index, follow, max-snippet:-1, max-image-preview:large, max-video-preview:-1\" \/>\n<link rel=\"canonical\" href=\"https:\/\/franciscanos.org.br\/noticias\/papa-deus-de-aos-sacerdotes-a-coragem-da-pobreza-crista.html\" \/>\n<meta property=\"og:locale\" content=\"pt_BR\" \/>\n<meta property=\"og:type\" content=\"article\" \/>\n<meta property=\"og:title\" content=\"Papa: Deus d\u00ea aos sacerdotes a coragem da pobreza crist\u00e3 - Not\u00edcias - Franciscanos\" \/>\n<meta property=\"og:description\" content=\"Missa em Santa Marta\" \/>\n<meta property=\"og:url\" content=\"https:\/\/franciscanos.org.br\/noticias\/papa-deus-de-aos-sacerdotes-a-coragem-da-pobreza-crista.html\" \/>\n<meta property=\"og:site_name\" content=\"Not\u00edcias - Franciscanos\" \/>\n<meta property=\"article:published_time\" content=\"2016-11-18T13:35:58+00:00\" \/>\n<meta property=\"article:modified_time\" content=\"2020-06-09T16:42:29+00:00\" \/>\n<meta property=\"og:image\" content=\"https:\/\/franciscanos.org.br\/noticias\/wp-content\/uploads\/2016\/11\/marta_181116g.jpg\" \/>\n\t<meta property=\"og:image:width\" content=\"273\" \/>\n\t<meta property=\"og:image:height\" content=\"181\" \/>\n\t<meta property=\"og:image:type\" content=\"image\/jpeg\" \/>\n<meta name=\"author\" content=\"admin\" \/>\n<meta name=\"twitter:card\" content=\"summary_large_image\" \/>\n<meta name=\"twitter:label1\" content=\"Escrito por\" \/>\n\t<meta name=\"twitter:data1\" content=\"admin\" \/>\n\t<meta name=\"twitter:label2\" content=\"Est. tempo de leitura\" \/>\n\t<meta name=\"twitter:data2\" content=\"3 minutos\" \/>\n<script type=\"application\/ld+json\" class=\"yoast-schema-graph\">{\"@context\":\"https:\/\/schema.org\",\"@graph\":[{\"@type\":\"WebSite\",\"@id\":\"https:\/\/franciscanos.org.br\/noticias\/#website\",\"url\":\"https:\/\/franciscanos.org.br\/noticias\/\",\"name\":\"Not\u00edcias - Franciscanos\",\"description\":\"Prov\u00edncia Franciscana da Imaculada Concei\u00e7\u00e3o do Brasil - Ordem dos Frades Menores - OFM\",\"potentialAction\":[{\"@type\":\"SearchAction\",\"target\":{\"@type\":\"EntryPoint\",\"urlTemplate\":\"https:\/\/franciscanos.org.br\/noticias\/?s={search_term_string}\"},\"query-input\":\"required name=search_term_string\"}],\"inLanguage\":\"pt-BR\"},{\"@type\":\"ImageObject\",\"inLanguage\":\"pt-BR\",\"@id\":\"https:\/\/franciscanos.org.br\/noticias\/papa-deus-de-aos-sacerdotes-a-coragem-da-pobreza-crista.html#primaryimage\",\"url\":\"https:\/\/franciscanos.org.br\/noticias\/wp-content\/uploads\/2016\/11\/marta_181116g.jpg\",\"contentUrl\":\"https:\/\/franciscanos.org.br\/noticias\/wp-content\/uploads\/2016\/11\/marta_181116g.jpg\",\"width\":273,\"height\":181},{\"@type\":\"WebPage\",\"@id\":\"https:\/\/franciscanos.org.br\/noticias\/papa-deus-de-aos-sacerdotes-a-coragem-da-pobreza-crista.html#webpage\",\"url\":\"https:\/\/franciscanos.org.br\/noticias\/papa-deus-de-aos-sacerdotes-a-coragem-da-pobreza-crista.html\",\"name\":\"Papa: Deus d\u00ea aos sacerdotes a coragem da pobreza crist\u00e3 - Not\u00edcias - Franciscanos\",\"isPartOf\":{\"@id\":\"https:\/\/franciscanos.org.br\/noticias\/#website\"},\"primaryImageOfPage\":{\"@id\":\"https:\/\/franciscanos.org.br\/noticias\/papa-deus-de-aos-sacerdotes-a-coragem-da-pobreza-crista.html#primaryimage\"},\"datePublished\":\"2016-11-18T13:35:58+00:00\",\"dateModified\":\"2020-06-09T16:42:29+00:00\",\"author\":{\"@id\":\"https:\/\/franciscanos.org.br\/noticias\/#\/schema\/person\/b38fbf43118f02820bd932f2e4b14ad3\"},\"breadcrumb\":{\"@id\":\"https:\/\/franciscanos.org.br\/noticias\/papa-deus-de-aos-sacerdotes-a-coragem-da-pobreza-crista.html#breadcrumb\"},\"inLanguage\":\"pt-BR\",\"potentialAction\":[{\"@type\":\"ReadAction\",\"target\":[\"https:\/\/franciscanos.org.br\/noticias\/papa-deus-de-aos-sacerdotes-a-coragem-da-pobreza-crista.html\"]}]},{\"@type\":\"BreadcrumbList\",\"@id\":\"https:\/\/franciscanos.org.br\/noticias\/papa-deus-de-aos-sacerdotes-a-coragem-da-pobreza-crista.html#breadcrumb\",\"itemListElement\":[{\"@type\":\"ListItem\",\"position\":1,\"name\":\"Home\",\"item\":\"https:\/\/franciscanos.org.br\/noticias\"},{\"@type\":\"ListItem\",\"position\":2,\"name\":\"Papa: Deus d\u00ea aos sacerdotes a coragem da pobreza crist\u00e3\"}]},{\"@type\":\"Person\",\"@id\":\"https:\/\/franciscanos.org.br\/noticias\/#\/schema\/person\/b38fbf43118f02820bd932f2e4b14ad3\",\"name\":\"admin\",\"image\":{\"@type\":\"ImageObject\",\"inLanguage\":\"pt-BR\",\"@id\":\"https:\/\/franciscanos.org.br\/noticias\/#\/schema\/person\/image\/\",\"url\":\"https:\/\/secure.gravatar.com\/avatar\/e8495742d34d0ba6448ea1c628263b3e?s=96&d=mm&r=g\",\"contentUrl\":\"https:\/\/secure.gravatar.com\/avatar\/e8495742d34d0ba6448ea1c628263b3e?s=96&d=mm&r=g\",\"caption\":\"admin\"},\"url\":\"https:\/\/franciscanos.org.br\/noticias\/author\/admin\"}]}<\/script>\n<!-- \/ Yoast SEO plugin. -->","yoast_head_json":{"title":"Papa: Deus d\u00ea aos sacerdotes a coragem da pobreza crist\u00e3 - Not\u00edcias - Franciscanos","robots":{"index":"index","follow":"follow","max-snippet":"max-snippet:-1","max-image-preview":"max-image-preview:large","max-video-preview":"max-video-preview:-1"},"canonical":"https:\/\/franciscanos.org.br\/noticias\/papa-deus-de-aos-sacerdotes-a-coragem-da-pobreza-crista.html","og_locale":"pt_BR","og_type":"article","og_title":"Papa: Deus d\u00ea aos sacerdotes a coragem da pobreza crist\u00e3 - Not\u00edcias - Franciscanos","og_description":"Missa em Santa Marta","og_url":"https:\/\/franciscanos.org.br\/noticias\/papa-deus-de-aos-sacerdotes-a-coragem-da-pobreza-crista.html","og_site_name":"Not\u00edcias - Franciscanos","article_published_time":"2016-11-18T13:35:58+00:00","article_modified_time":"2020-06-09T16:42:29+00:00","og_image":[{"width":273,"height":181,"url":"https:\/\/franciscanos.org.br\/noticias\/wp-content\/uploads\/2016\/11\/marta_181116g.jpg","type":"image\/jpeg"}],"author":"admin","twitter_card":"summary_large_image","twitter_misc":{"Escrito por":"admin","Est. tempo de leitura":"3 minutos"},"schema":{"@context":"https:\/\/schema.org","@graph":[{"@type":"WebSite","@id":"https:\/\/franciscanos.org.br\/noticias\/#website","url":"https:\/\/franciscanos.org.br\/noticias\/","name":"Not\u00edcias - Franciscanos","description":"Prov\u00edncia Franciscana da Imaculada Concei\u00e7\u00e3o do Brasil - Ordem dos Frades Menores - OFM","potentialAction":[{"@type":"SearchAction","target":{"@type":"EntryPoint","urlTemplate":"https:\/\/franciscanos.org.br\/noticias\/?s={search_term_string}"},"query-input":"required name=search_term_string"}],"inLanguage":"pt-BR"},{"@type":"ImageObject","inLanguage":"pt-BR","@id":"https:\/\/franciscanos.org.br\/noticias\/papa-deus-de-aos-sacerdotes-a-coragem-da-pobreza-crista.html#primaryimage","url":"https:\/\/franciscanos.org.br\/noticias\/wp-content\/uploads\/2016\/11\/marta_181116g.jpg","contentUrl":"https:\/\/franciscanos.org.br\/noticias\/wp-content\/uploads\/2016\/11\/marta_181116g.jpg","width":273,"height":181},{"@type":"WebPage","@id":"https:\/\/franciscanos.org.br\/noticias\/papa-deus-de-aos-sacerdotes-a-coragem-da-pobreza-crista.html#webpage","url":"https:\/\/franciscanos.org.br\/noticias\/papa-deus-de-aos-sacerdotes-a-coragem-da-pobreza-crista.html","name":"Papa: Deus d\u00ea aos sacerdotes a coragem da pobreza crist\u00e3 - Not\u00edcias - Franciscanos","isPartOf":{"@id":"https:\/\/franciscanos.org.br\/noticias\/#website"},"primaryImageOfPage":{"@id":"https:\/\/franciscanos.org.br\/noticias\/papa-deus-de-aos-sacerdotes-a-coragem-da-pobreza-crista.html#primaryimage"},"datePublished":"2016-11-18T13:35:58+00:00","dateModified":"2020-06-09T16:42:29+00:00","author":{"@id":"https:\/\/franciscanos.org.br\/noticias\/#\/schema\/person\/b38fbf43118f02820bd932f2e4b14ad3"},"breadcrumb":{"@id":"https:\/\/franciscanos.org.br\/noticias\/papa-deus-de-aos-sacerdotes-a-coragem-da-pobreza-crista.html#breadcrumb"},"inLanguage":"pt-BR","potentialAction":[{"@type":"ReadAction","target":["https:\/\/franciscanos.org.br\/noticias\/papa-deus-de-aos-sacerdotes-a-coragem-da-pobreza-crista.html"]}]},{"@type":"BreadcrumbList","@id":"https:\/\/franciscanos.org.br\/noticias\/papa-deus-de-aos-sacerdotes-a-coragem-da-pobreza-crista.html#breadcrumb","itemListElement":[{"@type":"ListItem","position":1,"name":"Home","item":"https:\/\/franciscanos.org.br\/noticias"},{"@type":"ListItem","position":2,"name":"Papa: Deus d\u00ea aos sacerdotes a coragem da pobreza crist\u00e3"}]},{"@type":"Person","@id":"https:\/\/franciscanos.org.br\/noticias\/#\/schema\/person\/b38fbf43118f02820bd932f2e4b14ad3","name":"admin","image":{"@type":"ImageObject","inLanguage":"pt-BR","@id":"https:\/\/franciscanos.org.br\/noticias\/#\/schema\/person\/image\/","url":"https:\/\/secure.gravatar.com\/avatar\/e8495742d34d0ba6448ea1c628263b3e?s=96&d=mm&r=g","contentUrl":"https:\/\/secure.gravatar.com\/avatar\/e8495742d34d0ba6448ea1c628263b3e?s=96&d=mm&r=g","caption":"admin"},"url":"https:\/\/franciscanos.org.br\/noticias\/author\/admin"}]}},"_links":{"self":[{"href":"https:\/\/franciscanos.org.br\/noticias\/wp-json\/wp\/v2\/posts\/120683"}],"collection":[{"href":"https:\/\/franciscanos.org.br\/noticias\/wp-json\/wp\/v2\/posts"}],"about":[{"href":"https:\/\/franciscanos.org.br\/noticias\/wp-json\/wp\/v2\/types\/post"}],"author":[{"embeddable":true,"href":"https:\/\/franciscanos.org.br\/noticias\/wp-json\/wp\/v2\/users\/1"}],"replies":[{"embeddable":true,"href":"https:\/\/franciscanos.org.br\/noticias\/wp-json\/wp\/v2\/comments?post=120683"}],"version-history":[{"count":1,"href":"https:\/\/franciscanos.org.br\/noticias\/wp-json\/wp\/v2\/posts\/120683\/revisions"}],"predecessor-version":[{"id":225540,"href":"https:\/\/franciscanos.org.br\/noticias\/wp-json\/wp\/v2\/posts\/120683\/revisions\/225540"}],"wp:featuredmedia":[{"embeddable":true,"href":"https:\/\/franciscanos.org.br\/noticias\/wp-json\/wp\/v2\/media\/217761"}],"wp:attachment":[{"href":"https:\/\/franciscanos.org.br\/noticias\/wp-json\/wp\/v2\/media?parent=120683"}],"wp:term":[{"taxonomy":"category","embeddable":true,"href":"https:\/\/franciscanos.org.br\/noticias\/wp-json\/wp\/v2\/categories?post=120683"},{"taxonomy":"post_tag","embeddable":true,"href":"https:\/\/franciscanos.org.br\/noticias\/wp-json\/wp\/v2\/tags?post=120683"}],"curies":[{"name":"wp","href":"https:\/\/api.w.org\/{rel}","templated":true}]}}