{"id":120628,"date":"2016-11-17T09:31:24","date_gmt":"2016-11-17T11:31:24","guid":{"rendered":"http:\/\/franciscanos.org.br\/?p=120628"},"modified":"2020-06-09T13:44:17","modified_gmt":"2020-06-09T16:44:17","slug":"saber-reconhecer-a-visita-de-deus-e-abrir-se-ao-seu-amor","status":"publish","type":"post","link":"https:\/\/franciscanos.org.br\/noticias\/saber-reconhecer-a-visita-de-deus-e-abrir-se-ao-seu-amor.html","title":{"rendered":"Saber reconhecer a visita de Deus e abrir-se ao seu amor"},"content":{"rendered":"<p><img loading=\"lazy\" src=\"http:\/\/franciscanos.org.br\/wp-content\/uploads\/2016\/11\/marta_171116.jpg\" alt=\"marta_171116\" width=\"830\" height=\"450\" \/><br \/>\n<strong>Cidade do Vaticano<\/strong> \u2013 O Papa Francisco iniciou a quinta-feira, 17, celebrando a missa na capela da Casa Santa Marta. Em sua homilia, o Papa partiu da imagem de Jesus chorando em Jerusal\u00e9m, e explicou o motivo: Jesus o faz porque se lembra da hist\u00f3ria do \u201cseu povo\u201d. De um lado, este amor sem medidas e, de outro, \u201ca resposta ego\u00edsta, desconfiante, ad\u00faltera e idol\u00e1trica do povo\u201d.<\/p>\n<p><strong>A infidelidade machuca o cora\u00e7\u00e3o de Cristo<\/strong><br \/>\nO \u201camor louco de Deus pelo seu povo parece uma blasf\u00eamia, mas n\u00e3o \u00e9\u201d, afirma o Papa. Jesus, de fato, faz mem\u00f3ria dos passos dos profetas, como Os\u00e9ias e Jeremias, quando expressam o amor de Deus por Israel. No Evangelho do dia, Jesus se lamenta: \u201cPorque tu n\u00e3o reconheceste o tempo em que foste visitada\u201d: \u201c\u00c9 isso que machuca o cora\u00e7\u00e3o de Jesus Cristo, esta hist\u00f3ria de infidelidade, esta hist\u00f3ria de n\u00e3o reconhecer os carinhos de Deus, o amor de Deus, de um amor apaixonado que nos busca, que se preocupa com a nossa felicidade. Jesus viu naquele momento o que o aguardava como Filho. E chorou\u2026 \u2018Porque tu n\u00e3o reconheceste o tempo\u00a0em que foste visitada\u2019. Este drama n\u00e3o aconteceu somente na hist\u00f3ria e acabou com Jesus. \u00c9 o drama de todos os dias. \u00c9 tamb\u00e9m o meu drama. Cada um de n\u00f3s pode dizer: \u2018Eu sei reconhecer o tempo em que fui visitado? Deus me visita?\u2019\u201d.<\/p>\n<p><strong>Deus nos visita de tr\u00eas modos<\/strong><br \/>\nO Papa destacou que, dias atr\u00e1s, a Liturgia propunha a reflex\u00e3o sobre tr\u00eas momentos da visita de Deus: para nos corrigir, para entrar em rela\u00e7\u00e3o conosco e \u201cpara se convidar \u00e0 nossa casa\u201d. Quando Deus quer corrigir, convida a mudar de vida. Quando quer falar conosco, diz: \u201cEu bato \u00e0 porta e chamo. Abra-me!\u201d. E a Zaqueu, para receber o convite, diz para descer da \u00e1rvore. O Pont\u00edfice convidou a nos perguntar como est\u00e1 o nosso cora\u00e7\u00e3o, a fazer um exame de consci\u00eancia, a questionar se \u201csei ouvir as palavras de Jesus\u201d quando bate \u201ca minha porta\u201d e diz: \u201cCorrija-se!\u201d.<\/p>\n<p>Cada um de n\u00f3s corre um risco:\u00a0\u201cCada um de n\u00f3s pode cair no mesmo pecado do povo de Israel, no mesmo pecado de Jerusal\u00e9m: n\u00e3o reconhecer o tempo no qual fomos visitados. E todos os dias o Senhor nos visita, todos os dias bate \u00e0 nossa porta. Mas devemos aprender a reconhecer isso, para n\u00e3o acabar naquela situa\u00e7\u00e3o t\u00e3o dolorosa: \u2018Quanto mais os amava, mais os chamava, mais se afastavam de mim\u2019. \u2018Mas eu estou seguro das minhas coisas. Eu vou \u00e0 missa, estou seguro\u2026\u2019.\u00a0 Voc\u00ea faz todos os dias um exame de consci\u00eancia sobre isso? Hoje o Senhor me visitou? Ouvi algum convite, alguma inspira\u00e7\u00e3o para segui-lo mais de perto, para fazer uma obra de caridade, para rezar um pouco mais? N\u00e3o sei, tantas coisas \u00e0s quais o Senhor nos convida todos os dias para se encontrar conosco\u201d.<\/p>\n<p><strong>Abrir as portas a Jesus<\/strong><br \/>\nPara o Papa, portanto, \u00e9 fundamental reconhecer quando somo \u201cvisitados\u201d por Jesus para nos abrir ao amor:<br \/>\n\u201cJesus chorou n\u00e3o somente por Jerusal\u00e9m, mas por todos n\u00f3s. E deu a sua vida, para que n\u00f3s reconhec\u00eassemos a sua visita. Santo Agostinho dizia uma palavra, uma frase muito forte: \u2018Tenho medo de Deus, de Jesus, quando passa!\u2019. Mas por que tem medo? \u2018Tenho medo de n\u00e3o reconhec\u00ea-Lo!\u2019. Se voc\u00ea n\u00e3o estiver atento ao cora\u00e7\u00e3o, jamais saber\u00e1 se Jesus o est\u00e1 visitando ou n\u00e3o. Que o Senhor nos d\u00ea a todos n\u00f3s a gra\u00e7a de reconhecer o tempo em que fomos visitados, somos visitados e seremos visitados para abrir a porta a Jesus e fazer de modo que o nosso cora\u00e7\u00e3o seja maior no amor e sirva no amor o Senhor Jesus\u201d.<\/p>\n<hr \/>\n<p><em>Fonte: R\u00e1dio Vaticano<\/em><\/p>\n","protected":false},"excerpt":{"rendered":"<p>Missa em Santa Marta<\/p>\n","protected":false},"author":1,"featured_media":201927,"comment_status":"open","ping_status":"open","sticky":false,"template":"","format":"standard","meta":[],"categories":[1428],"tags":[1586],"acf":[],"yoast_head":"<!-- This site is optimized with the Yoast SEO plugin v19.2 - https:\/\/yoast.com\/wordpress\/plugins\/seo\/ -->\n<title>Saber reconhecer a visita de Deus e abrir-se ao seu amor - Not\u00edcias - Franciscanos<\/title>\n<meta name=\"robots\" content=\"index, follow, max-snippet:-1, max-image-preview:large, max-video-preview:-1\" \/>\n<link rel=\"canonical\" href=\"https:\/\/franciscanos.org.br\/noticias\/saber-reconhecer-a-visita-de-deus-e-abrir-se-ao-seu-amor.html\" \/>\n<meta property=\"og:locale\" content=\"pt_BR\" \/>\n<meta property=\"og:type\" content=\"article\" \/>\n<meta property=\"og:title\" content=\"Saber reconhecer a visita de Deus e abrir-se ao seu amor - Not\u00edcias - Franciscanos\" \/>\n<meta property=\"og:description\" content=\"Missa em Santa Marta\" \/>\n<meta property=\"og:url\" content=\"https:\/\/franciscanos.org.br\/noticias\/saber-reconhecer-a-visita-de-deus-e-abrir-se-ao-seu-amor.html\" \/>\n<meta property=\"og:site_name\" content=\"Not\u00edcias - Franciscanos\" \/>\n<meta property=\"article:published_time\" content=\"2016-11-17T11:31:24+00:00\" \/>\n<meta property=\"article:modified_time\" content=\"2020-06-09T16:44:17+00:00\" \/>\n<meta property=\"og:image\" content=\"https:\/\/franciscanos.org.br\/noticias\/wp-content\/uploads\/2016\/11\/marta_171116.jpg\" \/>\n\t<meta property=\"og:image:width\" content=\"273\" \/>\n\t<meta property=\"og:image:height\" content=\"181\" \/>\n\t<meta property=\"og:image:type\" content=\"image\/jpeg\" \/>\n<meta name=\"author\" content=\"admin\" \/>\n<meta name=\"twitter:card\" content=\"summary_large_image\" \/>\n<meta name=\"twitter:label1\" content=\"Escrito por\" \/>\n\t<meta name=\"twitter:data1\" content=\"admin\" \/>\n\t<meta name=\"twitter:label2\" content=\"Est. tempo de leitura\" \/>\n\t<meta name=\"twitter:data2\" content=\"3 minutos\" \/>\n<script type=\"application\/ld+json\" class=\"yoast-schema-graph\">{\"@context\":\"https:\/\/schema.org\",\"@graph\":[{\"@type\":\"WebSite\",\"@id\":\"https:\/\/franciscanos.org.br\/noticias\/#website\",\"url\":\"https:\/\/franciscanos.org.br\/noticias\/\",\"name\":\"Not\u00edcias - Franciscanos\",\"description\":\"Prov\u00edncia Franciscana da Imaculada Concei\u00e7\u00e3o do Brasil - Ordem dos Frades Menores - OFM\",\"potentialAction\":[{\"@type\":\"SearchAction\",\"target\":{\"@type\":\"EntryPoint\",\"urlTemplate\":\"https:\/\/franciscanos.org.br\/noticias\/?s={search_term_string}\"},\"query-input\":\"required name=search_term_string\"}],\"inLanguage\":\"pt-BR\"},{\"@type\":\"ImageObject\",\"inLanguage\":\"pt-BR\",\"@id\":\"https:\/\/franciscanos.org.br\/noticias\/saber-reconhecer-a-visita-de-deus-e-abrir-se-ao-seu-amor.html#primaryimage\",\"url\":\"https:\/\/franciscanos.org.br\/noticias\/wp-content\/uploads\/2016\/11\/marta_171116.jpg\",\"contentUrl\":\"https:\/\/franciscanos.org.br\/noticias\/wp-content\/uploads\/2016\/11\/marta_171116.jpg\",\"width\":273,\"height\":181},{\"@type\":\"WebPage\",\"@id\":\"https:\/\/franciscanos.org.br\/noticias\/saber-reconhecer-a-visita-de-deus-e-abrir-se-ao-seu-amor.html#webpage\",\"url\":\"https:\/\/franciscanos.org.br\/noticias\/saber-reconhecer-a-visita-de-deus-e-abrir-se-ao-seu-amor.html\",\"name\":\"Saber reconhecer a visita de Deus e abrir-se ao seu amor - Not\u00edcias - Franciscanos\",\"isPartOf\":{\"@id\":\"https:\/\/franciscanos.org.br\/noticias\/#website\"},\"primaryImageOfPage\":{\"@id\":\"https:\/\/franciscanos.org.br\/noticias\/saber-reconhecer-a-visita-de-deus-e-abrir-se-ao-seu-amor.html#primaryimage\"},\"datePublished\":\"2016-11-17T11:31:24+00:00\",\"dateModified\":\"2020-06-09T16:44:17+00:00\",\"author\":{\"@id\":\"https:\/\/franciscanos.org.br\/noticias\/#\/schema\/person\/b38fbf43118f02820bd932f2e4b14ad3\"},\"breadcrumb\":{\"@id\":\"https:\/\/franciscanos.org.br\/noticias\/saber-reconhecer-a-visita-de-deus-e-abrir-se-ao-seu-amor.html#breadcrumb\"},\"inLanguage\":\"pt-BR\",\"potentialAction\":[{\"@type\":\"ReadAction\",\"target\":[\"https:\/\/franciscanos.org.br\/noticias\/saber-reconhecer-a-visita-de-deus-e-abrir-se-ao-seu-amor.html\"]}]},{\"@type\":\"BreadcrumbList\",\"@id\":\"https:\/\/franciscanos.org.br\/noticias\/saber-reconhecer-a-visita-de-deus-e-abrir-se-ao-seu-amor.html#breadcrumb\",\"itemListElement\":[{\"@type\":\"ListItem\",\"position\":1,\"name\":\"Home\",\"item\":\"https:\/\/franciscanos.org.br\/noticias\"},{\"@type\":\"ListItem\",\"position\":2,\"name\":\"Saber reconhecer a visita de Deus e abrir-se ao seu amor\"}]},{\"@type\":\"Person\",\"@id\":\"https:\/\/franciscanos.org.br\/noticias\/#\/schema\/person\/b38fbf43118f02820bd932f2e4b14ad3\",\"name\":\"admin\",\"image\":{\"@type\":\"ImageObject\",\"inLanguage\":\"pt-BR\",\"@id\":\"https:\/\/franciscanos.org.br\/noticias\/#\/schema\/person\/image\/\",\"url\":\"https:\/\/secure.gravatar.com\/avatar\/e8495742d34d0ba6448ea1c628263b3e?s=96&d=mm&r=g\",\"contentUrl\":\"https:\/\/secure.gravatar.com\/avatar\/e8495742d34d0ba6448ea1c628263b3e?s=96&d=mm&r=g\",\"caption\":\"admin\"},\"url\":\"https:\/\/franciscanos.org.br\/noticias\/author\/admin\"}]}<\/script>\n<!-- \/ Yoast SEO plugin. -->","yoast_head_json":{"title":"Saber reconhecer a visita de Deus e abrir-se ao seu amor - Not\u00edcias - Franciscanos","robots":{"index":"index","follow":"follow","max-snippet":"max-snippet:-1","max-image-preview":"max-image-preview:large","max-video-preview":"max-video-preview:-1"},"canonical":"https:\/\/franciscanos.org.br\/noticias\/saber-reconhecer-a-visita-de-deus-e-abrir-se-ao-seu-amor.html","og_locale":"pt_BR","og_type":"article","og_title":"Saber reconhecer a visita de Deus e abrir-se ao seu amor - Not\u00edcias - Franciscanos","og_description":"Missa em Santa Marta","og_url":"https:\/\/franciscanos.org.br\/noticias\/saber-reconhecer-a-visita-de-deus-e-abrir-se-ao-seu-amor.html","og_site_name":"Not\u00edcias - Franciscanos","article_published_time":"2016-11-17T11:31:24+00:00","article_modified_time":"2020-06-09T16:44:17+00:00","og_image":[{"width":273,"height":181,"url":"https:\/\/franciscanos.org.br\/noticias\/wp-content\/uploads\/2016\/11\/marta_171116.jpg","type":"image\/jpeg"}],"author":"admin","twitter_card":"summary_large_image","twitter_misc":{"Escrito por":"admin","Est. tempo de leitura":"3 minutos"},"schema":{"@context":"https:\/\/schema.org","@graph":[{"@type":"WebSite","@id":"https:\/\/franciscanos.org.br\/noticias\/#website","url":"https:\/\/franciscanos.org.br\/noticias\/","name":"Not\u00edcias - Franciscanos","description":"Prov\u00edncia Franciscana da Imaculada Concei\u00e7\u00e3o do Brasil - Ordem dos Frades Menores - OFM","potentialAction":[{"@type":"SearchAction","target":{"@type":"EntryPoint","urlTemplate":"https:\/\/franciscanos.org.br\/noticias\/?s={search_term_string}"},"query-input":"required name=search_term_string"}],"inLanguage":"pt-BR"},{"@type":"ImageObject","inLanguage":"pt-BR","@id":"https:\/\/franciscanos.org.br\/noticias\/saber-reconhecer-a-visita-de-deus-e-abrir-se-ao-seu-amor.html#primaryimage","url":"https:\/\/franciscanos.org.br\/noticias\/wp-content\/uploads\/2016\/11\/marta_171116.jpg","contentUrl":"https:\/\/franciscanos.org.br\/noticias\/wp-content\/uploads\/2016\/11\/marta_171116.jpg","width":273,"height":181},{"@type":"WebPage","@id":"https:\/\/franciscanos.org.br\/noticias\/saber-reconhecer-a-visita-de-deus-e-abrir-se-ao-seu-amor.html#webpage","url":"https:\/\/franciscanos.org.br\/noticias\/saber-reconhecer-a-visita-de-deus-e-abrir-se-ao-seu-amor.html","name":"Saber reconhecer a visita de Deus e abrir-se ao seu amor - Not\u00edcias - Franciscanos","isPartOf":{"@id":"https:\/\/franciscanos.org.br\/noticias\/#website"},"primaryImageOfPage":{"@id":"https:\/\/franciscanos.org.br\/noticias\/saber-reconhecer-a-visita-de-deus-e-abrir-se-ao-seu-amor.html#primaryimage"},"datePublished":"2016-11-17T11:31:24+00:00","dateModified":"2020-06-09T16:44:17+00:00","author":{"@id":"https:\/\/franciscanos.org.br\/noticias\/#\/schema\/person\/b38fbf43118f02820bd932f2e4b14ad3"},"breadcrumb":{"@id":"https:\/\/franciscanos.org.br\/noticias\/saber-reconhecer-a-visita-de-deus-e-abrir-se-ao-seu-amor.html#breadcrumb"},"inLanguage":"pt-BR","potentialAction":[{"@type":"ReadAction","target":["https:\/\/franciscanos.org.br\/noticias\/saber-reconhecer-a-visita-de-deus-e-abrir-se-ao-seu-amor.html"]}]},{"@type":"BreadcrumbList","@id":"https:\/\/franciscanos.org.br\/noticias\/saber-reconhecer-a-visita-de-deus-e-abrir-se-ao-seu-amor.html#breadcrumb","itemListElement":[{"@type":"ListItem","position":1,"name":"Home","item":"https:\/\/franciscanos.org.br\/noticias"},{"@type":"ListItem","position":2,"name":"Saber reconhecer a visita de Deus e abrir-se ao seu amor"}]},{"@type":"Person","@id":"https:\/\/franciscanos.org.br\/noticias\/#\/schema\/person\/b38fbf43118f02820bd932f2e4b14ad3","name":"admin","image":{"@type":"ImageObject","inLanguage":"pt-BR","@id":"https:\/\/franciscanos.org.br\/noticias\/#\/schema\/person\/image\/","url":"https:\/\/secure.gravatar.com\/avatar\/e8495742d34d0ba6448ea1c628263b3e?s=96&d=mm&r=g","contentUrl":"https:\/\/secure.gravatar.com\/avatar\/e8495742d34d0ba6448ea1c628263b3e?s=96&d=mm&r=g","caption":"admin"},"url":"https:\/\/franciscanos.org.br\/noticias\/author\/admin"}]}},"_links":{"self":[{"href":"https:\/\/franciscanos.org.br\/noticias\/wp-json\/wp\/v2\/posts\/120628"}],"collection":[{"href":"https:\/\/franciscanos.org.br\/noticias\/wp-json\/wp\/v2\/posts"}],"about":[{"href":"https:\/\/franciscanos.org.br\/noticias\/wp-json\/wp\/v2\/types\/post"}],"author":[{"embeddable":true,"href":"https:\/\/franciscanos.org.br\/noticias\/wp-json\/wp\/v2\/users\/1"}],"replies":[{"embeddable":true,"href":"https:\/\/franciscanos.org.br\/noticias\/wp-json\/wp\/v2\/comments?post=120628"}],"version-history":[{"count":1,"href":"https:\/\/franciscanos.org.br\/noticias\/wp-json\/wp\/v2\/posts\/120628\/revisions"}],"predecessor-version":[{"id":225542,"href":"https:\/\/franciscanos.org.br\/noticias\/wp-json\/wp\/v2\/posts\/120628\/revisions\/225542"}],"wp:featuredmedia":[{"embeddable":true,"href":"https:\/\/franciscanos.org.br\/noticias\/wp-json\/wp\/v2\/media\/201927"}],"wp:attachment":[{"href":"https:\/\/franciscanos.org.br\/noticias\/wp-json\/wp\/v2\/media?parent=120628"}],"wp:term":[{"taxonomy":"category","embeddable":true,"href":"https:\/\/franciscanos.org.br\/noticias\/wp-json\/wp\/v2\/categories?post=120628"},{"taxonomy":"post_tag","embeddable":true,"href":"https:\/\/franciscanos.org.br\/noticias\/wp-json\/wp\/v2\/tags?post=120628"}],"curies":[{"name":"wp","href":"https:\/\/api.w.org\/{rel}","templated":true}]}}