{"id":120513,"date":"2016-11-13T19:17:00","date_gmt":"2016-11-13T21:17:00","guid":{"rendered":"http:\/\/franciscanos.org.br\/?p=120513"},"modified":"2020-06-09T13:46:22","modified_gmt":"2020-06-09T16:46:22","slug":"procure-deus-nos-mais-necessitados-nos-doentes-nos-famintos-nos-presos","status":"publish","type":"post","link":"https:\/\/franciscanos.org.br\/noticias\/procure-deus-nos-mais-necessitados-nos-doentes-nos-famintos-nos-presos.html","title":{"rendered":"&#8220;Procure Deus nos mais necessitados, nos doentes&#8230;&#8221;"},"content":{"rendered":"<p><img loading=\"lazy\" src=\"http:\/\/franciscanos.org.br\/wp-content\/uploads\/2016\/11\/domingo_131116_3.jpg\" alt=\"domingo_131116_3\" width=\"820\" height=\"394\" \/><\/p>\n<p><strong>Cidade do Vatican<\/strong>o \u2013 \u201cSe quiseres encontrar Deus, procura-o onde Ele est\u00e1 escondido: nos mais necessitados, nos doentes, nos famintos, nos presos&#8221;, disse o Papa Francisco, ao presidir este domingo na Bas\u00edlica de S\u00e3o Pedro, a Missa por ocasi\u00e3o do Jubileu dos Socialmente Exclu\u00eddos.<\/p>\n<p>Em sua homilia, o Santo Padre recordou que \u201cneste mundo quase tudo passa, como a corrente da \u00e1gua\u201d, e as riquezas que permanecem, \u201cseguramente s\u00e3o duas: o Senhor e o pr\u00f3ximo\u201d, os bens maiores que devemos amar\u201d. Neste sentido, observou, &#8220;a lupa da Igreja est\u00e1 apontada ao irm\u00e3o esquecido e exclu\u00eddo&#8221;.<\/p>\n<p>As leituras do dia nos remetem \u2013 disse Francisco &#8211; precisamente \u201c\u00e0queles que t\u00eam confian\u00e7a no Senhor, que dep\u00f5em a sua esperan\u00e7a n\u2019Ele, escolhendo-O como bem supremo da vida e recusando-se a viver s\u00f3 para si mesmos e seus interesses. Para eles, pobres de si mas ricos de Deus, brilhar\u00e1 o sol da sua justi\u00e7a: s\u00e3o os pobres em esp\u00edrito, a quem Jesus promete o reino dos c\u00e9us e dos quais Deus, pela boca do profeta Malaquias, declara: \u00abs\u00e3o meus\u00bb\u201d.<\/p>\n<p>As leituras do dia \u2013 explica o Papa \u2013 contrap\u00f5e os que colocam a sua esperan\u00e7a no Senhor e os soberbos, \u201caqueles que puseram na sua autossufici\u00eancia e nos bens do mundo a seguran\u00e7a da vida\u201d. E nos interpelam sobre o sentido \u00faltimo da exist\u00eancia: \u201cOnde busco a minha seguran\u00e7a? No Senhor ou noutras seguran\u00e7as que n\u00e3o s\u00e3o do agrado de Deus? Qual \u00e9 a dire\u00e7\u00e3o da minha vida, para onde olha o meu cora\u00e7\u00e3o? Para o Senhor da vida ou para as coisas que passam e n\u00e3o saciam?\u201d.<\/p>\n<p>Da mesma forma o Evangelho de Lucas fala de \u201cconflitos, carestias, convuls\u00f5es na terra e no c\u00e9u\u201d. Mas \u201cJesus n\u00e3o quer assustar \u2013 \u00e9 o alerta de Francisco &#8211; mas dizer-nos que tudo aquilo que vemos passa inexoravelmente. Mesmo os reinos mais poderosos, os edif\u00edcios mais sagrados e as realidades mais firmes do mundo n\u00e3o duram para sempre; mais cedo ou mais tarde, caem\u201d.<\/p>\n<p><img loading=\"lazy\" src=\"http:\/\/franciscanos.org.br\/wp-content\/uploads\/2016\/11\/domingo_131116_2.jpg\" alt=\"domingo_131116_2\" width=\"820\" height=\"395\" \/><\/p>\n<p>Diante das palavras de Jesus sobre o final do tempos, as pessoas ficam curiosas em saber \u201dQuando suceder\u00e1 isto? E qual ser\u00e1 o sinal?\u201d: \u201cSempre somos impelidos pela curiosidade: quer-se saber quando e receber sinais. Esta curiosidade, por\u00e9m, n\u00e3o agrada a Jesus. Pelo contr\u00e1rio, exorta a n\u00e3o nos deixarmos enganar pelos pregadores apocal\u00edticos. Quem segue Jesus n\u00e3o presta ouvidos aos profetas da desgra\u00e7a, \u00e0 futilidade dos hor\u00f3scopos, \u00e0s previs\u00f5es que amedrontam, distraindo daquilo que conta. O Senhor convida a distinguir, dentre as muitas vozes que se ouvem, aquilo que vem d\u2019Ele e o que vem do falso esp\u00edrito. \u00c9 importante distinguir entre o s\u00e1bio convite que Deus nos dirige cada dia e o clamor de quem se serve do nome de Deus para assustar, sustentando divis\u00f5es e medos\u201d.<\/p>\n<p>Diante dos \u201ccataclismas de cada \u00e9poca\u201d \u2013 explica o Santo Padre &#8211; Jesus nos pede para sermos firmes e perseverantes no bem, \u201ccom plena confian\u00e7a em Deus que n\u00e3o desilude\u201d.<\/p>\n<p>Hoje, no entanto, somos interpelados sobre o sentido de nossa exist\u00eancia. As leituras do dia \u2013 disse o Papa \u2013 se apresentam \u201ccomo uma peneira no meio do fluxo de nossa vida\u201d: \u201cElas lembram-nos que, neste mundo, quase tudo passa, como a corrente da \u00e1gua; mas h\u00e1 realidades preciosas que permanecem, como uma pedra preciosa numa peneira. E o que \u00e9 que resta? O que \u00e9 que tem valor na vida? Quais s\u00e3o as riquezas que n\u00e3o desaparecem? Seguramente duas: o Senhor e o pr\u00f3ximo. Estes s\u00e3o os bens maiores, que havemos de amar. Tudo o resto \u2013 o c\u00e9u, a terra, as coisas mais belas, mesmo esta Bas\u00edlica \u2013 passa; mas n\u00e3o devemos excluir da vida Deus e os outros\u201d.<\/p>\n<p>\u201cE todavia neste dia jubilar que nos fala de exclus\u00e3o \u2013 sublinhou &#8211; imediatamente v\u00eam \u00e0 mente pessoas concretas; n\u00e3o coisas in\u00fateis, mas pessoas preciosas\u201d:<br \/>\n\u201cA pessoa humana, colocada por Deus no cume da cria\u00e7\u00e3o, muitas vezes \u00e9 descartada, porque se prefere as coisas que passam. Isto \u00e9 inaceit\u00e1vel, porque o ser humano \u00e9 o bem mais precioso aos olhos de Deus. E \u00e9 grave que nos habituemos a este descarte; \u00e9 preciso preocupar-se quando se anestesia a consci\u00eancia, j\u00e1 n\u00e3o fazendo caso do irm\u00e3o que sofre ao nosso lado nem dos problemas s\u00e9rios do mundo, que se reduzem a um refr\u00e3o j\u00e1 ouvido nos sum\u00e1rios dos telejornais\u201d.<\/p>\n<p>Dirigindo-se aos \u201csocialmente exclu\u00eddos\u201d, o Papa recorda que Deus n\u00e3o se det\u00e9m nas apar\u00eancias, mas fixa o seu olhar nos humildes de cora\u00e7\u00e3o contrito, em tantos pobres L\u00e1zaros de hoje. \u201cComo nos faz mal fingir que n\u00e3o nos damos conta do L\u00e1zaro que \u00e9 exclu\u00eddo e descartado!\u201d, adverte: \u201c\u00c9 um sintoma de esclerose espiritual, quando o interesse se concentra nas coisas a produzir, em vez de ser nas pessoas a amar. Assim nasce a dram\u00e1tica contradi\u00e7\u00e3o dos nossos tempos: quanto mais crescem o progresso e as possibilidades \u2013 e isto \u00e9 bom \u2013 tanto maior \u00e9 o n\u00famero daqueles que n\u00e3o lhes podem chegar. \u00c9 uma grande injusti\u00e7a que nos deve preocupar muito mais do que saber quando e como ser\u00e1 o fim do mundo. Com efeito, n\u00e3o se pode estar tranquilo em casa, enquanto L\u00e1zaro jazer \u00e0 porta; n\u00e3o h\u00e1 paz em casa de quem est\u00e1 bem, quando falta justi\u00e7a na casa de todos\u201d.<\/p>\n<p><img loading=\"lazy\" src=\"http:\/\/franciscanos.org.br\/wp-content\/uploads\/2016\/11\/domingo_131116.jpg\" alt=\"domingo_131116\" width=\"820\" height=\"456\" \/><\/p>\n<p>Ao recordar que este domingo s\u00e3o fechadas as portas da Miseric\u00f3rdia em Catedrais e Santu\u00e1rios em todo o mundo, Francisco exorta para pedirmos \u201ca gra\u00e7a de n\u00e3o fechar os olhos perante Deus que nos olha e o pr\u00f3ximo que nos interpela\u201d: \u201cAbramos os olhos a Deus, purificando a vis\u00e3o do cora\u00e7\u00e3o das representa\u00e7\u00f5es enganadoras e pavorosas, do deus da for\u00e7a e dos castigos, proje\u00e7\u00e3o da soberba e dos medos humanos. Olhemos com confian\u00e7a para o Deus da miseric\u00f3rdia, com a certeza de que \u00abo amor jamais passar\u00e1\u00bb.<\/p>\n<p>Renovemos a esperan\u00e7a da vida verdadeira a que somos chamados, aquela que n\u00e3o passar\u00e1 e que nos espera em comunh\u00e3o com o Senhor e com os outros, numa alegria que durar\u00e1 para sempre, sem fim. E abramos os olhos ao pr\u00f3ximo, sobretudo ao irm\u00e3o esquecido e exclu\u00eddo. Para ele est\u00e1 apontada a lupa da Igreja; que o Senhor nos livre de a voltarmos para n\u00f3s. Afaste-nos das quimeras que nos distraem, dos interesses e dos privil\u00e9gios, do apego ao poder e \u00e0 gl\u00f3ria, da sedu\u00e7\u00e3o do esp\u00edrito do mundo\u201d.<\/p>\n<p>De modo particular a nossa M\u00e3e Igreja \u00abolha para toda a humanidade que sofre e chora, pois ela sabe que esta lhe pertence, por direito evang\u00e9lico\u00bb, disse o Papa ao concluir, citando Paulo VI. E completou: \u201cPor direito e tamb\u00e9m por dever evang\u00e9lico, porque \u00e9 nossa tarefa cuidar da verdadeira riqueza que s\u00e3o os pobres, como bem no-lo recorda uma antiga tradi\u00e7\u00e3o referente ao m\u00e1rtir romano S\u00e3o Louren\u00e7o. Este, antes de suportar um mart\u00edrio atroz por amor do Senhor, distribuiu os bens da comunidade aos pobres, por ele designados como verdadeiros tesouros da Igreja\u201d.<\/p>\n<p>Que o Senhor nos conceda a gra\u00e7a de olhar sem medo para aquilo que conta, dirigir o cora\u00e7\u00e3o para Ele e para os nossos verdadeiros tesouros.<\/p>\n<hr \/>\n<p><em>Fonte: R\u00e1dio Vaticano<\/em><\/p>\n","protected":false},"excerpt":{"rendered":"<p>Santa Missa do Jubileu dos Socialmente Exclu\u00eddos.<\/p>\n","protected":false},"author":1,"featured_media":207470,"comment_status":"open","ping_status":"open","sticky":false,"template":"","format":"standard","meta":[],"categories":[1428],"tags":[55],"acf":[],"yoast_head":"<!-- This site is optimized with the Yoast SEO plugin v19.2 - https:\/\/yoast.com\/wordpress\/plugins\/seo\/ -->\n<title>&quot;Procure Deus nos mais necessitados, nos doentes...&quot; - Not\u00edcias - Franciscanos<\/title>\n<meta name=\"robots\" content=\"index, follow, max-snippet:-1, max-image-preview:large, max-video-preview:-1\" \/>\n<link rel=\"canonical\" href=\"https:\/\/franciscanos.org.br\/noticias\/procure-deus-nos-mais-necessitados-nos-doentes-nos-famintos-nos-presos.html\" \/>\n<meta property=\"og:locale\" content=\"pt_BR\" \/>\n<meta property=\"og:type\" content=\"article\" \/>\n<meta property=\"og:title\" content=\"&quot;Procure Deus nos mais necessitados, nos doentes...&quot; - Not\u00edcias - Franciscanos\" \/>\n<meta property=\"og:description\" content=\"Santa Missa do Jubileu dos Socialmente Exclu\u00eddos.\" \/>\n<meta property=\"og:url\" content=\"https:\/\/franciscanos.org.br\/noticias\/procure-deus-nos-mais-necessitados-nos-doentes-nos-famintos-nos-presos.html\" \/>\n<meta property=\"og:site_name\" content=\"Not\u00edcias - Franciscanos\" \/>\n<meta property=\"article:published_time\" content=\"2016-11-13T21:17:00+00:00\" \/>\n<meta property=\"article:modified_time\" content=\"2020-06-09T16:46:22+00:00\" \/>\n<meta property=\"og:image\" content=\"https:\/\/franciscanos.org.br\/noticias\/wp-content\/uploads\/2016\/11\/domingo_131116_3.jpg\" \/>\n\t<meta property=\"og:image:width\" content=\"273\" \/>\n\t<meta property=\"og:image:height\" content=\"181\" \/>\n\t<meta property=\"og:image:type\" content=\"image\/jpeg\" \/>\n<meta name=\"author\" content=\"admin\" \/>\n<meta name=\"twitter:card\" content=\"summary_large_image\" \/>\n<meta name=\"twitter:label1\" content=\"Escrito por\" \/>\n\t<meta name=\"twitter:data1\" content=\"admin\" \/>\n\t<meta name=\"twitter:label2\" content=\"Est. tempo de leitura\" \/>\n\t<meta name=\"twitter:data2\" content=\"6 minutos\" \/>\n<script type=\"application\/ld+json\" class=\"yoast-schema-graph\">{\"@context\":\"https:\/\/schema.org\",\"@graph\":[{\"@type\":\"WebSite\",\"@id\":\"https:\/\/franciscanos.org.br\/noticias\/#website\",\"url\":\"https:\/\/franciscanos.org.br\/noticias\/\",\"name\":\"Not\u00edcias - Franciscanos\",\"description\":\"Prov\u00edncia Franciscana da Imaculada Concei\u00e7\u00e3o do Brasil - Ordem dos Frades Menores - OFM\",\"potentialAction\":[{\"@type\":\"SearchAction\",\"target\":{\"@type\":\"EntryPoint\",\"urlTemplate\":\"https:\/\/franciscanos.org.br\/noticias\/?s={search_term_string}\"},\"query-input\":\"required name=search_term_string\"}],\"inLanguage\":\"pt-BR\"},{\"@type\":\"ImageObject\",\"inLanguage\":\"pt-BR\",\"@id\":\"https:\/\/franciscanos.org.br\/noticias\/procure-deus-nos-mais-necessitados-nos-doentes-nos-famintos-nos-presos.html#primaryimage\",\"url\":\"https:\/\/franciscanos.org.br\/noticias\/wp-content\/uploads\/2016\/11\/domingo_131116_3.jpg\",\"contentUrl\":\"https:\/\/franciscanos.org.br\/noticias\/wp-content\/uploads\/2016\/11\/domingo_131116_3.jpg\",\"width\":273,\"height\":181},{\"@type\":\"WebPage\",\"@id\":\"https:\/\/franciscanos.org.br\/noticias\/procure-deus-nos-mais-necessitados-nos-doentes-nos-famintos-nos-presos.html#webpage\",\"url\":\"https:\/\/franciscanos.org.br\/noticias\/procure-deus-nos-mais-necessitados-nos-doentes-nos-famintos-nos-presos.html\",\"name\":\"\\\"Procure Deus nos mais necessitados, nos doentes...\\\" - Not\u00edcias - Franciscanos\",\"isPartOf\":{\"@id\":\"https:\/\/franciscanos.org.br\/noticias\/#website\"},\"primaryImageOfPage\":{\"@id\":\"https:\/\/franciscanos.org.br\/noticias\/procure-deus-nos-mais-necessitados-nos-doentes-nos-famintos-nos-presos.html#primaryimage\"},\"datePublished\":\"2016-11-13T21:17:00+00:00\",\"dateModified\":\"2020-06-09T16:46:22+00:00\",\"author\":{\"@id\":\"https:\/\/franciscanos.org.br\/noticias\/#\/schema\/person\/b38fbf43118f02820bd932f2e4b14ad3\"},\"breadcrumb\":{\"@id\":\"https:\/\/franciscanos.org.br\/noticias\/procure-deus-nos-mais-necessitados-nos-doentes-nos-famintos-nos-presos.html#breadcrumb\"},\"inLanguage\":\"pt-BR\",\"potentialAction\":[{\"@type\":\"ReadAction\",\"target\":[\"https:\/\/franciscanos.org.br\/noticias\/procure-deus-nos-mais-necessitados-nos-doentes-nos-famintos-nos-presos.html\"]}]},{\"@type\":\"BreadcrumbList\",\"@id\":\"https:\/\/franciscanos.org.br\/noticias\/procure-deus-nos-mais-necessitados-nos-doentes-nos-famintos-nos-presos.html#breadcrumb\",\"itemListElement\":[{\"@type\":\"ListItem\",\"position\":1,\"name\":\"Home\",\"item\":\"https:\/\/franciscanos.org.br\/noticias\"},{\"@type\":\"ListItem\",\"position\":2,\"name\":\"&#8220;Procure Deus nos mais necessitados, nos doentes&#8230;&#8221;\"}]},{\"@type\":\"Person\",\"@id\":\"https:\/\/franciscanos.org.br\/noticias\/#\/schema\/person\/b38fbf43118f02820bd932f2e4b14ad3\",\"name\":\"admin\",\"image\":{\"@type\":\"ImageObject\",\"inLanguage\":\"pt-BR\",\"@id\":\"https:\/\/franciscanos.org.br\/noticias\/#\/schema\/person\/image\/\",\"url\":\"https:\/\/secure.gravatar.com\/avatar\/e8495742d34d0ba6448ea1c628263b3e?s=96&d=mm&r=g\",\"contentUrl\":\"https:\/\/secure.gravatar.com\/avatar\/e8495742d34d0ba6448ea1c628263b3e?s=96&d=mm&r=g\",\"caption\":\"admin\"},\"url\":\"https:\/\/franciscanos.org.br\/noticias\/author\/admin\"}]}<\/script>\n<!-- \/ Yoast SEO plugin. -->","yoast_head_json":{"title":"\"Procure Deus nos mais necessitados, nos doentes...\" - Not\u00edcias - Franciscanos","robots":{"index":"index","follow":"follow","max-snippet":"max-snippet:-1","max-image-preview":"max-image-preview:large","max-video-preview":"max-video-preview:-1"},"canonical":"https:\/\/franciscanos.org.br\/noticias\/procure-deus-nos-mais-necessitados-nos-doentes-nos-famintos-nos-presos.html","og_locale":"pt_BR","og_type":"article","og_title":"\"Procure Deus nos mais necessitados, nos doentes...\" - Not\u00edcias - Franciscanos","og_description":"Santa Missa do Jubileu dos Socialmente Exclu\u00eddos.","og_url":"https:\/\/franciscanos.org.br\/noticias\/procure-deus-nos-mais-necessitados-nos-doentes-nos-famintos-nos-presos.html","og_site_name":"Not\u00edcias - Franciscanos","article_published_time":"2016-11-13T21:17:00+00:00","article_modified_time":"2020-06-09T16:46:22+00:00","og_image":[{"width":273,"height":181,"url":"https:\/\/franciscanos.org.br\/noticias\/wp-content\/uploads\/2016\/11\/domingo_131116_3.jpg","type":"image\/jpeg"}],"author":"admin","twitter_card":"summary_large_image","twitter_misc":{"Escrito por":"admin","Est. tempo de leitura":"6 minutos"},"schema":{"@context":"https:\/\/schema.org","@graph":[{"@type":"WebSite","@id":"https:\/\/franciscanos.org.br\/noticias\/#website","url":"https:\/\/franciscanos.org.br\/noticias\/","name":"Not\u00edcias - Franciscanos","description":"Prov\u00edncia Franciscana da Imaculada Concei\u00e7\u00e3o do Brasil - Ordem dos Frades Menores - OFM","potentialAction":[{"@type":"SearchAction","target":{"@type":"EntryPoint","urlTemplate":"https:\/\/franciscanos.org.br\/noticias\/?s={search_term_string}"},"query-input":"required name=search_term_string"}],"inLanguage":"pt-BR"},{"@type":"ImageObject","inLanguage":"pt-BR","@id":"https:\/\/franciscanos.org.br\/noticias\/procure-deus-nos-mais-necessitados-nos-doentes-nos-famintos-nos-presos.html#primaryimage","url":"https:\/\/franciscanos.org.br\/noticias\/wp-content\/uploads\/2016\/11\/domingo_131116_3.jpg","contentUrl":"https:\/\/franciscanos.org.br\/noticias\/wp-content\/uploads\/2016\/11\/domingo_131116_3.jpg","width":273,"height":181},{"@type":"WebPage","@id":"https:\/\/franciscanos.org.br\/noticias\/procure-deus-nos-mais-necessitados-nos-doentes-nos-famintos-nos-presos.html#webpage","url":"https:\/\/franciscanos.org.br\/noticias\/procure-deus-nos-mais-necessitados-nos-doentes-nos-famintos-nos-presos.html","name":"\"Procure Deus nos mais necessitados, nos doentes...\" - Not\u00edcias - Franciscanos","isPartOf":{"@id":"https:\/\/franciscanos.org.br\/noticias\/#website"},"primaryImageOfPage":{"@id":"https:\/\/franciscanos.org.br\/noticias\/procure-deus-nos-mais-necessitados-nos-doentes-nos-famintos-nos-presos.html#primaryimage"},"datePublished":"2016-11-13T21:17:00+00:00","dateModified":"2020-06-09T16:46:22+00:00","author":{"@id":"https:\/\/franciscanos.org.br\/noticias\/#\/schema\/person\/b38fbf43118f02820bd932f2e4b14ad3"},"breadcrumb":{"@id":"https:\/\/franciscanos.org.br\/noticias\/procure-deus-nos-mais-necessitados-nos-doentes-nos-famintos-nos-presos.html#breadcrumb"},"inLanguage":"pt-BR","potentialAction":[{"@type":"ReadAction","target":["https:\/\/franciscanos.org.br\/noticias\/procure-deus-nos-mais-necessitados-nos-doentes-nos-famintos-nos-presos.html"]}]},{"@type":"BreadcrumbList","@id":"https:\/\/franciscanos.org.br\/noticias\/procure-deus-nos-mais-necessitados-nos-doentes-nos-famintos-nos-presos.html#breadcrumb","itemListElement":[{"@type":"ListItem","position":1,"name":"Home","item":"https:\/\/franciscanos.org.br\/noticias"},{"@type":"ListItem","position":2,"name":"&#8220;Procure Deus nos mais necessitados, nos doentes&#8230;&#8221;"}]},{"@type":"Person","@id":"https:\/\/franciscanos.org.br\/noticias\/#\/schema\/person\/b38fbf43118f02820bd932f2e4b14ad3","name":"admin","image":{"@type":"ImageObject","inLanguage":"pt-BR","@id":"https:\/\/franciscanos.org.br\/noticias\/#\/schema\/person\/image\/","url":"https:\/\/secure.gravatar.com\/avatar\/e8495742d34d0ba6448ea1c628263b3e?s=96&d=mm&r=g","contentUrl":"https:\/\/secure.gravatar.com\/avatar\/e8495742d34d0ba6448ea1c628263b3e?s=96&d=mm&r=g","caption":"admin"},"url":"https:\/\/franciscanos.org.br\/noticias\/author\/admin"}]}},"_links":{"self":[{"href":"https:\/\/franciscanos.org.br\/noticias\/wp-json\/wp\/v2\/posts\/120513"}],"collection":[{"href":"https:\/\/franciscanos.org.br\/noticias\/wp-json\/wp\/v2\/posts"}],"about":[{"href":"https:\/\/franciscanos.org.br\/noticias\/wp-json\/wp\/v2\/types\/post"}],"author":[{"embeddable":true,"href":"https:\/\/franciscanos.org.br\/noticias\/wp-json\/wp\/v2\/users\/1"}],"replies":[{"embeddable":true,"href":"https:\/\/franciscanos.org.br\/noticias\/wp-json\/wp\/v2\/comments?post=120513"}],"version-history":[{"count":1,"href":"https:\/\/franciscanos.org.br\/noticias\/wp-json\/wp\/v2\/posts\/120513\/revisions"}],"predecessor-version":[{"id":225544,"href":"https:\/\/franciscanos.org.br\/noticias\/wp-json\/wp\/v2\/posts\/120513\/revisions\/225544"}],"wp:featuredmedia":[{"embeddable":true,"href":"https:\/\/franciscanos.org.br\/noticias\/wp-json\/wp\/v2\/media\/207470"}],"wp:attachment":[{"href":"https:\/\/franciscanos.org.br\/noticias\/wp-json\/wp\/v2\/media?parent=120513"}],"wp:term":[{"taxonomy":"category","embeddable":true,"href":"https:\/\/franciscanos.org.br\/noticias\/wp-json\/wp\/v2\/categories?post=120513"},{"taxonomy":"post_tag","embeddable":true,"href":"https:\/\/franciscanos.org.br\/noticias\/wp-json\/wp\/v2\/tags?post=120513"}],"curies":[{"name":"wp","href":"https:\/\/api.w.org\/{rel}","templated":true}]}}