{"id":120489,"date":"2016-11-11T15:25:04","date_gmt":"2016-11-11T17:25:04","guid":{"rendered":"http:\/\/franciscanos.org.br\/?p=120489"},"modified":"2020-06-09T13:48:17","modified_gmt":"2020-06-09T16:48:17","slug":"papa-francisco-pede-perdao-pela-indiferenca-dos-cristaos","status":"publish","type":"post","link":"https:\/\/franciscanos.org.br\/noticias\/papa-francisco-pede-perdao-pela-indiferenca-dos-cristaos.html","title":{"rendered":"Papa pede perd\u00e3o pela indiferen\u00e7a dos crist\u00e3os"},"content":{"rendered":"<p><img loading=\"lazy\" src=\"http:\/\/franciscanos.org.br\/wp-content\/uploads\/2016\/11\/papa_111116.jpg\" alt=\"papa_111116\" width=\"830\" height=\"399\" \/><br \/>\n<strong>Cidade do Vaticano<\/strong> &#8211; Pe\u00e7o-lhes perd\u00e3o pelas pessoas da Igreja que n\u00e3o olharam para voc\u00eas, que voltaram o olhar para o outro lado: foram palavras do Papa Francisco acolhendo ao meio-dia desta sexta-feira, 11 de novembro, na Sala Paulo VI, no Vaticano, cerca de quatro mil pessoas provenientes de muitos pa\u00edses europeus que viveram ou que vivem na rua, presentes estes dias em Roma para celebrar o seu Jubileu da Miseric\u00f3rdia.<strong> \u00a0<\/strong>V\u00e1rias associa\u00e7\u00f5es que assistem pessoas em grave situa\u00e7\u00e3o de precariedade e sem-teto aderiram ao evento promovido pela Associa\u00e7\u00e3o francesa \u201cIrm\u00e3o\u201d.<\/p>\n<p>As palavras pronunciadas pelo arcebispo de Lion, Cardeal Philippe Barbarin, abrindo o encontro, foram precedidas dos calorosos cumprimentos e abra\u00e7os entre Francisco e seus convidados.<\/p>\n<p>\u201cVimos encontrar a Igreja e o pr\u00f3prio Cristo\u201d, disse Etienne Villemain da Associa\u00e7\u00e3o Irm\u00e3o dirigindo-se ao Papa, a quem agradeceu por habitualmente record\u00e1-los desse modo. Tamb\u00e9m n\u00f3s queremos experimentar a ternura de Deus, disse, expressando ao Pont\u00edfice um grande desejo: de que possam ser organizadas Jornadas mundiais dos pobres.<\/p>\n<p>Em seguida, Christian e Robert deixaram o seu testemunho: dois sem-teto, repletos de gratid\u00e3o para com aqueles que os ajudaram e para com o Papa, por levar consigo os pobres em seu cora\u00e7\u00e3o.<\/p>\n<p>O Pont\u00edfice iniciou dizendo ter anotado algumas palavras que tinha acabado de ouvir. As seguintes: \u201ccomo seres humanos n\u00e3o nos diferenciamos dos grandes do mundo. Temos nossas paix\u00f5es e nossos sonhos, que buscamos levar adiante dando pequenos passos\u201d.<\/p>\n<p>A paix\u00e3o e os sonhos: duas palavras que podem ajudar. \u201cN\u00e3o deixem de sonhar\u201d, recomendou o Santo Padre, falando espontaneamente aos presentes, ou seja, sem texto previamente preparado.<\/p>\n<p>\u201cA pobreza est\u00e1 no cora\u00e7\u00e3o do Evangelho. Aquele que tem tudo n\u00e3o pode sonhar! As pessoas, os simples foram at\u00e9 Jesus porque sonhavam que os haveria de curar, de libertar, de servir e seguiram-no e Ele os libertava.\u201d<br \/>\nUma segunda palavra: \u201cA vida \u00e9 t\u00e3o bela\u201d. O que significa que a vida seja bela mesmo nas situa\u00e7\u00f5es piores? \u2013 perguntou-se o Papa. Isso significa dignidade! A mesma dignidade que teve Jesus que nasceu pobre, que viveu como pobre: \u201cSei que muitas vezes voc\u00eas encontraram pessoas que queriam explorar a pobreza de voc\u00eas&#8230; Por\u00e9m, sei que este sentimento de ver que a vida \u00e9 bela, este sentimento, esta dignidade, salvou-os de ser escravos. Pobre sim, escravo n\u00e3o! A pobreza est\u00e1 no cora\u00e7\u00e3o do Evangelho, para ser vivida. A escravid\u00e3o n\u00e3o est\u00e1 no Evangelho para ser vivida, mas par ser libertada.\u201d<\/p>\n<p>Sempre encontramos pessoas mais pobres do que n\u00f3s, a capacidade de ser solid\u00e1rios \u00e9 um dos frutos que a pobreza nos d\u00e1: \u201cobrigado por este exemplo que voc\u00eas d\u00e3o. Voc\u00eas ensinam ao mundo a solidariedade!\u201d Francisco disse ter ficado impressionado ao ouvir falar de paz. A pobreza maior \u00e9 a guerra, afirmou, a guerra que destr\u00f3i: \u201cA paz que, para n\u00f3s crist\u00e3os, teve in\u00edcio numa estrebaria, a partir de uma fam\u00edlia marginalizada; a paz que Deus quer para cada um de seus filhos. E voc\u00eas, a partir da pobreza, da situa\u00e7\u00e3o em que vivem, podem ser art\u00edfices de paz. A guerra se faz entre ricos, para ter mais, para ter mais territ\u00f3rio, mais poder, mais dinheiro. Precisamos de paz no mundo! Precisamos de paz na Igreja; todas as Igrejas precisam de paz; todas as religi\u00f5es precisam crescer na paz.\u201d<\/p>\n<p>Agrade\u00e7o a voc\u00eas por terem vindo aqui visitar-me, disse, por fim Francisco, pedindo perd\u00e3o se alguma vez os ofendeu com suas palavras ou por n\u00e3o ter dito as coisas que deveria dizer: \u201cPe\u00e7o-lhes perd\u00e3o por todas as vezes que n\u00f3s, crist\u00e3os, diante de uma pessoa pobre ou de uma situa\u00e7\u00e3o pobre olhamos para o outro lado. O perd\u00e3o de voc\u00eas, a homens e mulheres da Igreja, que n\u00e3o querem olhar ou n\u00e3o quiseram olhar para voc\u00eas, \u00e9 \u00e1gua benta para n\u00f3s, \u00e9 limpeza para n\u00f3s, \u00e9 ajudar-nos a voltar a crer que no cora\u00e7\u00e3o do Evangelho est\u00e1 a pobreza como grande mensagem e que n\u00f3s \u2013 os cat\u00f3licos, os crist\u00e3os, todos \u2013 devemos formar uma Igreja pobre para os pobres.\u201d<\/p>\n<p>Ao t\u00e9rmino do encontro, o Papa, colocando-se de p\u00e9, recitou uma invoca\u00e7\u00e3o ao Senhor: \u201cDeus, Pai de todos n\u00f3s, de cada um de vossos filhos, pe\u00e7o-vos que nos d\u00ea for\u00e7a, que nos d\u00ea alegria, que nos ensine a sonhar para olhar adiante; que nos ensine a ser solid\u00e1rios, porque somos irm\u00e3os; e que nos ajude a defender a nossa dignidade\u201d.<\/p>\n<p>Em seguida, Francisco deteve-se ainda por um momento intenso de ora\u00e7\u00e3o silenciosa, circundado de homens e mulheres que lhe puseram as m\u00e3os em suas costas. Um gesto que expressou, mais do que as palavras, a amizade entre o Papa e os pobres.<\/p>\n<p><iframe loading=\"lazy\" title=\"2016.11.11 Audi\u00eancia \u00e0s pessoas em situa\u00e7\u00e3o de precariedade\" width=\"500\" height=\"281\" src=\"https:\/\/www.youtube.com\/embed\/fwWbU8RBP5g?feature=oembed\" frameborder=\"0\" allow=\"accelerometer; autoplay; encrypted-media; gyroscope; picture-in-picture\" allowfullscreen><\/iframe><\/p>\n","protected":false},"excerpt":{"rendered":"<p>Audi\u00eancia com exclu\u00eddos<\/p>\n","protected":false},"author":1,"featured_media":211106,"comment_status":"open","ping_status":"open","sticky":false,"template":"","format":"standard","meta":[],"categories":[1428],"tags":[55],"acf":[],"yoast_head":"<!-- This site is optimized with the Yoast SEO plugin v19.2 - https:\/\/yoast.com\/wordpress\/plugins\/seo\/ -->\n<title>Papa pede perd\u00e3o pela indiferen\u00e7a dos crist\u00e3os - Not\u00edcias - Franciscanos<\/title>\n<meta name=\"robots\" content=\"index, follow, max-snippet:-1, max-image-preview:large, max-video-preview:-1\" \/>\n<link rel=\"canonical\" href=\"https:\/\/franciscanos.org.br\/noticias\/papa-francisco-pede-perdao-pela-indiferenca-dos-cristaos.html\" \/>\n<meta property=\"og:locale\" content=\"pt_BR\" \/>\n<meta property=\"og:type\" content=\"article\" \/>\n<meta property=\"og:title\" content=\"Papa pede perd\u00e3o pela indiferen\u00e7a dos crist\u00e3os - Not\u00edcias - Franciscanos\" \/>\n<meta property=\"og:description\" content=\"Audi\u00eancia com exclu\u00eddos\" \/>\n<meta property=\"og:url\" content=\"https:\/\/franciscanos.org.br\/noticias\/papa-francisco-pede-perdao-pela-indiferenca-dos-cristaos.html\" \/>\n<meta property=\"og:site_name\" content=\"Not\u00edcias - Franciscanos\" \/>\n<meta property=\"article:published_time\" content=\"2016-11-11T17:25:04+00:00\" \/>\n<meta property=\"article:modified_time\" content=\"2020-06-09T16:48:17+00:00\" \/>\n<meta property=\"og:image\" content=\"https:\/\/franciscanos.org.br\/noticias\/wp-content\/uploads\/2016\/11\/papa_111116.jpg\" \/>\n\t<meta property=\"og:image:width\" content=\"273\" \/>\n\t<meta property=\"og:image:height\" content=\"181\" \/>\n\t<meta property=\"og:image:type\" content=\"image\/jpeg\" \/>\n<meta name=\"author\" content=\"admin\" \/>\n<meta name=\"twitter:card\" content=\"summary_large_image\" \/>\n<meta name=\"twitter:label1\" content=\"Escrito por\" \/>\n\t<meta name=\"twitter:data1\" content=\"admin\" \/>\n\t<meta name=\"twitter:label2\" content=\"Est. tempo de leitura\" \/>\n\t<meta name=\"twitter:data2\" content=\"4 minutos\" \/>\n<script type=\"application\/ld+json\" class=\"yoast-schema-graph\">{\"@context\":\"https:\/\/schema.org\",\"@graph\":[{\"@type\":\"WebSite\",\"@id\":\"https:\/\/franciscanos.org.br\/noticias\/#website\",\"url\":\"https:\/\/franciscanos.org.br\/noticias\/\",\"name\":\"Not\u00edcias - Franciscanos\",\"description\":\"Prov\u00edncia Franciscana da Imaculada Concei\u00e7\u00e3o do Brasil - Ordem dos Frades Menores - OFM\",\"potentialAction\":[{\"@type\":\"SearchAction\",\"target\":{\"@type\":\"EntryPoint\",\"urlTemplate\":\"https:\/\/franciscanos.org.br\/noticias\/?s={search_term_string}\"},\"query-input\":\"required name=search_term_string\"}],\"inLanguage\":\"pt-BR\"},{\"@type\":\"ImageObject\",\"inLanguage\":\"pt-BR\",\"@id\":\"https:\/\/franciscanos.org.br\/noticias\/papa-francisco-pede-perdao-pela-indiferenca-dos-cristaos.html#primaryimage\",\"url\":\"https:\/\/franciscanos.org.br\/noticias\/wp-content\/uploads\/2016\/11\/papa_111116.jpg\",\"contentUrl\":\"https:\/\/franciscanos.org.br\/noticias\/wp-content\/uploads\/2016\/11\/papa_111116.jpg\",\"width\":273,\"height\":181},{\"@type\":\"WebPage\",\"@id\":\"https:\/\/franciscanos.org.br\/noticias\/papa-francisco-pede-perdao-pela-indiferenca-dos-cristaos.html#webpage\",\"url\":\"https:\/\/franciscanos.org.br\/noticias\/papa-francisco-pede-perdao-pela-indiferenca-dos-cristaos.html\",\"name\":\"Papa pede perd\u00e3o pela indiferen\u00e7a dos crist\u00e3os - Not\u00edcias - Franciscanos\",\"isPartOf\":{\"@id\":\"https:\/\/franciscanos.org.br\/noticias\/#website\"},\"primaryImageOfPage\":{\"@id\":\"https:\/\/franciscanos.org.br\/noticias\/papa-francisco-pede-perdao-pela-indiferenca-dos-cristaos.html#primaryimage\"},\"datePublished\":\"2016-11-11T17:25:04+00:00\",\"dateModified\":\"2020-06-09T16:48:17+00:00\",\"author\":{\"@id\":\"https:\/\/franciscanos.org.br\/noticias\/#\/schema\/person\/b38fbf43118f02820bd932f2e4b14ad3\"},\"breadcrumb\":{\"@id\":\"https:\/\/franciscanos.org.br\/noticias\/papa-francisco-pede-perdao-pela-indiferenca-dos-cristaos.html#breadcrumb\"},\"inLanguage\":\"pt-BR\",\"potentialAction\":[{\"@type\":\"ReadAction\",\"target\":[\"https:\/\/franciscanos.org.br\/noticias\/papa-francisco-pede-perdao-pela-indiferenca-dos-cristaos.html\"]}]},{\"@type\":\"BreadcrumbList\",\"@id\":\"https:\/\/franciscanos.org.br\/noticias\/papa-francisco-pede-perdao-pela-indiferenca-dos-cristaos.html#breadcrumb\",\"itemListElement\":[{\"@type\":\"ListItem\",\"position\":1,\"name\":\"Home\",\"item\":\"https:\/\/franciscanos.org.br\/noticias\"},{\"@type\":\"ListItem\",\"position\":2,\"name\":\"Papa pede perd\u00e3o pela indiferen\u00e7a dos crist\u00e3os\"}]},{\"@type\":\"Person\",\"@id\":\"https:\/\/franciscanos.org.br\/noticias\/#\/schema\/person\/b38fbf43118f02820bd932f2e4b14ad3\",\"name\":\"admin\",\"image\":{\"@type\":\"ImageObject\",\"inLanguage\":\"pt-BR\",\"@id\":\"https:\/\/franciscanos.org.br\/noticias\/#\/schema\/person\/image\/\",\"url\":\"https:\/\/secure.gravatar.com\/avatar\/e8495742d34d0ba6448ea1c628263b3e?s=96&d=mm&r=g\",\"contentUrl\":\"https:\/\/secure.gravatar.com\/avatar\/e8495742d34d0ba6448ea1c628263b3e?s=96&d=mm&r=g\",\"caption\":\"admin\"},\"url\":\"https:\/\/franciscanos.org.br\/noticias\/author\/admin\"}]}<\/script>\n<!-- \/ Yoast SEO plugin. -->","yoast_head_json":{"title":"Papa pede perd\u00e3o pela indiferen\u00e7a dos crist\u00e3os - Not\u00edcias - Franciscanos","robots":{"index":"index","follow":"follow","max-snippet":"max-snippet:-1","max-image-preview":"max-image-preview:large","max-video-preview":"max-video-preview:-1"},"canonical":"https:\/\/franciscanos.org.br\/noticias\/papa-francisco-pede-perdao-pela-indiferenca-dos-cristaos.html","og_locale":"pt_BR","og_type":"article","og_title":"Papa pede perd\u00e3o pela indiferen\u00e7a dos crist\u00e3os - Not\u00edcias - Franciscanos","og_description":"Audi\u00eancia com exclu\u00eddos","og_url":"https:\/\/franciscanos.org.br\/noticias\/papa-francisco-pede-perdao-pela-indiferenca-dos-cristaos.html","og_site_name":"Not\u00edcias - Franciscanos","article_published_time":"2016-11-11T17:25:04+00:00","article_modified_time":"2020-06-09T16:48:17+00:00","og_image":[{"width":273,"height":181,"url":"https:\/\/franciscanos.org.br\/noticias\/wp-content\/uploads\/2016\/11\/papa_111116.jpg","type":"image\/jpeg"}],"author":"admin","twitter_card":"summary_large_image","twitter_misc":{"Escrito por":"admin","Est. tempo de leitura":"4 minutos"},"schema":{"@context":"https:\/\/schema.org","@graph":[{"@type":"WebSite","@id":"https:\/\/franciscanos.org.br\/noticias\/#website","url":"https:\/\/franciscanos.org.br\/noticias\/","name":"Not\u00edcias - Franciscanos","description":"Prov\u00edncia Franciscana da Imaculada Concei\u00e7\u00e3o do Brasil - Ordem dos Frades Menores - OFM","potentialAction":[{"@type":"SearchAction","target":{"@type":"EntryPoint","urlTemplate":"https:\/\/franciscanos.org.br\/noticias\/?s={search_term_string}"},"query-input":"required name=search_term_string"}],"inLanguage":"pt-BR"},{"@type":"ImageObject","inLanguage":"pt-BR","@id":"https:\/\/franciscanos.org.br\/noticias\/papa-francisco-pede-perdao-pela-indiferenca-dos-cristaos.html#primaryimage","url":"https:\/\/franciscanos.org.br\/noticias\/wp-content\/uploads\/2016\/11\/papa_111116.jpg","contentUrl":"https:\/\/franciscanos.org.br\/noticias\/wp-content\/uploads\/2016\/11\/papa_111116.jpg","width":273,"height":181},{"@type":"WebPage","@id":"https:\/\/franciscanos.org.br\/noticias\/papa-francisco-pede-perdao-pela-indiferenca-dos-cristaos.html#webpage","url":"https:\/\/franciscanos.org.br\/noticias\/papa-francisco-pede-perdao-pela-indiferenca-dos-cristaos.html","name":"Papa pede perd\u00e3o pela indiferen\u00e7a dos crist\u00e3os - Not\u00edcias - Franciscanos","isPartOf":{"@id":"https:\/\/franciscanos.org.br\/noticias\/#website"},"primaryImageOfPage":{"@id":"https:\/\/franciscanos.org.br\/noticias\/papa-francisco-pede-perdao-pela-indiferenca-dos-cristaos.html#primaryimage"},"datePublished":"2016-11-11T17:25:04+00:00","dateModified":"2020-06-09T16:48:17+00:00","author":{"@id":"https:\/\/franciscanos.org.br\/noticias\/#\/schema\/person\/b38fbf43118f02820bd932f2e4b14ad3"},"breadcrumb":{"@id":"https:\/\/franciscanos.org.br\/noticias\/papa-francisco-pede-perdao-pela-indiferenca-dos-cristaos.html#breadcrumb"},"inLanguage":"pt-BR","potentialAction":[{"@type":"ReadAction","target":["https:\/\/franciscanos.org.br\/noticias\/papa-francisco-pede-perdao-pela-indiferenca-dos-cristaos.html"]}]},{"@type":"BreadcrumbList","@id":"https:\/\/franciscanos.org.br\/noticias\/papa-francisco-pede-perdao-pela-indiferenca-dos-cristaos.html#breadcrumb","itemListElement":[{"@type":"ListItem","position":1,"name":"Home","item":"https:\/\/franciscanos.org.br\/noticias"},{"@type":"ListItem","position":2,"name":"Papa pede perd\u00e3o pela indiferen\u00e7a dos crist\u00e3os"}]},{"@type":"Person","@id":"https:\/\/franciscanos.org.br\/noticias\/#\/schema\/person\/b38fbf43118f02820bd932f2e4b14ad3","name":"admin","image":{"@type":"ImageObject","inLanguage":"pt-BR","@id":"https:\/\/franciscanos.org.br\/noticias\/#\/schema\/person\/image\/","url":"https:\/\/secure.gravatar.com\/avatar\/e8495742d34d0ba6448ea1c628263b3e?s=96&d=mm&r=g","contentUrl":"https:\/\/secure.gravatar.com\/avatar\/e8495742d34d0ba6448ea1c628263b3e?s=96&d=mm&r=g","caption":"admin"},"url":"https:\/\/franciscanos.org.br\/noticias\/author\/admin"}]}},"_links":{"self":[{"href":"https:\/\/franciscanos.org.br\/noticias\/wp-json\/wp\/v2\/posts\/120489"}],"collection":[{"href":"https:\/\/franciscanos.org.br\/noticias\/wp-json\/wp\/v2\/posts"}],"about":[{"href":"https:\/\/franciscanos.org.br\/noticias\/wp-json\/wp\/v2\/types\/post"}],"author":[{"embeddable":true,"href":"https:\/\/franciscanos.org.br\/noticias\/wp-json\/wp\/v2\/users\/1"}],"replies":[{"embeddable":true,"href":"https:\/\/franciscanos.org.br\/noticias\/wp-json\/wp\/v2\/comments?post=120489"}],"version-history":[{"count":2,"href":"https:\/\/franciscanos.org.br\/noticias\/wp-json\/wp\/v2\/posts\/120489\/revisions"}],"predecessor-version":[{"id":225546,"href":"https:\/\/franciscanos.org.br\/noticias\/wp-json\/wp\/v2\/posts\/120489\/revisions\/225546"}],"wp:featuredmedia":[{"embeddable":true,"href":"https:\/\/franciscanos.org.br\/noticias\/wp-json\/wp\/v2\/media\/211106"}],"wp:attachment":[{"href":"https:\/\/franciscanos.org.br\/noticias\/wp-json\/wp\/v2\/media?parent=120489"}],"wp:term":[{"taxonomy":"category","embeddable":true,"href":"https:\/\/franciscanos.org.br\/noticias\/wp-json\/wp\/v2\/categories?post=120489"},{"taxonomy":"post_tag","embeddable":true,"href":"https:\/\/franciscanos.org.br\/noticias\/wp-json\/wp\/v2\/tags?post=120489"}],"curies":[{"name":"wp","href":"https:\/\/api.w.org\/{rel}","templated":true}]}}