{"id":120283,"date":"2016-11-10T08:22:34","date_gmt":"2016-11-10T10:22:34","guid":{"rendered":"http:\/\/franciscanos.org.br\/?p=120283"},"modified":"2020-06-09T13:51:41","modified_gmt":"2020-06-09T16:51:41","slug":"papa-proteger-a-esperanca-nao-a-religiao-do-espetaculo","status":"publish","type":"post","link":"https:\/\/franciscanos.org.br\/noticias\/papa-proteger-a-esperanca-nao-a-religiao-do-espetaculo.html","title":{"rendered":"Proteger a esperan\u00e7a, n\u00e3o \u00e0 religi\u00e3o do espet\u00e1culo"},"content":{"rendered":"<p><img loading=\"lazy\" src=\"http:\/\/franciscanos.org.br\/wp-content\/uploads\/2016\/05\/santa_marta_9_820.jpg\" alt=\"santa_marta_9_820\" width=\"820\" height=\"325\" \/><br \/>\n<strong>Cidade do Vaticano<\/strong> &#8211; O Papa Francisco presidiu a missa matutina na Casa Santa Marta na manh\u00e3 da quinta-feira e, como habitualmente, centrou a sua homilia nas leituras do dia.<\/p>\n<p>No Evangelho, Jesus responde aos fariseus que lhe perguntam com curiosidade: \u201cQuando vir\u00e1 o reino de Deus?\u201d. \u201cJ\u00e1 veio \u2013 diz o Senhor \u2013 est\u00e1 no meio de v\u00f3s!\u201d \u00e9 como uma pequena semente que \u00e9 semeada e cresce sozinha, com o tempo. \u00c9 Deus que a faz crescer mas sem chamar a aten\u00e7\u00e3o\u2013 explica o Papa: \u201cO Reino de Deus n\u00e3o \u00e9 uma religi\u00e3o do espet\u00e1culo, que sempre procuram coisas novas, revela\u00e7\u00f5es, mensagens&#8230; Deus falou em Jesus Cristo: esta \u00e9 a \u00faltima Palavra de Deus. As outras s\u00e3o como fogos de artif\u00edcio que te iluminam por um instante e depois, o que fica? Nada.<\/p>\n<p>N\u00e3o h\u00e1 crescimento, n\u00e3o h\u00e1 luz, n\u00e3o h\u00e1 nada: um instante. Muitas vezes, somos tentados por esta religi\u00e3o do espet\u00e1culo, tentados em procurar coisas estranhas \u00e0 revela\u00e7\u00e3o, \u00e0 mansid\u00e3o do Reino de Deus que est\u00e1 no meio de n\u00f3s e cresce. E isto n\u00e3o \u00e9 esperan\u00e7a: \u00e9 a vontade de possuir algo em m\u00e3os. A nossa salva\u00e7\u00e3o se d\u00e1 na esperan\u00e7a, a esperan\u00e7a que tem o homem que semeia o gr\u00e3o ou a mulher que prepara o p\u00e3o, misturando fermento e farinha: a esperan\u00e7a que ela cres\u00e7a. Ao contr\u00e1rio, esta luminosidade artificial se concentra em um momento e depois acaba, como os fogos de artif\u00edcio. N\u00e3o s\u00e3o suficientes para iluminar uma casa; \u00e9 um espet\u00e1culo\u201d.<\/p>\n<p><strong>Proteger o Reino<\/strong><br \/>\nMas o que devemos fazer \u2013 questiona o Papa \u2013 enquanto esperamos que chegue a plenitude do Reino de Deus? Devemos \u2018proteger\u2019: \u201cCuidar com paci\u00eancia. A paci\u00eancia no nosso trabalho, nos nossos sofrimentos&#8230; Cuidar como cuida o homem que plantou a semente, protege a planta e se preocupa para que n\u00e3o tenha uma erva daninha perto dela, para que a planta cres\u00e7a. Cuidar da esperan\u00e7a. E aqui est\u00e1 a pergunta que eu fa\u00e7o a voc\u00eas hoje: se o Reino de Deus est\u00e1 no meio de n\u00f3s, se todos n\u00f3s temos esta semente dentro, temos o Esp\u00edrito Santo ali, como eu cuido dele? Como discirno, como posso discernir a planta boa do gr\u00e3o da intriga? O Reino de Deus cresce e n\u00f3s o que devemos fazer? Cuidar. Crescer na esperan\u00e7a, cuidar da esperan\u00e7a. Porque na esperan\u00e7a fomos salvos. E este \u00e9 o elo: a esperan\u00e7a \u00e9 o elo da hist\u00f3ria da salva\u00e7\u00e3o. A esperan\u00e7a de encontrar o Senhor definitivamente\u201d.<\/p>\n<p><strong>Esperan\u00e7a<\/strong><br \/>\n\u201cO Reino de Deus \u2013 afirmou o Papa \u2013 se fortalece na esperan\u00e7a\u201d: \u201cPerguntemos a n\u00f3s mesmos: \u2018Eu tenho esperan\u00e7a? Ou vou avante, vou avante como posso e n\u00e3o sei discernir o bom do mau, o gr\u00e3o da intriga, a luz, a mansa luz do Esp\u00edrito Santo da luminosidade artificial? Interroguemo-nos sobre a nossa esperan\u00e7a nesta semente que est\u00e1 crescendo em n\u00f3s, e sobre como protegemos a nossa esperan\u00e7a. O Reino de Deus est\u00e1 no meio de n\u00f3s, mas n\u00f3s devemos com o repouso, com o trabalho, com o discernimento proteger a esperan\u00e7a deste Reino de Deus que cresce, at\u00e9 o momento em que vir\u00e1 o Senhor e tudo ser\u00e1 transformado. Num instante: tudo! O mundo, n\u00f3s, tudo. E como diz Paulo aos crist\u00e3os de Tessal\u00f4nica, naquele momento permaneceremos todos com Ele\u201d.<\/p>\n<hr \/>\n<p><em>Fonte: R\u00e1dio Vaticano<\/em><\/p>\n","protected":false},"excerpt":{"rendered":"<p>Missa em Santa Marta<\/p>\n","protected":false},"author":1,"featured_media":203382,"comment_status":"open","ping_status":"open","sticky":false,"template":"","format":"standard","meta":[],"categories":[1428],"tags":[1586],"acf":[],"yoast_head":"<!-- This site is optimized with the Yoast SEO plugin v19.2 - https:\/\/yoast.com\/wordpress\/plugins\/seo\/ -->\n<title>Proteger a esperan\u00e7a, n\u00e3o \u00e0 religi\u00e3o do espet\u00e1culo - Not\u00edcias - Franciscanos<\/title>\n<meta name=\"robots\" content=\"index, follow, max-snippet:-1, max-image-preview:large, max-video-preview:-1\" \/>\n<link rel=\"canonical\" href=\"https:\/\/franciscanos.org.br\/noticias\/papa-proteger-a-esperanca-nao-a-religiao-do-espetaculo.html\" \/>\n<meta property=\"og:locale\" content=\"pt_BR\" \/>\n<meta property=\"og:type\" content=\"article\" \/>\n<meta property=\"og:title\" content=\"Proteger a esperan\u00e7a, n\u00e3o \u00e0 religi\u00e3o do espet\u00e1culo - Not\u00edcias - Franciscanos\" \/>\n<meta property=\"og:description\" content=\"Missa em Santa Marta\" \/>\n<meta property=\"og:url\" content=\"https:\/\/franciscanos.org.br\/noticias\/papa-proteger-a-esperanca-nao-a-religiao-do-espetaculo.html\" \/>\n<meta property=\"og:site_name\" content=\"Not\u00edcias - Franciscanos\" \/>\n<meta property=\"article:published_time\" content=\"2016-11-10T10:22:34+00:00\" \/>\n<meta property=\"article:modified_time\" content=\"2020-06-09T16:51:41+00:00\" \/>\n<meta property=\"og:image\" content=\"https:\/\/franciscanos.org.br\/noticias\/wp-content\/uploads\/2016\/11\/santa_marta_9_820.jpg\" \/>\n\t<meta property=\"og:image:width\" content=\"273\" \/>\n\t<meta property=\"og:image:height\" content=\"181\" \/>\n\t<meta property=\"og:image:type\" content=\"image\/jpeg\" \/>\n<meta name=\"author\" content=\"admin\" \/>\n<meta name=\"twitter:card\" content=\"summary_large_image\" \/>\n<meta name=\"twitter:label1\" content=\"Escrito por\" \/>\n\t<meta name=\"twitter:data1\" content=\"admin\" \/>\n\t<meta name=\"twitter:label2\" content=\"Est. tempo de leitura\" \/>\n\t<meta name=\"twitter:data2\" content=\"3 minutos\" \/>\n<script type=\"application\/ld+json\" class=\"yoast-schema-graph\">{\"@context\":\"https:\/\/schema.org\",\"@graph\":[{\"@type\":\"WebSite\",\"@id\":\"https:\/\/franciscanos.org.br\/noticias\/#website\",\"url\":\"https:\/\/franciscanos.org.br\/noticias\/\",\"name\":\"Not\u00edcias - Franciscanos\",\"description\":\"Prov\u00edncia Franciscana da Imaculada Concei\u00e7\u00e3o do Brasil - Ordem dos Frades Menores - OFM\",\"potentialAction\":[{\"@type\":\"SearchAction\",\"target\":{\"@type\":\"EntryPoint\",\"urlTemplate\":\"https:\/\/franciscanos.org.br\/noticias\/?s={search_term_string}\"},\"query-input\":\"required name=search_term_string\"}],\"inLanguage\":\"pt-BR\"},{\"@type\":\"ImageObject\",\"inLanguage\":\"pt-BR\",\"@id\":\"https:\/\/franciscanos.org.br\/noticias\/papa-proteger-a-esperanca-nao-a-religiao-do-espetaculo.html#primaryimage\",\"url\":\"https:\/\/franciscanos.org.br\/noticias\/wp-content\/uploads\/2016\/11\/santa_marta_9_820.jpg\",\"contentUrl\":\"https:\/\/franciscanos.org.br\/noticias\/wp-content\/uploads\/2016\/11\/santa_marta_9_820.jpg\",\"width\":273,\"height\":181},{\"@type\":\"WebPage\",\"@id\":\"https:\/\/franciscanos.org.br\/noticias\/papa-proteger-a-esperanca-nao-a-religiao-do-espetaculo.html#webpage\",\"url\":\"https:\/\/franciscanos.org.br\/noticias\/papa-proteger-a-esperanca-nao-a-religiao-do-espetaculo.html\",\"name\":\"Proteger a esperan\u00e7a, n\u00e3o \u00e0 religi\u00e3o do espet\u00e1culo - Not\u00edcias - Franciscanos\",\"isPartOf\":{\"@id\":\"https:\/\/franciscanos.org.br\/noticias\/#website\"},\"primaryImageOfPage\":{\"@id\":\"https:\/\/franciscanos.org.br\/noticias\/papa-proteger-a-esperanca-nao-a-religiao-do-espetaculo.html#primaryimage\"},\"datePublished\":\"2016-11-10T10:22:34+00:00\",\"dateModified\":\"2020-06-09T16:51:41+00:00\",\"author\":{\"@id\":\"https:\/\/franciscanos.org.br\/noticias\/#\/schema\/person\/b38fbf43118f02820bd932f2e4b14ad3\"},\"breadcrumb\":{\"@id\":\"https:\/\/franciscanos.org.br\/noticias\/papa-proteger-a-esperanca-nao-a-religiao-do-espetaculo.html#breadcrumb\"},\"inLanguage\":\"pt-BR\",\"potentialAction\":[{\"@type\":\"ReadAction\",\"target\":[\"https:\/\/franciscanos.org.br\/noticias\/papa-proteger-a-esperanca-nao-a-religiao-do-espetaculo.html\"]}]},{\"@type\":\"BreadcrumbList\",\"@id\":\"https:\/\/franciscanos.org.br\/noticias\/papa-proteger-a-esperanca-nao-a-religiao-do-espetaculo.html#breadcrumb\",\"itemListElement\":[{\"@type\":\"ListItem\",\"position\":1,\"name\":\"Home\",\"item\":\"https:\/\/franciscanos.org.br\/noticias\"},{\"@type\":\"ListItem\",\"position\":2,\"name\":\"Proteger a esperan\u00e7a, n\u00e3o \u00e0 religi\u00e3o do espet\u00e1culo\"}]},{\"@type\":\"Person\",\"@id\":\"https:\/\/franciscanos.org.br\/noticias\/#\/schema\/person\/b38fbf43118f02820bd932f2e4b14ad3\",\"name\":\"admin\",\"image\":{\"@type\":\"ImageObject\",\"inLanguage\":\"pt-BR\",\"@id\":\"https:\/\/franciscanos.org.br\/noticias\/#\/schema\/person\/image\/\",\"url\":\"https:\/\/secure.gravatar.com\/avatar\/e8495742d34d0ba6448ea1c628263b3e?s=96&d=mm&r=g\",\"contentUrl\":\"https:\/\/secure.gravatar.com\/avatar\/e8495742d34d0ba6448ea1c628263b3e?s=96&d=mm&r=g\",\"caption\":\"admin\"},\"url\":\"https:\/\/franciscanos.org.br\/noticias\/author\/admin\"}]}<\/script>\n<!-- \/ Yoast SEO plugin. -->","yoast_head_json":{"title":"Proteger a esperan\u00e7a, n\u00e3o \u00e0 religi\u00e3o do espet\u00e1culo - Not\u00edcias - Franciscanos","robots":{"index":"index","follow":"follow","max-snippet":"max-snippet:-1","max-image-preview":"max-image-preview:large","max-video-preview":"max-video-preview:-1"},"canonical":"https:\/\/franciscanos.org.br\/noticias\/papa-proteger-a-esperanca-nao-a-religiao-do-espetaculo.html","og_locale":"pt_BR","og_type":"article","og_title":"Proteger a esperan\u00e7a, n\u00e3o \u00e0 religi\u00e3o do espet\u00e1culo - Not\u00edcias - Franciscanos","og_description":"Missa em Santa Marta","og_url":"https:\/\/franciscanos.org.br\/noticias\/papa-proteger-a-esperanca-nao-a-religiao-do-espetaculo.html","og_site_name":"Not\u00edcias - Franciscanos","article_published_time":"2016-11-10T10:22:34+00:00","article_modified_time":"2020-06-09T16:51:41+00:00","og_image":[{"width":273,"height":181,"url":"https:\/\/franciscanos.org.br\/noticias\/wp-content\/uploads\/2016\/11\/santa_marta_9_820.jpg","type":"image\/jpeg"}],"author":"admin","twitter_card":"summary_large_image","twitter_misc":{"Escrito por":"admin","Est. tempo de leitura":"3 minutos"},"schema":{"@context":"https:\/\/schema.org","@graph":[{"@type":"WebSite","@id":"https:\/\/franciscanos.org.br\/noticias\/#website","url":"https:\/\/franciscanos.org.br\/noticias\/","name":"Not\u00edcias - Franciscanos","description":"Prov\u00edncia Franciscana da Imaculada Concei\u00e7\u00e3o do Brasil - Ordem dos Frades Menores - OFM","potentialAction":[{"@type":"SearchAction","target":{"@type":"EntryPoint","urlTemplate":"https:\/\/franciscanos.org.br\/noticias\/?s={search_term_string}"},"query-input":"required name=search_term_string"}],"inLanguage":"pt-BR"},{"@type":"ImageObject","inLanguage":"pt-BR","@id":"https:\/\/franciscanos.org.br\/noticias\/papa-proteger-a-esperanca-nao-a-religiao-do-espetaculo.html#primaryimage","url":"https:\/\/franciscanos.org.br\/noticias\/wp-content\/uploads\/2016\/11\/santa_marta_9_820.jpg","contentUrl":"https:\/\/franciscanos.org.br\/noticias\/wp-content\/uploads\/2016\/11\/santa_marta_9_820.jpg","width":273,"height":181},{"@type":"WebPage","@id":"https:\/\/franciscanos.org.br\/noticias\/papa-proteger-a-esperanca-nao-a-religiao-do-espetaculo.html#webpage","url":"https:\/\/franciscanos.org.br\/noticias\/papa-proteger-a-esperanca-nao-a-religiao-do-espetaculo.html","name":"Proteger a esperan\u00e7a, n\u00e3o \u00e0 religi\u00e3o do espet\u00e1culo - Not\u00edcias - Franciscanos","isPartOf":{"@id":"https:\/\/franciscanos.org.br\/noticias\/#website"},"primaryImageOfPage":{"@id":"https:\/\/franciscanos.org.br\/noticias\/papa-proteger-a-esperanca-nao-a-religiao-do-espetaculo.html#primaryimage"},"datePublished":"2016-11-10T10:22:34+00:00","dateModified":"2020-06-09T16:51:41+00:00","author":{"@id":"https:\/\/franciscanos.org.br\/noticias\/#\/schema\/person\/b38fbf43118f02820bd932f2e4b14ad3"},"breadcrumb":{"@id":"https:\/\/franciscanos.org.br\/noticias\/papa-proteger-a-esperanca-nao-a-religiao-do-espetaculo.html#breadcrumb"},"inLanguage":"pt-BR","potentialAction":[{"@type":"ReadAction","target":["https:\/\/franciscanos.org.br\/noticias\/papa-proteger-a-esperanca-nao-a-religiao-do-espetaculo.html"]}]},{"@type":"BreadcrumbList","@id":"https:\/\/franciscanos.org.br\/noticias\/papa-proteger-a-esperanca-nao-a-religiao-do-espetaculo.html#breadcrumb","itemListElement":[{"@type":"ListItem","position":1,"name":"Home","item":"https:\/\/franciscanos.org.br\/noticias"},{"@type":"ListItem","position":2,"name":"Proteger a esperan\u00e7a, n\u00e3o \u00e0 religi\u00e3o do espet\u00e1culo"}]},{"@type":"Person","@id":"https:\/\/franciscanos.org.br\/noticias\/#\/schema\/person\/b38fbf43118f02820bd932f2e4b14ad3","name":"admin","image":{"@type":"ImageObject","inLanguage":"pt-BR","@id":"https:\/\/franciscanos.org.br\/noticias\/#\/schema\/person\/image\/","url":"https:\/\/secure.gravatar.com\/avatar\/e8495742d34d0ba6448ea1c628263b3e?s=96&d=mm&r=g","contentUrl":"https:\/\/secure.gravatar.com\/avatar\/e8495742d34d0ba6448ea1c628263b3e?s=96&d=mm&r=g","caption":"admin"},"url":"https:\/\/franciscanos.org.br\/noticias\/author\/admin"}]}},"_links":{"self":[{"href":"https:\/\/franciscanos.org.br\/noticias\/wp-json\/wp\/v2\/posts\/120283"}],"collection":[{"href":"https:\/\/franciscanos.org.br\/noticias\/wp-json\/wp\/v2\/posts"}],"about":[{"href":"https:\/\/franciscanos.org.br\/noticias\/wp-json\/wp\/v2\/types\/post"}],"author":[{"embeddable":true,"href":"https:\/\/franciscanos.org.br\/noticias\/wp-json\/wp\/v2\/users\/1"}],"replies":[{"embeddable":true,"href":"https:\/\/franciscanos.org.br\/noticias\/wp-json\/wp\/v2\/comments?post=120283"}],"version-history":[{"count":1,"href":"https:\/\/franciscanos.org.br\/noticias\/wp-json\/wp\/v2\/posts\/120283\/revisions"}],"predecessor-version":[{"id":225548,"href":"https:\/\/franciscanos.org.br\/noticias\/wp-json\/wp\/v2\/posts\/120283\/revisions\/225548"}],"wp:featuredmedia":[{"embeddable":true,"href":"https:\/\/franciscanos.org.br\/noticias\/wp-json\/wp\/v2\/media\/203382"}],"wp:attachment":[{"href":"https:\/\/franciscanos.org.br\/noticias\/wp-json\/wp\/v2\/media?parent=120283"}],"wp:term":[{"taxonomy":"category","embeddable":true,"href":"https:\/\/franciscanos.org.br\/noticias\/wp-json\/wp\/v2\/categories?post=120283"},{"taxonomy":"post_tag","embeddable":true,"href":"https:\/\/franciscanos.org.br\/noticias\/wp-json\/wp\/v2\/tags?post=120283"}],"curies":[{"name":"wp","href":"https:\/\/api.w.org\/{rel}","templated":true}]}}