{"id":120161,"date":"2016-11-08T09:45:45","date_gmt":"2016-11-08T11:45:45","guid":{"rendered":"http:\/\/franciscanos.org.br\/?p=120161"},"modified":"2020-06-09T14:02:00","modified_gmt":"2020-06-09T17:02:00","slug":"sede-de-poder-e-deslealdade-sao-incompativeis-com-o-servico","status":"publish","type":"post","link":"https:\/\/franciscanos.org.br\/noticias\/sede-de-poder-e-deslealdade-sao-incompativeis-com-o-servico.html","title":{"rendered":"Sede de poder e deslealdade nos impedem de servir"},"content":{"rendered":"<p><img loading=\"lazy\" src=\"http:\/\/franciscanos.org.br\/wp-content\/uploads\/2016\/05\/marta_-05.jpg\" alt=\"marta_-05\" width=\"830\" height=\"340\" \/><br \/>\n<strong>Cidade do Vaticano<\/strong> &#8211; Para servir bem o Senhor, n\u00e3o podemos ser desleais e nem buscar o poder. \u00c9 a s\u00edntese da homilia de Francisco na missa celebrada esta manh\u00e3 na Casa Santa Marta. O Pont\u00edfice reiterou que n\u00e3o se pode servir Deus e o mundo.<\/p>\n<p>\u201cSomos servos in\u00fateis\u201d, disse o Papa, reiterando que \u201ctodo verdadeiro disc\u00edpulo do Senhor deve repetir esta afirma\u00e7\u00e3o repetir a si mesmo\u201d.<\/p>\n<p><strong>O desejo de poder nos impede de servir o Senhor<\/strong><\/p>\n<p>Mas quais s\u00e3o, questiona o Papa, os obst\u00e1culos que nos impede de servir o Senhor com liberdade? S\u00e3o muitos, constata com amargura, e \u201cum \u00e9 a sede de poder\u201d: \u201cQuantas vezes vimos, at\u00e9 em nossas casas: \u2018aqui sou eu que comando!\u2019. E quantas vezes, sem diz\u00ea-lo, fizemos ouvir aos outros \u2018que aqui eu comando\u2019, n\u00e3o? Mostrar isso&#8230; A sede de poder&#8230; E Jesus nos ensinou que aquele que comanda se torna como aquele que serve. Ou se algu\u00e9m quiser ser o primeiro, seja servidor de todos. Jesus reverte os valores da mundanidade, do mundo. E este desejo de poder n\u00e3o \u00e9 o caminho para se tornar um servo do Senhor, ao contr\u00e1rio: \u00e9 um obst\u00e1culo, um destes obst\u00e1culos que rezamos ao Senhor para que afaste de n\u00f3s\u201d.<\/p>\n<p><strong>N\u00e3o \u00e0 deslealdade de quem quer servir Deus e o dinheiro<\/strong><\/p>\n<p>O outro obst\u00e1culo, prossegue Francisco, se verifica \u201ctamb\u00e9m na vida da Igreja\u201d, e \u00e9 \u201ca deslealdade\u201d. E isto \u2013 adverte o Papa, acontece \u201cquando algu\u00e9m quer servir o Senhor enquanto serve outras coisas que n\u00e3o s\u00e3o o Senhor\u201d.<\/p>\n<p>\u201cO Senhor nos disse que nenhum servi\u00e7o pode ter dois patr\u00f5es. Ou serve Deus ou serve o dinheiro. Foi Jesus que o disse. E este \u00e9 um obst\u00e1culo: a deslealdade; que n\u00e3o \u00e9 o mesmo de ser pecador. Todos somos pecadores e nos arrependemos disso, mas ser desleais \u00e9 fazer jogo duplo, n\u00e3o? Jogar \u00e0 direita e \u00e0 esquerda, jogar com Deus e jogar com o mundo, n\u00e3o? Isto \u00e9 um obst\u00e1culo. Aquele que tem sede de poder e aquele que \u00e9 desleal dificilmente podem servir ou serem servos livres do Senhor\u201d.<\/p>\n<p>Estes obst\u00e1culos, a sede de poder e a deslealdade, retoma Francisco, \u201ctiram a paz e te causam um tremor no cora\u00e7\u00e3o que n\u00e3o deixa em paz, mas sempre ansioso\u201d. E isto, reitera, \u201cnos leva a viver naquela tens\u00e3o da vaidade mundana&#8230; viver para aparecer\u201d.<\/p>\n<p><strong>O servi\u00e7o de Deus \u00e9 livre, n\u00f3s O servimos como filhos, n\u00e3o como escravos<\/strong><\/p>\n<p>Quanta gente \u201cvive somente para ser vitrina, para aparecer, para que digam: &#8216;Ah, como ele \u00e9 bom&#8230;&#8217;, tudo pela fama. Fama mundana\u201d. E assim, &#8211; \u00e9 a sua advert\u00eancia -, \u201cn\u00e3o se pode servir o Senhor\u201d. Por isso, &#8211; acrescenta -, \u201cpedimos ao Senhor para remover os obst\u00e1culos para que com serenidade, seja do corpo, seja do esp\u00edrito\u201d, possamos \u201cdedicar-nos livremente ao seu servi\u00e7o\u201d: \u201cO servi\u00e7o de Deus \u00e9 livre: n\u00f3s somos filhos, n\u00e3o escravos. E servir Deus em paz, com serenidade, quando Ele mesmo tirou de n\u00f3s os obst\u00e1culos que tiram a paz e serenidade, \u00e9 servi-Lo com a liberdade. E quando servimos o Senhor com liberdade, sentimos a paz ainda mais profunda, n\u00e3o \u00e9 verdade? Da voz do Senhor: &#8216;Oh, vem, vem, vem, servo bom e fiel\u2019. E todos n\u00f3s queremos servir o Senhor com bondade e fidelidade, mas precisamos de sua gra\u00e7a: sozinhos n\u00e3o podemos. E por isso, pedir sempre esta gra\u00e7a, que seja Ele a remover esses obst\u00e1culos, que seja Ele a nos dar essa serenidade, essa paz do cora\u00e7\u00e3o para servi-Lo livremente, n\u00e3o como escravos: mas como filhos\u201d.<\/p>\n<p>\u201cLiberdade no servi\u00e7o\u201d. Francisco evidencia assim que tamb\u00e9m quando o nosso servi\u00e7o \u00e9 livre, devemos repetir que \u201csomos servos in\u00fateis\u201d conscientes de que sozinhos n\u00e3o podemos fazer nada. \u201cSomente &#8211; afirma &#8211; devemos pedir e dar espa\u00e7o para que Ele fa\u00e7a em n\u00f3s, e Ele nos transforme em servos livres, em filhos, n\u00e3o em escravos. Que o Senhor &#8211; \u00e9 a invoca\u00e7\u00e3o do Papa &#8211; nos ajude a abrir o cora\u00e7\u00e3o e deixar trabalhar o Esp\u00edrito Santo, para que remova de n\u00f3s esses obst\u00e1culos, especialmente o desejo de poder que faz tanto mal, e a deslealdade, a dupla face de querer servir Deus e o mundo\u201d. \u201cE assim &#8211; concluiu \u2013 nos d\u00ea essa serenidade, essa paz para poder servi-Lo como filho livre, que no final, com muito amor, Lhe diz: &#8216;Pai, obrigado, mas o Senhor sabe: eu sou um servo in\u00fatil\u201d.<\/p>\n<hr \/>\n<p><em>Fonte: R\u00e1dio Vaticano<\/em><\/p>\n","protected":false},"excerpt":{"rendered":"<p>Missa em Santa Marta<\/p>\n","protected":false},"author":1,"featured_media":209139,"comment_status":"open","ping_status":"open","sticky":false,"template":"","format":"standard","meta":[],"categories":[1428],"tags":[1586],"acf":[],"yoast_head":"<!-- This site is optimized with the Yoast SEO plugin v19.2 - https:\/\/yoast.com\/wordpress\/plugins\/seo\/ -->\n<title>Sede de poder e deslealdade nos impedem de servir - Not\u00edcias - Franciscanos<\/title>\n<meta name=\"robots\" content=\"index, follow, max-snippet:-1, max-image-preview:large, max-video-preview:-1\" \/>\n<link rel=\"canonical\" href=\"https:\/\/franciscanos.org.br\/noticias\/sede-de-poder-e-deslealdade-sao-incompativeis-com-o-servico.html\" \/>\n<meta property=\"og:locale\" content=\"pt_BR\" \/>\n<meta property=\"og:type\" content=\"article\" \/>\n<meta property=\"og:title\" content=\"Sede de poder e deslealdade nos impedem de servir - Not\u00edcias - Franciscanos\" \/>\n<meta property=\"og:description\" content=\"Missa em Santa Marta\" \/>\n<meta property=\"og:url\" content=\"https:\/\/franciscanos.org.br\/noticias\/sede-de-poder-e-deslealdade-sao-incompativeis-com-o-servico.html\" \/>\n<meta property=\"og:site_name\" content=\"Not\u00edcias - Franciscanos\" \/>\n<meta property=\"article:published_time\" content=\"2016-11-08T11:45:45+00:00\" \/>\n<meta property=\"article:modified_time\" content=\"2020-06-09T17:02:00+00:00\" \/>\n<meta property=\"og:image\" content=\"https:\/\/franciscanos.org.br\/noticias\/wp-content\/uploads\/2016\/11\/marta_-05.jpg\" \/>\n\t<meta property=\"og:image:width\" content=\"273\" \/>\n\t<meta property=\"og:image:height\" content=\"181\" \/>\n\t<meta property=\"og:image:type\" content=\"image\/jpeg\" \/>\n<meta name=\"author\" content=\"admin\" \/>\n<meta name=\"twitter:card\" content=\"summary_large_image\" \/>\n<meta name=\"twitter:label1\" content=\"Escrito por\" \/>\n\t<meta name=\"twitter:data1\" content=\"admin\" \/>\n\t<meta name=\"twitter:label2\" content=\"Est. tempo de leitura\" \/>\n\t<meta name=\"twitter:data2\" content=\"4 minutos\" \/>\n<script type=\"application\/ld+json\" class=\"yoast-schema-graph\">{\"@context\":\"https:\/\/schema.org\",\"@graph\":[{\"@type\":\"WebSite\",\"@id\":\"https:\/\/franciscanos.org.br\/noticias\/#website\",\"url\":\"https:\/\/franciscanos.org.br\/noticias\/\",\"name\":\"Not\u00edcias - Franciscanos\",\"description\":\"Prov\u00edncia Franciscana da Imaculada Concei\u00e7\u00e3o do Brasil - Ordem dos Frades Menores - OFM\",\"potentialAction\":[{\"@type\":\"SearchAction\",\"target\":{\"@type\":\"EntryPoint\",\"urlTemplate\":\"https:\/\/franciscanos.org.br\/noticias\/?s={search_term_string}\"},\"query-input\":\"required name=search_term_string\"}],\"inLanguage\":\"pt-BR\"},{\"@type\":\"ImageObject\",\"inLanguage\":\"pt-BR\",\"@id\":\"https:\/\/franciscanos.org.br\/noticias\/sede-de-poder-e-deslealdade-sao-incompativeis-com-o-servico.html#primaryimage\",\"url\":\"https:\/\/franciscanos.org.br\/noticias\/wp-content\/uploads\/2016\/11\/marta_-05.jpg\",\"contentUrl\":\"https:\/\/franciscanos.org.br\/noticias\/wp-content\/uploads\/2016\/11\/marta_-05.jpg\",\"width\":273,\"height\":181},{\"@type\":\"WebPage\",\"@id\":\"https:\/\/franciscanos.org.br\/noticias\/sede-de-poder-e-deslealdade-sao-incompativeis-com-o-servico.html#webpage\",\"url\":\"https:\/\/franciscanos.org.br\/noticias\/sede-de-poder-e-deslealdade-sao-incompativeis-com-o-servico.html\",\"name\":\"Sede de poder e deslealdade nos impedem de servir - Not\u00edcias - Franciscanos\",\"isPartOf\":{\"@id\":\"https:\/\/franciscanos.org.br\/noticias\/#website\"},\"primaryImageOfPage\":{\"@id\":\"https:\/\/franciscanos.org.br\/noticias\/sede-de-poder-e-deslealdade-sao-incompativeis-com-o-servico.html#primaryimage\"},\"datePublished\":\"2016-11-08T11:45:45+00:00\",\"dateModified\":\"2020-06-09T17:02:00+00:00\",\"author\":{\"@id\":\"https:\/\/franciscanos.org.br\/noticias\/#\/schema\/person\/b38fbf43118f02820bd932f2e4b14ad3\"},\"breadcrumb\":{\"@id\":\"https:\/\/franciscanos.org.br\/noticias\/sede-de-poder-e-deslealdade-sao-incompativeis-com-o-servico.html#breadcrumb\"},\"inLanguage\":\"pt-BR\",\"potentialAction\":[{\"@type\":\"ReadAction\",\"target\":[\"https:\/\/franciscanos.org.br\/noticias\/sede-de-poder-e-deslealdade-sao-incompativeis-com-o-servico.html\"]}]},{\"@type\":\"BreadcrumbList\",\"@id\":\"https:\/\/franciscanos.org.br\/noticias\/sede-de-poder-e-deslealdade-sao-incompativeis-com-o-servico.html#breadcrumb\",\"itemListElement\":[{\"@type\":\"ListItem\",\"position\":1,\"name\":\"Home\",\"item\":\"https:\/\/franciscanos.org.br\/noticias\"},{\"@type\":\"ListItem\",\"position\":2,\"name\":\"Sede de poder e deslealdade nos impedem de servir\"}]},{\"@type\":\"Person\",\"@id\":\"https:\/\/franciscanos.org.br\/noticias\/#\/schema\/person\/b38fbf43118f02820bd932f2e4b14ad3\",\"name\":\"admin\",\"image\":{\"@type\":\"ImageObject\",\"inLanguage\":\"pt-BR\",\"@id\":\"https:\/\/franciscanos.org.br\/noticias\/#\/schema\/person\/image\/\",\"url\":\"https:\/\/secure.gravatar.com\/avatar\/e8495742d34d0ba6448ea1c628263b3e?s=96&d=mm&r=g\",\"contentUrl\":\"https:\/\/secure.gravatar.com\/avatar\/e8495742d34d0ba6448ea1c628263b3e?s=96&d=mm&r=g\",\"caption\":\"admin\"},\"url\":\"https:\/\/franciscanos.org.br\/noticias\/author\/admin\"}]}<\/script>\n<!-- \/ Yoast SEO plugin. -->","yoast_head_json":{"title":"Sede de poder e deslealdade nos impedem de servir - Not\u00edcias - Franciscanos","robots":{"index":"index","follow":"follow","max-snippet":"max-snippet:-1","max-image-preview":"max-image-preview:large","max-video-preview":"max-video-preview:-1"},"canonical":"https:\/\/franciscanos.org.br\/noticias\/sede-de-poder-e-deslealdade-sao-incompativeis-com-o-servico.html","og_locale":"pt_BR","og_type":"article","og_title":"Sede de poder e deslealdade nos impedem de servir - Not\u00edcias - Franciscanos","og_description":"Missa em Santa Marta","og_url":"https:\/\/franciscanos.org.br\/noticias\/sede-de-poder-e-deslealdade-sao-incompativeis-com-o-servico.html","og_site_name":"Not\u00edcias - Franciscanos","article_published_time":"2016-11-08T11:45:45+00:00","article_modified_time":"2020-06-09T17:02:00+00:00","og_image":[{"width":273,"height":181,"url":"https:\/\/franciscanos.org.br\/noticias\/wp-content\/uploads\/2016\/11\/marta_-05.jpg","type":"image\/jpeg"}],"author":"admin","twitter_card":"summary_large_image","twitter_misc":{"Escrito por":"admin","Est. tempo de leitura":"4 minutos"},"schema":{"@context":"https:\/\/schema.org","@graph":[{"@type":"WebSite","@id":"https:\/\/franciscanos.org.br\/noticias\/#website","url":"https:\/\/franciscanos.org.br\/noticias\/","name":"Not\u00edcias - Franciscanos","description":"Prov\u00edncia Franciscana da Imaculada Concei\u00e7\u00e3o do Brasil - Ordem dos Frades Menores - OFM","potentialAction":[{"@type":"SearchAction","target":{"@type":"EntryPoint","urlTemplate":"https:\/\/franciscanos.org.br\/noticias\/?s={search_term_string}"},"query-input":"required name=search_term_string"}],"inLanguage":"pt-BR"},{"@type":"ImageObject","inLanguage":"pt-BR","@id":"https:\/\/franciscanos.org.br\/noticias\/sede-de-poder-e-deslealdade-sao-incompativeis-com-o-servico.html#primaryimage","url":"https:\/\/franciscanos.org.br\/noticias\/wp-content\/uploads\/2016\/11\/marta_-05.jpg","contentUrl":"https:\/\/franciscanos.org.br\/noticias\/wp-content\/uploads\/2016\/11\/marta_-05.jpg","width":273,"height":181},{"@type":"WebPage","@id":"https:\/\/franciscanos.org.br\/noticias\/sede-de-poder-e-deslealdade-sao-incompativeis-com-o-servico.html#webpage","url":"https:\/\/franciscanos.org.br\/noticias\/sede-de-poder-e-deslealdade-sao-incompativeis-com-o-servico.html","name":"Sede de poder e deslealdade nos impedem de servir - Not\u00edcias - Franciscanos","isPartOf":{"@id":"https:\/\/franciscanos.org.br\/noticias\/#website"},"primaryImageOfPage":{"@id":"https:\/\/franciscanos.org.br\/noticias\/sede-de-poder-e-deslealdade-sao-incompativeis-com-o-servico.html#primaryimage"},"datePublished":"2016-11-08T11:45:45+00:00","dateModified":"2020-06-09T17:02:00+00:00","author":{"@id":"https:\/\/franciscanos.org.br\/noticias\/#\/schema\/person\/b38fbf43118f02820bd932f2e4b14ad3"},"breadcrumb":{"@id":"https:\/\/franciscanos.org.br\/noticias\/sede-de-poder-e-deslealdade-sao-incompativeis-com-o-servico.html#breadcrumb"},"inLanguage":"pt-BR","potentialAction":[{"@type":"ReadAction","target":["https:\/\/franciscanos.org.br\/noticias\/sede-de-poder-e-deslealdade-sao-incompativeis-com-o-servico.html"]}]},{"@type":"BreadcrumbList","@id":"https:\/\/franciscanos.org.br\/noticias\/sede-de-poder-e-deslealdade-sao-incompativeis-com-o-servico.html#breadcrumb","itemListElement":[{"@type":"ListItem","position":1,"name":"Home","item":"https:\/\/franciscanos.org.br\/noticias"},{"@type":"ListItem","position":2,"name":"Sede de poder e deslealdade nos impedem de servir"}]},{"@type":"Person","@id":"https:\/\/franciscanos.org.br\/noticias\/#\/schema\/person\/b38fbf43118f02820bd932f2e4b14ad3","name":"admin","image":{"@type":"ImageObject","inLanguage":"pt-BR","@id":"https:\/\/franciscanos.org.br\/noticias\/#\/schema\/person\/image\/","url":"https:\/\/secure.gravatar.com\/avatar\/e8495742d34d0ba6448ea1c628263b3e?s=96&d=mm&r=g","contentUrl":"https:\/\/secure.gravatar.com\/avatar\/e8495742d34d0ba6448ea1c628263b3e?s=96&d=mm&r=g","caption":"admin"},"url":"https:\/\/franciscanos.org.br\/noticias\/author\/admin"}]}},"_links":{"self":[{"href":"https:\/\/franciscanos.org.br\/noticias\/wp-json\/wp\/v2\/posts\/120161"}],"collection":[{"href":"https:\/\/franciscanos.org.br\/noticias\/wp-json\/wp\/v2\/posts"}],"about":[{"href":"https:\/\/franciscanos.org.br\/noticias\/wp-json\/wp\/v2\/types\/post"}],"author":[{"embeddable":true,"href":"https:\/\/franciscanos.org.br\/noticias\/wp-json\/wp\/v2\/users\/1"}],"replies":[{"embeddable":true,"href":"https:\/\/franciscanos.org.br\/noticias\/wp-json\/wp\/v2\/comments?post=120161"}],"version-history":[{"count":2,"href":"https:\/\/franciscanos.org.br\/noticias\/wp-json\/wp\/v2\/posts\/120161\/revisions"}],"predecessor-version":[{"id":225552,"href":"https:\/\/franciscanos.org.br\/noticias\/wp-json\/wp\/v2\/posts\/120161\/revisions\/225552"}],"wp:featuredmedia":[{"embeddable":true,"href":"https:\/\/franciscanos.org.br\/noticias\/wp-json\/wp\/v2\/media\/209139"}],"wp:attachment":[{"href":"https:\/\/franciscanos.org.br\/noticias\/wp-json\/wp\/v2\/media?parent=120161"}],"wp:term":[{"taxonomy":"category","embeddable":true,"href":"https:\/\/franciscanos.org.br\/noticias\/wp-json\/wp\/v2\/categories?post=120161"},{"taxonomy":"post_tag","embeddable":true,"href":"https:\/\/franciscanos.org.br\/noticias\/wp-json\/wp\/v2\/tags?post=120161"}],"curies":[{"name":"wp","href":"https:\/\/api.w.org\/{rel}","templated":true}]}}