{"id":119944,"date":"2016-11-04T10:46:56","date_gmt":"2016-11-04T12:46:56","guid":{"rendered":"http:\/\/franciscanos.org.br\/?p=119944"},"modified":"2020-06-09T14:07:05","modified_gmt":"2020-06-09T17:07:05","slug":"papa-celebra-missa-em-sufragio-de-cardeais-e-bispos-falecidos","status":"publish","type":"post","link":"https:\/\/franciscanos.org.br\/noticias\/papa-celebra-missa-em-sufragio-de-cardeais-e-bispos-falecidos.html","title":{"rendered":"Papa celebra missa em sufr\u00e1gio de cardeais e bispos falecidos"},"content":{"rendered":"<p><img loading=\"lazy\" src=\"http:\/\/franciscanos.org.br\/wp-content\/uploads\/2016\/11\/papa_041116g.jpg\" alt=\"papa_041116g\" width=\"830\" height=\"400\" \/><br \/>\n<strong>Cidade do Vaticano<\/strong> \u2013 O Papa presidiu na manh\u00e3 desta sexta-feira, 4, na Bas\u00edlica Vaticana, a Celebra\u00e7\u00e3o Eucar\u00edstica em sufr\u00e1gio dos Cardeais e Bispos que faleceram no decorrer deste ano.\u00a0S\u00e3o eles: Cardeal George-Marie-Martin Cottier, OP, aos 93 anos, em 31 de mar\u00e7o; Cardeal Giovanni Coppa, aos 90 anos, em 16 de maio; Cardeal Loris Francesco Capovilla, aos 100 anos, em 26 de maio; Cardeal Silvano Piovanelli, aos 92 anos, em 9 de julho; Cardeal Franciszek Macharski, aos 89 anos, em 2 de agosto; Cardeal Carlo Furno, aos 94 anos, em 9 de dezembro de 2015.<\/p>\n<p>Em sua homilia, Francisco partiu do Salmo 102: \u201cMisericordioso e piedoso \u00e9 o Senhor\u201d, convidando os presentes a confiarem os Cardeais e Bispos, falecidos nestes \u00faltimos doze meses, \u00e0 bondade misericordiosa do Pai, e renovando o nosso reconhecimento pelo seu testemunho crist\u00e3o e sacerdotal.<\/p>\n<p><strong>Piedade<\/strong><br \/>\n\u201cO m\u00eas de novembro, que a piedade crist\u00e3 dedica \u00e0 recorda\u00e7\u00e3o dos fi\u00e9is defuntos, suscita na Comunidade eclesial o pensamento da vida al\u00e9m da morte e, sobretudo, o pensamento do encontro definitivo \u00e9 o Senhor. Como Juiz, cujas caracter\u00edsticas s\u00e3o a miseric\u00f3rdia e a piedade, julgar\u00e1 o nosso percurso terreno\u201d.<\/p>\n<p>O caminho para a Casa do Pai, disse o Papa, come\u00e7a para cada um de n\u00f3s no mesmo dia em que abrimos os olhos \u00e0 luz e, mediante o Batismo, \u00e0 gra\u00e7a. Uma etapa importante para os sacerdotes e bispos come\u00e7a com a sua ades\u00e3o \u201cEis-me aqui\u201d na ordena\u00e7\u00e3o sacerdotal. Na hora da morte, s\u00e3o pronunciadas pronunciamos novamente nosso \u201cEis-me aqui\u201d, unidos a Jesus que morreu, confiando seu esp\u00edrito ao Pai.<\/p>\n<p>\u201c\u00c0 luz do Mist\u00e9rio pascal de Cristo, a morte destes nossos irm\u00e3os \u00e9, na verdade, a sua entrada na plenitude da vida, Eles foram pastores do rebanho de Cristo e dedicaram toda a sua vida a Deus e testemunharam aos irm\u00e3os o amor de Cristo, mediante a palavra e o exemplo\u201d.<\/p>\n<p>Assim, concluiu Francisco, n\u00f3s continuaremos a senti-los presentes na Comunh\u00e3o dos Santos, \u00e0 espera do encontro definitivo com a Face luminosa e misericordiosa do Pai.<\/p>\n<hr \/>\n<p><em>Fonte: R\u00e1dio Vaticano<\/em><\/p>\n","protected":false},"excerpt":{"rendered":"<p>Celebra\u00e7\u00e3o Eucar\u00edstica em sufr\u00e1gio dos Cardeais e Bispos<\/p>\n","protected":false},"author":1,"featured_media":222086,"comment_status":"open","ping_status":"open","sticky":false,"template":"","format":"standard","meta":[],"categories":[1428],"tags":[1681],"acf":[],"yoast_head":"<!-- This site is optimized with the Yoast SEO plugin v19.2 - https:\/\/yoast.com\/wordpress\/plugins\/seo\/ -->\n<title>Papa celebra missa em sufr\u00e1gio de cardeais e bispos falecidos - Not\u00edcias - Franciscanos<\/title>\n<meta name=\"robots\" content=\"index, follow, max-snippet:-1, max-image-preview:large, max-video-preview:-1\" \/>\n<link rel=\"canonical\" href=\"https:\/\/franciscanos.org.br\/noticias\/papa-celebra-missa-em-sufragio-de-cardeais-e-bispos-falecidos.html\" \/>\n<meta property=\"og:locale\" content=\"pt_BR\" \/>\n<meta property=\"og:type\" content=\"article\" \/>\n<meta property=\"og:title\" content=\"Papa celebra missa em sufr\u00e1gio de cardeais e bispos falecidos - Not\u00edcias - Franciscanos\" \/>\n<meta property=\"og:description\" content=\"Celebra\u00e7\u00e3o Eucar\u00edstica em sufr\u00e1gio dos Cardeais e Bispos\" \/>\n<meta property=\"og:url\" content=\"https:\/\/franciscanos.org.br\/noticias\/papa-celebra-missa-em-sufragio-de-cardeais-e-bispos-falecidos.html\" \/>\n<meta property=\"og:site_name\" content=\"Not\u00edcias - Franciscanos\" \/>\n<meta property=\"article:published_time\" content=\"2016-11-04T12:46:56+00:00\" \/>\n<meta property=\"article:modified_time\" content=\"2020-06-09T17:07:05+00:00\" \/>\n<meta property=\"og:image\" content=\"https:\/\/franciscanos.org.br\/noticias\/wp-content\/uploads\/2016\/11\/papa_041116g.jpg\" \/>\n\t<meta property=\"og:image:width\" content=\"273\" \/>\n\t<meta property=\"og:image:height\" content=\"181\" \/>\n\t<meta property=\"og:image:type\" content=\"image\/jpeg\" \/>\n<meta name=\"author\" content=\"admin\" \/>\n<meta name=\"twitter:card\" content=\"summary_large_image\" \/>\n<meta name=\"twitter:label1\" content=\"Escrito por\" \/>\n\t<meta name=\"twitter:data1\" content=\"admin\" \/>\n\t<meta name=\"twitter:label2\" content=\"Est. tempo de leitura\" \/>\n\t<meta name=\"twitter:data2\" content=\"2 minutos\" \/>\n<script type=\"application\/ld+json\" class=\"yoast-schema-graph\">{\"@context\":\"https:\/\/schema.org\",\"@graph\":[{\"@type\":\"WebSite\",\"@id\":\"https:\/\/franciscanos.org.br\/noticias\/#website\",\"url\":\"https:\/\/franciscanos.org.br\/noticias\/\",\"name\":\"Not\u00edcias - Franciscanos\",\"description\":\"Prov\u00edncia Franciscana da Imaculada Concei\u00e7\u00e3o do Brasil - Ordem dos Frades Menores - OFM\",\"potentialAction\":[{\"@type\":\"SearchAction\",\"target\":{\"@type\":\"EntryPoint\",\"urlTemplate\":\"https:\/\/franciscanos.org.br\/noticias\/?s={search_term_string}\"},\"query-input\":\"required name=search_term_string\"}],\"inLanguage\":\"pt-BR\"},{\"@type\":\"ImageObject\",\"inLanguage\":\"pt-BR\",\"@id\":\"https:\/\/franciscanos.org.br\/noticias\/papa-celebra-missa-em-sufragio-de-cardeais-e-bispos-falecidos.html#primaryimage\",\"url\":\"https:\/\/franciscanos.org.br\/noticias\/wp-content\/uploads\/2016\/11\/papa_041116g.jpg\",\"contentUrl\":\"https:\/\/franciscanos.org.br\/noticias\/wp-content\/uploads\/2016\/11\/papa_041116g.jpg\",\"width\":273,\"height\":181},{\"@type\":\"WebPage\",\"@id\":\"https:\/\/franciscanos.org.br\/noticias\/papa-celebra-missa-em-sufragio-de-cardeais-e-bispos-falecidos.html#webpage\",\"url\":\"https:\/\/franciscanos.org.br\/noticias\/papa-celebra-missa-em-sufragio-de-cardeais-e-bispos-falecidos.html\",\"name\":\"Papa celebra missa em sufr\u00e1gio de cardeais e bispos falecidos - Not\u00edcias - Franciscanos\",\"isPartOf\":{\"@id\":\"https:\/\/franciscanos.org.br\/noticias\/#website\"},\"primaryImageOfPage\":{\"@id\":\"https:\/\/franciscanos.org.br\/noticias\/papa-celebra-missa-em-sufragio-de-cardeais-e-bispos-falecidos.html#primaryimage\"},\"datePublished\":\"2016-11-04T12:46:56+00:00\",\"dateModified\":\"2020-06-09T17:07:05+00:00\",\"author\":{\"@id\":\"https:\/\/franciscanos.org.br\/noticias\/#\/schema\/person\/b38fbf43118f02820bd932f2e4b14ad3\"},\"breadcrumb\":{\"@id\":\"https:\/\/franciscanos.org.br\/noticias\/papa-celebra-missa-em-sufragio-de-cardeais-e-bispos-falecidos.html#breadcrumb\"},\"inLanguage\":\"pt-BR\",\"potentialAction\":[{\"@type\":\"ReadAction\",\"target\":[\"https:\/\/franciscanos.org.br\/noticias\/papa-celebra-missa-em-sufragio-de-cardeais-e-bispos-falecidos.html\"]}]},{\"@type\":\"BreadcrumbList\",\"@id\":\"https:\/\/franciscanos.org.br\/noticias\/papa-celebra-missa-em-sufragio-de-cardeais-e-bispos-falecidos.html#breadcrumb\",\"itemListElement\":[{\"@type\":\"ListItem\",\"position\":1,\"name\":\"Home\",\"item\":\"https:\/\/franciscanos.org.br\/noticias\"},{\"@type\":\"ListItem\",\"position\":2,\"name\":\"Papa celebra missa em sufr\u00e1gio de cardeais e bispos falecidos\"}]},{\"@type\":\"Person\",\"@id\":\"https:\/\/franciscanos.org.br\/noticias\/#\/schema\/person\/b38fbf43118f02820bd932f2e4b14ad3\",\"name\":\"admin\",\"image\":{\"@type\":\"ImageObject\",\"inLanguage\":\"pt-BR\",\"@id\":\"https:\/\/franciscanos.org.br\/noticias\/#\/schema\/person\/image\/\",\"url\":\"https:\/\/secure.gravatar.com\/avatar\/e8495742d34d0ba6448ea1c628263b3e?s=96&d=mm&r=g\",\"contentUrl\":\"https:\/\/secure.gravatar.com\/avatar\/e8495742d34d0ba6448ea1c628263b3e?s=96&d=mm&r=g\",\"caption\":\"admin\"},\"url\":\"https:\/\/franciscanos.org.br\/noticias\/author\/admin\"}]}<\/script>\n<!-- \/ Yoast SEO plugin. -->","yoast_head_json":{"title":"Papa celebra missa em sufr\u00e1gio de cardeais e bispos falecidos - Not\u00edcias - Franciscanos","robots":{"index":"index","follow":"follow","max-snippet":"max-snippet:-1","max-image-preview":"max-image-preview:large","max-video-preview":"max-video-preview:-1"},"canonical":"https:\/\/franciscanos.org.br\/noticias\/papa-celebra-missa-em-sufragio-de-cardeais-e-bispos-falecidos.html","og_locale":"pt_BR","og_type":"article","og_title":"Papa celebra missa em sufr\u00e1gio de cardeais e bispos falecidos - Not\u00edcias - Franciscanos","og_description":"Celebra\u00e7\u00e3o Eucar\u00edstica em sufr\u00e1gio dos Cardeais e Bispos","og_url":"https:\/\/franciscanos.org.br\/noticias\/papa-celebra-missa-em-sufragio-de-cardeais-e-bispos-falecidos.html","og_site_name":"Not\u00edcias - Franciscanos","article_published_time":"2016-11-04T12:46:56+00:00","article_modified_time":"2020-06-09T17:07:05+00:00","og_image":[{"width":273,"height":181,"url":"https:\/\/franciscanos.org.br\/noticias\/wp-content\/uploads\/2016\/11\/papa_041116g.jpg","type":"image\/jpeg"}],"author":"admin","twitter_card":"summary_large_image","twitter_misc":{"Escrito por":"admin","Est. tempo de leitura":"2 minutos"},"schema":{"@context":"https:\/\/schema.org","@graph":[{"@type":"WebSite","@id":"https:\/\/franciscanos.org.br\/noticias\/#website","url":"https:\/\/franciscanos.org.br\/noticias\/","name":"Not\u00edcias - Franciscanos","description":"Prov\u00edncia Franciscana da Imaculada Concei\u00e7\u00e3o do Brasil - Ordem dos Frades Menores - OFM","potentialAction":[{"@type":"SearchAction","target":{"@type":"EntryPoint","urlTemplate":"https:\/\/franciscanos.org.br\/noticias\/?s={search_term_string}"},"query-input":"required name=search_term_string"}],"inLanguage":"pt-BR"},{"@type":"ImageObject","inLanguage":"pt-BR","@id":"https:\/\/franciscanos.org.br\/noticias\/papa-celebra-missa-em-sufragio-de-cardeais-e-bispos-falecidos.html#primaryimage","url":"https:\/\/franciscanos.org.br\/noticias\/wp-content\/uploads\/2016\/11\/papa_041116g.jpg","contentUrl":"https:\/\/franciscanos.org.br\/noticias\/wp-content\/uploads\/2016\/11\/papa_041116g.jpg","width":273,"height":181},{"@type":"WebPage","@id":"https:\/\/franciscanos.org.br\/noticias\/papa-celebra-missa-em-sufragio-de-cardeais-e-bispos-falecidos.html#webpage","url":"https:\/\/franciscanos.org.br\/noticias\/papa-celebra-missa-em-sufragio-de-cardeais-e-bispos-falecidos.html","name":"Papa celebra missa em sufr\u00e1gio de cardeais e bispos falecidos - Not\u00edcias - Franciscanos","isPartOf":{"@id":"https:\/\/franciscanos.org.br\/noticias\/#website"},"primaryImageOfPage":{"@id":"https:\/\/franciscanos.org.br\/noticias\/papa-celebra-missa-em-sufragio-de-cardeais-e-bispos-falecidos.html#primaryimage"},"datePublished":"2016-11-04T12:46:56+00:00","dateModified":"2020-06-09T17:07:05+00:00","author":{"@id":"https:\/\/franciscanos.org.br\/noticias\/#\/schema\/person\/b38fbf43118f02820bd932f2e4b14ad3"},"breadcrumb":{"@id":"https:\/\/franciscanos.org.br\/noticias\/papa-celebra-missa-em-sufragio-de-cardeais-e-bispos-falecidos.html#breadcrumb"},"inLanguage":"pt-BR","potentialAction":[{"@type":"ReadAction","target":["https:\/\/franciscanos.org.br\/noticias\/papa-celebra-missa-em-sufragio-de-cardeais-e-bispos-falecidos.html"]}]},{"@type":"BreadcrumbList","@id":"https:\/\/franciscanos.org.br\/noticias\/papa-celebra-missa-em-sufragio-de-cardeais-e-bispos-falecidos.html#breadcrumb","itemListElement":[{"@type":"ListItem","position":1,"name":"Home","item":"https:\/\/franciscanos.org.br\/noticias"},{"@type":"ListItem","position":2,"name":"Papa celebra missa em sufr\u00e1gio de cardeais e bispos falecidos"}]},{"@type":"Person","@id":"https:\/\/franciscanos.org.br\/noticias\/#\/schema\/person\/b38fbf43118f02820bd932f2e4b14ad3","name":"admin","image":{"@type":"ImageObject","inLanguage":"pt-BR","@id":"https:\/\/franciscanos.org.br\/noticias\/#\/schema\/person\/image\/","url":"https:\/\/secure.gravatar.com\/avatar\/e8495742d34d0ba6448ea1c628263b3e?s=96&d=mm&r=g","contentUrl":"https:\/\/secure.gravatar.com\/avatar\/e8495742d34d0ba6448ea1c628263b3e?s=96&d=mm&r=g","caption":"admin"},"url":"https:\/\/franciscanos.org.br\/noticias\/author\/admin"}]}},"_links":{"self":[{"href":"https:\/\/franciscanos.org.br\/noticias\/wp-json\/wp\/v2\/posts\/119944"}],"collection":[{"href":"https:\/\/franciscanos.org.br\/noticias\/wp-json\/wp\/v2\/posts"}],"about":[{"href":"https:\/\/franciscanos.org.br\/noticias\/wp-json\/wp\/v2\/types\/post"}],"author":[{"embeddable":true,"href":"https:\/\/franciscanos.org.br\/noticias\/wp-json\/wp\/v2\/users\/1"}],"replies":[{"embeddable":true,"href":"https:\/\/franciscanos.org.br\/noticias\/wp-json\/wp\/v2\/comments?post=119944"}],"version-history":[{"count":2,"href":"https:\/\/franciscanos.org.br\/noticias\/wp-json\/wp\/v2\/posts\/119944\/revisions"}],"predecessor-version":[{"id":225556,"href":"https:\/\/franciscanos.org.br\/noticias\/wp-json\/wp\/v2\/posts\/119944\/revisions\/225556"}],"wp:featuredmedia":[{"embeddable":true,"href":"https:\/\/franciscanos.org.br\/noticias\/wp-json\/wp\/v2\/media\/222086"}],"wp:attachment":[{"href":"https:\/\/franciscanos.org.br\/noticias\/wp-json\/wp\/v2\/media?parent=119944"}],"wp:term":[{"taxonomy":"category","embeddable":true,"href":"https:\/\/franciscanos.org.br\/noticias\/wp-json\/wp\/v2\/categories?post=119944"},{"taxonomy":"post_tag","embeddable":true,"href":"https:\/\/franciscanos.org.br\/noticias\/wp-json\/wp\/v2\/tags?post=119944"}],"curies":[{"name":"wp","href":"https:\/\/api.w.org\/{rel}","templated":true}]}}