{"id":119834,"date":"2016-11-03T14:46:03","date_gmt":"2016-11-03T16:46:03","guid":{"rendered":"http:\/\/franciscanos.org.br\/?p=119834"},"modified":"2020-06-09T14:09:17","modified_gmt":"2020-06-09T17:09:17","slug":"eliminar-toda-forma-de-fechamento-e-desprezo-pede-papa","status":"publish","type":"post","link":"https:\/\/franciscanos.org.br\/noticias\/eliminar-toda-forma-de-fechamento-e-desprezo-pede-papa.html","title":{"rendered":"Eliminar toda forma de fechamento e desprezo, pede Papa"},"content":{"rendered":"<p><img loading=\"lazy\" src=\"http:\/\/franciscanos.org.br\/wp-content\/uploads\/2016\/11\/interreligioso_031116.jpg\" alt=\"interreligioso_031116\" width=\"830\" height=\"401\" \/><br \/>\n<strong>Cidade do Vaticano<\/strong> &#8211; O Papa Francisco recebeu em Audi\u00eancia, na Sala Clementina, no Vaticano, nesta quinta-feira (03\/11), os representantes de diferentes religi\u00f5es, dentre os quais crist\u00e3os, judeus, mu\u00e7ulmanos, budistas e hindu\u00edstas comprometidos nas obras caritativas. O encontro foi realizado no contexto do Ano Jubilar e teve como tema a miseric\u00f3rdia.<\/p>\n<p>\u201cEst\u00e1 para terminar o Ano Santo, durante o qual a Igreja Cat\u00f3lica olhou intensamente para o cora\u00e7\u00e3o da mensagem crist\u00e3 na perspectiva da miseric\u00f3rdia que nos revela o nome de Deus. A miseric\u00f3rdia \u00e9 a pedra angular que sustenta a vida da Igreja. \u00c9 a chave para ter acesso ao mist\u00e9rio do ser humano que tanto precisa de perd\u00e3o e paz\u201d, frisou o Papa em seu discurso.<\/p>\n<p><strong>Servi\u00e7o fraterno<\/strong><br \/>\n\u201cO mist\u00e9rio da miseric\u00f3rdia n\u00e3o deve ser celebrado somente com palavras, mas sobretudo com obras, com um estilo de vida realmente misericordioso, formado pelo amor desinteressado, servi\u00e7o fraterno e partilha sincera. \u00c9 o estilo que a Igreja deseja assumir cada vez mais em sua tarefa de favorecer a unidade e a caridade entre os homens. \u00c9 o estilo ao qual foram chamadas tamb\u00e9m as religi\u00f5es para serem, particularmente em nosso tempo, mensageiras de paz e art\u00edfices da comunh\u00e3o; para proclamar, diversamente de quem alimenta confrontos, divis\u00f5es e fechamentos, que hoje \u00e9 tempo de fraternidade. Por isso, \u00e9 importante buscar o encontro entre n\u00f3s, um encontro que, sem sincretismos, nos torne mais abertos ao di\u00e1logo para nos conhecer e compreender melhor, eliminar toda forma de fechamento e desprezo e expelir toda forma de viol\u00eancia e discrimina\u00e7\u00e3o.\u201d<\/p>\n<p>O Papa destacou ainda que o tema da miseric\u00f3rdia \u00e9 familiar a muitas tradi\u00e7\u00f5es religiosas e culturais, onde a compreens\u00e3o e a n\u00e3o viol\u00eancia s\u00e3o essenciais e indicam o caminho da vida.<\/p>\n<p>\u201cA rigidez e a dureza pertencem \u00e0 morte. A maciez e a ternura pertencem \u00e0 vida, diz um velho ditado sapiencial. Inclinar-se com ternura sobre a humanidade vulner\u00e1vel e carente \u00e9 a caracter\u00edstica de uma alma realmente religiosa, que rejeita a tenta\u00e7\u00e3o de prevalecer com a for\u00e7a, que n\u00e3o aceita comercializar a vida humana e v\u00ea os outros como irm\u00e3os, n\u00e3o como n\u00fameros\u201d, frisou o Pont\u00edfice.<\/p>\n<p><strong>Abrir-se ao outro<\/strong><br \/>\nSegundo o Papa, \u201cfazer-se pr\u00f3ximos aos que vivem em situa\u00e7\u00f5es que exigem mais aten\u00e7\u00e3o, como a doen\u00e7a, a defici\u00eancia, a pobreza, a injusti\u00e7a, consequ\u00eancias dos conflitos e migra\u00e7\u00f5es, \u00e9 um chamado que vem do cora\u00e7\u00e3o de toda tradi\u00e7\u00e3o autenticamente religiosa. \u00c9 o eco da voz divina que fala \u00e0 consci\u00eancia de cada um, convidando a superar o voltar-se para si mesmo para abrir-se ao Outro que est\u00e1 acima de n\u00f3s, que bate \u00e0 porta do cora\u00e7\u00e3o. Abrir-se ao outro que est\u00e1 ao nosso lado, que bate \u00e0 porta de casa, pedindo aten\u00e7\u00e3o e ajuda\u201d.<\/p>\n<p>O homem muitas vezes se esquece de Deus e se distancia do pr\u00f3ximo e da \u201cmem\u00f3ria do passado. Com isso, se repetem os erros tr\u00e1gicos perpetrados em outros tempos. \u00c9 o drama do mal\u201d, escolha livre do homem. Mas o amor misericordioso n\u00e3o deixa o homem nas ondas do mal: \u201cNum mundo agitado e com pouca mem\u00f3ria, que caminha depressa deixando para tr\u00e1s muitos e sem perceber que permanece sem f\u00f4lego e sem meta, precisamos hoje de oxig\u00eanio, deste amor gratuito que renova a vida. O homem tem sede da miseric\u00f3rdia e n\u00e3o h\u00e1 tecnologia que possa saci\u00e1-lo. Procura um afeto que vai al\u00e9m do consolo do momento, um porto seguro onde atracar o seu navio inquieto, um abra\u00e7o infinito que perdoa e reconcilia.\u201d<\/p>\n<p><strong>Perd\u00e3o<\/strong><br \/>\n\u201cO perd\u00e3o \u00e9 certamente o maior dom que podemos fazer aos outros, pois \u00e9 o que custa mais. Ao mesmo tempo \u00e9 o que nos torna mais parecidos com Deus.\u201d Trata-se de uma miseric\u00f3rdia que \u201cse estende tamb\u00e9m ao mundo que nos circunda, a nossa casa comum que somos chamados a proteger e preservar do consumo desenfreado e voraz\u201d para por fim \u00e0 grave crise ecol\u00f3gica de hoje.<\/p>\n<p>O Papa convidou a rejeitar \u201cos caminhos sem meta da contraposi\u00e7\u00e3o e do fechamento. Que n\u00e3o mais aconte\u00e7a que as religi\u00f5es, por causa do comportamento de alguns de seus seguidores, transmitam uma mensagem desafinada, que destoa com a da miseric\u00f3rdia\u201d: \u201cInfelizmente, n\u00e3o passa um dia em que n\u00e3o se houve falar de viol\u00eancia, conflitos, sequestros, ataques terroristas, v\u00edtimas e destrui\u00e7\u00f5es. \u00c9 terr\u00edvel que para justificar essas barbaridades seja muitas vezes invocado o nome de uma religi\u00e3o ou do pr\u00f3prio Deus. Que sejam condenados de maneira clara estes comportamentos in\u00edquos, que profanam o nome de Deus e poluem a busca religiosa do homem.\u201d<\/p>\n<p>Francisco pediu para que seja promovido \u201co encontro pac\u00edfico entre os fi\u00e9is e uma liberdade religiosa real. A nossa responsabilidade diante de Deus, da humanidade e do futuro \u00e9 grande nisso e requer todo esfor\u00e7o, sem nenhuma pretens\u00e3o\u201d.<\/p>\n<hr \/>\n<p><em>Fonte: R\u00e1dio Vaticano<\/em><\/p>\n","protected":false},"excerpt":{"rendered":"<p>Ecumenismo<\/p>\n","protected":false},"author":1,"featured_media":222093,"comment_status":"open","ping_status":"open","sticky":false,"template":"","format":"standard","meta":[],"categories":[1428],"tags":[863],"acf":[],"yoast_head":"<!-- This site is optimized with the Yoast SEO plugin v19.2 - https:\/\/yoast.com\/wordpress\/plugins\/seo\/ -->\n<title>Eliminar toda forma de fechamento e desprezo, pede Papa - Not\u00edcias - Franciscanos<\/title>\n<meta name=\"robots\" content=\"index, follow, max-snippet:-1, max-image-preview:large, max-video-preview:-1\" \/>\n<link rel=\"canonical\" href=\"https:\/\/franciscanos.org.br\/noticias\/eliminar-toda-forma-de-fechamento-e-desprezo-pede-papa.html\" \/>\n<meta property=\"og:locale\" content=\"pt_BR\" \/>\n<meta property=\"og:type\" content=\"article\" \/>\n<meta property=\"og:title\" content=\"Eliminar toda forma de fechamento e desprezo, pede Papa - Not\u00edcias - Franciscanos\" \/>\n<meta property=\"og:description\" content=\"Ecumenismo\" \/>\n<meta property=\"og:url\" content=\"https:\/\/franciscanos.org.br\/noticias\/eliminar-toda-forma-de-fechamento-e-desprezo-pede-papa.html\" \/>\n<meta property=\"og:site_name\" content=\"Not\u00edcias - Franciscanos\" \/>\n<meta property=\"article:published_time\" content=\"2016-11-03T16:46:03+00:00\" \/>\n<meta property=\"article:modified_time\" content=\"2020-06-09T17:09:17+00:00\" \/>\n<meta property=\"og:image\" content=\"https:\/\/franciscanos.org.br\/noticias\/wp-content\/uploads\/2016\/11\/interreligioso_031116.jpg\" \/>\n\t<meta property=\"og:image:width\" content=\"273\" \/>\n\t<meta property=\"og:image:height\" content=\"181\" \/>\n\t<meta property=\"og:image:type\" content=\"image\/jpeg\" \/>\n<meta name=\"author\" content=\"admin\" \/>\n<meta name=\"twitter:card\" content=\"summary_large_image\" \/>\n<meta name=\"twitter:label1\" content=\"Escrito por\" \/>\n\t<meta name=\"twitter:data1\" content=\"admin\" \/>\n\t<meta name=\"twitter:label2\" content=\"Est. tempo de leitura\" \/>\n\t<meta name=\"twitter:data2\" content=\"4 minutos\" \/>\n<script type=\"application\/ld+json\" class=\"yoast-schema-graph\">{\"@context\":\"https:\/\/schema.org\",\"@graph\":[{\"@type\":\"WebSite\",\"@id\":\"https:\/\/franciscanos.org.br\/noticias\/#website\",\"url\":\"https:\/\/franciscanos.org.br\/noticias\/\",\"name\":\"Not\u00edcias - Franciscanos\",\"description\":\"Prov\u00edncia Franciscana da Imaculada Concei\u00e7\u00e3o do Brasil - Ordem dos Frades Menores - OFM\",\"potentialAction\":[{\"@type\":\"SearchAction\",\"target\":{\"@type\":\"EntryPoint\",\"urlTemplate\":\"https:\/\/franciscanos.org.br\/noticias\/?s={search_term_string}\"},\"query-input\":\"required name=search_term_string\"}],\"inLanguage\":\"pt-BR\"},{\"@type\":\"ImageObject\",\"inLanguage\":\"pt-BR\",\"@id\":\"https:\/\/franciscanos.org.br\/noticias\/eliminar-toda-forma-de-fechamento-e-desprezo-pede-papa.html#primaryimage\",\"url\":\"https:\/\/franciscanos.org.br\/noticias\/wp-content\/uploads\/2016\/11\/interreligioso_031116.jpg\",\"contentUrl\":\"https:\/\/franciscanos.org.br\/noticias\/wp-content\/uploads\/2016\/11\/interreligioso_031116.jpg\",\"width\":273,\"height\":181},{\"@type\":\"WebPage\",\"@id\":\"https:\/\/franciscanos.org.br\/noticias\/eliminar-toda-forma-de-fechamento-e-desprezo-pede-papa.html#webpage\",\"url\":\"https:\/\/franciscanos.org.br\/noticias\/eliminar-toda-forma-de-fechamento-e-desprezo-pede-papa.html\",\"name\":\"Eliminar toda forma de fechamento e desprezo, pede Papa - Not\u00edcias - Franciscanos\",\"isPartOf\":{\"@id\":\"https:\/\/franciscanos.org.br\/noticias\/#website\"},\"primaryImageOfPage\":{\"@id\":\"https:\/\/franciscanos.org.br\/noticias\/eliminar-toda-forma-de-fechamento-e-desprezo-pede-papa.html#primaryimage\"},\"datePublished\":\"2016-11-03T16:46:03+00:00\",\"dateModified\":\"2020-06-09T17:09:17+00:00\",\"author\":{\"@id\":\"https:\/\/franciscanos.org.br\/noticias\/#\/schema\/person\/b38fbf43118f02820bd932f2e4b14ad3\"},\"breadcrumb\":{\"@id\":\"https:\/\/franciscanos.org.br\/noticias\/eliminar-toda-forma-de-fechamento-e-desprezo-pede-papa.html#breadcrumb\"},\"inLanguage\":\"pt-BR\",\"potentialAction\":[{\"@type\":\"ReadAction\",\"target\":[\"https:\/\/franciscanos.org.br\/noticias\/eliminar-toda-forma-de-fechamento-e-desprezo-pede-papa.html\"]}]},{\"@type\":\"BreadcrumbList\",\"@id\":\"https:\/\/franciscanos.org.br\/noticias\/eliminar-toda-forma-de-fechamento-e-desprezo-pede-papa.html#breadcrumb\",\"itemListElement\":[{\"@type\":\"ListItem\",\"position\":1,\"name\":\"Home\",\"item\":\"https:\/\/franciscanos.org.br\/noticias\"},{\"@type\":\"ListItem\",\"position\":2,\"name\":\"Eliminar toda forma de fechamento e desprezo, pede Papa\"}]},{\"@type\":\"Person\",\"@id\":\"https:\/\/franciscanos.org.br\/noticias\/#\/schema\/person\/b38fbf43118f02820bd932f2e4b14ad3\",\"name\":\"admin\",\"image\":{\"@type\":\"ImageObject\",\"inLanguage\":\"pt-BR\",\"@id\":\"https:\/\/franciscanos.org.br\/noticias\/#\/schema\/person\/image\/\",\"url\":\"https:\/\/secure.gravatar.com\/avatar\/e8495742d34d0ba6448ea1c628263b3e?s=96&d=mm&r=g\",\"contentUrl\":\"https:\/\/secure.gravatar.com\/avatar\/e8495742d34d0ba6448ea1c628263b3e?s=96&d=mm&r=g\",\"caption\":\"admin\"},\"url\":\"https:\/\/franciscanos.org.br\/noticias\/author\/admin\"}]}<\/script>\n<!-- \/ Yoast SEO plugin. -->","yoast_head_json":{"title":"Eliminar toda forma de fechamento e desprezo, pede Papa - Not\u00edcias - Franciscanos","robots":{"index":"index","follow":"follow","max-snippet":"max-snippet:-1","max-image-preview":"max-image-preview:large","max-video-preview":"max-video-preview:-1"},"canonical":"https:\/\/franciscanos.org.br\/noticias\/eliminar-toda-forma-de-fechamento-e-desprezo-pede-papa.html","og_locale":"pt_BR","og_type":"article","og_title":"Eliminar toda forma de fechamento e desprezo, pede Papa - Not\u00edcias - Franciscanos","og_description":"Ecumenismo","og_url":"https:\/\/franciscanos.org.br\/noticias\/eliminar-toda-forma-de-fechamento-e-desprezo-pede-papa.html","og_site_name":"Not\u00edcias - Franciscanos","article_published_time":"2016-11-03T16:46:03+00:00","article_modified_time":"2020-06-09T17:09:17+00:00","og_image":[{"width":273,"height":181,"url":"https:\/\/franciscanos.org.br\/noticias\/wp-content\/uploads\/2016\/11\/interreligioso_031116.jpg","type":"image\/jpeg"}],"author":"admin","twitter_card":"summary_large_image","twitter_misc":{"Escrito por":"admin","Est. tempo de leitura":"4 minutos"},"schema":{"@context":"https:\/\/schema.org","@graph":[{"@type":"WebSite","@id":"https:\/\/franciscanos.org.br\/noticias\/#website","url":"https:\/\/franciscanos.org.br\/noticias\/","name":"Not\u00edcias - Franciscanos","description":"Prov\u00edncia Franciscana da Imaculada Concei\u00e7\u00e3o do Brasil - Ordem dos Frades Menores - OFM","potentialAction":[{"@type":"SearchAction","target":{"@type":"EntryPoint","urlTemplate":"https:\/\/franciscanos.org.br\/noticias\/?s={search_term_string}"},"query-input":"required name=search_term_string"}],"inLanguage":"pt-BR"},{"@type":"ImageObject","inLanguage":"pt-BR","@id":"https:\/\/franciscanos.org.br\/noticias\/eliminar-toda-forma-de-fechamento-e-desprezo-pede-papa.html#primaryimage","url":"https:\/\/franciscanos.org.br\/noticias\/wp-content\/uploads\/2016\/11\/interreligioso_031116.jpg","contentUrl":"https:\/\/franciscanos.org.br\/noticias\/wp-content\/uploads\/2016\/11\/interreligioso_031116.jpg","width":273,"height":181},{"@type":"WebPage","@id":"https:\/\/franciscanos.org.br\/noticias\/eliminar-toda-forma-de-fechamento-e-desprezo-pede-papa.html#webpage","url":"https:\/\/franciscanos.org.br\/noticias\/eliminar-toda-forma-de-fechamento-e-desprezo-pede-papa.html","name":"Eliminar toda forma de fechamento e desprezo, pede Papa - Not\u00edcias - Franciscanos","isPartOf":{"@id":"https:\/\/franciscanos.org.br\/noticias\/#website"},"primaryImageOfPage":{"@id":"https:\/\/franciscanos.org.br\/noticias\/eliminar-toda-forma-de-fechamento-e-desprezo-pede-papa.html#primaryimage"},"datePublished":"2016-11-03T16:46:03+00:00","dateModified":"2020-06-09T17:09:17+00:00","author":{"@id":"https:\/\/franciscanos.org.br\/noticias\/#\/schema\/person\/b38fbf43118f02820bd932f2e4b14ad3"},"breadcrumb":{"@id":"https:\/\/franciscanos.org.br\/noticias\/eliminar-toda-forma-de-fechamento-e-desprezo-pede-papa.html#breadcrumb"},"inLanguage":"pt-BR","potentialAction":[{"@type":"ReadAction","target":["https:\/\/franciscanos.org.br\/noticias\/eliminar-toda-forma-de-fechamento-e-desprezo-pede-papa.html"]}]},{"@type":"BreadcrumbList","@id":"https:\/\/franciscanos.org.br\/noticias\/eliminar-toda-forma-de-fechamento-e-desprezo-pede-papa.html#breadcrumb","itemListElement":[{"@type":"ListItem","position":1,"name":"Home","item":"https:\/\/franciscanos.org.br\/noticias"},{"@type":"ListItem","position":2,"name":"Eliminar toda forma de fechamento e desprezo, pede Papa"}]},{"@type":"Person","@id":"https:\/\/franciscanos.org.br\/noticias\/#\/schema\/person\/b38fbf43118f02820bd932f2e4b14ad3","name":"admin","image":{"@type":"ImageObject","inLanguage":"pt-BR","@id":"https:\/\/franciscanos.org.br\/noticias\/#\/schema\/person\/image\/","url":"https:\/\/secure.gravatar.com\/avatar\/e8495742d34d0ba6448ea1c628263b3e?s=96&d=mm&r=g","contentUrl":"https:\/\/secure.gravatar.com\/avatar\/e8495742d34d0ba6448ea1c628263b3e?s=96&d=mm&r=g","caption":"admin"},"url":"https:\/\/franciscanos.org.br\/noticias\/author\/admin"}]}},"_links":{"self":[{"href":"https:\/\/franciscanos.org.br\/noticias\/wp-json\/wp\/v2\/posts\/119834"}],"collection":[{"href":"https:\/\/franciscanos.org.br\/noticias\/wp-json\/wp\/v2\/posts"}],"about":[{"href":"https:\/\/franciscanos.org.br\/noticias\/wp-json\/wp\/v2\/types\/post"}],"author":[{"embeddable":true,"href":"https:\/\/franciscanos.org.br\/noticias\/wp-json\/wp\/v2\/users\/1"}],"replies":[{"embeddable":true,"href":"https:\/\/franciscanos.org.br\/noticias\/wp-json\/wp\/v2\/comments?post=119834"}],"version-history":[{"count":3,"href":"https:\/\/franciscanos.org.br\/noticias\/wp-json\/wp\/v2\/posts\/119834\/revisions"}],"predecessor-version":[{"id":225559,"href":"https:\/\/franciscanos.org.br\/noticias\/wp-json\/wp\/v2\/posts\/119834\/revisions\/225559"}],"wp:featuredmedia":[{"embeddable":true,"href":"https:\/\/franciscanos.org.br\/noticias\/wp-json\/wp\/v2\/media\/222093"}],"wp:attachment":[{"href":"https:\/\/franciscanos.org.br\/noticias\/wp-json\/wp\/v2\/media?parent=119834"}],"wp:term":[{"taxonomy":"category","embeddable":true,"href":"https:\/\/franciscanos.org.br\/noticias\/wp-json\/wp\/v2\/categories?post=119834"},{"taxonomy":"post_tag","embeddable":true,"href":"https:\/\/franciscanos.org.br\/noticias\/wp-json\/wp\/v2\/tags?post=119834"}],"curies":[{"name":"wp","href":"https:\/\/api.w.org\/{rel}","templated":true}]}}