{"id":119811,"date":"2016-11-02T12:24:38","date_gmt":"2016-11-02T14:24:38","guid":{"rendered":"http:\/\/franciscanos.org.br\/?p=119811"},"modified":"2020-06-09T14:10:50","modified_gmt":"2020-06-09T17:10:50","slug":"a-esperanca-da-ressurreicao-nao-decepciona-afirma-papa","status":"publish","type":"post","link":"https:\/\/franciscanos.org.br\/noticias\/a-esperanca-da-ressurreicao-nao-decepciona-afirma-papa.html","title":{"rendered":"Papa: &#8220;A esperan\u00e7a da ressurrei\u00e7\u00e3o n\u00e3o decepciona&#8221;"},"content":{"rendered":"<p><img loading=\"lazy\" src=\"http:\/\/franciscanos.org.br\/wp-content\/uploads\/2016\/11\/finados_021116_g.jpg\" alt=\"finados_021116_g\" width=\"830\" height=\"399\" \/><\/p>\n<p><strong>Cidade do Vaticano<\/strong> \u2013 O Papa Francisco presidiu, neste Dia de Finados, a Santa Missa no Cemit\u00e9rio de Prima Porta, na periferia de Roma. Foi, portanto, foi cancelada a Audi\u00eancia Geral que o Pont\u00edfice realiza todas as quartas-feiras na Pra\u00e7a S\u00e3o Pedro.<\/p>\n<p>\u00c9 a primeira vez que o Papa celebra no cemit\u00e9rio de Prima Porta. Nos anos anteriores, a celebra\u00e7\u00e3o foi feita no Cemit\u00e9rio Verano, em Roma.<\/p>\n<p>Em sua homilia, o Papa refletiu sobre a figura de J\u00f3 que estava na escurid\u00e3o, na porta da morte. Naquele momento de ang\u00fastia, de dor e sofrimento, J\u00f3 proclama a esperan\u00e7a: \u201cSei que o meu redentor est\u00e1 vivo, eu o verei e meus olhos o contemplar\u00e3o\u201d.<\/p>\n<p>\u201cO Dia de Finados tem esse duplo sentido: primeiro, o sentido da tristeza. O cemit\u00e9rio \u00e9 triste, nos lembra nossos entes queridos que morreram e nos recorda o futuro: a morte. A esta tristeza n\u00f3s trazemos flores como sinal de esperan\u00e7a\u201d, segundo sentido.<\/p>\n<p>\u201cEsta tristeza se mistura com a esperan\u00e7a. \u00c9 o que todos n\u00f3s sentimos hoje nesta celebra\u00e7\u00e3o. A recorda\u00e7\u00e3o de nossos entes queridos e a esperan\u00e7a\u201d, disse Francisco.<\/p>\n<p>\u201cMas tamb\u00e9m sentimos que essa esperan\u00e7a se ajuda porque tamb\u00e9m n\u00f3s devemos fazer este caminho, todos n\u00f3s, antes ou depois, mas todos. Com dor, mais dor ou menos dor, mas com a flor da esperan\u00e7a. Com aquele fio forte ancorado ao lado de l\u00e1. Esta \u00e2ncora, a esperan\u00e7a da ressurrei\u00e7\u00e3o n\u00e3o decepciona.\u201d<\/p>\n<p>&#8220;Quem percorreu primeiro este caminho foi Jesus. N\u00f3s percorremos o caminho que Ele percorreu. Com a sua Cruz ele nos abriu a porta da esperan\u00e7a, nos abriu a porta para entrar onde contemplaremos Deus\u201d.<\/p>\n<p>\u201cVoltemos para casa hoje com esta recorda\u00e7\u00e3o do passado, de nossos entes queridos que morreram, mas com um olhar para o futuro, para onde iremos, confiantes nas palavras de Jesus: \u201cEu o ressuscitarei no \u00faltimo dia\u201d, concluiu Francisco.<\/p>\n<p>Depois da missa, ao regressar ao Vaticano, Francisco se dirigiu \u00e0 Cripta vaticana para um momento de ora\u00e7\u00e3o particular pelos Pont\u00edfices falecidos.<\/p>\n<p>J\u00e1 na sexta-feira, 4, o Papa celebrar\u00e1 no Altar da C\u00e1tedra da Bas\u00edlica Vaticana a Santa Missa em sufr\u00e1gio dos Cardeais e Bispos mortos no decorrer do \u00faltimo ano.<\/p>\n<hr \/>\n<p><em>Fonte: R\u00e1dio Vaticano<\/em><\/p>\n","protected":false},"excerpt":{"rendered":"<p>Celebra\u00e7\u00e3o de Finados<\/p>\n","protected":false},"author":1,"featured_media":222095,"comment_status":"open","ping_status":"open","sticky":false,"template":"","format":"standard","meta":[],"categories":[1428],"tags":[489],"acf":[],"yoast_head":"<!-- This site is optimized with the Yoast SEO plugin v19.2 - https:\/\/yoast.com\/wordpress\/plugins\/seo\/ -->\n<title>Papa: &quot;A esperan\u00e7a da ressurrei\u00e7\u00e3o n\u00e3o decepciona&quot; - Not\u00edcias - Franciscanos<\/title>\n<meta name=\"robots\" content=\"index, follow, max-snippet:-1, max-image-preview:large, max-video-preview:-1\" \/>\n<link rel=\"canonical\" href=\"https:\/\/franciscanos.org.br\/noticias\/a-esperanca-da-ressurreicao-nao-decepciona-afirma-papa.html\" \/>\n<meta property=\"og:locale\" content=\"pt_BR\" \/>\n<meta property=\"og:type\" content=\"article\" \/>\n<meta property=\"og:title\" content=\"Papa: &quot;A esperan\u00e7a da ressurrei\u00e7\u00e3o n\u00e3o decepciona&quot; - Not\u00edcias - Franciscanos\" \/>\n<meta property=\"og:description\" content=\"Celebra\u00e7\u00e3o de Finados\" \/>\n<meta property=\"og:url\" content=\"https:\/\/franciscanos.org.br\/noticias\/a-esperanca-da-ressurreicao-nao-decepciona-afirma-papa.html\" \/>\n<meta property=\"og:site_name\" content=\"Not\u00edcias - Franciscanos\" \/>\n<meta property=\"article:published_time\" content=\"2016-11-02T14:24:38+00:00\" \/>\n<meta property=\"article:modified_time\" content=\"2020-06-09T17:10:50+00:00\" \/>\n<meta property=\"og:image\" content=\"https:\/\/franciscanos.org.br\/noticias\/wp-content\/uploads\/2016\/11\/finados_021116_g.jpg\" \/>\n\t<meta property=\"og:image:width\" content=\"273\" \/>\n\t<meta property=\"og:image:height\" content=\"181\" \/>\n\t<meta property=\"og:image:type\" content=\"image\/jpeg\" \/>\n<meta name=\"author\" content=\"admin\" \/>\n<meta name=\"twitter:card\" content=\"summary_large_image\" \/>\n<meta name=\"twitter:label1\" content=\"Escrito por\" \/>\n\t<meta name=\"twitter:data1\" content=\"admin\" \/>\n\t<meta name=\"twitter:label2\" content=\"Est. tempo de leitura\" \/>\n\t<meta name=\"twitter:data2\" content=\"2 minutos\" \/>\n<script type=\"application\/ld+json\" class=\"yoast-schema-graph\">{\"@context\":\"https:\/\/schema.org\",\"@graph\":[{\"@type\":\"WebSite\",\"@id\":\"https:\/\/franciscanos.org.br\/noticias\/#website\",\"url\":\"https:\/\/franciscanos.org.br\/noticias\/\",\"name\":\"Not\u00edcias - Franciscanos\",\"description\":\"Prov\u00edncia Franciscana da Imaculada Concei\u00e7\u00e3o do Brasil - Ordem dos Frades Menores - OFM\",\"potentialAction\":[{\"@type\":\"SearchAction\",\"target\":{\"@type\":\"EntryPoint\",\"urlTemplate\":\"https:\/\/franciscanos.org.br\/noticias\/?s={search_term_string}\"},\"query-input\":\"required name=search_term_string\"}],\"inLanguage\":\"pt-BR\"},{\"@type\":\"ImageObject\",\"inLanguage\":\"pt-BR\",\"@id\":\"https:\/\/franciscanos.org.br\/noticias\/a-esperanca-da-ressurreicao-nao-decepciona-afirma-papa.html#primaryimage\",\"url\":\"https:\/\/franciscanos.org.br\/noticias\/wp-content\/uploads\/2016\/11\/finados_021116_g.jpg\",\"contentUrl\":\"https:\/\/franciscanos.org.br\/noticias\/wp-content\/uploads\/2016\/11\/finados_021116_g.jpg\",\"width\":273,\"height\":181},{\"@type\":\"WebPage\",\"@id\":\"https:\/\/franciscanos.org.br\/noticias\/a-esperanca-da-ressurreicao-nao-decepciona-afirma-papa.html#webpage\",\"url\":\"https:\/\/franciscanos.org.br\/noticias\/a-esperanca-da-ressurreicao-nao-decepciona-afirma-papa.html\",\"name\":\"Papa: \\\"A esperan\u00e7a da ressurrei\u00e7\u00e3o n\u00e3o decepciona\\\" - Not\u00edcias - Franciscanos\",\"isPartOf\":{\"@id\":\"https:\/\/franciscanos.org.br\/noticias\/#website\"},\"primaryImageOfPage\":{\"@id\":\"https:\/\/franciscanos.org.br\/noticias\/a-esperanca-da-ressurreicao-nao-decepciona-afirma-papa.html#primaryimage\"},\"datePublished\":\"2016-11-02T14:24:38+00:00\",\"dateModified\":\"2020-06-09T17:10:50+00:00\",\"author\":{\"@id\":\"https:\/\/franciscanos.org.br\/noticias\/#\/schema\/person\/b38fbf43118f02820bd932f2e4b14ad3\"},\"breadcrumb\":{\"@id\":\"https:\/\/franciscanos.org.br\/noticias\/a-esperanca-da-ressurreicao-nao-decepciona-afirma-papa.html#breadcrumb\"},\"inLanguage\":\"pt-BR\",\"potentialAction\":[{\"@type\":\"ReadAction\",\"target\":[\"https:\/\/franciscanos.org.br\/noticias\/a-esperanca-da-ressurreicao-nao-decepciona-afirma-papa.html\"]}]},{\"@type\":\"BreadcrumbList\",\"@id\":\"https:\/\/franciscanos.org.br\/noticias\/a-esperanca-da-ressurreicao-nao-decepciona-afirma-papa.html#breadcrumb\",\"itemListElement\":[{\"@type\":\"ListItem\",\"position\":1,\"name\":\"Home\",\"item\":\"https:\/\/franciscanos.org.br\/noticias\"},{\"@type\":\"ListItem\",\"position\":2,\"name\":\"Papa: &#8220;A esperan\u00e7a da ressurrei\u00e7\u00e3o n\u00e3o decepciona&#8221;\"}]},{\"@type\":\"Person\",\"@id\":\"https:\/\/franciscanos.org.br\/noticias\/#\/schema\/person\/b38fbf43118f02820bd932f2e4b14ad3\",\"name\":\"admin\",\"image\":{\"@type\":\"ImageObject\",\"inLanguage\":\"pt-BR\",\"@id\":\"https:\/\/franciscanos.org.br\/noticias\/#\/schema\/person\/image\/\",\"url\":\"https:\/\/secure.gravatar.com\/avatar\/e8495742d34d0ba6448ea1c628263b3e?s=96&d=mm&r=g\",\"contentUrl\":\"https:\/\/secure.gravatar.com\/avatar\/e8495742d34d0ba6448ea1c628263b3e?s=96&d=mm&r=g\",\"caption\":\"admin\"},\"url\":\"https:\/\/franciscanos.org.br\/noticias\/author\/admin\"}]}<\/script>\n<!-- \/ Yoast SEO plugin. -->","yoast_head_json":{"title":"Papa: \"A esperan\u00e7a da ressurrei\u00e7\u00e3o n\u00e3o decepciona\" - Not\u00edcias - Franciscanos","robots":{"index":"index","follow":"follow","max-snippet":"max-snippet:-1","max-image-preview":"max-image-preview:large","max-video-preview":"max-video-preview:-1"},"canonical":"https:\/\/franciscanos.org.br\/noticias\/a-esperanca-da-ressurreicao-nao-decepciona-afirma-papa.html","og_locale":"pt_BR","og_type":"article","og_title":"Papa: \"A esperan\u00e7a da ressurrei\u00e7\u00e3o n\u00e3o decepciona\" - Not\u00edcias - Franciscanos","og_description":"Celebra\u00e7\u00e3o de Finados","og_url":"https:\/\/franciscanos.org.br\/noticias\/a-esperanca-da-ressurreicao-nao-decepciona-afirma-papa.html","og_site_name":"Not\u00edcias - Franciscanos","article_published_time":"2016-11-02T14:24:38+00:00","article_modified_time":"2020-06-09T17:10:50+00:00","og_image":[{"width":273,"height":181,"url":"https:\/\/franciscanos.org.br\/noticias\/wp-content\/uploads\/2016\/11\/finados_021116_g.jpg","type":"image\/jpeg"}],"author":"admin","twitter_card":"summary_large_image","twitter_misc":{"Escrito por":"admin","Est. tempo de leitura":"2 minutos"},"schema":{"@context":"https:\/\/schema.org","@graph":[{"@type":"WebSite","@id":"https:\/\/franciscanos.org.br\/noticias\/#website","url":"https:\/\/franciscanos.org.br\/noticias\/","name":"Not\u00edcias - Franciscanos","description":"Prov\u00edncia Franciscana da Imaculada Concei\u00e7\u00e3o do Brasil - Ordem dos Frades Menores - OFM","potentialAction":[{"@type":"SearchAction","target":{"@type":"EntryPoint","urlTemplate":"https:\/\/franciscanos.org.br\/noticias\/?s={search_term_string}"},"query-input":"required name=search_term_string"}],"inLanguage":"pt-BR"},{"@type":"ImageObject","inLanguage":"pt-BR","@id":"https:\/\/franciscanos.org.br\/noticias\/a-esperanca-da-ressurreicao-nao-decepciona-afirma-papa.html#primaryimage","url":"https:\/\/franciscanos.org.br\/noticias\/wp-content\/uploads\/2016\/11\/finados_021116_g.jpg","contentUrl":"https:\/\/franciscanos.org.br\/noticias\/wp-content\/uploads\/2016\/11\/finados_021116_g.jpg","width":273,"height":181},{"@type":"WebPage","@id":"https:\/\/franciscanos.org.br\/noticias\/a-esperanca-da-ressurreicao-nao-decepciona-afirma-papa.html#webpage","url":"https:\/\/franciscanos.org.br\/noticias\/a-esperanca-da-ressurreicao-nao-decepciona-afirma-papa.html","name":"Papa: \"A esperan\u00e7a da ressurrei\u00e7\u00e3o n\u00e3o decepciona\" - Not\u00edcias - Franciscanos","isPartOf":{"@id":"https:\/\/franciscanos.org.br\/noticias\/#website"},"primaryImageOfPage":{"@id":"https:\/\/franciscanos.org.br\/noticias\/a-esperanca-da-ressurreicao-nao-decepciona-afirma-papa.html#primaryimage"},"datePublished":"2016-11-02T14:24:38+00:00","dateModified":"2020-06-09T17:10:50+00:00","author":{"@id":"https:\/\/franciscanos.org.br\/noticias\/#\/schema\/person\/b38fbf43118f02820bd932f2e4b14ad3"},"breadcrumb":{"@id":"https:\/\/franciscanos.org.br\/noticias\/a-esperanca-da-ressurreicao-nao-decepciona-afirma-papa.html#breadcrumb"},"inLanguage":"pt-BR","potentialAction":[{"@type":"ReadAction","target":["https:\/\/franciscanos.org.br\/noticias\/a-esperanca-da-ressurreicao-nao-decepciona-afirma-papa.html"]}]},{"@type":"BreadcrumbList","@id":"https:\/\/franciscanos.org.br\/noticias\/a-esperanca-da-ressurreicao-nao-decepciona-afirma-papa.html#breadcrumb","itemListElement":[{"@type":"ListItem","position":1,"name":"Home","item":"https:\/\/franciscanos.org.br\/noticias"},{"@type":"ListItem","position":2,"name":"Papa: &#8220;A esperan\u00e7a da ressurrei\u00e7\u00e3o n\u00e3o decepciona&#8221;"}]},{"@type":"Person","@id":"https:\/\/franciscanos.org.br\/noticias\/#\/schema\/person\/b38fbf43118f02820bd932f2e4b14ad3","name":"admin","image":{"@type":"ImageObject","inLanguage":"pt-BR","@id":"https:\/\/franciscanos.org.br\/noticias\/#\/schema\/person\/image\/","url":"https:\/\/secure.gravatar.com\/avatar\/e8495742d34d0ba6448ea1c628263b3e?s=96&d=mm&r=g","contentUrl":"https:\/\/secure.gravatar.com\/avatar\/e8495742d34d0ba6448ea1c628263b3e?s=96&d=mm&r=g","caption":"admin"},"url":"https:\/\/franciscanos.org.br\/noticias\/author\/admin"}]}},"_links":{"self":[{"href":"https:\/\/franciscanos.org.br\/noticias\/wp-json\/wp\/v2\/posts\/119811"}],"collection":[{"href":"https:\/\/franciscanos.org.br\/noticias\/wp-json\/wp\/v2\/posts"}],"about":[{"href":"https:\/\/franciscanos.org.br\/noticias\/wp-json\/wp\/v2\/types\/post"}],"author":[{"embeddable":true,"href":"https:\/\/franciscanos.org.br\/noticias\/wp-json\/wp\/v2\/users\/1"}],"replies":[{"embeddable":true,"href":"https:\/\/franciscanos.org.br\/noticias\/wp-json\/wp\/v2\/comments?post=119811"}],"version-history":[{"count":3,"href":"https:\/\/franciscanos.org.br\/noticias\/wp-json\/wp\/v2\/posts\/119811\/revisions"}],"predecessor-version":[{"id":225561,"href":"https:\/\/franciscanos.org.br\/noticias\/wp-json\/wp\/v2\/posts\/119811\/revisions\/225561"}],"wp:featuredmedia":[{"embeddable":true,"href":"https:\/\/franciscanos.org.br\/noticias\/wp-json\/wp\/v2\/media\/222095"}],"wp:attachment":[{"href":"https:\/\/franciscanos.org.br\/noticias\/wp-json\/wp\/v2\/media?parent=119811"}],"wp:term":[{"taxonomy":"category","embeddable":true,"href":"https:\/\/franciscanos.org.br\/noticias\/wp-json\/wp\/v2\/categories?post=119811"},{"taxonomy":"post_tag","embeddable":true,"href":"https:\/\/franciscanos.org.br\/noticias\/wp-json\/wp\/v2\/tags?post=119811"}],"curies":[{"name":"wp","href":"https:\/\/api.w.org\/{rel}","templated":true}]}}