{"id":119681,"date":"2016-11-01T10:02:04","date_gmt":"2016-11-01T12:02:04","guid":{"rendered":"http:\/\/franciscanos.org.br\/?p=119681"},"modified":"2020-06-09T14:18:02","modified_gmt":"2020-06-09T17:18:02","slug":"papa-celebra-missa-na-suecia-santidade-e-entregar-se-aos-outros","status":"publish","type":"post","link":"https:\/\/franciscanos.org.br\/noticias\/papa-celebra-missa-na-suecia-santidade-e-entregar-se-aos-outros.html","title":{"rendered":"Papa na Su\u00e9cia: Santidade \u00e9 entregar-se aos outros"},"content":{"rendered":"<p><img loading=\"lazy\" src=\"http:\/\/franciscanos.org.br\/wp-content\/uploads\/2016\/11\/suecia_011116g.jpg\" alt=\"suecia_011116g\" width=\"830\" height=\"400\" \/><\/p>\n<p><strong>Malm\u00f6 \u2013<\/strong> O \u00faltimo compromisso do Papa Francisco na Su\u00e9cia foi com a pequena comunidade cat\u00f3lica local. O Pont\u00edfice presidiu na manh\u00e3 desta ter\u00e7a-feira, 1\u00ba, a Celebra\u00e7\u00e3o Eucar\u00edstica no Est\u00e1dio Swedbank, no centro da cidade de Malm\u00f6.\u00a0O Papa dedicou sua homilia \u00e0 Solenidade de Todos os Santos, que a Igreja celebra no dia 1\u00ba de novembro. \u201cAssim recordamos n\u00e3o s\u00f3 aqueles que foram proclamados Santos ao longo da hist\u00f3ria, mas tamb\u00e9m muitos irm\u00e3os que viveram a sua vida crist\u00e3 na plenitude da f\u00e9 e do amor atrav\u00e9s de uma exist\u00eancia simples e reservada. Contam-se certamente muitos dos nossos parentes, amigos e conhecidos.\u201d Entre eles, o Pont\u00edfice citou as m\u00e3es e os pais que se sacrificam pelas suas fam\u00edlias.<\/p>\n<p>A santidade, recordou Francisco, n\u00e3o se manifesta necessariamente em grandes obras nem em sucessos extraordin\u00e1rios, mas significa saber viver, fiel e diariamente, as exig\u00eancias do Batismo, de entrega total aos outros.<\/p>\n<p><strong>Felicidade aut\u00eantica<\/strong><\/p>\n<p>Mas para o Papa, a felicidade \u00e9 a caracter\u00edstica dos santos, pois descobriram o segredo da felicidade aut\u00eantica, que tem a sua fonte no amor de Deus. Por isso, os Santos s\u00e3o chamados bem-aventurados.<\/p>\n<p>As Bem-aventuran\u00e7as s\u00e3o o perfil de Cristo e, consequentemente, do crist\u00e3o. Dentre elas, o Papa destacou uma: &#8220;Felizes os mansos&#8221;.<\/p>\n<p>\u201cEste \u00e9 o retrato espiritual de Jesus, disse Francisco. A mansid\u00e3o \u00e9 uma maneira de ser e viver que nos assemelha a Jesus e nos faz estar unidos entre n\u00f3s; faz com que deixemos de lado tudo o que nos divide e contrap\u00f5e, a fim de procurar formas sempre novas para avan\u00e7ar no caminho da unidade. A mansid\u00e3o \u00e9 a atitude de quem n\u00e3o tem nada a perder, porque a sua \u00fanica riqueza \u00e9 Deus.\u201d<\/p>\n<p>Como exemplo, o Papa citou santos da regi\u00e3o, Santa Maria Elisabeth Hesselblad, recentemente canonizada, e Santa Br\u00edgida, Brigitta Vadstena, co-padroeira da Europa.<\/p>\n<p>Para Francisco, as Bem-aventuran\u00e7as s\u00e3o a carteira de identidade do crist\u00e3o, que o identifica como seguidor de Jesus. E prop\u00f4s algumas situa\u00e7\u00f5es que podem ser vividas com esp\u00edrito renovado: felizes os que olham nos olhos os descartados e marginalizados fazendo-se pr\u00f3ximo deles; felizes os que protegem e cuidam da casa comum; felizes os que renunciam ao seu pr\u00f3prio bem-estar em benef\u00edcio dos outros; felizes os que rezam e trabalham pela plena comunh\u00e3o dos crist\u00e3os&#8230; \u201cTodos eles s\u00e3o portadores da miseric\u00f3rdia e ternura de Deus\u201d, disse o Pont\u00edfice, que concluiu:<\/p>\n<p>\u201cQueridos irm\u00e3os e irm\u00e3s, o chamado \u00e0 santidade \u00e9 para todos. Juntos, pe\u00e7amos a gra\u00e7a de acolher este chamado e trabalhar unidos para lev\u00e1-lo a cumprimento. \u00c0 nossa M\u00e3e do C\u00e9u, confiamos o di\u00e1logo em busca da plena comunh\u00e3o de todos os crist\u00e3os, para que sejamos aben\u00e7oados nos nossos esfor\u00e7os e alcancemos a santidade na unidade.\u201d<\/p>\n<p><strong>Igreja na Su\u00e9cia<\/strong><\/p>\n<p>Os cat\u00f3licos na Su\u00e9cia s\u00e3o cerca de 115 mil, mas se estima que seja quase o dobro, pois a comunidade \u00e9 constitu\u00edda quase exclusivamente por imigrantes. A Igreja \u00e9 organizada numa \u00fanica diocese, a de Estocolmo.<\/p>\n<p><strong>Angelus<\/strong><\/p>\n<p>Ao final da missa celebrada no est\u00e1dio de Malm\u00f6, o Papa Francisco rezou com os fi\u00e9is a ora\u00e7\u00e3o mariana do Angelus.<\/p>\n<p>Antes, por\u00e9m, ouviu a sauda\u00e7\u00e3o do Bispo de Estocolmo, Dom Anders Arborelius, e agradeceu a presen\u00e7a do Presidente e do Secret\u00e1rio-Geral da Federa\u00e7\u00e3o Luterana e das delega\u00e7\u00f5es ecum\u00eanicas presentes no est\u00e1dio.<\/p>\n<p>\u201cDou gra\u00e7as a Deus por me ter dado a oportunidade de vir a esta terra e encontrar-me com voc\u00eas, muitos vindos de v\u00e1rias partes do mundo. Como cat\u00f3licos, fazemos parte de uma grande fam\u00edlia, sustentada por uma mesma comunh\u00e3o.\u201d<\/p>\n<p>O Papa encorajou os fi\u00e9is a viverem sua na ora\u00e7\u00e3o, nos Sacramentos e no servi\u00e7o generoso a quem passa necessidade e sofre.<\/p>\n<p>\u201cNa nossa vida, n\u00e3o estamos sozinhos. Temos sempre o aux\u00edlio e a companhia da Virgem Maria, que hoje nos aparece como a primeira dentre os Santos, a primeira disc\u00edpula do Senhor. Confiemo-nos \u00e0 sua prote\u00e7\u00e3o\u201d, disse o Papa, rezando com os fi\u00e9is a ora\u00e7\u00e3o do Angelus.<\/p>\n<p><strong>Confira a homilia na \u00edntegra:<\/strong><\/p>\n<p>Celebramos hoje, com toda a Igreja, a solenidade de Todos os Santos. Assim recordamos n\u00e3o s\u00f3 aqueles que foram proclamados Santos ao longo da hist\u00f3ria, mas tamb\u00e9m muitos irm\u00e3os nossos que viveram a sua vida crist\u00e3 na plenitude da f\u00e9 e do amor atrav\u00e9s duma exist\u00eancia simples e reservada. Contam-se certamente, entre eles, muitos dos nossos parentes, amigos e conhecidos.<\/p>\n<p>Celebramos, pois, a festa da santidade. Aquela santidade que, \u00e0s vezes, n\u00e3o se manifeste em grandes obras nem em sucessos extraordin\u00e1rios, mas que sabe viver, fiel e diariamente, as exig\u00eancias do Batismo. Uma santidade feita de amor a Deus e aos irm\u00e3os. Amor fiel at\u00e9 ao esquecimento de si mesmo e \u00e0 entrega total aos outros, como a vida daquelas m\u00e3es e pais que se sacrificam pelas suas fam\u00edlias sabendo renunciar de boa vontade, embora nem sempre seja f\u00e1cil, a tantas coisas, tantos projetos ou programas pessoais.<\/p>\n<p>Mas, se alguma coisa h\u00e1 que caraterize os Santos, \u00e9 o fato de serem verdadeiramente felizes. Descobriram o segredo da felicidade aut\u00eantica, que mora no fundo da alma e tem a sua fonte no amor de Deus. Por isso, os Santos s\u00e3o chamados bem-aventurados. As Bem-aventuran\u00e7as s\u00e3o o seu caminho rumo ao seu destino, rumo \u00e0 p\u00e1tria. As Bem-aventuran\u00e7as s\u00e3o o caminho de vida que o Senhor nos indica, para podermos seguir os seus passos. Ouvimos, no Evangelho de hoje, como Jesus as proclamou perante uma grande multid\u00e3o num monte junto do lago da Galileia.<\/p>\n<p>As Bem-aventuran\u00e7as s\u00e3o o perfil de Cristo e, consequentemente, do crist\u00e3o. Dentre elas, quereria destacar uma: \u00abFelizes os mansos\u00bb (Mt 5, 5). Jesus diz de Si mesmo: \u00abAprendei de Mim, porque sou manso e humilde de cora\u00e7\u00e3o\u00bb (Mt 11, 29). Este \u00e9 o seu retrato espiritual, e desvenda-nos a riqueza do seu amor. A mansid\u00e3o \u00e9 uma maneira de ser e viver que nos assemelha a Jesus e nos faz estar unidos entre n\u00f3s; faz com que deixemos de lado tudo o que nos divide e contrap\u00f5e, a fim de procurar formas sempre novas para avan\u00e7ar no caminho da unidade, como fizeram filhos e filhas desta terra, entre os quais se conta Santa Maria Elisabeth Hesselblad, recentemente canonizada, e Santa Br\u00edgida, Brigitta Vadstena, co-padroeira da Europa. Elas rezaram e trabalharam para estreitar os la\u00e7os de unidade e comunh\u00e3o entre os crist\u00e3os. Um sinal muito eloquente \u00e9 o fato de ser aqui no seu pa\u00eds, caraterizado pela conviv\u00eancia de popula\u00e7\u00f5es muito diferentes, que estamos a comemorar em conjunto o quinto centen\u00e1rio da Reforma. Os Santos obt\u00eam mudan\u00e7as gra\u00e7as \u00e0 mansid\u00e3o do cora\u00e7\u00e3o. Com ela, compreendemos a grandeza de Deus e adoramo-Lo com sinceridade; al\u00e9m disso, \u00e9 a atitude de quem n\u00e3o tem nada a perder, porque a sua \u00fanica riqueza \u00e9 Deus.<\/p>\n<p>As Bem-aventuran\u00e7as s\u00e3o de algum modo o cart\u00e3o de identidade do crist\u00e3o, que o identifica como seguidor de Jesus. Somos chamados a ser bem-aventurados, seguidores de Jesus, enfrentando os sofrimentos e ang\u00fastias do nosso tempo com o esp\u00edrito e o amor de Jesus. Neste sentido, poder\u00edamos assinalar novas situa\u00e7\u00f5es para as vivermos com esp\u00edrito renovado e sempre atual: felizes os que suportam com f\u00e9 os males que outros lhes infligem e perdoam de cora\u00e7\u00e3o; felizes os que olham nos olhos os descartados e marginalizados fazendo-se pr\u00f3ximo deles; felizes os que reconhecem Deus em cada pessoa e lutam para que tamb\u00e9m outros o descubram; felizes os que protegem e cuidam da casa comum; felizes os que renunciam ao seu pr\u00f3prio bem-estar em benef\u00edcio dos outros; felizes os que rezam e trabalham pela plena comunh\u00e3o dos crist\u00e3os&#8230; Todos eles s\u00e3o portadores da miseric\u00f3rdia e ternura de Deus, e d\u2019Ele receber\u00e3o sem d\u00favida a merecida recompensa.<\/p>\n<p>Queridos irm\u00e3os e irm\u00e3s, a chamada \u00e0 santidade \u00e9 para todos, e temos que a receber do Senhor com esp\u00edrito de f\u00e9. Os Santos encorajam-nos com a sua vida e a sua intercess\u00e3o diante de Deus, e n\u00f3s precisamos uns dos outros para nos tornar santos. Ajudemo-nos a tornar-nos santos! Juntos, pe\u00e7amos a gra\u00e7a de acolher, com alegria, esta chamada e trabalhar unidos para a levar a cumprimento. \u00c0 nossa M\u00e3e do C\u00e9u, Rainha de todos os Santos, confiamos as nossas inten\u00e7\u00f5es e o di\u00e1logo em busca da plena comunh\u00e3o de todos os crist\u00e3os, para que sejamos aben\u00e7oados nos nossos esfor\u00e7os e alcancemos a santidade na unidade.<\/p>\n<hr \/>\n<p><strong>PLENA COMUNH\u00c3O<\/strong><\/p>\n<p><strong>Malm\u00f6<\/strong> \u00a0&#8211; O Papa Francisco participou do evento ecum\u00eanico na Arena de Malm\u00f6, na Su\u00e9cia, na tarde desta segunda-feira, 31.<\/p>\n<p>\u201cDou gra\u00e7as a Deus por esta comemora\u00e7\u00e3o conjunta dos 500 anos da Reforma, que estamos vivendo com esp\u00edrito renovado e conscientes de que a unidade entre os crist\u00e3os \u00e9 uma prioridade, porque reconhecemos que, entre n\u00f3s, \u00e9 muito mais o que nos une do que aquilo que nos separa\u201d, disse o Papa em seu discurso.<\/p>\n<p>\u201cO di\u00e1logo entre n\u00f3s permitiu aprofundar a compreens\u00e3o m\u00fatua, gerar confian\u00e7a rec\u00edproca e confirmar o desejo de caminhar para a plena comunh\u00e3o. Um dos frutos produzidos por este di\u00e1logo \u00e9 a colabora\u00e7\u00e3o entre distintas organiza\u00e7\u00f5es da Federa\u00e7\u00e3o Luterana Mundial e da Igreja Cat\u00f3lica. Hoje, gra\u00e7as a este novo clima de compreens\u00e3o, Caritas Internationalis e Lutheran World Federation World Service assinar\u00e3o uma declara\u00e7\u00e3o comum de acordos que visam desenvolver e consolidar uma cultura de colabora\u00e7\u00e3o para a promo\u00e7\u00e3o da dignidade humana e da justi\u00e7a social. Sa\u00fado cordialmente os membros de ambas as organiza\u00e7\u00f5es que, num mundo dividido por guerras e conflitos, foram e s\u00e3o um exemplo luminoso de dedica\u00e7\u00e3o e servi\u00e7o ao pr\u00f3ximo. Exorto-os a prosseguir no caminho da coopera\u00e7\u00e3o\u201d, frisou o Papa.<\/p>\n<p><strong>Testemunhos<\/strong><\/p>\n<p>A seguir, Francisco comentou os 4 testemunhos que foram dados antes de seu discurso. Sobre o primeiro, relativo \u00e0 Cria\u00e7\u00e3o, ressaltou que \u201ctoda a cria\u00e7\u00e3o \u00e9 uma manifesta\u00e7\u00e3o do amor imenso de Deus para conosco. Somos chamados a cultivar uma harmonia com n\u00f3s mesmos e com os outros, mas tamb\u00e9m com Deus e com a obra de suas m\u00e3os\u201d.<\/p>\n<p>Em rela\u00e7\u00e3o ao segundo, sobre o trabalho conjunto que cat\u00f3licos e luteranos realizam na Col\u00f4mbia, o Papa frisou que \u201c\u00e9 uma boa not\u00edcia saber que os crist\u00e3os se unem para dar vida a processos comunit\u00e1rios e sociais de interesse comum\u201d e pediu ora\u00e7\u00f5es para que \u201cse possa chegar finalmente \u00e0 paz, t\u00e3o desejada e necess\u00e1ria para uma digna conviv\u00eancia\u201d.<\/p>\n<p>Do terceiro testemunho, o Papa chamou a aten\u00e7\u00e3o para o trabalho em prol das crian\u00e7as v\u00edtimas de atrocidades e para o compromisso em favor da paz. O Pont\u00edfice agradeceu \u00e0 jovem burundinesa pelo seu compromisso em comunicar a mensagem de paz.<\/p>\n<p>O \u00faltimo, dado por uma jovem da Equipe Ol\u00edmpica de Refugiados, o Papa disse que ela \u201csoube tirar proveito do talento que Deus lhe deu no esporte\u201d. O Santo Padre agradeceu \u00e0 jovem pelos esfor\u00e7os e cuidados para animar outras meninas a regressarem \u00e0 escola e tamb\u00e9m pelas ora\u00e7\u00f5es que reza todos os dias pela paz no Sud\u00e3o do Sul.<\/p>\n<p>O Papa recordou tamb\u00e9m Aleppo, cidade s\u00edria martirizada pela guerra, onde se desprezam e espezinham os direitos fundamentais.<\/p>\n<p>\u201cQueridos irm\u00e3os e irm\u00e3s, n\u00e3o nos deixemos abater pelas adversidades. Que estas hist\u00f3rias nos estimulem e deem novo impulso para trabalharmos cada vez mais unidos. Quando voltarmos \u00e0s nossas casas, levemos o compromisso de realizar cada dia um gesto de paz e reconcilia\u00e7\u00e3o para sermos testemunhas corajosas e fi\u00e9is da esperan\u00e7a crist\u00e3\u201d, concluiu Francisco.<\/p>\n<p><strong>Leia na \u00edntegra:<\/strong><\/p>\n<p>Queridos irm\u00e3os e irm\u00e3s!<\/p>\n<p>Dou gra\u00e7as a Deus por esta comemora\u00e7\u00e3o conjunta dos quinhentos anos da Reforma, que estamos a viver com esp\u00edrito renovado e conscientes de que a unidade entre os crist\u00e3os \u00e9 uma prioridade, porque reconhecemos que, entre n\u00f3s, \u00e9 muito mais o que nos une do que aquilo que nos separa. O caminho empreendido para a alcan\u00e7ar j\u00e1 \u00e9 um grande dom que Deus nos concede e, gra\u00e7as \u00e0 sua ajuda, estamos reunidos aqui hoje, luteranos e cat\u00f3licos, em esp\u00edrito de comunh\u00e3o, para dirigir o nosso olhar ao \u00fanico Senhor, Jesus Cristo.<\/p>\n<p>O di\u00e1logo entre n\u00f3s permitiu aprofundar a compreens\u00e3o m\u00fatua, gerar confian\u00e7a rec\u00edproca e confirmar o desejo de caminhar para a plena comunh\u00e3o. Um dos frutos produzidos por este di\u00e1logo \u00e9 a colabora\u00e7\u00e3o entre distintas organiza\u00e7\u00f5es da Federa\u00e7\u00e3o Luterana Mundial e da Igreja Cat\u00f3lica. Hoje, gra\u00e7as a este novo clima de compreens\u00e3o, Caritas Internationalis e Lutheran World Federation World Service assinar\u00e3o uma declara\u00e7\u00e3o comum de acordos que visam desenvolver e consolidar uma cultura de colabora\u00e7\u00e3o para a promo\u00e7\u00e3o da dignidade humana e da justi\u00e7a social. Sa\u00fado cordialmente os membros de ambas as organiza\u00e7\u00f5es que, num mundo dividido por guerras e conflitos, foram e s\u00e3o um exemplo luminoso de dedica\u00e7\u00e3o e servi\u00e7o ao pr\u00f3ximo. Exorto-vos a prosseguir pelo caminho da coopera\u00e7\u00e3o.<\/p>\n<p>Ouvi atentamente os testemunhos de como, no meio de tantos desafios, dia ap\u00f3s dia dedicam a vida a construir um mundo que corresponda cada vez mais aos des\u00edgnios de Deus. Pranita referiu-se \u00e0 cria\u00e7\u00e3o. \u00c9 verdade que toda a cria\u00e7\u00e3o \u00e9 uma manifesta\u00e7\u00e3o do amor imenso de Deus para conosco; por isso podemos tamb\u00e9m contemplar a Deus por meio dos dons da natureza. Compartilho a tua consterna\u00e7\u00e3o pelos abusos que danificam o nosso planeta, a nossa casa comum, com graves consequ\u00eancias tamb\u00e9m sobre o clima. Como justamente recordaste, os maiores impactos recaem frequentemente sobre as pessoas mais vulner\u00e1veis e com menos recursos, que se veem for\u00e7adas a emigrar para se salvar dos efeitos das mudan\u00e7as clim\u00e1ticas. Todos somos respons\u00e1veis pela salvaguarda da cria\u00e7\u00e3o, e de modo particular n\u00f3s crist\u00e3os. O nosso estilo de vida, os nossos comportamentos devem ser coerentes com a nossa f\u00e9. Somos chamados a cultivar uma harmonia com n\u00f3s mesmos e com os outros, mas tamb\u00e9m com Deus e com a obra das suas m\u00e3os. Pranita, encorajo-te a continuares no teu compromisso a favor da nossa casa comum.<\/p>\n<p>Mons. H\u00e9ctor Fabio informou-nos sobre o trabalho conjunto que cat\u00f3licos e luteranos realizam na Col\u00f4mbia. \u00c9 uma boa not\u00edcia saber que os crist\u00e3os se unem para dar vida a processos comunit\u00e1rios e sociais de interesse comum. Pe\u00e7o-vos uma ora\u00e7\u00e3o especial por aquela terra maravilhosa para que, com a colabora\u00e7\u00e3o de todos, se possa chegar finalmente \u00e0 paz, t\u00e3o desejada e necess\u00e1ria para uma digna conviv\u00eancia humana. Seja uma ora\u00e7\u00e3o que abrace tamb\u00e9m a todos os pa\u00edses onde perduram graves situa\u00e7\u00f5es de conflito.<\/p>\n<p>Marguerite chamou a nossa aten\u00e7\u00e3o para o trabalho em prol das crian\u00e7as v\u00edtimas de tantas atrocidades e para o compromisso a favor da paz. \u00c9 algo admir\u00e1vel e, simultaneamente, um apelo para tomar a s\u00e9rio in\u00fameras situa\u00e7\u00f5es de vulnerabilidade que padecem tantas pessoas indefesas, aquelas que n\u00e3o t\u00eam voz. Aquilo que tu consideras como uma miss\u00e3o, foi uma semente que produziu frutos abundantes, e hoje, gra\u00e7as a esta semente, milhares de crian\u00e7as podem estudar, crescer e recuperar a sa\u00fade. Obrigado pelo facto de agora, mesmo no ex\u00edlio, continuares a comunicar uma mensagem de paz. Disseste que, todos os que te conhecem, pensam que aquilo que fazes \u00e9 uma loucura. Sim, \u00e9 a loucura do amor a Deus e ao pr\u00f3ximo! Quem dera que esta loucura pudesse propagar-se, iluminada pela f\u00e9 e a confian\u00e7a na Provid\u00eancia! Segue em frente; e possa aquela voz de esperan\u00e7a que ouviste no in\u00edcio da tua aventura continuar a estimular o teu cora\u00e7\u00e3o e o cora\u00e7\u00e3o de muitos jovens.<\/p>\n<p>Rose, a mais jovem, ofereceu um testemunho verdadeiramente comovente. Soube tirar proveito do talento que Deus lhe deu atrav\u00e9s do desporto. Em vez de malbaratar as suas for\u00e7as em situa\u00e7\u00f5es adversas, empregou-as numa vida fecunda. Enquanto ouvia a tua hist\u00f3ria, vinha-me \u00e0 mente a vida de tantos jovens que precisam de testemunhos como o teu. Gostaria de lembrar que todos podem descobrir esta condi\u00e7\u00e3o maravilhosa de ser filhos de Deus e o privil\u00e9gio de ser queridos e amados por Ele. Rose, de cora\u00e7\u00e3o te agrade\u00e7o pelos teus esfor\u00e7os e cuidados para animar outras meninas a regressar \u00e0 escola e tamb\u00e9m pelas ora\u00e7\u00f5es que rezas todos os dias pela paz no jovem Estado do Sud\u00e3o do Sul que tanto precisa dela.<\/p>\n<p>Depois de ter ouvido estes testemunhos corajosos, que nos fazem pensar na nossa vida e no modo como respondemos \u00e0s situa\u00e7\u00f5es de necessidade que existem ao nosso lado, quero agradecer a todos os governos que prestam assist\u00eancia aos refugiados, aos deslocados e \u00e0queles que pedem asilo, porque cada a\u00e7\u00e3o em favor destas pessoas que precisam de prote\u00e7\u00e3o constitui um grande gesto de solidariedade e reconhecimento da sua dignidade. Para n\u00f3s, crist\u00e3os, \u00e9 uma prioridade sair ao encontro dos descartados e marginalizados do nosso mundo, tornando palp\u00e1vel a ternura e o amor misericordioso de Deus, que n\u00e3o descarta ningu\u00e9m, mas acolhe a todos.<\/p>\n<p>Daqui a pouco ouviremos o testemunho do Bispo D. Antoine, que vive em Aleppo, cidade exausta pela guerra, onde se desprezam e espezinham at\u00e9 mesmo os direitos mais fundamentais. As not\u00edcias referem-nos diariamente o sofrimento indescrit\u00edvel causado pelo conflito s\u00edrio, que dura j\u00e1 h\u00e1 mais de cinco anos. No meio de tanta devasta\u00e7\u00e3o, \u00e9 verdadeiramente heroica a perman\u00eancia l\u00e1 de homens e mulheres para prestar assist\u00eancia material e espiritual aos necessitados. E \u00e9 admir\u00e1vel tamb\u00e9m que tu, querido irm\u00e3o, continues a trabalhar no meio de tantos perigos para nos contares a dram\u00e1tica situa\u00e7\u00e3o dos s\u00edrios. Cada um deles est\u00e1 presente no nosso cora\u00e7\u00e3o e na nossa ora\u00e7\u00e3o. Imploremos a gra\u00e7a da convers\u00e3o dos cora\u00e7\u00f5es de quantos t\u00eam a responsabilidade dos destinos daquela regi\u00e3o.<\/p>\n<p>Queridos irm\u00e3os e irm\u00e3s, n\u00e3o nos deixemos abater pelas adversidades. Que estas hist\u00f3rias nos estimulem e deem novo impulso para trabalharmos cada vez mais unidos. Quando voltarmos \u00e0s nossas casas, levemos o compromisso de realizar cada dia um gesto de paz e reconcilia\u00e7\u00e3o para sermos testemunhas corajosas e fi\u00e9is de esperan\u00e7a crist\u00e3.<\/p>\n<hr \/>\n<p><em>Fonte: R\u00e1dio Vaticano<\/em><\/p>\n","protected":false},"excerpt":{"rendered":"<p>Viagem Apost\u00f3lica \u00e0 Su\u00e9cia<\/p>\n","protected":false},"author":1,"featured_media":222097,"comment_status":"open","ping_status":"open","sticky":false,"template":"","format":"standard","meta":[],"categories":[1428],"tags":[863],"acf":[],"yoast_head":"<!-- This site is optimized with the Yoast SEO plugin v19.2 - https:\/\/yoast.com\/wordpress\/plugins\/seo\/ -->\n<title>Papa na Su\u00e9cia: Santidade \u00e9 entregar-se aos outros - Not\u00edcias - Franciscanos<\/title>\n<meta name=\"robots\" content=\"index, follow, max-snippet:-1, max-image-preview:large, max-video-preview:-1\" \/>\n<link rel=\"canonical\" href=\"https:\/\/franciscanos.org.br\/noticias\/papa-celebra-missa-na-suecia-santidade-e-entregar-se-aos-outros.html\" \/>\n<meta property=\"og:locale\" content=\"pt_BR\" \/>\n<meta property=\"og:type\" content=\"article\" \/>\n<meta property=\"og:title\" content=\"Papa na Su\u00e9cia: Santidade \u00e9 entregar-se aos outros - Not\u00edcias - Franciscanos\" \/>\n<meta property=\"og:description\" content=\"Viagem Apost\u00f3lica \u00e0 Su\u00e9cia\" \/>\n<meta property=\"og:url\" content=\"https:\/\/franciscanos.org.br\/noticias\/papa-celebra-missa-na-suecia-santidade-e-entregar-se-aos-outros.html\" \/>\n<meta property=\"og:site_name\" content=\"Not\u00edcias - Franciscanos\" \/>\n<meta property=\"article:published_time\" content=\"2016-11-01T12:02:04+00:00\" \/>\n<meta property=\"article:modified_time\" content=\"2020-06-09T17:18:02+00:00\" \/>\n<meta property=\"og:image\" content=\"https:\/\/franciscanos.org.br\/noticias\/wp-content\/uploads\/2016\/11\/suecia_011116g.jpg\" \/>\n\t<meta property=\"og:image:width\" content=\"273\" \/>\n\t<meta property=\"og:image:height\" content=\"181\" \/>\n\t<meta property=\"og:image:type\" content=\"image\/jpeg\" \/>\n<meta name=\"author\" content=\"admin\" \/>\n<meta name=\"twitter:card\" content=\"summary_large_image\" \/>\n<meta name=\"twitter:label1\" content=\"Escrito por\" \/>\n\t<meta name=\"twitter:data1\" content=\"admin\" \/>\n\t<meta name=\"twitter:label2\" content=\"Est. tempo de leitura\" \/>\n\t<meta name=\"twitter:data2\" content=\"16 minutos\" \/>\n<script type=\"application\/ld+json\" class=\"yoast-schema-graph\">{\"@context\":\"https:\/\/schema.org\",\"@graph\":[{\"@type\":\"WebSite\",\"@id\":\"https:\/\/franciscanos.org.br\/noticias\/#website\",\"url\":\"https:\/\/franciscanos.org.br\/noticias\/\",\"name\":\"Not\u00edcias - Franciscanos\",\"description\":\"Prov\u00edncia Franciscana da Imaculada Concei\u00e7\u00e3o do Brasil - Ordem dos Frades Menores - OFM\",\"potentialAction\":[{\"@type\":\"SearchAction\",\"target\":{\"@type\":\"EntryPoint\",\"urlTemplate\":\"https:\/\/franciscanos.org.br\/noticias\/?s={search_term_string}\"},\"query-input\":\"required name=search_term_string\"}],\"inLanguage\":\"pt-BR\"},{\"@type\":\"ImageObject\",\"inLanguage\":\"pt-BR\",\"@id\":\"https:\/\/franciscanos.org.br\/noticias\/papa-celebra-missa-na-suecia-santidade-e-entregar-se-aos-outros.html#primaryimage\",\"url\":\"https:\/\/franciscanos.org.br\/noticias\/wp-content\/uploads\/2016\/11\/suecia_011116g.jpg\",\"contentUrl\":\"https:\/\/franciscanos.org.br\/noticias\/wp-content\/uploads\/2016\/11\/suecia_011116g.jpg\",\"width\":273,\"height\":181},{\"@type\":\"WebPage\",\"@id\":\"https:\/\/franciscanos.org.br\/noticias\/papa-celebra-missa-na-suecia-santidade-e-entregar-se-aos-outros.html#webpage\",\"url\":\"https:\/\/franciscanos.org.br\/noticias\/papa-celebra-missa-na-suecia-santidade-e-entregar-se-aos-outros.html\",\"name\":\"Papa na Su\u00e9cia: Santidade \u00e9 entregar-se aos outros - Not\u00edcias - Franciscanos\",\"isPartOf\":{\"@id\":\"https:\/\/franciscanos.org.br\/noticias\/#website\"},\"primaryImageOfPage\":{\"@id\":\"https:\/\/franciscanos.org.br\/noticias\/papa-celebra-missa-na-suecia-santidade-e-entregar-se-aos-outros.html#primaryimage\"},\"datePublished\":\"2016-11-01T12:02:04+00:00\",\"dateModified\":\"2020-06-09T17:18:02+00:00\",\"author\":{\"@id\":\"https:\/\/franciscanos.org.br\/noticias\/#\/schema\/person\/b38fbf43118f02820bd932f2e4b14ad3\"},\"breadcrumb\":{\"@id\":\"https:\/\/franciscanos.org.br\/noticias\/papa-celebra-missa-na-suecia-santidade-e-entregar-se-aos-outros.html#breadcrumb\"},\"inLanguage\":\"pt-BR\",\"potentialAction\":[{\"@type\":\"ReadAction\",\"target\":[\"https:\/\/franciscanos.org.br\/noticias\/papa-celebra-missa-na-suecia-santidade-e-entregar-se-aos-outros.html\"]}]},{\"@type\":\"BreadcrumbList\",\"@id\":\"https:\/\/franciscanos.org.br\/noticias\/papa-celebra-missa-na-suecia-santidade-e-entregar-se-aos-outros.html#breadcrumb\",\"itemListElement\":[{\"@type\":\"ListItem\",\"position\":1,\"name\":\"Home\",\"item\":\"https:\/\/franciscanos.org.br\/noticias\"},{\"@type\":\"ListItem\",\"position\":2,\"name\":\"Papa na Su\u00e9cia: Santidade \u00e9 entregar-se aos outros\"}]},{\"@type\":\"Person\",\"@id\":\"https:\/\/franciscanos.org.br\/noticias\/#\/schema\/person\/b38fbf43118f02820bd932f2e4b14ad3\",\"name\":\"admin\",\"image\":{\"@type\":\"ImageObject\",\"inLanguage\":\"pt-BR\",\"@id\":\"https:\/\/franciscanos.org.br\/noticias\/#\/schema\/person\/image\/\",\"url\":\"https:\/\/secure.gravatar.com\/avatar\/e8495742d34d0ba6448ea1c628263b3e?s=96&d=mm&r=g\",\"contentUrl\":\"https:\/\/secure.gravatar.com\/avatar\/e8495742d34d0ba6448ea1c628263b3e?s=96&d=mm&r=g\",\"caption\":\"admin\"},\"url\":\"https:\/\/franciscanos.org.br\/noticias\/author\/admin\"}]}<\/script>\n<!-- \/ Yoast SEO plugin. -->","yoast_head_json":{"title":"Papa na Su\u00e9cia: Santidade \u00e9 entregar-se aos outros - Not\u00edcias - Franciscanos","robots":{"index":"index","follow":"follow","max-snippet":"max-snippet:-1","max-image-preview":"max-image-preview:large","max-video-preview":"max-video-preview:-1"},"canonical":"https:\/\/franciscanos.org.br\/noticias\/papa-celebra-missa-na-suecia-santidade-e-entregar-se-aos-outros.html","og_locale":"pt_BR","og_type":"article","og_title":"Papa na Su\u00e9cia: Santidade \u00e9 entregar-se aos outros - Not\u00edcias - Franciscanos","og_description":"Viagem Apost\u00f3lica \u00e0 Su\u00e9cia","og_url":"https:\/\/franciscanos.org.br\/noticias\/papa-celebra-missa-na-suecia-santidade-e-entregar-se-aos-outros.html","og_site_name":"Not\u00edcias - Franciscanos","article_published_time":"2016-11-01T12:02:04+00:00","article_modified_time":"2020-06-09T17:18:02+00:00","og_image":[{"width":273,"height":181,"url":"https:\/\/franciscanos.org.br\/noticias\/wp-content\/uploads\/2016\/11\/suecia_011116g.jpg","type":"image\/jpeg"}],"author":"admin","twitter_card":"summary_large_image","twitter_misc":{"Escrito por":"admin","Est. tempo de leitura":"16 minutos"},"schema":{"@context":"https:\/\/schema.org","@graph":[{"@type":"WebSite","@id":"https:\/\/franciscanos.org.br\/noticias\/#website","url":"https:\/\/franciscanos.org.br\/noticias\/","name":"Not\u00edcias - Franciscanos","description":"Prov\u00edncia Franciscana da Imaculada Concei\u00e7\u00e3o do Brasil - Ordem dos Frades Menores - OFM","potentialAction":[{"@type":"SearchAction","target":{"@type":"EntryPoint","urlTemplate":"https:\/\/franciscanos.org.br\/noticias\/?s={search_term_string}"},"query-input":"required name=search_term_string"}],"inLanguage":"pt-BR"},{"@type":"ImageObject","inLanguage":"pt-BR","@id":"https:\/\/franciscanos.org.br\/noticias\/papa-celebra-missa-na-suecia-santidade-e-entregar-se-aos-outros.html#primaryimage","url":"https:\/\/franciscanos.org.br\/noticias\/wp-content\/uploads\/2016\/11\/suecia_011116g.jpg","contentUrl":"https:\/\/franciscanos.org.br\/noticias\/wp-content\/uploads\/2016\/11\/suecia_011116g.jpg","width":273,"height":181},{"@type":"WebPage","@id":"https:\/\/franciscanos.org.br\/noticias\/papa-celebra-missa-na-suecia-santidade-e-entregar-se-aos-outros.html#webpage","url":"https:\/\/franciscanos.org.br\/noticias\/papa-celebra-missa-na-suecia-santidade-e-entregar-se-aos-outros.html","name":"Papa na Su\u00e9cia: Santidade \u00e9 entregar-se aos outros - Not\u00edcias - Franciscanos","isPartOf":{"@id":"https:\/\/franciscanos.org.br\/noticias\/#website"},"primaryImageOfPage":{"@id":"https:\/\/franciscanos.org.br\/noticias\/papa-celebra-missa-na-suecia-santidade-e-entregar-se-aos-outros.html#primaryimage"},"datePublished":"2016-11-01T12:02:04+00:00","dateModified":"2020-06-09T17:18:02+00:00","author":{"@id":"https:\/\/franciscanos.org.br\/noticias\/#\/schema\/person\/b38fbf43118f02820bd932f2e4b14ad3"},"breadcrumb":{"@id":"https:\/\/franciscanos.org.br\/noticias\/papa-celebra-missa-na-suecia-santidade-e-entregar-se-aos-outros.html#breadcrumb"},"inLanguage":"pt-BR","potentialAction":[{"@type":"ReadAction","target":["https:\/\/franciscanos.org.br\/noticias\/papa-celebra-missa-na-suecia-santidade-e-entregar-se-aos-outros.html"]}]},{"@type":"BreadcrumbList","@id":"https:\/\/franciscanos.org.br\/noticias\/papa-celebra-missa-na-suecia-santidade-e-entregar-se-aos-outros.html#breadcrumb","itemListElement":[{"@type":"ListItem","position":1,"name":"Home","item":"https:\/\/franciscanos.org.br\/noticias"},{"@type":"ListItem","position":2,"name":"Papa na Su\u00e9cia: Santidade \u00e9 entregar-se aos outros"}]},{"@type":"Person","@id":"https:\/\/franciscanos.org.br\/noticias\/#\/schema\/person\/b38fbf43118f02820bd932f2e4b14ad3","name":"admin","image":{"@type":"ImageObject","inLanguage":"pt-BR","@id":"https:\/\/franciscanos.org.br\/noticias\/#\/schema\/person\/image\/","url":"https:\/\/secure.gravatar.com\/avatar\/e8495742d34d0ba6448ea1c628263b3e?s=96&d=mm&r=g","contentUrl":"https:\/\/secure.gravatar.com\/avatar\/e8495742d34d0ba6448ea1c628263b3e?s=96&d=mm&r=g","caption":"admin"},"url":"https:\/\/franciscanos.org.br\/noticias\/author\/admin"}]}},"_links":{"self":[{"href":"https:\/\/franciscanos.org.br\/noticias\/wp-json\/wp\/v2\/posts\/119681"}],"collection":[{"href":"https:\/\/franciscanos.org.br\/noticias\/wp-json\/wp\/v2\/posts"}],"about":[{"href":"https:\/\/franciscanos.org.br\/noticias\/wp-json\/wp\/v2\/types\/post"}],"author":[{"embeddable":true,"href":"https:\/\/franciscanos.org.br\/noticias\/wp-json\/wp\/v2\/users\/1"}],"replies":[{"embeddable":true,"href":"https:\/\/franciscanos.org.br\/noticias\/wp-json\/wp\/v2\/comments?post=119681"}],"version-history":[{"count":5,"href":"https:\/\/franciscanos.org.br\/noticias\/wp-json\/wp\/v2\/posts\/119681\/revisions"}],"predecessor-version":[{"id":225565,"href":"https:\/\/franciscanos.org.br\/noticias\/wp-json\/wp\/v2\/posts\/119681\/revisions\/225565"}],"wp:featuredmedia":[{"embeddable":true,"href":"https:\/\/franciscanos.org.br\/noticias\/wp-json\/wp\/v2\/media\/222097"}],"wp:attachment":[{"href":"https:\/\/franciscanos.org.br\/noticias\/wp-json\/wp\/v2\/media?parent=119681"}],"wp:term":[{"taxonomy":"category","embeddable":true,"href":"https:\/\/franciscanos.org.br\/noticias\/wp-json\/wp\/v2\/categories?post=119681"},{"taxonomy":"post_tag","embeddable":true,"href":"https:\/\/franciscanos.org.br\/noticias\/wp-json\/wp\/v2\/tags?post=119681"}],"curies":[{"name":"wp","href":"https:\/\/api.w.org\/{rel}","templated":true}]}}