{"id":119627,"date":"2016-10-30T15:00:20","date_gmt":"2016-10-30T17:00:20","guid":{"rendered":"http:\/\/franciscanos.org.br\/?p=119627"},"modified":"2020-06-09T14:19:39","modified_gmt":"2020-06-09T17:19:39","slug":"o-olhar-de-jesus-vai-alem-de-pecados-e-preconceitos","status":"publish","type":"post","link":"https:\/\/franciscanos.org.br\/noticias\/o-olhar-de-jesus-vai-alem-de-pecados-e-preconceitos.html","title":{"rendered":"O olhar de Jesus vai al\u00e9m de pecados e preconceitos"},"content":{"rendered":"<p><img loading=\"lazy\" src=\"http:\/\/franciscanos.org.br\/wp-content\/uploads\/2016\/10\/angelus_311016-07.jpg\" alt=\"frases (2) copiar francisco\" width=\"830\" height=\"400\" \/><\/p>\n<p><strong>Cidade do Vaticano<\/strong> \u2013 \u201cO olhar de Jesus vai al\u00e9m dos pecados e dos preconceitos\u201d: foi o que disse o Papa na manh\u00e3 deste domingo, ao rezar com os fi\u00e9is na Pra\u00e7a S. Pedro a ora\u00e7\u00e3o mariana do Angelus.<\/p>\n<p>Em sua alocu\u00e7\u00e3o, Francisco comentou o Evangelho do dia, que narra o encontro de Jesus com Zaqueu em Jeric\u00f3. Zaqueu era um rico cobrador de impostos, colaborador dos ocupantes romanos e, portanto, um explorador de seu povo. Ao chegar a Jeric\u00f3, tamb\u00e9m Zaqueu queria ver Jesus, mas a sua condi\u00e7\u00e3o de pecador p\u00fablico n\u00e3o lhe permitia se aproximar do mestre; al\u00e9m do mais, era pequeno de estatura; por isso sobe numa figueira para esperar Jesus passar.<\/p>\n<p><strong>Necessidade de convers\u00e3o<\/strong><\/p>\n<p>Quando chega perto da \u00e1rvore, Jesus ordena que Zaqueu des\u00e7a, porque deve ficar em sua casa. No desenho de salva\u00e7\u00e3o da miseric\u00f3rdia do Pai, explicou o Papa, h\u00e1 tamb\u00e9m a salva\u00e7\u00e3o de Zaqueu, um homem desonesto e desprezado por todos, e por isso necessitado de convers\u00e3o. De fato, o Evangelho diz que, quando Jesus o chamou, todos come\u00e7aram a murmurar, dizendo: &#8216;Ele foi hospedar-se na casa de um pecador!\u2019.<\/p>\n<p>\u201cSe Jesus tivesse dito: \u2018Des\u00e7a voc\u00ea, explorador, traidor do povo, e venha falar comigo para fazer as contas\u2019, certamente o povo teria aplaudido\u201d, comentou Francisco. Mas Jesus, guiado pela miseric\u00f3rdia, buscava justamente Zaqueu.<\/p>\n<p>Jesus n\u00e3o se det\u00e9m nas apar\u00eancias, mas olha para o cora\u00e7\u00e3o<\/p>\n<p>\u201cO olhar de Jesus vai al\u00e9m dos pecados e dos preconceitos\u201d, repetiu duas vezes o Papa. Jesus v\u00ea a pessoa com os olhos de Deus, que n\u00e3o se det\u00e9m no mal passado, mas entrev\u00ea o bem futuro; n\u00e3o se resigna aos fechamentos, mas sempre abre novos espa\u00e7os de vida; n\u00e3o se det\u00e9m nas apar\u00eancias, mas olha para o cora\u00e7\u00e3o.\u201d Jesus olhou o cora\u00e7\u00e3o ferido de Zaqueu e foi ali.<\/p>\n<p>\u00c0s vezes, prosseguiu, n\u00f3s buscamos corrigir ou converter um pecador repreendendo-o, refor\u00e7ando seus erros e o seu comportamento injusto. A atitude de Jesus com Zaqueu nos indica outro caminho: de mostrar a quem erra o seu valor, aquele valor que Deus continua vendo n\u00e3o obstante tudo. \u201cAssim se comporta Deus conosco: n\u00e3o fica preso no nosso pecado, mas o supera com o amor e nos faz sentir a saudade do bem. Todos sentimos esta saudade do bem depois de um erro. N\u00e3o existe uma pessoa que n\u00e3o tenha algo de bom\u201d, disse o Pont\u00edfice, que concluiu:<\/p>\n<p>\u201cQue a Virgem Maria nos ajude a ver o bem que existe nas pessoas que encontramos todos os dias. O nosso Deus \u00e9 o Deus das surpresas!\u201d<\/p>\n<p>O Papa pediu tamb\u00e9m ora\u00e7\u00f5es por sua viagem \u00e0 Su\u00e9cia: \u201cNos pr\u00f3ximos dois dias, realizarei uma viagem apost\u00f3lica \u00e0 Su\u00e9cia, por ocasi\u00e3o da comemora\u00e7\u00e3o da Reforma, em que cat\u00f3licos e luteranos se reunir\u00e3o na lembran\u00e7a e na ora\u00e7\u00e3o. Pe\u00e7o a todos voc\u00eas que rezem para que esta viagem seja um nova etapa no caminho de fraternidade rumo \u00e0 plena comunh\u00e3o.\u201d<\/p>\n<p>O mesmo pedido foi feito no Twitter, com a seguinte mensagem: \u201cPe\u00e7o que rezem por minha viagem \u00e0 Su\u00e9cia, para que possa contribuir para a unidade de todos os crist\u00e3os\u201d.<br \/>\nNo in\u00edcio da noite de s\u00e1bado (29\/10), como faz habitualmente antes de uma viagem, o Papa Francisco foi \u00e0 Bas\u00edlica de Santa Maria Maior para confiar a Nossa Senhora a sua visita \u00e0 Su\u00e9cia.<\/p>\n<hr \/>\n<p><em>Fonte: R\u00e1dio Vaticano<\/em><\/p>\n","protected":false},"excerpt":{"rendered":"<p>Angelus<\/p>\n","protected":false},"author":1,"featured_media":220265,"comment_status":"open","ping_status":"open","sticky":false,"template":"","format":"standard","meta":[],"categories":[1428],"tags":[403],"acf":[],"yoast_head":"<!-- This site is optimized with the Yoast SEO plugin v19.2 - https:\/\/yoast.com\/wordpress\/plugins\/seo\/ -->\n<title>O olhar de Jesus vai al\u00e9m de pecados e preconceitos - Not\u00edcias - Franciscanos<\/title>\n<meta name=\"robots\" content=\"index, follow, max-snippet:-1, max-image-preview:large, max-video-preview:-1\" \/>\n<link rel=\"canonical\" href=\"https:\/\/franciscanos.org.br\/noticias\/o-olhar-de-jesus-vai-alem-de-pecados-e-preconceitos.html\" \/>\n<meta property=\"og:locale\" content=\"pt_BR\" \/>\n<meta property=\"og:type\" content=\"article\" \/>\n<meta property=\"og:title\" content=\"O olhar de Jesus vai al\u00e9m de pecados e preconceitos - Not\u00edcias - Franciscanos\" \/>\n<meta property=\"og:description\" content=\"Angelus\" \/>\n<meta property=\"og:url\" content=\"https:\/\/franciscanos.org.br\/noticias\/o-olhar-de-jesus-vai-alem-de-pecados-e-preconceitos.html\" \/>\n<meta property=\"og:site_name\" content=\"Not\u00edcias - Franciscanos\" \/>\n<meta property=\"article:published_time\" content=\"2016-10-30T17:00:20+00:00\" \/>\n<meta property=\"article:modified_time\" content=\"2020-06-09T17:19:39+00:00\" \/>\n<meta property=\"og:image\" content=\"https:\/\/franciscanos.org.br\/noticias\/wp-content\/uploads\/2016\/10\/angelus_311016-07.jpg\" \/>\n\t<meta property=\"og:image:width\" content=\"273\" \/>\n\t<meta property=\"og:image:height\" content=\"181\" \/>\n\t<meta property=\"og:image:type\" content=\"image\/jpeg\" \/>\n<meta name=\"author\" content=\"admin\" \/>\n<meta name=\"twitter:card\" content=\"summary_large_image\" \/>\n<meta name=\"twitter:label1\" content=\"Escrito por\" \/>\n\t<meta name=\"twitter:data1\" content=\"admin\" \/>\n\t<meta name=\"twitter:label2\" content=\"Est. tempo de leitura\" \/>\n\t<meta name=\"twitter:data2\" content=\"3 minutos\" \/>\n<script type=\"application\/ld+json\" class=\"yoast-schema-graph\">{\"@context\":\"https:\/\/schema.org\",\"@graph\":[{\"@type\":\"WebSite\",\"@id\":\"https:\/\/franciscanos.org.br\/noticias\/#website\",\"url\":\"https:\/\/franciscanos.org.br\/noticias\/\",\"name\":\"Not\u00edcias - Franciscanos\",\"description\":\"Prov\u00edncia Franciscana da Imaculada Concei\u00e7\u00e3o do Brasil - Ordem dos Frades Menores - OFM\",\"potentialAction\":[{\"@type\":\"SearchAction\",\"target\":{\"@type\":\"EntryPoint\",\"urlTemplate\":\"https:\/\/franciscanos.org.br\/noticias\/?s={search_term_string}\"},\"query-input\":\"required name=search_term_string\"}],\"inLanguage\":\"pt-BR\"},{\"@type\":\"ImageObject\",\"inLanguage\":\"pt-BR\",\"@id\":\"https:\/\/franciscanos.org.br\/noticias\/o-olhar-de-jesus-vai-alem-de-pecados-e-preconceitos.html#primaryimage\",\"url\":\"https:\/\/franciscanos.org.br\/noticias\/wp-content\/uploads\/2016\/10\/angelus_311016-07.jpg\",\"contentUrl\":\"https:\/\/franciscanos.org.br\/noticias\/wp-content\/uploads\/2016\/10\/angelus_311016-07.jpg\",\"width\":273,\"height\":181},{\"@type\":\"WebPage\",\"@id\":\"https:\/\/franciscanos.org.br\/noticias\/o-olhar-de-jesus-vai-alem-de-pecados-e-preconceitos.html#webpage\",\"url\":\"https:\/\/franciscanos.org.br\/noticias\/o-olhar-de-jesus-vai-alem-de-pecados-e-preconceitos.html\",\"name\":\"O olhar de Jesus vai al\u00e9m de pecados e preconceitos - Not\u00edcias - Franciscanos\",\"isPartOf\":{\"@id\":\"https:\/\/franciscanos.org.br\/noticias\/#website\"},\"primaryImageOfPage\":{\"@id\":\"https:\/\/franciscanos.org.br\/noticias\/o-olhar-de-jesus-vai-alem-de-pecados-e-preconceitos.html#primaryimage\"},\"datePublished\":\"2016-10-30T17:00:20+00:00\",\"dateModified\":\"2020-06-09T17:19:39+00:00\",\"author\":{\"@id\":\"https:\/\/franciscanos.org.br\/noticias\/#\/schema\/person\/b38fbf43118f02820bd932f2e4b14ad3\"},\"breadcrumb\":{\"@id\":\"https:\/\/franciscanos.org.br\/noticias\/o-olhar-de-jesus-vai-alem-de-pecados-e-preconceitos.html#breadcrumb\"},\"inLanguage\":\"pt-BR\",\"potentialAction\":[{\"@type\":\"ReadAction\",\"target\":[\"https:\/\/franciscanos.org.br\/noticias\/o-olhar-de-jesus-vai-alem-de-pecados-e-preconceitos.html\"]}]},{\"@type\":\"BreadcrumbList\",\"@id\":\"https:\/\/franciscanos.org.br\/noticias\/o-olhar-de-jesus-vai-alem-de-pecados-e-preconceitos.html#breadcrumb\",\"itemListElement\":[{\"@type\":\"ListItem\",\"position\":1,\"name\":\"Home\",\"item\":\"https:\/\/franciscanos.org.br\/noticias\"},{\"@type\":\"ListItem\",\"position\":2,\"name\":\"O olhar de Jesus vai al\u00e9m de pecados e preconceitos\"}]},{\"@type\":\"Person\",\"@id\":\"https:\/\/franciscanos.org.br\/noticias\/#\/schema\/person\/b38fbf43118f02820bd932f2e4b14ad3\",\"name\":\"admin\",\"image\":{\"@type\":\"ImageObject\",\"inLanguage\":\"pt-BR\",\"@id\":\"https:\/\/franciscanos.org.br\/noticias\/#\/schema\/person\/image\/\",\"url\":\"https:\/\/secure.gravatar.com\/avatar\/e8495742d34d0ba6448ea1c628263b3e?s=96&d=mm&r=g\",\"contentUrl\":\"https:\/\/secure.gravatar.com\/avatar\/e8495742d34d0ba6448ea1c628263b3e?s=96&d=mm&r=g\",\"caption\":\"admin\"},\"url\":\"https:\/\/franciscanos.org.br\/noticias\/author\/admin\"}]}<\/script>\n<!-- \/ Yoast SEO plugin. -->","yoast_head_json":{"title":"O olhar de Jesus vai al\u00e9m de pecados e preconceitos - Not\u00edcias - Franciscanos","robots":{"index":"index","follow":"follow","max-snippet":"max-snippet:-1","max-image-preview":"max-image-preview:large","max-video-preview":"max-video-preview:-1"},"canonical":"https:\/\/franciscanos.org.br\/noticias\/o-olhar-de-jesus-vai-alem-de-pecados-e-preconceitos.html","og_locale":"pt_BR","og_type":"article","og_title":"O olhar de Jesus vai al\u00e9m de pecados e preconceitos - Not\u00edcias - Franciscanos","og_description":"Angelus","og_url":"https:\/\/franciscanos.org.br\/noticias\/o-olhar-de-jesus-vai-alem-de-pecados-e-preconceitos.html","og_site_name":"Not\u00edcias - Franciscanos","article_published_time":"2016-10-30T17:00:20+00:00","article_modified_time":"2020-06-09T17:19:39+00:00","og_image":[{"width":273,"height":181,"url":"https:\/\/franciscanos.org.br\/noticias\/wp-content\/uploads\/2016\/10\/angelus_311016-07.jpg","type":"image\/jpeg"}],"author":"admin","twitter_card":"summary_large_image","twitter_misc":{"Escrito por":"admin","Est. tempo de leitura":"3 minutos"},"schema":{"@context":"https:\/\/schema.org","@graph":[{"@type":"WebSite","@id":"https:\/\/franciscanos.org.br\/noticias\/#website","url":"https:\/\/franciscanos.org.br\/noticias\/","name":"Not\u00edcias - Franciscanos","description":"Prov\u00edncia Franciscana da Imaculada Concei\u00e7\u00e3o do Brasil - Ordem dos Frades Menores - OFM","potentialAction":[{"@type":"SearchAction","target":{"@type":"EntryPoint","urlTemplate":"https:\/\/franciscanos.org.br\/noticias\/?s={search_term_string}"},"query-input":"required name=search_term_string"}],"inLanguage":"pt-BR"},{"@type":"ImageObject","inLanguage":"pt-BR","@id":"https:\/\/franciscanos.org.br\/noticias\/o-olhar-de-jesus-vai-alem-de-pecados-e-preconceitos.html#primaryimage","url":"https:\/\/franciscanos.org.br\/noticias\/wp-content\/uploads\/2016\/10\/angelus_311016-07.jpg","contentUrl":"https:\/\/franciscanos.org.br\/noticias\/wp-content\/uploads\/2016\/10\/angelus_311016-07.jpg","width":273,"height":181},{"@type":"WebPage","@id":"https:\/\/franciscanos.org.br\/noticias\/o-olhar-de-jesus-vai-alem-de-pecados-e-preconceitos.html#webpage","url":"https:\/\/franciscanos.org.br\/noticias\/o-olhar-de-jesus-vai-alem-de-pecados-e-preconceitos.html","name":"O olhar de Jesus vai al\u00e9m de pecados e preconceitos - Not\u00edcias - Franciscanos","isPartOf":{"@id":"https:\/\/franciscanos.org.br\/noticias\/#website"},"primaryImageOfPage":{"@id":"https:\/\/franciscanos.org.br\/noticias\/o-olhar-de-jesus-vai-alem-de-pecados-e-preconceitos.html#primaryimage"},"datePublished":"2016-10-30T17:00:20+00:00","dateModified":"2020-06-09T17:19:39+00:00","author":{"@id":"https:\/\/franciscanos.org.br\/noticias\/#\/schema\/person\/b38fbf43118f02820bd932f2e4b14ad3"},"breadcrumb":{"@id":"https:\/\/franciscanos.org.br\/noticias\/o-olhar-de-jesus-vai-alem-de-pecados-e-preconceitos.html#breadcrumb"},"inLanguage":"pt-BR","potentialAction":[{"@type":"ReadAction","target":["https:\/\/franciscanos.org.br\/noticias\/o-olhar-de-jesus-vai-alem-de-pecados-e-preconceitos.html"]}]},{"@type":"BreadcrumbList","@id":"https:\/\/franciscanos.org.br\/noticias\/o-olhar-de-jesus-vai-alem-de-pecados-e-preconceitos.html#breadcrumb","itemListElement":[{"@type":"ListItem","position":1,"name":"Home","item":"https:\/\/franciscanos.org.br\/noticias"},{"@type":"ListItem","position":2,"name":"O olhar de Jesus vai al\u00e9m de pecados e preconceitos"}]},{"@type":"Person","@id":"https:\/\/franciscanos.org.br\/noticias\/#\/schema\/person\/b38fbf43118f02820bd932f2e4b14ad3","name":"admin","image":{"@type":"ImageObject","inLanguage":"pt-BR","@id":"https:\/\/franciscanos.org.br\/noticias\/#\/schema\/person\/image\/","url":"https:\/\/secure.gravatar.com\/avatar\/e8495742d34d0ba6448ea1c628263b3e?s=96&d=mm&r=g","contentUrl":"https:\/\/secure.gravatar.com\/avatar\/e8495742d34d0ba6448ea1c628263b3e?s=96&d=mm&r=g","caption":"admin"},"url":"https:\/\/franciscanos.org.br\/noticias\/author\/admin"}]}},"_links":{"self":[{"href":"https:\/\/franciscanos.org.br\/noticias\/wp-json\/wp\/v2\/posts\/119627"}],"collection":[{"href":"https:\/\/franciscanos.org.br\/noticias\/wp-json\/wp\/v2\/posts"}],"about":[{"href":"https:\/\/franciscanos.org.br\/noticias\/wp-json\/wp\/v2\/types\/post"}],"author":[{"embeddable":true,"href":"https:\/\/franciscanos.org.br\/noticias\/wp-json\/wp\/v2\/users\/1"}],"replies":[{"embeddable":true,"href":"https:\/\/franciscanos.org.br\/noticias\/wp-json\/wp\/v2\/comments?post=119627"}],"version-history":[{"count":2,"href":"https:\/\/franciscanos.org.br\/noticias\/wp-json\/wp\/v2\/posts\/119627\/revisions"}],"predecessor-version":[{"id":225566,"href":"https:\/\/franciscanos.org.br\/noticias\/wp-json\/wp\/v2\/posts\/119627\/revisions\/225566"}],"wp:featuredmedia":[{"embeddable":true,"href":"https:\/\/franciscanos.org.br\/noticias\/wp-json\/wp\/v2\/media\/220265"}],"wp:attachment":[{"href":"https:\/\/franciscanos.org.br\/noticias\/wp-json\/wp\/v2\/media?parent=119627"}],"wp:term":[{"taxonomy":"category","embeddable":true,"href":"https:\/\/franciscanos.org.br\/noticias\/wp-json\/wp\/v2\/categories?post=119627"},{"taxonomy":"post_tag","embeddable":true,"href":"https:\/\/franciscanos.org.br\/noticias\/wp-json\/wp\/v2\/tags?post=119627"}],"curies":[{"name":"wp","href":"https:\/\/api.w.org\/{rel}","templated":true}]}}