{"id":119618,"date":"2016-10-31T09:33:17","date_gmt":"2016-10-31T11:33:17","guid":{"rendered":"http:\/\/franciscanos.org.br\/?p=119618"},"modified":"2021-07-05T20:16:36","modified_gmt":"2021-07-05T23:16:36","slug":"canarinhos-apresentam-requiem-de-faure-em-petropolis","status":"publish","type":"post","link":"https:\/\/franciscanos.org.br\/noticias\/canarinhos-apresentam-requiem-de-faure-em-petropolis.html","title":{"rendered":"Canarinhos apresentam R\u00e9quiem de Faur\u00e9"},"content":{"rendered":"<p><img loading=\"lazy\" src=\"http:\/\/franciscanos.org.br\/wp-content\/uploads\/2016\/06\/canarinhos_8301.jpg\" alt=\"canarinhos_830\" width=\"830\" height=\"236\" \/><\/p>\n<p><strong>Petr\u00f3polis (RJ) &#8211;<\/strong> Para os cat\u00f3licos, o Dia de Finados \u00e9 dedicado aos entes queridos que n\u00e3o est\u00e3o mais entre n\u00f3s. Muito al\u00e9m de um momento de tristeza, a data \u00e9 um per\u00edodo de amor e, sobretudo, de celebra\u00e7\u00e3o da vida eterna de pessoas que sempre ser\u00e3o lembradas com carinho. Neste ano, o Dia de Finados ser\u00e1 especial. O Instituto dos Meninos Cantores de Petr\u00f3polis (IMCP) realizar\u00e1 um grande concerto na Igreja do Sagrado Cora\u00e7\u00e3o de Jesus. O evento ser\u00e1 \u00e0s 16h e tem apoio do Conselho Municipal de Cultural e da prefeitura de Petr\u00f3polis, atrav\u00e9s da Funda\u00e7\u00e3o de Cultura e Turismo.<\/p>\n<p>Participam do espet\u00e1culo o Coral dos Canarinhos, das Meninas dos Canarinhos e a Orquestra Filarm\u00f4nica de Petr\u00f3polis. Ser\u00e3o 60 vozes, al\u00e9m de dois solistas, o menino cantor Paulo Vin\u00edcius e o bar\u00edtono Marcelo Coutinho. O grande coro apresentar\u00e1 ao p\u00fablico o exuberante R\u00e9quiem, obra mais conhecida do compositor franc\u00eas Gabriel Faur\u00e9. Escrita entre 1887 e 1893, ela \u00e9 baseada na Missa dos Mortos da Igreja Cat\u00f3lica, mas sem seguir a liturgia di\u00e1ria. Trata-se de uma composi\u00e7\u00e3o que traz mensagens de esperan\u00e7a para os que continuam aqui na terra, anunciando uma vida melhor.<\/p>\n<p>\u201cO intuito \u00e9 dar um conforto para aqueles que perderam pessoas queridas, fazendo com que eles se sintam mais leves. \u00c9 uma pe\u00e7a que fala de esperan\u00e7a, paz e amor\u201d, declarou Marco Aur\u00e9lio Lischt, respons\u00e1vel pela reg\u00eancia e dire\u00e7\u00e3o art\u00edstica do concerto, que ir\u00e1 come\u00e7ar com a obra &#8220;Gesang der Geister \u00fcber den Wassern&#8221; (Canto dos Esp\u00edritos Sobre as \u00c1guas) do austr\u00edaco Franz Schubert, cantada em alem\u00e3o.<\/p>\n<p>O R\u00e9quiem de Faur\u00e9 foi escrito em 7 partes: Introitus et Kyrie, Offertorium, Sanctus, Pie Jesu, Agnus Dei, Libera me e In paradisum.<\/p>\n<p>Os textos das obras s\u00e3o em alem\u00e3o e latim, respectivamente, e por isso um tel\u00e3o ser\u00e1 montado, projetando a tradu\u00e7\u00e3o para o p\u00fablico. A entrada para o concerto \u00e9 gratuita, mediante a doa\u00e7\u00e3o de um item de limpeza, que ser\u00e1 destinado a institui\u00e7\u00f5es sociais pela prefeitura de Petr\u00f3polis. \u201cSer\u00e1 um bel\u00edssimo momento de emo\u00e7\u00e3o e reflex\u00e3o. N\u00e3o vamos falar de sofrimento, mas sim sobre a passagem para a vida eterna, refletindo sobre o verdadeiro significado do Dia de Finados\u201d, convidou Lischt.<\/p>\n<p><strong>Servi\u00e7o<\/strong><\/p>\n<p><strong>R\u00e9quiem de Faur\u00e9 \u2013 Canarinhos de Petr\u00f3polis, Meninas dos Canarinhos de Petr\u00f3polis e Orquestra Filarm\u00f4nica de Petr\u00f3polis<\/strong><br \/>\n<strong>Data: 02 de novembro<\/strong><br \/>\n<strong> Hor\u00e1rio: 16h<\/strong><br \/>\nLocal: Igreja do Sagrado Cora\u00e7\u00e3o de Jesus \u2013 Rua Montecaseros, N\u00ba 95, Centro de Petr\u00f3polis<br \/>\nEntrada: Gratuita, mediante a doa\u00e7\u00e3o de item de limpeza<br \/>\nMais informa\u00e7\u00f5es sobre as atividades do Instituto podem ser consultadas pelo site <a href=\"http:\/\/canarinhos.com.br\" target=\"_blank\" rel=\"noopener noreferrer\">http:\/\/canarinhos.com.br<\/a>, pelo Facebook <a href=\"http:\/\/fb.com\/canarinhosdepetropolis\" target=\"_blank\" rel=\"noopener noreferrer\">http:\/\/fb.com\/canarinhosdepetropolis<\/a> ou pelo telefone (24) 2104-4141.<br \/>\nO Instituto dos Corais dos Canarinhos de Petr\u00f3polis fica Rua Santos Dumont, 355, no Centro Hist\u00f3rico.<\/p>\n","protected":false},"excerpt":{"rendered":"<p>Petr\u00f3polis<\/p>\n","protected":false},"author":1,"featured_media":222109,"comment_status":"open","ping_status":"open","sticky":false,"template":"","format":"standard","meta":[],"categories":[1],"tags":[1378],"acf":[],"yoast_head":"<!-- This site is optimized with the Yoast SEO plugin v19.2 - https:\/\/yoast.com\/wordpress\/plugins\/seo\/ -->\n<title>Canarinhos apresentam R\u00e9quiem de Faur\u00e9 - Not\u00edcias - Franciscanos<\/title>\n<meta name=\"robots\" content=\"index, follow, max-snippet:-1, max-image-preview:large, max-video-preview:-1\" \/>\n<link rel=\"canonical\" href=\"https:\/\/franciscanos.org.br\/noticias\/canarinhos-apresentam-requiem-de-faure-em-petropolis.html\" \/>\n<meta property=\"og:locale\" content=\"pt_BR\" \/>\n<meta property=\"og:type\" content=\"article\" \/>\n<meta property=\"og:title\" content=\"Canarinhos apresentam R\u00e9quiem de Faur\u00e9 - Not\u00edcias - Franciscanos\" \/>\n<meta property=\"og:description\" content=\"Petr\u00f3polis\" \/>\n<meta property=\"og:url\" content=\"https:\/\/franciscanos.org.br\/noticias\/canarinhos-apresentam-requiem-de-faure-em-petropolis.html\" \/>\n<meta property=\"og:site_name\" content=\"Not\u00edcias - Franciscanos\" \/>\n<meta property=\"article:published_time\" content=\"2016-10-31T11:33:17+00:00\" \/>\n<meta property=\"article:modified_time\" content=\"2021-07-05T23:16:36+00:00\" \/>\n<meta property=\"og:image\" content=\"https:\/\/franciscanos.org.br\/noticias\/wp-content\/uploads\/2016\/10\/canarinhos_8301.jpg\" \/>\n\t<meta property=\"og:image:width\" content=\"273\" \/>\n\t<meta property=\"og:image:height\" content=\"181\" \/>\n\t<meta property=\"og:image:type\" content=\"image\/jpeg\" \/>\n<meta name=\"author\" content=\"admin\" \/>\n<meta name=\"twitter:card\" content=\"summary_large_image\" \/>\n<meta name=\"twitter:label1\" content=\"Escrito por\" \/>\n\t<meta name=\"twitter:data1\" content=\"admin\" \/>\n\t<meta name=\"twitter:label2\" content=\"Est. tempo de leitura\" \/>\n\t<meta name=\"twitter:data2\" content=\"3 minutos\" \/>\n<script type=\"application\/ld+json\" class=\"yoast-schema-graph\">{\"@context\":\"https:\/\/schema.org\",\"@graph\":[{\"@type\":\"WebSite\",\"@id\":\"https:\/\/franciscanos.org.br\/noticias\/#website\",\"url\":\"https:\/\/franciscanos.org.br\/noticias\/\",\"name\":\"Not\u00edcias - Franciscanos\",\"description\":\"Prov\u00edncia Franciscana da Imaculada Concei\u00e7\u00e3o do Brasil - Ordem dos Frades Menores - OFM\",\"potentialAction\":[{\"@type\":\"SearchAction\",\"target\":{\"@type\":\"EntryPoint\",\"urlTemplate\":\"https:\/\/franciscanos.org.br\/noticias\/?s={search_term_string}\"},\"query-input\":\"required name=search_term_string\"}],\"inLanguage\":\"pt-BR\"},{\"@type\":\"ImageObject\",\"inLanguage\":\"pt-BR\",\"@id\":\"https:\/\/franciscanos.org.br\/noticias\/canarinhos-apresentam-requiem-de-faure-em-petropolis.html#primaryimage\",\"url\":\"https:\/\/franciscanos.org.br\/noticias\/wp-content\/uploads\/2016\/10\/canarinhos_8301.jpg\",\"contentUrl\":\"https:\/\/franciscanos.org.br\/noticias\/wp-content\/uploads\/2016\/10\/canarinhos_8301.jpg\",\"width\":273,\"height\":181},{\"@type\":\"WebPage\",\"@id\":\"https:\/\/franciscanos.org.br\/noticias\/canarinhos-apresentam-requiem-de-faure-em-petropolis.html#webpage\",\"url\":\"https:\/\/franciscanos.org.br\/noticias\/canarinhos-apresentam-requiem-de-faure-em-petropolis.html\",\"name\":\"Canarinhos apresentam R\u00e9quiem de Faur\u00e9 - Not\u00edcias - Franciscanos\",\"isPartOf\":{\"@id\":\"https:\/\/franciscanos.org.br\/noticias\/#website\"},\"primaryImageOfPage\":{\"@id\":\"https:\/\/franciscanos.org.br\/noticias\/canarinhos-apresentam-requiem-de-faure-em-petropolis.html#primaryimage\"},\"datePublished\":\"2016-10-31T11:33:17+00:00\",\"dateModified\":\"2021-07-05T23:16:36+00:00\",\"author\":{\"@id\":\"https:\/\/franciscanos.org.br\/noticias\/#\/schema\/person\/b38fbf43118f02820bd932f2e4b14ad3\"},\"breadcrumb\":{\"@id\":\"https:\/\/franciscanos.org.br\/noticias\/canarinhos-apresentam-requiem-de-faure-em-petropolis.html#breadcrumb\"},\"inLanguage\":\"pt-BR\",\"potentialAction\":[{\"@type\":\"ReadAction\",\"target\":[\"https:\/\/franciscanos.org.br\/noticias\/canarinhos-apresentam-requiem-de-faure-em-petropolis.html\"]}]},{\"@type\":\"BreadcrumbList\",\"@id\":\"https:\/\/franciscanos.org.br\/noticias\/canarinhos-apresentam-requiem-de-faure-em-petropolis.html#breadcrumb\",\"itemListElement\":[{\"@type\":\"ListItem\",\"position\":1,\"name\":\"Home\",\"item\":\"https:\/\/franciscanos.org.br\/noticias\"},{\"@type\":\"ListItem\",\"position\":2,\"name\":\"Canarinhos apresentam R\u00e9quiem de Faur\u00e9\"}]},{\"@type\":\"Person\",\"@id\":\"https:\/\/franciscanos.org.br\/noticias\/#\/schema\/person\/b38fbf43118f02820bd932f2e4b14ad3\",\"name\":\"admin\",\"image\":{\"@type\":\"ImageObject\",\"inLanguage\":\"pt-BR\",\"@id\":\"https:\/\/franciscanos.org.br\/noticias\/#\/schema\/person\/image\/\",\"url\":\"https:\/\/secure.gravatar.com\/avatar\/e8495742d34d0ba6448ea1c628263b3e?s=96&d=mm&r=g\",\"contentUrl\":\"https:\/\/secure.gravatar.com\/avatar\/e8495742d34d0ba6448ea1c628263b3e?s=96&d=mm&r=g\",\"caption\":\"admin\"},\"url\":\"https:\/\/franciscanos.org.br\/noticias\/author\/admin\"}]}<\/script>\n<!-- \/ Yoast SEO plugin. -->","yoast_head_json":{"title":"Canarinhos apresentam R\u00e9quiem de Faur\u00e9 - Not\u00edcias - Franciscanos","robots":{"index":"index","follow":"follow","max-snippet":"max-snippet:-1","max-image-preview":"max-image-preview:large","max-video-preview":"max-video-preview:-1"},"canonical":"https:\/\/franciscanos.org.br\/noticias\/canarinhos-apresentam-requiem-de-faure-em-petropolis.html","og_locale":"pt_BR","og_type":"article","og_title":"Canarinhos apresentam R\u00e9quiem de Faur\u00e9 - Not\u00edcias - Franciscanos","og_description":"Petr\u00f3polis","og_url":"https:\/\/franciscanos.org.br\/noticias\/canarinhos-apresentam-requiem-de-faure-em-petropolis.html","og_site_name":"Not\u00edcias - Franciscanos","article_published_time":"2016-10-31T11:33:17+00:00","article_modified_time":"2021-07-05T23:16:36+00:00","og_image":[{"width":273,"height":181,"url":"https:\/\/franciscanos.org.br\/noticias\/wp-content\/uploads\/2016\/10\/canarinhos_8301.jpg","type":"image\/jpeg"}],"author":"admin","twitter_card":"summary_large_image","twitter_misc":{"Escrito por":"admin","Est. tempo de leitura":"3 minutos"},"schema":{"@context":"https:\/\/schema.org","@graph":[{"@type":"WebSite","@id":"https:\/\/franciscanos.org.br\/noticias\/#website","url":"https:\/\/franciscanos.org.br\/noticias\/","name":"Not\u00edcias - Franciscanos","description":"Prov\u00edncia Franciscana da Imaculada Concei\u00e7\u00e3o do Brasil - Ordem dos Frades Menores - OFM","potentialAction":[{"@type":"SearchAction","target":{"@type":"EntryPoint","urlTemplate":"https:\/\/franciscanos.org.br\/noticias\/?s={search_term_string}"},"query-input":"required name=search_term_string"}],"inLanguage":"pt-BR"},{"@type":"ImageObject","inLanguage":"pt-BR","@id":"https:\/\/franciscanos.org.br\/noticias\/canarinhos-apresentam-requiem-de-faure-em-petropolis.html#primaryimage","url":"https:\/\/franciscanos.org.br\/noticias\/wp-content\/uploads\/2016\/10\/canarinhos_8301.jpg","contentUrl":"https:\/\/franciscanos.org.br\/noticias\/wp-content\/uploads\/2016\/10\/canarinhos_8301.jpg","width":273,"height":181},{"@type":"WebPage","@id":"https:\/\/franciscanos.org.br\/noticias\/canarinhos-apresentam-requiem-de-faure-em-petropolis.html#webpage","url":"https:\/\/franciscanos.org.br\/noticias\/canarinhos-apresentam-requiem-de-faure-em-petropolis.html","name":"Canarinhos apresentam R\u00e9quiem de Faur\u00e9 - Not\u00edcias - Franciscanos","isPartOf":{"@id":"https:\/\/franciscanos.org.br\/noticias\/#website"},"primaryImageOfPage":{"@id":"https:\/\/franciscanos.org.br\/noticias\/canarinhos-apresentam-requiem-de-faure-em-petropolis.html#primaryimage"},"datePublished":"2016-10-31T11:33:17+00:00","dateModified":"2021-07-05T23:16:36+00:00","author":{"@id":"https:\/\/franciscanos.org.br\/noticias\/#\/schema\/person\/b38fbf43118f02820bd932f2e4b14ad3"},"breadcrumb":{"@id":"https:\/\/franciscanos.org.br\/noticias\/canarinhos-apresentam-requiem-de-faure-em-petropolis.html#breadcrumb"},"inLanguage":"pt-BR","potentialAction":[{"@type":"ReadAction","target":["https:\/\/franciscanos.org.br\/noticias\/canarinhos-apresentam-requiem-de-faure-em-petropolis.html"]}]},{"@type":"BreadcrumbList","@id":"https:\/\/franciscanos.org.br\/noticias\/canarinhos-apresentam-requiem-de-faure-em-petropolis.html#breadcrumb","itemListElement":[{"@type":"ListItem","position":1,"name":"Home","item":"https:\/\/franciscanos.org.br\/noticias"},{"@type":"ListItem","position":2,"name":"Canarinhos apresentam R\u00e9quiem de Faur\u00e9"}]},{"@type":"Person","@id":"https:\/\/franciscanos.org.br\/noticias\/#\/schema\/person\/b38fbf43118f02820bd932f2e4b14ad3","name":"admin","image":{"@type":"ImageObject","inLanguage":"pt-BR","@id":"https:\/\/franciscanos.org.br\/noticias\/#\/schema\/person\/image\/","url":"https:\/\/secure.gravatar.com\/avatar\/e8495742d34d0ba6448ea1c628263b3e?s=96&d=mm&r=g","contentUrl":"https:\/\/secure.gravatar.com\/avatar\/e8495742d34d0ba6448ea1c628263b3e?s=96&d=mm&r=g","caption":"admin"},"url":"https:\/\/franciscanos.org.br\/noticias\/author\/admin"}]}},"_links":{"self":[{"href":"https:\/\/franciscanos.org.br\/noticias\/wp-json\/wp\/v2\/posts\/119618"}],"collection":[{"href":"https:\/\/franciscanos.org.br\/noticias\/wp-json\/wp\/v2\/posts"}],"about":[{"href":"https:\/\/franciscanos.org.br\/noticias\/wp-json\/wp\/v2\/types\/post"}],"author":[{"embeddable":true,"href":"https:\/\/franciscanos.org.br\/noticias\/wp-json\/wp\/v2\/users\/1"}],"replies":[{"embeddable":true,"href":"https:\/\/franciscanos.org.br\/noticias\/wp-json\/wp\/v2\/comments?post=119618"}],"version-history":[{"count":1,"href":"https:\/\/franciscanos.org.br\/noticias\/wp-json\/wp\/v2\/posts\/119618\/revisions"}],"predecessor-version":[{"id":222110,"href":"https:\/\/franciscanos.org.br\/noticias\/wp-json\/wp\/v2\/posts\/119618\/revisions\/222110"}],"wp:featuredmedia":[{"embeddable":true,"href":"https:\/\/franciscanos.org.br\/noticias\/wp-json\/wp\/v2\/media\/222109"}],"wp:attachment":[{"href":"https:\/\/franciscanos.org.br\/noticias\/wp-json\/wp\/v2\/media?parent=119618"}],"wp:term":[{"taxonomy":"category","embeddable":true,"href":"https:\/\/franciscanos.org.br\/noticias\/wp-json\/wp\/v2\/categories?post=119618"},{"taxonomy":"post_tag","embeddable":true,"href":"https:\/\/franciscanos.org.br\/noticias\/wp-json\/wp\/v2\/tags?post=119618"}],"curies":[{"name":"wp","href":"https:\/\/api.w.org\/{rel}","templated":true}]}}