{"id":119564,"date":"2016-10-31T08:39:54","date_gmt":"2016-10-31T10:39:54","guid":{"rendered":"http:\/\/franciscanos.org.br\/?p=119564"},"modified":"2019-01-22T16:11:54","modified_gmt":"2019-01-22T18:11:54","slug":"lancamentos-da-semana-21","status":"publish","type":"post","link":"https:\/\/franciscanos.org.br\/noticias\/lancamentos-da-semana-21.html","title":{"rendered":"Lan\u00e7amentos da semana"},"content":{"rendered":"<h3><strong><a href=\"http:\/\/franciscanos.org.br\/wp-content\/uploads\/2016\/10\/o-perdao.jpg\"><img loading=\"lazy\" class=\"alignleft size-full wp-image-119566\" src=\"http:\/\/franciscanos.org.br\/wp-content\/uploads\/2016\/10\/o-perdao.jpg\" alt=\"o-perdao\" width=\"200\" height=\"307\" \/><\/a>O perd\u00e3o<br \/>\n<\/strong><strong>100 textos para medita\u00e7\u00e3o<\/strong><\/h3>\n<p><strong>Luis M. Benavides<\/strong><\/p>\n<p>Em suas homilias e pronunciamentos Papa Francisco tem dado grande \u00eanfase ao perd\u00e3o. Ele entende que esta atitude \u00e9 essencial e pertence totalmente \u00e0 vida dos crist\u00e3os, pois retrata o seguimento de Jesus que perdoou at\u00e9 mesmo os seus perseguidores.<\/p>\n<p>Os textos, aqui selecionados, destinam-se a ser utilizados tanto para a reflex\u00e3o pessoal como nos trabalhos em grupo, nas comunidades. A ideia \u00e9 que cada texto do Papa sobre o perd\u00e3o nos abra pistas, caminhos, intui\u00e7\u00f5es, perguntas e \u2013 por que n\u00e3o diz\u00ea-lo? \u2013 tamb\u00e9m respostas \u00e0s nossas interroga\u00e7\u00f5es pastorais no mundo de hoje.<\/p>\n<p>Francisco, o Papa que veio do fim do mundo, abre uma porta para a esperan\u00e7a. Com suas intui\u00e7\u00f5es e ideias ele nos chama a renovar a Igreja, a partir de dentro; sabendo que estamos num momento privilegiado para reconciliar-nos conosco mesmos, com nossos irm\u00e3os, com o mundo que nos cerca e, definitivamente, com nosso Deus Pai, que sempre nos est\u00e1 esperando com os bra\u00e7os abertos, para perdoar-nos e acolher-nos com alegria. Nas palavras de Francisco: \u201cA miseric\u00f3rdia \u00e9 a maneira como Deus perdoa.\u201d<\/p>\n<p style=\"padding-left: 30px;\"><strong>Luis M. Benavides<\/strong><em> \u00e9 <\/em><em>catequista, professor, escritor e diretor escolar. \u00c9 Membro do Instituto Superior de Catequese da Argentina (ISCA) e da Associa\u00e7\u00e3o Espanhola de Catequetas (AECA). Integrou a Junta Arquidiocesana de Buenos Aires sob a gest\u00e3o do Cardeal Bergoglio, atual Papa Francisco. Pronunciou palestras, confer\u00eancias e deu cursos para catequistas, educadores, fam\u00edlias e agentes de pastoral em diversas institui\u00e7\u00f5es de Am\u00e9rica espanhola e nos Estados Unidos. Suas obras foram publicadas na Argentina, M\u00e9xico, Brasil, Espanha, B\u00e9lgica e Estados Unidos. <\/em><a href=\"http:\/\/www.luis-benavides.com\"><strong><em>www.luis-benavides.com<\/em><\/strong><\/a><\/p>\n<p><strong>N\u00ba DE P\u00c1GINAS<\/strong><strong>: 128<br \/>\n<\/strong><strong>PRE\u00c7O:\u00a0 R$ 20,00<\/strong><\/p>\n<p>&nbsp;<\/p>\n<h3><strong> <a href=\"http:\/\/franciscanos.org.br\/wp-content\/uploads\/2016\/10\/adeus-a-morte-sacrificial.jpg\"><img loading=\"lazy\" class=\"alignleft size-full wp-image-119568\" src=\"http:\/\/franciscanos.org.br\/wp-content\/uploads\/2016\/10\/adeus-a-morte-sacrificial.jpg\" alt=\"adeus-a-morte-sacrificial\" width=\"200\" height=\"307\" \/><\/a>Adeus \u00e0 morte sacrificial<br \/>\n<\/strong><strong>Repensando o cristianismo<\/strong><\/h3>\n<p><strong>Meinrad Limbeck<\/strong><\/p>\n<p>Entender o motivo da morte de Jesus na cruz \u00e9 essencial para a f\u00e9 crist\u00e3. Muitas s\u00e3o as interpreta\u00e7\u00f5es poss\u00edveis, de acordo com a vis\u00e3o e as concep\u00e7\u00f5es que tomam como refer\u00eancia. H\u00e1 quem a entenda, por exemplo, como uma consequ\u00eancia pol\u00edtica pela atitude pol\u00eamica de Jesus diante das autoridades romanas e religiosas. Outros a entendem como uma trag\u00e9dia social decorrente da necessidade de aplacar um movimento de revolta e insurrei\u00e7\u00e3o popular.<\/p>\n<p>Mas a interpreta\u00e7\u00e3o mais recorrente se apoia em uma compreens\u00e3o da Sagrada Escritura e nas palavras dos profetas e dos ap\u00f3stolos para afirmar que Jesus morreu \u201cpelos nossos pecados\u201d e \u201cpara cumprir as Escrituras\u201d. Teria sido morto para cumprir des\u00edgnios divinos que previam a morte do justo para expiar o pecado dos maus. Mas ser\u00e1 que com isso se resolve a quest\u00e3o da morte de Jesus? Basta-nos crer que sua morte foi prevista e, mais grave, \u201cdesejada\u201d por Deus, qual vingador que exigia um extremo sacrif\u00edcio para, assim, perdoar nossos pecados? Essa vis\u00e3o da morte, e de Deus como um ser vingador que teria enviado seu Filho, n\u00e3o para anunciar o Evangelho e implantar o Reino, mas \u201cpara morrer\u201d, aqui \u00e9 discutida de maneira serena, profunda e, sobretudo, teol\u00f3gica. Ela mostra qu\u00e3o fundamental para a f\u00e9 \u00e9 redimensionar a centralidade do sacrif\u00edcio em prol de uma salva\u00e7\u00e3o que passa pelo amor e pelo an\u00fancio do Reino de Deus.<\/p>\n<p style=\"padding-left: 30px;\"><strong><em>Meinrad Limbeck<\/em><\/strong><em>, Doutorem Teologia foi, de 1981 a 2000, pesquisador s\u00eanior de l\u00ednguas b\u00edblicas na FaculdadeCat\u00f3lica de Teologia da Universidade deT\u00fcbingen. \u00c9 palestrante frequente e autor de in\u00fameras publica\u00e7\u00f5es sobre temas b\u00edblicos e sobre quest\u00f5es da f\u00e9 crist\u00e3.\u00a0<\/em><\/p>\n<p><strong>N\u00ba DE P\u00c1GINAS<\/strong><strong>: 144<br \/>\n<\/strong><strong>PRE\u00c7O:\u00a0 R$ 25,00<\/strong><\/p>\n<p>&nbsp;<\/p>\n<h3><strong><a href=\"http:\/\/franciscanos.org.br\/wp-content\/uploads\/2016\/10\/dinamicas-de-integracao.jpg\"><img loading=\"lazy\" class=\"alignleft size-full wp-image-119569\" src=\"http:\/\/franciscanos.org.br\/wp-content\/uploads\/2016\/10\/dinamicas-de-integracao.jpg\" alt=\"dinamicas-de-integracao\" width=\"200\" height=\"318\" \/><\/a>Din\u00e2micas de Integra\u00e7\u00e3o<br \/>\n<\/strong><strong>Para formar grupos vencedores<\/strong><\/h3>\n<p><strong>Ney Wendell<\/strong><\/p>\n<p>Vivemos em um momento em que h\u00e1 necessidade real de retorno a algo muito simples na rela\u00e7\u00e3o humana: o afeto. Vemos todos os dias cenas de agress\u00e3o entre as pessoas e constatamos que o lugar da sensibilidade foi substitu\u00eddo pela crueldade, que se torna algo natural e comum. Cremos que \u00e9 poss\u00edvel exercitar a afetividade.<\/p>\n<p>Por isso, este livro traz um caminho da integra\u00e7\u00e3o das pessoas pela pr\u00e1tica de atitudes afetivas consigo e com o outro. \u00c9 um espa\u00e7o para dinamizar os bons sentimentos e os valores humanos que s\u00e3o naturais em cada indiv\u00edduo. \u00c9 um convite para manifestar os gestos, as palavras e as emo\u00e7\u00f5es pela amorosidade e pelo bem-estar em grupo.<\/p>\n<p style=\"padding-left: 30px;\"><strong>Ney Wendell<\/strong><em> \u00e9 natural de Valente-Ba, professor da Universit\u00e9 du Qu\u00e9bec \u00e0 Montr\u00e9al, p\u00f3s-doutor em Sociologia pela Universit\u00e9 du Qu\u00e9bec \u00e0 Montr\u00e9al-UQAM, doutor e mestre em Artes C\u00eanicas pela Universidade Federal da Bahia-UFBA, licenciado em Teatro pela UFBA, arte-educador, diretor teatral, escritor e gestor de projetos sociais e educacionais. \u00c9 coautor do livro &#8220;Direitos humanos no combate \u00e0 viol\u00eancia: a\u00e7\u00f5es com adolescentes e jovens&#8221; publicado pela FCCV e UNICEF em 2007, \u201cCuida Bem de Mim: teatro, afeto e viol\u00eancia nas escolas\u201d pela EDITUS em 2010, \u201cPraticando a gentileza em sala de aula\u201d (2012), \u201cPraticando a generosidade em sala de aula\u201d (2013), \u201cPraticando a gratid\u00e3o em sala de aula\u201d (2015) pela editora Prazer de Ler,\u201cEducar para o bem: pr\u00e1ticas criativas de solidariedade\u201d (2014) pela editora Lorenz,\u00a0 al\u00e9m de v\u00e1rios artigos sobre Educa\u00e7\u00e3o, Media\u00e7\u00e3o Cultural e Artes em livros e revistas nacionais e internacionais. Atualmente<strong>,<\/strong> desenvolve consultorias para projetos culturais e educacionais em ONGs, governos e institui\u00e7\u00f5es sociais no Brasil e no Canad\u00e1.<\/em><\/p>\n<p><em>\u00a0<\/em><strong>N\u00ba DE P\u00c1GINAS<\/strong><strong>: 96<br \/>\n<\/strong><strong>PRE\u00c7O:\u00a0 R$ 19,00<\/strong><\/p>\n<p>&nbsp;<\/p>\n<h3><strong><a href=\"http:\/\/franciscanos.org.br\/wp-content\/uploads\/2016\/10\/jogos-de-poder.jpg\"><img loading=\"lazy\" class=\"alignleft size-full wp-image-119570\" src=\"http:\/\/franciscanos.org.br\/wp-content\/uploads\/2016\/10\/jogos-de-poder.jpg\" alt=\"jogos-de-poder\" width=\"200\" height=\"306\" \/><\/a>Jogos de poder<br \/>\n<\/strong><strong>M\u00e9todos simp\u00e1ticos para voc\u00ea fazer o que quiser sempre<\/strong><\/h3>\n<p><em>Henrik Fexeus<\/em><\/p>\n<p>Pouca gente desejar\u00e1 que voc\u00ea leia este livro. O seu chefe \u00e9 um, definitivamente. E, se voc\u00ea for o chefe, os seus funcion\u00e1rios tampouco v\u00e3o querer que voc\u00ea leia. Basicamente, qualquer pessoa que leve vantagem em ser superior a voc\u00ea preferir\u00e1 que voc\u00ea n\u00e3o leia.<\/p>\n<p>Isso se aplica, sobretudo, aos pol\u00edticos, pessoas que trabalhem com <em>lobbying<\/em> e outros que ganham a vida fazendo voc\u00ea concordar com eles. Essas pessoas s\u00e3o muito ambiciosas nas tentativas de conquistar voc\u00ea. O seu diretor provavelmente participou de aulas de orat\u00f3ria para aprender teorias complicadas sobre <em>p\u00e1thos<\/em> e <em>l\u00f3gos<\/em>, e aquela ag\u00eancia publicit\u00e1ria deve ter investido muita grana em pesquisas sobre psicologia da propaganda. Tudo para convencer voc\u00ea melhor. E a\u00ed um livro assim aparece e estraga tudo.<\/p>\n<p>Este livro inclinar\u00e1 a balan\u00e7a ao seu favor. N\u00e3o importa se voc\u00ea for vendedor, advogado, gar\u00e7om, professor, cuidador, gerente estrat\u00e9gico, estudante ou encantador de c\u00e3es, a meta do autor \u00e9 ajud\u00e1-lo a dominar a arte de conseguir o que quer, e n\u00e3o o que os outros querem. Deixe-os envolvidos em aulas e pesquisas. Atividades assim podem ser interessantes e divertidas, mas n\u00e3o s\u00e3o realmente necess\u00e1rias. Mais f\u00e1cil \u00e9 parar de ser um seguidor e tornar-se um l\u00edder.<\/p>\n<p style=\"padding-left: 30px;\"><strong>Henrik Fexeus<\/strong><em> nasceu em 1971, em \u00d6rebro, na Su\u00e9cia, e hoje vive em Estocolmo.\u00a0 Foi uma crian\u00e7a diferente e dif\u00edcil desde o come\u00e7o. Ao ir para a escola, come\u00e7ou a interessar-se pela magia. Isso fez de seus anos na escola um verdadeiro teste, n\u00e3o tanto para ele pr\u00f3prio, mas para as outras crian\u00e7as. Na adolesc\u00eancia, descobriu que a m\u00e1gica \u00e9, realmente, uma esp\u00e9cie de influ\u00eancia inconsciente, uma maneira de controlar o que os outros acreditam e o modo como agem. Ainda hoje ele se pergunta por que ningu\u00e9m lhe disse, na \u00e9poca, como esse conhecimento era \u00fatil para abordar as garotas. Dedicou-se a conhecer o modo como influenciamos uns aos outros, estudou comunica\u00e7\u00e3o, habilidades mentais como PNL, hipnose, teatro, m\u00e1gica e psicologia, al\u00e9m da influ\u00eancia da m\u00eddia, da publicidade e propaganda e o mimetismo. Algumas pessoas acham que ele \u00e9 um homem perigoso, por causa de suas habilidades, mas o autor prefere descrever-se como um indiv\u00edduo legal e tranquilo, e afirma que gosta das pessoas, especialmente daquelas que fazem o que ele deseja que fa\u00e7am. \u00c9 autor do A arte de ler mentes, bestseller traduzido em dezenas de pa\u00edses.<\/em><\/p>\n<p><strong>N\u00ba DE P\u00c1GINAS<\/strong><strong>: 276<br \/>\n<\/strong><strong>PRE\u00c7O:\u00a0 R$ 29,90<\/strong><\/p>\n<p>&nbsp;<\/p>\n<h3><strong><a href=\"http:\/\/franciscanos.org.br\/wp-content\/uploads\/2016\/10\/nietzscheanismo.jpg\"><img loading=\"lazy\" class=\"alignleft size-full wp-image-119571\" src=\"http:\/\/franciscanos.org.br\/wp-content\/uploads\/2016\/10\/nietzscheanismo.jpg\" alt=\"nietzscheanismo\" width=\"200\" height=\"318\" \/><\/a>Nietzscheanismo<\/strong><\/h3>\n<p><strong>Ashley Woodward<\/strong><\/p>\n<p>Os cap\u00edtulos desta obra foram concebidos para poderem ser lidos de forma independente e em qualquer ordem. Dessa maneira, se voc\u00ea est\u00e1 interessado em nietzscheanismo e feminismo, por exemplo, voc\u00ea pode ler o cap\u00edtulo 4 isoladamente.<\/p>\n<p>Contudo, tanto para evitar repeti\u00e7\u00f5es como para tornar o livro leg\u00edvel da primeira \u00e0 \u00faltima p\u00e1gina, como um todo coerente, o leitor \u00e9 por vezes remetido a temas abordados em outros cap\u00edtulos.<\/p>\n<p>Aqueles que n\u00e3o t\u00eam conhecimento pr\u00e9vio sobre a vida, obra e influ\u00eancia de Nietzsche devem primeiramente ler o cap\u00edtulo introdut\u00f3rio. Ele fornece um breve panorama da vida e obra de Nietzsche, introduzindo conceitos b\u00e1sicos (como niilismo, a vontade de pot\u00eancia ou de poder e o eterno retorno) que ser\u00e3o, nos cap\u00edtulos seguintes, analisados em maior profundidade e a partir de uma s\u00e9rie de diferentes perspectivas.<\/p>\n<p style=\"padding-left: 30px;\"><strong>Ashley Woodward<\/strong> \u00e9 <em>Lecturer<\/em> em filosofia na UniversityofDundeee. Ele foi docente de filosofia em in\u00fameras universidades australianas, incluindo a UniversityofQueensland, MonashUniversity, Universityof Melbourne, UniversityofTasmania, e Swinburnee em uma s\u00e9rie de programas de <em>creativearts<\/em>, al\u00e9m de hist\u00f3ria e teoria da arte. \u00c9 membro fundador da Melbourne Schoolof Continental Philosophy e \u00e9 o atual editor do Parrhesia: A JournalofCriticalPhilosophye do Scottish Centre for Continental Philosophy.<\/p>\n<p><strong>N\u00ba DE P\u00c1GINAS<\/strong><strong>: 416<br \/>\n<\/strong><strong>PRE\u00c7O:\u00a0 R$ 65,00<\/strong><\/p>\n<p>&nbsp;<\/p>\n<h3><strong><a href=\"http:\/\/franciscanos.org.br\/wp-content\/uploads\/2016\/10\/8-encontros.jpg\"><img loading=\"lazy\" class=\"alignleft size-full wp-image-119572\" src=\"http:\/\/franciscanos.org.br\/wp-content\/uploads\/2016\/10\/8-encontros.jpg\" alt=\"8-encontros\" width=\"200\" height=\"312\" \/><\/a>Oito encontros para desenvolver valores na escola<br \/>\n<\/strong><strong>Uma revolu\u00e7\u00e3o poss\u00edvel?<\/strong><\/h3>\n<p><strong>Sara Marconi e Francesco Mele<\/strong><\/p>\n<p>Entre as muitas fun\u00e7\u00f5es da escola est\u00e1 a tarefa dif\u00edcil, mas necess\u00e1ria, de formar n\u00e3o apenas profissionais ou t\u00e9cnicos do futuro, mas seres humanos, pessoas que saibam viver de maneira boa e feliz.<\/p>\n<p>N\u00e3o \u00e9 f\u00e1cil nadar contra a corrente de uma cultura que privilegia o desperd\u00edcio e o consumo desnecess\u00e1rio de recursos, de bens, de marcas, de valores; enfim, que n\u00e3o leva a uma consci\u00eancia cidad\u00e3, emocional e social respons\u00e1vel.<\/p>\n<p>Este livro chama isto de \u201csobriedade\u201d. Ser s\u00f3brio na vida significa relacionar-se com as coisas de maneira simples e consciente, sem exageros nem depend\u00eancia desmedida. Nada melhor para isso, do que recorrer a atividades l\u00fadicas e interativas, que toda crian\u00e7a entende e gosta de participar.<\/p>\n<p style=\"padding-left: 30px;\"><strong>Sara Marconi<em>,<\/em><\/strong><em> formada em Hist\u00f3ria da L\u00edngua Italiana \u00e9 autora de diversos livros infantis. Mora e trabalhar em Turim, na It\u00e1lia, onde se dedica atualmente \u00e0 comunica\u00e7\u00e3o l\u00fadica.<\/em><\/p>\n<p style=\"padding-left: 30px;\"><strong>Francesco Mele<\/strong><em>, formado em Psicologia. \u00c9 fundador e coordenador do centro de servi\u00e7os para a inf\u00e2ncia \u201cNu-arti in gioco\u201d, onde trabalha com comunica\u00e7\u00e3o l\u00fadica.<\/em><\/p>\n<p><strong>N\u00ba DE P\u00c1GINAS<\/strong><strong>: 104<br \/>\n<\/strong><strong>PRE\u00c7O:\u00a0 R$ 118<\/strong><\/p>\n<p>&nbsp;<\/p>\n<h3><strong><a href=\"http:\/\/franciscanos.org.br\/wp-content\/uploads\/2016\/10\/sociologia-religiosa-e-folclore.jpg\"><img loading=\"lazy\" class=\"alignleft size-full wp-image-119573\" src=\"http:\/\/franciscanos.org.br\/wp-content\/uploads\/2016\/10\/sociologia-religiosa-e-folclore.jpg\" alt=\"sociologia-religiosa-e-folclore\" width=\"200\" height=\"294\" \/><\/a>Sociologia religiosa e folclore<\/strong><\/h3>\n<p><strong>Robert Hertz<\/strong><\/p>\n<p>Esta colet\u00e2nea de textos re\u00fane todos os estudos que haviam sido conclu\u00eddos por Robert Hertz e publicados entre 1907 e 1917.<\/p>\n<p>Dois textos presentes no livro fazem parte dos estudos empreendidos por Robert Hertz sobre a impureza e sobre esse aspecto da moral religiosa. Outros dois referem-se a seus trabalhos sobre mitologia comparada e te\u00f3rica, nos quais ele manifesta tamb\u00e9m amplamente suas capacidades de observador, folclorista e escritor.<\/p>\n<p>Foi acrescentado tamb\u00e9m o trabalho que o soci\u00f3logo havia dedicado ao admir\u00e1vel livro de K. K. Grass sobre as seitas russas; o que fornecer\u00e1 uma ideia completa da obra cr\u00edtica,\u00a0 profundamente sociol\u00f3gica, de Robert Hertz.<\/p>\n<p style=\"padding-left: 30px;\"><em>O soci\u00f3logo franc\u00eas <\/em><strong>Robert Hertz <\/strong><em>nasceu em 1881 e morreu em 1915, em combate durante a 1\u00aa Guerra Mundial. Ingressou na Escola <\/em><em>Normal Superior em 1900, e, em 1904, aos 23 anos, obteve sua agr\u00e9gationintegrando a equipe da revista\u00a0L\u2019Ann\u00e9esociologique, encarregado da \u201cSociologiereligieuse\u201d. Atou como professor de filosofia e pesquisador, tornando-se influente na \u00e1rea da sociologia e da antropologia religiosa.<\/em><\/p>\n<p><strong>N\u00ba DE P\u00c1GINAS<\/strong><strong>: 272<br \/>\n<\/strong><strong>PRE\u00c7O:\u00a0 R$ 62,00<\/strong><\/p>\n<p>&nbsp;<\/p>\n<h3><strong><a href=\"http:\/\/franciscanos.org.br\/wp-content\/uploads\/2016\/10\/a-civilizacao-do-ocidente.jpg\"><img loading=\"lazy\" class=\"alignleft size-full wp-image-119574\" src=\"http:\/\/franciscanos.org.br\/wp-content\/uploads\/2016\/10\/a-civilizacao-do-ocidente.jpg\" alt=\"a-civilizacao-do-ocidente\" width=\"200\" height=\"312\" \/><\/a>A civiliza\u00e7\u00e3o do Ocidente Medieval<\/strong><\/h3>\n<p><strong>Jacques Le Goff<\/strong><\/p>\n<p>Traduzido para mais de vinte idiomas, este livro \u00e9 o brevi\u00e1rio indispens\u00e1vel para quem deseja familiarizar-se com a Idade M\u00e9dia. Pois, entre a lenda escura de uma \u201cidade das trevas\u201d e a lenda \u00e1urea de um \u201cbelo per\u00edodo\u201d medieval, h\u00e1 a realidade de um mundo de monges, cl\u00e9rigos, guerreiros, camponeses, artes\u00e3os, comerciantes que oscilam entre viol\u00eancia e aspira\u00e7\u00e3o \u00e0 paz, f\u00e9 e revolta, fome e expans\u00e3o.<\/p>\n<p>Uma sociedade perseguida pela obsess\u00e3o de sobreviver e que consegue dominar o espa\u00e7o e o tempo, desbastar as florestas, reunir-se em torno das aldeias, dos castelos e das cidades, inventar a m\u00e1quina, o rel\u00f3gio, a universidade, a na\u00e7\u00e3o.<\/p>\n<p>Esse mundo duro e conquistador \u00e9 o da inf\u00e2ncia do Ocidente, um mundo de \u201cprimitivos\u201d que transformam a terra mantendo os olhos voltados para o c\u00e9u, que introduzem a raz\u00e3o em um universo simb\u00f3lico, equilibram o oral e o escrito, inventam o purgat\u00f3rio entre o inferno e o para\u00edso.<\/p>\n<p style=\"padding-left: 30px;\"><strong>Jacques Le Goff<\/strong><em> \u00e9 reconhecido mundialmente como um dos maiores historiadores atuais. Especialista em Hist\u00f3ria Europ\u00e9ia e Idade M\u00e9dia, herdeiro da Escola dos Anais, \u00e9 diretor-honor\u00e1rio na Escola de Altos Estudos em Ci\u00eancias Sociais, em Paris. \u00c9 autor de mais de vinte obras historiogr\u00e1ficas, dentre elas, tem publicado pela Editora Vozes, As ra\u00edzes medievais da Europa (2007), Uma breve hist\u00f3ria da Europa (2008); Herois e maravilhas da Idade M\u00e9dia (2009) e Para uma outra Idade M\u00e9dia (2013).<\/em><\/p>\n<p><strong>N\u00ba DE P\u00c1GINAS<\/strong><strong>: 392<br \/>\n<\/strong><strong>PRE\u00c7O:\u00a0 R$ 79,00<\/strong><\/p>\n<p>&nbsp;<\/p>\n<h3><strong><a href=\"http:\/\/franciscanos.org.br\/wp-content\/uploads\/2016\/10\/inquietudes-pedagogicas.jpg\"><img loading=\"lazy\" class=\"alignleft size-full wp-image-119575\" src=\"http:\/\/franciscanos.org.br\/wp-content\/uploads\/2016\/10\/inquietudes-pedagogicas.jpg\" alt=\"inquietudes-pedagogicas\" width=\"200\" height=\"305\" \/><\/a>Inquietudes pedag\u00f3gicas da pr\u00e1tica docente<\/strong><\/h3>\n<p><strong>Suzana Schwartz<\/strong><\/p>\n<p>Nos cap\u00edtulos que se seguem s\u00e3o apresentados elementos para instrumentalizar os professores a repensar sua a\u00e7\u00e3o pedag\u00f3gica com subs\u00eddios e alternativas contundentes. Partindo do relato de sua hist\u00f3ria pessoal em dire\u00e7\u00e3o \u00e0 docente pesquisadora, a escrita cativante da autora nos leva a percorrer diferentes e significativas situa\u00e7\u00f5es nas quais o ensino e a aprendizagem da leitura e da escrita s\u00e3o tomados como instrumentos de reflex\u00e3o cr\u00edtica constante.<\/p>\n<p>Ao longo dos nove cap\u00edtulos a autora fornece elementos com subs\u00eddios e alternativas contundentes que podem contribuir para que os professores reflitam sobre sua a\u00e7\u00e3o pedag\u00f3gica. As contribui\u00e7\u00f5es da professora Suzana Schwartz com esta obra s\u00e3o \u00edmpares para potencializar tanto a forma\u00e7\u00e3o de professores alfabetizadores quanto as pr\u00e1ticas pedag\u00f3gicas nos anos iniciais.<\/p>\n<p style=\"padding-left: 30px;\"><strong>Suzana Schwartz <\/strong><em>\u00e9 graduada em Pedagogia, doutorada em Educa\u00e7\u00e3o pela PUCRS e p\u00f3s doutorada em Psicologia pela Universidade Aut\u00f4noma de Madri. Professora Adjunta da Universidade Federal do Pampa, c\u00e2mpus Jaguar\u00e3o, no Rio Grande do Sul, desde 2011. Coordenadora de projetos de pesquisa, extens\u00e3o e ensino sobre forma\u00e7\u00e3o de professores, alfabetiza\u00e7\u00e3o, cultura escrita, motiva\u00e7\u00e3o, alfabetiza\u00e7\u00e3o acad\u00eamica. Autora tamb\u00e9m de outros dois livros publicados pela Editora Vozes.<\/em><\/p>\n<p><strong>N\u00ba DE P\u00c1GINAS<\/strong><strong>: 152<br \/>\n<\/strong><strong>PRE\u00c7O:\u00a0 R$ 29,00<\/strong><\/p>\n<p>&nbsp;<\/p>\n<h3><strong><a href=\"http:\/\/franciscanos.org.br\/wp-content\/uploads\/2016\/10\/outra-teologia-e-possivel.jpg\"><img loading=\"lazy\" class=\"alignleft size-full wp-image-119576\" src=\"http:\/\/franciscanos.org.br\/wp-content\/uploads\/2016\/10\/outra-teologia-e-possivel.jpg\" alt=\"outra-teologia-e-possivel\" width=\"200\" height=\"320\" \/><\/a>Outra Teologia \u00e9 poss\u00edvel, outra Igreja tamb\u00e9m<\/strong><\/h3>\n<p><strong>Celso Pinto Carias e Aurelina de Jesus Cruz Carias<\/strong><\/p>\n<p>Este livro situa-se na perspectiva do Papa Francisco, bem como das prioridades assumidas pela Igreja na Am\u00e9rica Latina, especialmente a partir do Documento de Medell\u00edn (1968).<\/p>\n<p>A renova\u00e7\u00e3o da Igreja \u00e9 uma quest\u00e3o que tem sido levantada na Igreja Cat\u00f3lica, repetidamente, sobretudo a partir do Conc\u00edlio Vaticano II. Na atualidade, sabemos o quanto a necessidade urgente dessa renova\u00e7\u00e3o est\u00e1 no centro da mensagem escrita e oral do Papa Francisco, bem como nas atitudes que ele vem assumindo.<\/p>\n<p>Nesse caminho de renova\u00e7\u00e3o eclesial, o Papa Francisco prop\u00f5e \u201ca Igreja pobre e para os pobres\u201d. Podemos acrescentar \u201ccom os pobres\u201d. \u00c9 verdade que, desde Medell\u00edn, mudou bastante a conjuntura social, pol\u00edtica e econ\u00f4mica no Brasil e nos outros pa\u00edses da Am\u00e9rica Latina. Mudaram tamb\u00e9m as media\u00e7\u00f5es utilizadas pela teologia, mas o mundo dos pobres continua muito presente, pedindo que essa prioridade eclesial seja mais aprofundada na reflex\u00e3o teol\u00f3gica e, sobretudo, que seja vivida pela Igreja de maneira mais coerente.<\/p>\n<p>Chama a aten\u00e7\u00e3o neste livro o olhar atento e compassivo com que os autores se defrontam com o sofrimento humano, em suas diversas manifesta\u00e7\u00f5es. Sofrimento que interpela a consci\u00eancia crist\u00e3 deles.<\/p>\n<p style=\"padding-left: 30px;\"><strong>Celso Pinto Carias<\/strong><em>, <\/em>Dr. em teologia pela PUC-Rio, acompanha as CEBs do Brasil como assessor pela Ampliada Nacional e no Setor CEBs da CNBB. Escreveu junto com Alfonso Garcia e outros companheiros e companheiras a obra <em>Espiritualidade Crist\u00e3 em Tempos de Mudan\u00e7a, <\/em>bem como o livro de inicia\u00e7\u00e3o teol\u00f3gica, na 3\u00aa ed. <em>Teologia para Todos<\/em>, ambos publicado pela Vozes.<\/p>\n<p style=\"padding-left: 30px;\"><strong>Aurelina de Jesus Cruz Carias<em>,<\/em><\/strong> Mestra em Educa\u00e7\u00e3o pela FEBF\/UERJ, professora da Rede Municipal de Duque de Caxias atuando na diretoria do Museu Vivo do S\u00e3o Bento\/ Centro de Refer\u00eancia Hist\u00f3rico Patrimonial de Duque de Caxias (CRPH\/DC) e da Rede Museologia Social do Rio de janeiro (REMUS\/RJ), e participante da Comunidade Batismo do Senhor.<\/p>\n<p><strong>N\u00ba DE P\u00c1GINAS: 128<br \/>\n<\/strong><strong>PRE\u00c7O:\u00a0 R$ 27,00<\/strong><\/p>\n<p>&nbsp;<\/p>\n<h3><strong><a href=\"http:\/\/franciscanos.org.br\/wp-content\/uploads\/2016\/10\/treine-seu-cerebro.jpg\"><img loading=\"lazy\" class=\"alignleft size-full wp-image-119577\" src=\"http:\/\/franciscanos.org.br\/wp-content\/uploads\/2016\/10\/treine-seu-cerebro.jpg\" alt=\"treine-seu-cerebro\" width=\"200\" height=\"412\" \/><\/a>Treine seu c\u00e9rebro &#8211;\u00a0<\/strong><strong>Volumes 1, 2, 3 e 4<br \/>\n<\/strong><strong>Os melhores desafios contra o envelhecimento cerebral<\/strong><\/h3>\n<p><strong>\u00c0ngels Navarro<\/strong><\/p>\n<p>Os cadernos \u201c<strong>Treine seu c\u00e9rebro\u201d<\/strong> destinam-se a todos aqueles que desejem expandir seu potencial cerebral. Aos mais jovens, proporcionar\u00e3o uma forma de refor\u00e7ar a agilidade cerebral, e aos mais velhos, o aux\u00edlio para conservar um bom rendimento do c\u00e9rebro.<\/p>\n<p>Os mais de quarenta exerc\u00edcios contidos em cada caderno apresentam um programa de atividades que tem como objetivo melhorar a qualidade mental, e s\u00e3o desenvolvidos para ativar as capacidades que os psic\u00f3logos s\u00e3o un\u00e2nimes em apontar como indicadores essenciais da intelig\u00eancia.<\/p>\n<p>Vinte minutos di\u00e1rios exercitando o c\u00e9rebro por meio dos desafios apresentados nos cadernos s\u00e3o suficientes para estimular os neur\u00f4nios e desenvolver a sua capacidade cerebral.<\/p>\n<p style=\"padding-left: 30px;\"><strong>\u00c0ngels Navarro<\/strong><em> \u00e9 licenciada em Psicologia e especializada em Terapia a partir do jogo. Sua profiss\u00e3o, unida a seu interesse pelo campo do desenvolvimento da mente levou a sua ocupa\u00e7\u00e3o atual: os jogos de intelig\u00eancia.\u00a0<\/em><\/p>\n<p><strong>N\u00ba DE P\u00c1GINAS: 64<br \/>\n<\/strong><strong>PRE\u00c7O:\u00a0 R$ 14,90<\/strong><\/p>\n<p><strong>KIT COM OS 4 VOLUMES<br \/>\nPRE\u00c7O:\u00a0 R$ 44,70<\/strong><\/p>\n","protected":false},"excerpt":{"rendered":"<p>Editora Vozes<\/p>\n","protected":false},"author":1,"featured_media":194592,"comment_status":"open","ping_status":"open","sticky":false,"template":"","format":"standard","meta":[],"categories":[1],"tags":[238],"acf":[],"yoast_head":"<!-- This site is optimized with the Yoast SEO plugin v19.2 - https:\/\/yoast.com\/wordpress\/plugins\/seo\/ -->\n<title>Lan\u00e7amentos da semana - Not\u00edcias - Franciscanos<\/title>\n<meta name=\"robots\" content=\"index, follow, max-snippet:-1, max-image-preview:large, max-video-preview:-1\" \/>\n<link rel=\"canonical\" href=\"https:\/\/franciscanos.org.br\/noticias\/lancamentos-da-semana-21.html\" \/>\n<meta property=\"og:locale\" content=\"pt_BR\" \/>\n<meta property=\"og:type\" content=\"article\" \/>\n<meta property=\"og:title\" content=\"Lan\u00e7amentos da semana - Not\u00edcias - Franciscanos\" \/>\n<meta property=\"og:description\" content=\"Editora Vozes\" \/>\n<meta property=\"og:url\" content=\"https:\/\/franciscanos.org.br\/noticias\/lancamentos-da-semana-21.html\" \/>\n<meta property=\"og:site_name\" content=\"Not\u00edcias - Franciscanos\" \/>\n<meta property=\"article:published_time\" content=\"2016-10-31T10:39:54+00:00\" \/>\n<meta property=\"article:modified_time\" content=\"2019-01-22T18:11:54+00:00\" \/>\n<meta property=\"og:image\" content=\"https:\/\/franciscanos.org.br\/noticias\/wp-content\/uploads\/2017\/11\/vozes.png\" \/>\n\t<meta property=\"og:image:width\" content=\"273\" \/>\n\t<meta property=\"og:image:height\" content=\"181\" \/>\n\t<meta property=\"og:image:type\" content=\"image\/png\" \/>\n<meta name=\"author\" content=\"admin\" \/>\n<meta name=\"twitter:card\" content=\"summary_large_image\" \/>\n<meta name=\"twitter:label1\" content=\"Escrito por\" \/>\n\t<meta name=\"twitter:data1\" content=\"admin\" \/>\n\t<meta name=\"twitter:label2\" content=\"Est. tempo de leitura\" \/>\n\t<meta name=\"twitter:data2\" content=\"15 minutos\" \/>\n<script type=\"application\/ld+json\" class=\"yoast-schema-graph\">{\"@context\":\"https:\/\/schema.org\",\"@graph\":[{\"@type\":\"WebSite\",\"@id\":\"https:\/\/franciscanos.org.br\/noticias\/#website\",\"url\":\"https:\/\/franciscanos.org.br\/noticias\/\",\"name\":\"Not\u00edcias - Franciscanos\",\"description\":\"Prov\u00edncia Franciscana da Imaculada Concei\u00e7\u00e3o do Brasil - Ordem dos Frades Menores - OFM\",\"potentialAction\":[{\"@type\":\"SearchAction\",\"target\":{\"@type\":\"EntryPoint\",\"urlTemplate\":\"https:\/\/franciscanos.org.br\/noticias\/?s={search_term_string}\"},\"query-input\":\"required name=search_term_string\"}],\"inLanguage\":\"pt-BR\"},{\"@type\":\"ImageObject\",\"inLanguage\":\"pt-BR\",\"@id\":\"https:\/\/franciscanos.org.br\/noticias\/lancamentos-da-semana-21.html#primaryimage\",\"url\":\"https:\/\/franciscanos.org.br\/noticias\/wp-content\/uploads\/2017\/11\/vozes.png\",\"contentUrl\":\"https:\/\/franciscanos.org.br\/noticias\/wp-content\/uploads\/2017\/11\/vozes.png\",\"width\":273,\"height\":181},{\"@type\":\"WebPage\",\"@id\":\"https:\/\/franciscanos.org.br\/noticias\/lancamentos-da-semana-21.html#webpage\",\"url\":\"https:\/\/franciscanos.org.br\/noticias\/lancamentos-da-semana-21.html\",\"name\":\"Lan\u00e7amentos da semana - Not\u00edcias - Franciscanos\",\"isPartOf\":{\"@id\":\"https:\/\/franciscanos.org.br\/noticias\/#website\"},\"primaryImageOfPage\":{\"@id\":\"https:\/\/franciscanos.org.br\/noticias\/lancamentos-da-semana-21.html#primaryimage\"},\"datePublished\":\"2016-10-31T10:39:54+00:00\",\"dateModified\":\"2019-01-22T18:11:54+00:00\",\"author\":{\"@id\":\"https:\/\/franciscanos.org.br\/noticias\/#\/schema\/person\/b38fbf43118f02820bd932f2e4b14ad3\"},\"breadcrumb\":{\"@id\":\"https:\/\/franciscanos.org.br\/noticias\/lancamentos-da-semana-21.html#breadcrumb\"},\"inLanguage\":\"pt-BR\",\"potentialAction\":[{\"@type\":\"ReadAction\",\"target\":[\"https:\/\/franciscanos.org.br\/noticias\/lancamentos-da-semana-21.html\"]}]},{\"@type\":\"BreadcrumbList\",\"@id\":\"https:\/\/franciscanos.org.br\/noticias\/lancamentos-da-semana-21.html#breadcrumb\",\"itemListElement\":[{\"@type\":\"ListItem\",\"position\":1,\"name\":\"Home\",\"item\":\"https:\/\/franciscanos.org.br\/noticias\"},{\"@type\":\"ListItem\",\"position\":2,\"name\":\"Lan\u00e7amentos da semana\"}]},{\"@type\":\"Person\",\"@id\":\"https:\/\/franciscanos.org.br\/noticias\/#\/schema\/person\/b38fbf43118f02820bd932f2e4b14ad3\",\"name\":\"admin\",\"image\":{\"@type\":\"ImageObject\",\"inLanguage\":\"pt-BR\",\"@id\":\"https:\/\/franciscanos.org.br\/noticias\/#\/schema\/person\/image\/\",\"url\":\"https:\/\/secure.gravatar.com\/avatar\/e8495742d34d0ba6448ea1c628263b3e?s=96&d=mm&r=g\",\"contentUrl\":\"https:\/\/secure.gravatar.com\/avatar\/e8495742d34d0ba6448ea1c628263b3e?s=96&d=mm&r=g\",\"caption\":\"admin\"},\"url\":\"https:\/\/franciscanos.org.br\/noticias\/author\/admin\"}]}<\/script>\n<!-- \/ Yoast SEO plugin. -->","yoast_head_json":{"title":"Lan\u00e7amentos da semana - Not\u00edcias - Franciscanos","robots":{"index":"index","follow":"follow","max-snippet":"max-snippet:-1","max-image-preview":"max-image-preview:large","max-video-preview":"max-video-preview:-1"},"canonical":"https:\/\/franciscanos.org.br\/noticias\/lancamentos-da-semana-21.html","og_locale":"pt_BR","og_type":"article","og_title":"Lan\u00e7amentos da semana - Not\u00edcias - Franciscanos","og_description":"Editora Vozes","og_url":"https:\/\/franciscanos.org.br\/noticias\/lancamentos-da-semana-21.html","og_site_name":"Not\u00edcias - Franciscanos","article_published_time":"2016-10-31T10:39:54+00:00","article_modified_time":"2019-01-22T18:11:54+00:00","og_image":[{"width":273,"height":181,"url":"https:\/\/franciscanos.org.br\/noticias\/wp-content\/uploads\/2017\/11\/vozes.png","type":"image\/png"}],"author":"admin","twitter_card":"summary_large_image","twitter_misc":{"Escrito por":"admin","Est. tempo de leitura":"15 minutos"},"schema":{"@context":"https:\/\/schema.org","@graph":[{"@type":"WebSite","@id":"https:\/\/franciscanos.org.br\/noticias\/#website","url":"https:\/\/franciscanos.org.br\/noticias\/","name":"Not\u00edcias - Franciscanos","description":"Prov\u00edncia Franciscana da Imaculada Concei\u00e7\u00e3o do Brasil - Ordem dos Frades Menores - OFM","potentialAction":[{"@type":"SearchAction","target":{"@type":"EntryPoint","urlTemplate":"https:\/\/franciscanos.org.br\/noticias\/?s={search_term_string}"},"query-input":"required name=search_term_string"}],"inLanguage":"pt-BR"},{"@type":"ImageObject","inLanguage":"pt-BR","@id":"https:\/\/franciscanos.org.br\/noticias\/lancamentos-da-semana-21.html#primaryimage","url":"https:\/\/franciscanos.org.br\/noticias\/wp-content\/uploads\/2017\/11\/vozes.png","contentUrl":"https:\/\/franciscanos.org.br\/noticias\/wp-content\/uploads\/2017\/11\/vozes.png","width":273,"height":181},{"@type":"WebPage","@id":"https:\/\/franciscanos.org.br\/noticias\/lancamentos-da-semana-21.html#webpage","url":"https:\/\/franciscanos.org.br\/noticias\/lancamentos-da-semana-21.html","name":"Lan\u00e7amentos da semana - Not\u00edcias - Franciscanos","isPartOf":{"@id":"https:\/\/franciscanos.org.br\/noticias\/#website"},"primaryImageOfPage":{"@id":"https:\/\/franciscanos.org.br\/noticias\/lancamentos-da-semana-21.html#primaryimage"},"datePublished":"2016-10-31T10:39:54+00:00","dateModified":"2019-01-22T18:11:54+00:00","author":{"@id":"https:\/\/franciscanos.org.br\/noticias\/#\/schema\/person\/b38fbf43118f02820bd932f2e4b14ad3"},"breadcrumb":{"@id":"https:\/\/franciscanos.org.br\/noticias\/lancamentos-da-semana-21.html#breadcrumb"},"inLanguage":"pt-BR","potentialAction":[{"@type":"ReadAction","target":["https:\/\/franciscanos.org.br\/noticias\/lancamentos-da-semana-21.html"]}]},{"@type":"BreadcrumbList","@id":"https:\/\/franciscanos.org.br\/noticias\/lancamentos-da-semana-21.html#breadcrumb","itemListElement":[{"@type":"ListItem","position":1,"name":"Home","item":"https:\/\/franciscanos.org.br\/noticias"},{"@type":"ListItem","position":2,"name":"Lan\u00e7amentos da semana"}]},{"@type":"Person","@id":"https:\/\/franciscanos.org.br\/noticias\/#\/schema\/person\/b38fbf43118f02820bd932f2e4b14ad3","name":"admin","image":{"@type":"ImageObject","inLanguage":"pt-BR","@id":"https:\/\/franciscanos.org.br\/noticias\/#\/schema\/person\/image\/","url":"https:\/\/secure.gravatar.com\/avatar\/e8495742d34d0ba6448ea1c628263b3e?s=96&d=mm&r=g","contentUrl":"https:\/\/secure.gravatar.com\/avatar\/e8495742d34d0ba6448ea1c628263b3e?s=96&d=mm&r=g","caption":"admin"},"url":"https:\/\/franciscanos.org.br\/noticias\/author\/admin"}]}},"_links":{"self":[{"href":"https:\/\/franciscanos.org.br\/noticias\/wp-json\/wp\/v2\/posts\/119564"}],"collection":[{"href":"https:\/\/franciscanos.org.br\/noticias\/wp-json\/wp\/v2\/posts"}],"about":[{"href":"https:\/\/franciscanos.org.br\/noticias\/wp-json\/wp\/v2\/types\/post"}],"author":[{"embeddable":true,"href":"https:\/\/franciscanos.org.br\/noticias\/wp-json\/wp\/v2\/users\/1"}],"replies":[{"embeddable":true,"href":"https:\/\/franciscanos.org.br\/noticias\/wp-json\/wp\/v2\/comments?post=119564"}],"version-history":[{"count":0,"href":"https:\/\/franciscanos.org.br\/noticias\/wp-json\/wp\/v2\/posts\/119564\/revisions"}],"wp:featuredmedia":[{"embeddable":true,"href":"https:\/\/franciscanos.org.br\/noticias\/wp-json\/wp\/v2\/media\/194592"}],"wp:attachment":[{"href":"https:\/\/franciscanos.org.br\/noticias\/wp-json\/wp\/v2\/media?parent=119564"}],"wp:term":[{"taxonomy":"category","embeddable":true,"href":"https:\/\/franciscanos.org.br\/noticias\/wp-json\/wp\/v2\/categories?post=119564"},{"taxonomy":"post_tag","embeddable":true,"href":"https:\/\/franciscanos.org.br\/noticias\/wp-json\/wp\/v2\/tags?post=119564"}],"curies":[{"name":"wp","href":"https:\/\/api.w.org\/{rel}","templated":true}]}}