{"id":119416,"date":"2016-10-30T00:26:21","date_gmt":"2016-10-30T02:26:21","guid":{"rendered":"http:\/\/franciscanos.org.br\/?p=119416"},"modified":"2019-09-13T12:30:18","modified_gmt":"2019-09-13T15:30:18","slug":"frei-robson-nao-perca-nunca-o-desejo-de-buscar-esse-encontro-com-deus","status":"publish","type":"post","link":"https:\/\/franciscanos.org.br\/noticias\/frei-robson-nao-perca-nunca-o-desejo-de-buscar-esse-encontro-com-deus.html","title":{"rendered":"Dom Odelir: &#8220;Frei Robson, n\u00e3o perca nunca o desejo de buscar esse encontro com Deus&#8221;"},"content":{"rendered":"<p><strong>Moacir Beggo<\/strong><\/p>\n<p><strong>Coronel Freitas (SC)<\/strong> &#8211; Tendo como inspira\u00e7\u00e3o o Evangelho de Zaqueu, pr\u00f3prio para a liturgia deste domingo, Frei Robson Luiz Scudela foi ordenado presb\u00edtero pelas m\u00e3os do bispo diocesano de Chapec\u00f3, Dom Odelir Jos\u00e9 Magri, MCCJ, durante Celebra\u00e7\u00e3o Eucar\u00edstica, \u00e0s 18 horas deste s\u00e1bado (29\/10), na Igreja Matriz de Coronel Freitas (SC), no Oeste Catarinense. Segundo o bispo, quando n\u00f3s manifestamos o desejo de encontrar Deus, \u00e9 ele que vem ao nosso encontro e entra na nossa vida, na nossa casa. &#8220;Queria dizer para o Frei Robson o quanto \u00e9 fundamental para a vida do sacerdote alimentar esse desejo. Alimente sempre! N\u00e3o perca nunca esse desejo de buscar esse encontro com Deus. De querer ser um sacerdote o mais poss\u00edvel, como diz Jeremias, segundo o cora\u00e7\u00e3o de Deus&#8221;, ensinou.<\/p>\n<p>Numa tarde mais parecida com o tempo de inverno, fria e um belo c\u00e9u azul, a Matriz lotou para ver esse momento hist\u00f3rico na vida de Frei Robson. A celebra\u00e7\u00e3o, que durou duas horas, foi s\u00f3bria e carregada de\u00a0emo\u00e7\u00e3o e alegria. Era vis\u00edvel isso nos rostos dos conterr\u00e2neos, familiares, confrades e amigos, especialmente no momento em que o neo-sacerdote n\u00e3o segurou as l\u00e1grimas ao pedir para seus pais, Luiz e Maria, desamarrarem suas m\u00e3os logo depois de serem ungidas pelo bispo. Logo depois, com as m\u00e3os livres, deu a primeira b\u00ean\u00e7\u00e3o como sacerdote aos pais. Outro momento marcante foi a vesti\u00e7\u00e3o, quando o jovem frade, auxiliado por Frei Diego Melo e o Ministro Provincial, Frei Fid\u00eancio Vanboemmel, vestiu os paramentos pr\u00f3prios do presb\u00edtero e recebeu uma salva de palmas.<\/p>\n<p>Ap\u00f3s a Ladainha de Todos os Santos, quando Frei Robson se prostrou no ch\u00e3o por um longo per\u00edodo,\u00a0 no momento da imposi\u00e7\u00e3o das m\u00e3os pelo bispo e pelos padres, um sil\u00eancio orante tomou conta de toda a igreja. A impress\u00e3o era de que todos estavam concentrados, em prece a Deus, pedindo pela vida e miss\u00e3o do ordenando.<\/p>\n<p><img loading=\"lazy\" src=\"http:\/\/franciscanos.org.br\/wp-content\/uploads\/2016\/10\/robson_291016_2.jpg\" alt=\"robson_291016_2\" width=\"830\" height=\"445\" \/><\/p>\n<p>Na homilia, Dom Odelir explicou que Frei Robson, ordenado presb\u00edtero, assim como todos sacerdotes, participam do \u00fanico e verdadeiro sacerd\u00f3cio de Jesus Cristo. &#8220;Ele \u00e9 o \u00fanico sacerdote. O verdadeiro sacerdote. N\u00f3s, que somos ordenados no decorrer da hist\u00f3ria, participamos do sacerd\u00f3cio Dele. Por isso, \u00e9 um Sacramento extraordin\u00e1rio. Se n\u00f3s olharmos a nossa realidade, as nossas fragilidades humanas, a nossa pequenez, n\u00f3s veremos que n\u00e3o somos dignos desse Minist\u00e9rio, mas como S\u00e3o Paulo, podemos dizer &#8216;somos como vasos de argila porque carregamos em n\u00f3s esse mist\u00e9rio t\u00e3o grande'&#8221;, acrescentou o bispo.<\/p>\n<p>O bispo pediu para Frei Robson explicar por que ele escolheu esse lema: &#8220;Desce depressa, Zaqueu, hoje eu devo ficar na tua casa&#8221;. &#8220;Acredito que muitas vezes esse convite \u00e9 feito a n\u00f3s. \u00c9 importante descer e encontrar aqueles que est\u00e3o l\u00e1 embaixo nos esperando. Francisco de Assis, com certeza, fez isso na experi\u00eancia do leproso. Desceu e foi depressa encontr\u00e1-lo&#8221;, explicou\u00a0Frei Robson.<\/p>\n<p><img loading=\"lazy\" src=\"http:\/\/franciscanos.org.br\/wp-content\/uploads\/2016\/10\/robson_291016_6.jpg\" alt=\"robson_291016_6\" width=\"830\" height=\"400\" \/><\/p>\n<p>O bispo, ent\u00e3o, lembrou que neste Ano da Miseric\u00f3rdia, esse texto evang\u00e9lico mostra que Zaqueu viveu, nesse encontro com Jesus, a experi\u00eancia de miseric\u00f3rdia. &#8220;Uma experi\u00eancia\u00a0 de gra\u00e7a de Deus, de perd\u00e3o. Foi justamente esse homem que tinha sua realidade como cobrador de impostos, com seus limites, e que sabia que estava em situa\u00e7\u00e3o de pecado, que tinha dentro do seu cora\u00e7\u00e3o um desejo: Ele queria ver Jesus. Esse desejo \u00e9 sempre o ponto de partida. Quando n\u00f3s queremos alguma coisa, quando n\u00f3s temos alguma coisa no cora\u00e7\u00e3o, n\u00f3s corremos atr\u00e1s. N\u00e3o corremos? Essa experi\u00eancia da f\u00e9 \u00e9 o ponto de partida: querer, desejar. Por isso, Zaqueu vai l\u00e1 na frente, sobe na \u00e1rvore e quando ele concretiza esse desejo de ver Jesus, \u00e9 Jesus que vem ao seu encontro e diz: &#8216;Desce depressa, porque hoje eu devo ficar na sua casa&#8217;. Jesus n\u00e3o xingou Zaqueu, n\u00e3o lhe cobrou de nada. S\u00f3 por este gesto de miseric\u00f3rdia, transformou o cora\u00e7\u00e3o de Zaqueu. E Jesus vai dizer essa frase linda: &#8216;Hoje, a salva\u00e7\u00e3o entrou nessa casa'&#8221;, lembrou.<\/p>\n<p><img loading=\"lazy\" src=\"http:\/\/franciscanos.org.br\/wp-content\/uploads\/2016\/10\/robson_291016_5.jpg\" alt=\"robson_291016_5\" width=\"830\" height=\"264\" \/><\/p>\n<p>&#8220;Se voc\u00ea buscar Deus, com certeza Deus vai fazer de voc\u00ea um instrumento de gra\u00e7a. Para o seu povo, para Igreja. Mas ser\u00e1 que \u00e9 f\u00e1cil ser padre hoje? Ser\u00e1 que \u00e9 f\u00e1cil ser pai de fam\u00edlia? Ser\u00e1 que \u00e9 f\u00e1cil ser religioso? Ser\u00e1 que \u00e9 f\u00e1cil ser crist\u00e3o hoje? N\u00f3s sabemos que n\u00e3o \u00e9 f\u00e1cil, mas \u00e9 poss\u00edvel, com a gra\u00e7a de Deus. Por isso, n\u00f3s nunca podemos deixar de buscar Deus. Fazendo isso, podemos testemunhar a nossa f\u00e9&#8221;, ensinou o bispo, lembrando que essa escolha \u00e9 mais radical no religioso que faz os votos perp\u00e9tuos, como Frei Robson, que \u00e9 religioso franciscano.<\/p>\n<p>O bispo terminou com um belo poema de D. H\u00e9lder C\u00e2mara, que pediu para o neo-sacerdote tomar como alento no seu minist\u00e9rio:<\/p>\n<p><em>N\u00e3o, n\u00e3o pares. \u00c9 gra\u00e7a divina come\u00e7ar bem.<\/em><\/p>\n<p><em>Gra\u00e7a maior, persistir na caminhada certa.<\/em><\/p>\n<p><em>E manter o ritmo&#8230;<\/em><\/p>\n<p><em>Mas gra\u00e7a das gra\u00e7as \u00e9 n\u00e3o desistir.<\/em><\/p>\n<p><em>Podendo ou n\u00e3o podendo,<\/em><\/p>\n<p><em>caindo, embora, aos peda\u00e7os,<\/em><\/p>\n<p><em>chegar at\u00e9 o fim..<\/em><\/p>\n<p><img loading=\"lazy\" src=\"http:\/\/franciscanos.org.br\/wp-content\/uploads\/2016\/10\/robson_291016_4.jpg\" alt=\"robson_291016_4\" width=\"830\" height=\"445\" \/><\/p>\n<p>Al\u00e9m do Ministro Provincial, Frei Fid\u00eancio Vanboemmel, muitos outros frades estiveram presentes, dos mais diversos regionais da Prov\u00edncia. Tamb\u00e9m vieram partilhar da alegria de Frei Robson paroquianos e amigos das diferentes comunidades da regi\u00e3o e do territ\u00f3rio da Prov\u00edncia.<\/p>\n<p>Nos agradecimentos, Frei Robson, louvou a Deus pelo dom da vida e da voca\u00e7\u00e3o, agradeceu \u00e0 fam\u00edlia, \u00e0 Prov\u00edncia Franciscana e \u00e0 Igreja, que acabara de acolh\u00ea-lo na Ordem dos Presb\u00edteros. Frei Fid\u00eancio falou em nome da Prov\u00edncia, trazendo \u00e0 lembran\u00e7a o carinho de sua irm\u00e3 Cristina, que n\u00e3o p\u00f4de comparecer \u00e0 celebra\u00e7\u00e3o por estar em S\u00e3o Paulo por motivo de sa\u00fade. Lembrou uma frase dela: &#8220;Tenho certeza que meu irm\u00e3o ser\u00e1 um bom sacerdote&#8221;.<\/p>\n<p>Frei Robson celebra sua primeira Missa neste domingo, \u00e0s 10 horas, em sua comunidade natal, Fernando Machado, em Cordilheira Alta, SC. A festa promete ser grande, no banquete eucar\u00edstico, raz\u00e3o de ser e finalidade do minist\u00e9rio sacerdotal e tamb\u00e9m na confraterniza\u00e7\u00e3o entre todos os presentes.<\/p>\n","protected":false},"excerpt":{"rendered":"<p>Ordena\u00e7\u00e3o Presbiteral<\/p>\n","protected":false},"author":1,"featured_media":210832,"comment_status":"open","ping_status":"open","sticky":false,"template":"","format":"standard","meta":[],"categories":[1],"tags":[1267,157],"acf":[],"yoast_head":"<!-- This site is optimized with the Yoast SEO plugin v19.2 - https:\/\/yoast.com\/wordpress\/plugins\/seo\/ -->\n<title>Dom Odelir: &quot;Frei Robson, n\u00e3o perca nunca o desejo de buscar esse encontro com Deus&quot; - Not\u00edcias - Franciscanos<\/title>\n<meta name=\"robots\" content=\"index, follow, max-snippet:-1, max-image-preview:large, max-video-preview:-1\" \/>\n<link rel=\"canonical\" href=\"https:\/\/franciscanos.org.br\/noticias\/frei-robson-nao-perca-nunca-o-desejo-de-buscar-esse-encontro-com-deus.html\" \/>\n<meta property=\"og:locale\" content=\"pt_BR\" \/>\n<meta property=\"og:type\" content=\"article\" \/>\n<meta property=\"og:title\" content=\"Dom Odelir: &quot;Frei Robson, n\u00e3o perca nunca o desejo de buscar esse encontro com Deus&quot; - Not\u00edcias - Franciscanos\" \/>\n<meta property=\"og:description\" content=\"Ordena\u00e7\u00e3o Presbiteral\" \/>\n<meta property=\"og:url\" content=\"https:\/\/franciscanos.org.br\/noticias\/frei-robson-nao-perca-nunca-o-desejo-de-buscar-esse-encontro-com-deus.html\" \/>\n<meta property=\"og:site_name\" content=\"Not\u00edcias - Franciscanos\" \/>\n<meta property=\"article:published_time\" content=\"2016-10-30T02:26:21+00:00\" \/>\n<meta property=\"article:modified_time\" content=\"2019-09-13T15:30:18+00:00\" \/>\n<meta property=\"og:image\" content=\"https:\/\/franciscanos.org.br\/noticias\/wp-content\/uploads\/2016\/10\/robson_291016_2.jpg\" \/>\n\t<meta property=\"og:image:width\" content=\"273\" \/>\n\t<meta property=\"og:image:height\" content=\"181\" \/>\n\t<meta property=\"og:image:type\" content=\"image\/jpeg\" \/>\n<meta name=\"author\" content=\"admin\" \/>\n<meta name=\"twitter:card\" content=\"summary_large_image\" \/>\n<meta name=\"twitter:label1\" content=\"Escrito por\" \/>\n\t<meta name=\"twitter:data1\" content=\"admin\" \/>\n\t<meta name=\"twitter:label2\" content=\"Est. tempo de leitura\" \/>\n\t<meta name=\"twitter:data2\" content=\"5 minutos\" \/>\n<script type=\"application\/ld+json\" class=\"yoast-schema-graph\">{\"@context\":\"https:\/\/schema.org\",\"@graph\":[{\"@type\":\"WebSite\",\"@id\":\"https:\/\/franciscanos.org.br\/noticias\/#website\",\"url\":\"https:\/\/franciscanos.org.br\/noticias\/\",\"name\":\"Not\u00edcias - Franciscanos\",\"description\":\"Prov\u00edncia Franciscana da Imaculada Concei\u00e7\u00e3o do Brasil - Ordem dos Frades Menores - OFM\",\"potentialAction\":[{\"@type\":\"SearchAction\",\"target\":{\"@type\":\"EntryPoint\",\"urlTemplate\":\"https:\/\/franciscanos.org.br\/noticias\/?s={search_term_string}\"},\"query-input\":\"required name=search_term_string\"}],\"inLanguage\":\"pt-BR\"},{\"@type\":\"ImageObject\",\"inLanguage\":\"pt-BR\",\"@id\":\"https:\/\/franciscanos.org.br\/noticias\/frei-robson-nao-perca-nunca-o-desejo-de-buscar-esse-encontro-com-deus.html#primaryimage\",\"url\":\"https:\/\/franciscanos.org.br\/noticias\/wp-content\/uploads\/2016\/10\/robson_291016_2.jpg\",\"contentUrl\":\"https:\/\/franciscanos.org.br\/noticias\/wp-content\/uploads\/2016\/10\/robson_291016_2.jpg\",\"width\":273,\"height\":181},{\"@type\":\"WebPage\",\"@id\":\"https:\/\/franciscanos.org.br\/noticias\/frei-robson-nao-perca-nunca-o-desejo-de-buscar-esse-encontro-com-deus.html#webpage\",\"url\":\"https:\/\/franciscanos.org.br\/noticias\/frei-robson-nao-perca-nunca-o-desejo-de-buscar-esse-encontro-com-deus.html\",\"name\":\"Dom Odelir: \\\"Frei Robson, n\u00e3o perca nunca o desejo de buscar esse encontro com Deus\\\" - Not\u00edcias - Franciscanos\",\"isPartOf\":{\"@id\":\"https:\/\/franciscanos.org.br\/noticias\/#website\"},\"primaryImageOfPage\":{\"@id\":\"https:\/\/franciscanos.org.br\/noticias\/frei-robson-nao-perca-nunca-o-desejo-de-buscar-esse-encontro-com-deus.html#primaryimage\"},\"datePublished\":\"2016-10-30T02:26:21+00:00\",\"dateModified\":\"2019-09-13T15:30:18+00:00\",\"author\":{\"@id\":\"https:\/\/franciscanos.org.br\/noticias\/#\/schema\/person\/b38fbf43118f02820bd932f2e4b14ad3\"},\"breadcrumb\":{\"@id\":\"https:\/\/franciscanos.org.br\/noticias\/frei-robson-nao-perca-nunca-o-desejo-de-buscar-esse-encontro-com-deus.html#breadcrumb\"},\"inLanguage\":\"pt-BR\",\"potentialAction\":[{\"@type\":\"ReadAction\",\"target\":[\"https:\/\/franciscanos.org.br\/noticias\/frei-robson-nao-perca-nunca-o-desejo-de-buscar-esse-encontro-com-deus.html\"]}]},{\"@type\":\"BreadcrumbList\",\"@id\":\"https:\/\/franciscanos.org.br\/noticias\/frei-robson-nao-perca-nunca-o-desejo-de-buscar-esse-encontro-com-deus.html#breadcrumb\",\"itemListElement\":[{\"@type\":\"ListItem\",\"position\":1,\"name\":\"Home\",\"item\":\"https:\/\/franciscanos.org.br\/noticias\"},{\"@type\":\"ListItem\",\"position\":2,\"name\":\"Dom Odelir: &#8220;Frei Robson, n\u00e3o perca nunca o desejo de buscar esse encontro com Deus&#8221;\"}]},{\"@type\":\"Person\",\"@id\":\"https:\/\/franciscanos.org.br\/noticias\/#\/schema\/person\/b38fbf43118f02820bd932f2e4b14ad3\",\"name\":\"admin\",\"image\":{\"@type\":\"ImageObject\",\"inLanguage\":\"pt-BR\",\"@id\":\"https:\/\/franciscanos.org.br\/noticias\/#\/schema\/person\/image\/\",\"url\":\"https:\/\/secure.gravatar.com\/avatar\/e8495742d34d0ba6448ea1c628263b3e?s=96&d=mm&r=g\",\"contentUrl\":\"https:\/\/secure.gravatar.com\/avatar\/e8495742d34d0ba6448ea1c628263b3e?s=96&d=mm&r=g\",\"caption\":\"admin\"},\"url\":\"https:\/\/franciscanos.org.br\/noticias\/author\/admin\"}]}<\/script>\n<!-- \/ Yoast SEO plugin. -->","yoast_head_json":{"title":"Dom Odelir: \"Frei Robson, n\u00e3o perca nunca o desejo de buscar esse encontro com Deus\" - Not\u00edcias - Franciscanos","robots":{"index":"index","follow":"follow","max-snippet":"max-snippet:-1","max-image-preview":"max-image-preview:large","max-video-preview":"max-video-preview:-1"},"canonical":"https:\/\/franciscanos.org.br\/noticias\/frei-robson-nao-perca-nunca-o-desejo-de-buscar-esse-encontro-com-deus.html","og_locale":"pt_BR","og_type":"article","og_title":"Dom Odelir: \"Frei Robson, n\u00e3o perca nunca o desejo de buscar esse encontro com Deus\" - Not\u00edcias - Franciscanos","og_description":"Ordena\u00e7\u00e3o Presbiteral","og_url":"https:\/\/franciscanos.org.br\/noticias\/frei-robson-nao-perca-nunca-o-desejo-de-buscar-esse-encontro-com-deus.html","og_site_name":"Not\u00edcias - Franciscanos","article_published_time":"2016-10-30T02:26:21+00:00","article_modified_time":"2019-09-13T15:30:18+00:00","og_image":[{"width":273,"height":181,"url":"https:\/\/franciscanos.org.br\/noticias\/wp-content\/uploads\/2016\/10\/robson_291016_2.jpg","type":"image\/jpeg"}],"author":"admin","twitter_card":"summary_large_image","twitter_misc":{"Escrito por":"admin","Est. tempo de leitura":"5 minutos"},"schema":{"@context":"https:\/\/schema.org","@graph":[{"@type":"WebSite","@id":"https:\/\/franciscanos.org.br\/noticias\/#website","url":"https:\/\/franciscanos.org.br\/noticias\/","name":"Not\u00edcias - Franciscanos","description":"Prov\u00edncia Franciscana da Imaculada Concei\u00e7\u00e3o do Brasil - Ordem dos Frades Menores - OFM","potentialAction":[{"@type":"SearchAction","target":{"@type":"EntryPoint","urlTemplate":"https:\/\/franciscanos.org.br\/noticias\/?s={search_term_string}"},"query-input":"required name=search_term_string"}],"inLanguage":"pt-BR"},{"@type":"ImageObject","inLanguage":"pt-BR","@id":"https:\/\/franciscanos.org.br\/noticias\/frei-robson-nao-perca-nunca-o-desejo-de-buscar-esse-encontro-com-deus.html#primaryimage","url":"https:\/\/franciscanos.org.br\/noticias\/wp-content\/uploads\/2016\/10\/robson_291016_2.jpg","contentUrl":"https:\/\/franciscanos.org.br\/noticias\/wp-content\/uploads\/2016\/10\/robson_291016_2.jpg","width":273,"height":181},{"@type":"WebPage","@id":"https:\/\/franciscanos.org.br\/noticias\/frei-robson-nao-perca-nunca-o-desejo-de-buscar-esse-encontro-com-deus.html#webpage","url":"https:\/\/franciscanos.org.br\/noticias\/frei-robson-nao-perca-nunca-o-desejo-de-buscar-esse-encontro-com-deus.html","name":"Dom Odelir: \"Frei Robson, n\u00e3o perca nunca o desejo de buscar esse encontro com Deus\" - Not\u00edcias - Franciscanos","isPartOf":{"@id":"https:\/\/franciscanos.org.br\/noticias\/#website"},"primaryImageOfPage":{"@id":"https:\/\/franciscanos.org.br\/noticias\/frei-robson-nao-perca-nunca-o-desejo-de-buscar-esse-encontro-com-deus.html#primaryimage"},"datePublished":"2016-10-30T02:26:21+00:00","dateModified":"2019-09-13T15:30:18+00:00","author":{"@id":"https:\/\/franciscanos.org.br\/noticias\/#\/schema\/person\/b38fbf43118f02820bd932f2e4b14ad3"},"breadcrumb":{"@id":"https:\/\/franciscanos.org.br\/noticias\/frei-robson-nao-perca-nunca-o-desejo-de-buscar-esse-encontro-com-deus.html#breadcrumb"},"inLanguage":"pt-BR","potentialAction":[{"@type":"ReadAction","target":["https:\/\/franciscanos.org.br\/noticias\/frei-robson-nao-perca-nunca-o-desejo-de-buscar-esse-encontro-com-deus.html"]}]},{"@type":"BreadcrumbList","@id":"https:\/\/franciscanos.org.br\/noticias\/frei-robson-nao-perca-nunca-o-desejo-de-buscar-esse-encontro-com-deus.html#breadcrumb","itemListElement":[{"@type":"ListItem","position":1,"name":"Home","item":"https:\/\/franciscanos.org.br\/noticias"},{"@type":"ListItem","position":2,"name":"Dom Odelir: &#8220;Frei Robson, n\u00e3o perca nunca o desejo de buscar esse encontro com Deus&#8221;"}]},{"@type":"Person","@id":"https:\/\/franciscanos.org.br\/noticias\/#\/schema\/person\/b38fbf43118f02820bd932f2e4b14ad3","name":"admin","image":{"@type":"ImageObject","inLanguage":"pt-BR","@id":"https:\/\/franciscanos.org.br\/noticias\/#\/schema\/person\/image\/","url":"https:\/\/secure.gravatar.com\/avatar\/e8495742d34d0ba6448ea1c628263b3e?s=96&d=mm&r=g","contentUrl":"https:\/\/secure.gravatar.com\/avatar\/e8495742d34d0ba6448ea1c628263b3e?s=96&d=mm&r=g","caption":"admin"},"url":"https:\/\/franciscanos.org.br\/noticias\/author\/admin"}]}},"_links":{"self":[{"href":"https:\/\/franciscanos.org.br\/noticias\/wp-json\/wp\/v2\/posts\/119416"}],"collection":[{"href":"https:\/\/franciscanos.org.br\/noticias\/wp-json\/wp\/v2\/posts"}],"about":[{"href":"https:\/\/franciscanos.org.br\/noticias\/wp-json\/wp\/v2\/types\/post"}],"author":[{"embeddable":true,"href":"https:\/\/franciscanos.org.br\/noticias\/wp-json\/wp\/v2\/users\/1"}],"replies":[{"embeddable":true,"href":"https:\/\/franciscanos.org.br\/noticias\/wp-json\/wp\/v2\/comments?post=119416"}],"version-history":[{"count":0,"href":"https:\/\/franciscanos.org.br\/noticias\/wp-json\/wp\/v2\/posts\/119416\/revisions"}],"wp:featuredmedia":[{"embeddable":true,"href":"https:\/\/franciscanos.org.br\/noticias\/wp-json\/wp\/v2\/media\/210832"}],"wp:attachment":[{"href":"https:\/\/franciscanos.org.br\/noticias\/wp-json\/wp\/v2\/media?parent=119416"}],"wp:term":[{"taxonomy":"category","embeddable":true,"href":"https:\/\/franciscanos.org.br\/noticias\/wp-json\/wp\/v2\/categories?post=119416"},{"taxonomy":"post_tag","embeddable":true,"href":"https:\/\/franciscanos.org.br\/noticias\/wp-json\/wp\/v2\/tags?post=119416"}],"curies":[{"name":"wp","href":"https:\/\/api.w.org\/{rel}","templated":true}]}}