{"id":119346,"date":"2016-10-29T09:44:28","date_gmt":"2016-10-29T11:44:28","guid":{"rendered":"http:\/\/franciscanos.org.br\/?p=119346"},"modified":"2020-03-20T10:52:10","modified_gmt":"2020-03-20T13:52:10","slug":"paroquia-de-xaxim-celebra-50-anos-da-morte-de-frei-placido","status":"publish","type":"post","link":"https:\/\/franciscanos.org.br\/noticias\/paroquia-de-xaxim-celebra-50-anos-da-morte-de-frei-placido.html","title":{"rendered":"Par\u00f3quia de Xaxim celebra 50 anos da morte de Frei Pl\u00e1cido"},"content":{"rendered":"<p><img loading=\"lazy\" src=\"http:\/\/franciscanos.org.br\/wp-content\/uploads\/2016\/10\/caminhada_291016_4.jpg\" alt=\"caminhada_291016_4\" width=\"830\" height=\"549\" \/><\/p>\n<p><strong>Moacir Beggo<\/strong><\/p>\n<p><strong>Xaxim (SC)<\/strong> &#8211; A Par\u00f3quia S\u00e3o Lu\u00eds de Gonzaga, em Xaxim (SC), celebrou nesta sexta-feira, 28 de outubro, 50 anos da morte de Pl\u00e1cido Rohlf, o conhecido Mission\u00e1rio do Oeste Catarinense e tamb\u00e9m lembrado por muitos paroquianos como o &#8220;Frei das Mulas&#8221;. Para marcar esta data, a Par\u00f3quia fez uma caminhada penitencial que saiu da Matriz at\u00e9 o Cemit\u00e9rio Municipal que leva o nome de Frei Pl\u00e1cido. Ali, em frente a Capela tamb\u00e9m dedicada ao frade, o p\u00e1roco Frei Alex Cianorscki presidiu a Santa Missa.<\/p>\n<p>A caminhada saiu da Matriz \u00e0s 18h30 com um bom n\u00famero de peregrinos, que percorreu um trajeto pela cidade de cerca de 3 quil\u00f4metros. V\u00e1rias casas, por onde passou a prociss\u00e3o, montaram altares na rua, todas ilustrando o espa\u00e7o com um cartaz sobre um trecho da biografia de Frei Pl\u00e1cido. Frei Alex comentava esses aspectos da vida de Frei Pl\u00e1cido, considerado por muitos um &#8220;santo&#8221;. Junto com Frei Bruno Linden, que est\u00e1 em processo de beatifica\u00e7\u00e3o, ele \u00e9 um dos mission\u00e1rios mais queridos desta regi\u00e3o catarinense.<\/p>\n<p>Ao comentar o Evangelho, Frei Alex lembrou os Ap\u00f3stolos, pois hoje a Igreja celebra S\u00e3o Judas Tadeu. &#8220;Os nomes dos ap\u00f3stolos ficaram marcados para sempre na Palavra de Deus e para sempre em nossos cora\u00e7\u00f5es. Deus, durante a hist\u00f3ria, continuou chamando tantas e tantas pessoas para que pudessem, atrav\u00e9s de suas vidas, serem um sinal para anunciar a bondade do Senhor&#8221;.<\/p>\n<p>Segundo o p\u00e1roco, entre essas pessoas, que j\u00e1 passaram pela cidade de Xaxim, hoje se recorda de Frei Pl\u00e1cido. &#8220;Deus tocou o seu cora\u00e7\u00e3o. E como n\u00f3s recordamos durante a caminhada, saindo l\u00e1 da Alemanha ele veio para junto de nosso povo, da nossa comunidade, para ser um sinal de Deus&#8221;, explicou.<\/p>\n<p>&#8220;Por isso, a nossa ora\u00e7\u00e3o hoje quer dizer um muito obrigado a Deus que nos concedeu Frei Pl\u00e1cido, que deu ele como evangelizador, mission\u00e1rio, sinal da presen\u00e7a de Deus e da b\u00ean\u00e7\u00e3o do Senhor para todos n\u00f3s&#8221;, disse.<\/p>\n<p>Para Frei Alex, embora existam muitos artigos sobre a vida de Pl\u00e1cido, &#8220;a verdadeira hist\u00f3ria de Frei Pl\u00e1cido est\u00e1 escrita, registrada em nossos cora\u00e7\u00f5es. E \u00e9 por isso que n\u00f3s estamos aqui hoje. Os seus ensinamentos, o seu modelo de vida, a sua prega\u00e7\u00e3o, o seu carinho, a sua f\u00e9, marcaram nossos cora\u00e7\u00f5es. A hist\u00f3ria de Frei Pl\u00e1cido est\u00e1 viva na f\u00e9 do povo de Xaxim&#8221;, frisou o p\u00e1roco de Xaxim.<\/p>\n<p>&#8220;Que Deus acolha nosso agradecimento por uma hist\u00f3ria t\u00e3o bonita, feita de doa\u00e7\u00e3o e feita de entrega&#8221;, pediu, lembrando os 50 anos da vida e passagem no meio do povo de Xaxim. &#8220;Portanto, Frei Pl\u00e1cido continua hoje nos desafiando. Aquele que saiu da Alemanha e veio para c\u00e1 anunciar a Boa Nova, nos diz que Deus, hoje, continua nos chamando para que possamos, na doa\u00e7\u00e3o de vida, na viv\u00eancia da f\u00e9, anunciarmos tamb\u00e9m o Reino de Deus&#8221;, provocou.<\/p>\n<p>&#8220;Frei Pl\u00e1cido, mission\u00e1rio do Oeste Catarinense, nos desafia tamb\u00e9m n\u00f3s a sermos mission\u00e1rios e mission\u00e1rias, na nossa sociedade, na nossa cidade, na nossa fam\u00edlia, na nossa casa, na nossa Igreja&#8221;, completou Frei Alex, pedindo a intercess\u00e3o deste frade piedoso junto a Deus por cada um dos presentes e pedindo que seu exemplo desperte &#8220;em nossos cora\u00e7\u00f5es o desejo de anunciarmos o amor e a bondade do Senhor&#8221;.<\/p>\n<p>&nbsp;<\/p>\n<p><strong>MISSION\u00c1RIO DO OESTE CATARINENSE<\/strong><\/p>\n<p>Frei Pl\u00e1cido nasceu no dia 12 de junho de 1887, em Lavesum. Chegou a Blumenau em outubro de 1913 e recebeu o h\u00e1bito franciscano no Noviciado de Rodeio, no dia 20 de janeiro de 1916. Sua presen\u00e7a evangelizadora \u00e9 muito marcante nos estados do Paran\u00e1 e Santa Catarina.<\/p>\n<table border=\"0\" width=\"450\" cellspacing=\"3\" cellpadding=\"3\" align=\"right\">\n<tbody>\n<tr>\n<td bgcolor=\"#CCCCCC\">\n<h4 style=\"padding-left: 10px;\">O famoso serm\u00e3o na Matriz de Palmas<\/h4>\n<p style=\"padding-left: 10px;\">Segundo Frei Evaldo, em Palmas, entre 1936 e 1938, Frei Pl\u00e1cido fez um de seus famosos serm\u00f5es, que ficou gravado na mem\u00f3ria da cidade. Foi ap\u00f3s a Via-Sacra. &#8220;Todos acompanhamos os Passos do Senhor Bom Jesus, nosso amado Padroeiro. Foi de fato homem corajoso em aceitar, em nosso nome, tanto sofrimento. Mostrou ser homem. Foi macho. Aqui, na casa do Homem Bom Jesus, t\u00e3o macho, se encontram tantos homens que fazem empenho de serem considerados machos e assim serem chamados. S\u00e3o eles machos perante a mulher e os filhos. Mandam e desmandam. S\u00e3o machos na sociedade, principalmente nas brigas, nas lutas e na lida com os animais. Sempre s\u00e3o e querem ser considerados machos por todo o mundo. S\u00f3 num lugar e numa ocasi\u00e3o deixam de ser machos. Justamente onde ele faria honra a esse t\u00edtulo (Frei Pl\u00e1cido, em sua agilidade quase felina, vai \u00e0 esquerda, volta \u00e0 direita na Mesa da Comunh\u00e3o). Aqui, nesta casa de Deus; aqui na Mesa do Senhor falta este macho, falta este homem, falta o chefe de fam\u00edlia. Aqui \u00e9 que ningu\u00e9m quer ser macho. Aqui ningu\u00e9m \u00e9 macho. Aqui tem vergonha de ser homem, de ser chefe. Aqui o macho se esconde atr\u00e1s da saia da mulher. Aqui manda a mulher fazer o de que ele se envergonha. E muitas vezes nem mesmo d\u00e1 \u00e0 mulher a honra cavalheiresca de acompanh\u00e1-la at\u00e9 \u00e0 Igreja. O corajoso macho se esconde. \u00c9 um fraco, um medroso, um covarde perante toda a fam\u00edlia, perante a sociedade, perante Jesus, esse, sim, homem macho e corajoso!<br \/>\nHavia tanto fogo religioso nesse modo de falar que o sucesso foi positivo&#8221;.<\/p>\n<\/td>\n<\/tr>\n<\/tbody>\n<\/table>\n<p>O bi\u00f3grafo Frei Clar\u00eancio Neotti cita a cr\u00f4nica de Frei Evaldo Bamberg (+ 1992) sobre Frei Pl\u00e1cido: &#8220;Avesso a grandes cidades, mostrava jeito incomum e incr\u00edvel de adapta\u00e7\u00e3o ao ambiente. No bom sentido, era mais simples, humilde a acaboclado do que os moradores do lugar. Mas conservava sempre um profundo respeito para sua voca\u00e7\u00e3o de sacerdote franciscano. Gostava de tomar parte em conversas alegres, mas habilmente sabia afastar-se, quando elas &#8220;engrossavam&#8221; ou quando alguma obriga\u00e7\u00e3o o chamava. Contava anedotas e as inventava de mil modos, conforme os ouvintes e as circunst\u00e2ncias. Sabia educar eficazmente pequenos e grandes para a religi\u00e3o e a vida, sem contudo se tomar inoportuno e antissocial. Muitas de suas anedotas ainda hoje se contam entre os velhos. Sempre interessado pela horta, jardim, frutas e plantas. Muitas vezes nos serm\u00f5es repreendia os que maltratavam animais e plantas. Tanto quanto poss\u00edvel zelava pela limpeza do h\u00e1bito e outras roupas. Os arreios e outros apetrechos estavam sempre em perfeito estado. Afinal, tamb\u00e9m eles estavam a servi\u00e7o da pastoral&#8221;.<\/p>\n<p>Frei Pl\u00e1cido foi o primeiro p\u00e1roco itinerante da Par\u00f3quia de Santo Ant\u00f4nio de Chapec\u00f3 (1931-1932) e p\u00e1roco da Par\u00f3quia de S\u00e3o Luiz Gonzaga de Xaxim de 1941 a 1945. Neste per\u00edodo lan\u00e7ou a ideia de construir a matriz atual, cuja constru\u00e7\u00e3o iniciou-se em 1947.<\/p>\n<p>Frei Evaldo lembra a afinidade que se criou entre Frei Pl\u00e1cido e sua mula: &#8220;Nunca posso esquecer nem Frei Pl\u00e1cido Rohlf nem sua mula baixa e preta. Era proverbial a quase &#8216;incorpora\u00e7\u00e3o&#8217; de ambos. Era t\u00e3o fogosa, garbosa, flex\u00edvel e generosa para com ele, que pareciam irm\u00e3os. S\u00f3 ele a tratava, encilhava e montava. Ai do estranho que a quisesse prender ou pegar! Ela avan\u00e7ava com a cabe\u00e7a abaixada, crina esticada, olhos em brasa e narinas com sopro ventoso; o fregu\u00eas &#8211; na express\u00e3o do sertanejo &#8211; batia os p\u00e9s, dando gra\u00e7as a Deus ter conseguido dist\u00e2ncia antes que fosse tarde&#8221;.<\/p>\n","protected":false},"excerpt":{"rendered":"<p>Mem\u00f3ria<\/p>\n","protected":false},"author":1,"featured_media":222118,"comment_status":"open","ping_status":"open","sticky":false,"template":"","format":"standard","meta":[],"categories":[1],"tags":[],"acf":[],"yoast_head":"<!-- This site is optimized with the Yoast SEO plugin v19.2 - https:\/\/yoast.com\/wordpress\/plugins\/seo\/ -->\n<title>Par\u00f3quia de Xaxim celebra 50 anos da morte de Frei Pl\u00e1cido - Not\u00edcias - Franciscanos<\/title>\n<meta name=\"robots\" content=\"index, follow, max-snippet:-1, max-image-preview:large, max-video-preview:-1\" \/>\n<link rel=\"canonical\" href=\"https:\/\/franciscanos.org.br\/noticias\/paroquia-de-xaxim-celebra-50-anos-da-morte-de-frei-placido.html\" \/>\n<meta property=\"og:locale\" content=\"pt_BR\" \/>\n<meta property=\"og:type\" content=\"article\" \/>\n<meta property=\"og:title\" content=\"Par\u00f3quia de Xaxim celebra 50 anos da morte de Frei Pl\u00e1cido - Not\u00edcias - Franciscanos\" \/>\n<meta property=\"og:description\" content=\"Mem\u00f3ria\" \/>\n<meta property=\"og:url\" content=\"https:\/\/franciscanos.org.br\/noticias\/paroquia-de-xaxim-celebra-50-anos-da-morte-de-frei-placido.html\" \/>\n<meta property=\"og:site_name\" content=\"Not\u00edcias - Franciscanos\" \/>\n<meta property=\"article:published_time\" content=\"2016-10-29T11:44:28+00:00\" \/>\n<meta property=\"article:modified_time\" content=\"2020-03-20T13:52:10+00:00\" \/>\n<meta property=\"og:image\" content=\"https:\/\/franciscanos.org.br\/noticias\/wp-content\/uploads\/2016\/10\/caminhada_291016_4.jpg\" \/>\n\t<meta property=\"og:image:width\" content=\"273\" \/>\n\t<meta property=\"og:image:height\" content=\"181\" \/>\n\t<meta property=\"og:image:type\" content=\"image\/jpeg\" \/>\n<meta name=\"author\" content=\"admin\" \/>\n<meta name=\"twitter:card\" content=\"summary_large_image\" \/>\n<meta name=\"twitter:label1\" content=\"Escrito por\" \/>\n\t<meta name=\"twitter:data1\" content=\"admin\" \/>\n\t<meta name=\"twitter:label2\" content=\"Est. tempo de leitura\" \/>\n\t<meta name=\"twitter:data2\" content=\"6 minutos\" \/>\n<script type=\"application\/ld+json\" class=\"yoast-schema-graph\">{\"@context\":\"https:\/\/schema.org\",\"@graph\":[{\"@type\":\"WebSite\",\"@id\":\"https:\/\/franciscanos.org.br\/noticias\/#website\",\"url\":\"https:\/\/franciscanos.org.br\/noticias\/\",\"name\":\"Not\u00edcias - Franciscanos\",\"description\":\"Prov\u00edncia Franciscana da Imaculada Concei\u00e7\u00e3o do Brasil - Ordem dos Frades Menores - OFM\",\"potentialAction\":[{\"@type\":\"SearchAction\",\"target\":{\"@type\":\"EntryPoint\",\"urlTemplate\":\"https:\/\/franciscanos.org.br\/noticias\/?s={search_term_string}\"},\"query-input\":\"required name=search_term_string\"}],\"inLanguage\":\"pt-BR\"},{\"@type\":\"ImageObject\",\"inLanguage\":\"pt-BR\",\"@id\":\"https:\/\/franciscanos.org.br\/noticias\/paroquia-de-xaxim-celebra-50-anos-da-morte-de-frei-placido.html#primaryimage\",\"url\":\"https:\/\/franciscanos.org.br\/noticias\/wp-content\/uploads\/2016\/10\/caminhada_291016_4.jpg\",\"contentUrl\":\"https:\/\/franciscanos.org.br\/noticias\/wp-content\/uploads\/2016\/10\/caminhada_291016_4.jpg\",\"width\":273,\"height\":181},{\"@type\":\"WebPage\",\"@id\":\"https:\/\/franciscanos.org.br\/noticias\/paroquia-de-xaxim-celebra-50-anos-da-morte-de-frei-placido.html#webpage\",\"url\":\"https:\/\/franciscanos.org.br\/noticias\/paroquia-de-xaxim-celebra-50-anos-da-morte-de-frei-placido.html\",\"name\":\"Par\u00f3quia de Xaxim celebra 50 anos da morte de Frei Pl\u00e1cido - Not\u00edcias - Franciscanos\",\"isPartOf\":{\"@id\":\"https:\/\/franciscanos.org.br\/noticias\/#website\"},\"primaryImageOfPage\":{\"@id\":\"https:\/\/franciscanos.org.br\/noticias\/paroquia-de-xaxim-celebra-50-anos-da-morte-de-frei-placido.html#primaryimage\"},\"datePublished\":\"2016-10-29T11:44:28+00:00\",\"dateModified\":\"2020-03-20T13:52:10+00:00\",\"author\":{\"@id\":\"https:\/\/franciscanos.org.br\/noticias\/#\/schema\/person\/b38fbf43118f02820bd932f2e4b14ad3\"},\"breadcrumb\":{\"@id\":\"https:\/\/franciscanos.org.br\/noticias\/paroquia-de-xaxim-celebra-50-anos-da-morte-de-frei-placido.html#breadcrumb\"},\"inLanguage\":\"pt-BR\",\"potentialAction\":[{\"@type\":\"ReadAction\",\"target\":[\"https:\/\/franciscanos.org.br\/noticias\/paroquia-de-xaxim-celebra-50-anos-da-morte-de-frei-placido.html\"]}]},{\"@type\":\"BreadcrumbList\",\"@id\":\"https:\/\/franciscanos.org.br\/noticias\/paroquia-de-xaxim-celebra-50-anos-da-morte-de-frei-placido.html#breadcrumb\",\"itemListElement\":[{\"@type\":\"ListItem\",\"position\":1,\"name\":\"Home\",\"item\":\"https:\/\/franciscanos.org.br\/noticias\"},{\"@type\":\"ListItem\",\"position\":2,\"name\":\"Par\u00f3quia de Xaxim celebra 50 anos da morte de Frei Pl\u00e1cido\"}]},{\"@type\":\"Person\",\"@id\":\"https:\/\/franciscanos.org.br\/noticias\/#\/schema\/person\/b38fbf43118f02820bd932f2e4b14ad3\",\"name\":\"admin\",\"image\":{\"@type\":\"ImageObject\",\"inLanguage\":\"pt-BR\",\"@id\":\"https:\/\/franciscanos.org.br\/noticias\/#\/schema\/person\/image\/\",\"url\":\"https:\/\/secure.gravatar.com\/avatar\/e8495742d34d0ba6448ea1c628263b3e?s=96&d=mm&r=g\",\"contentUrl\":\"https:\/\/secure.gravatar.com\/avatar\/e8495742d34d0ba6448ea1c628263b3e?s=96&d=mm&r=g\",\"caption\":\"admin\"},\"url\":\"https:\/\/franciscanos.org.br\/noticias\/author\/admin\"}]}<\/script>\n<!-- \/ Yoast SEO plugin. -->","yoast_head_json":{"title":"Par\u00f3quia de Xaxim celebra 50 anos da morte de Frei Pl\u00e1cido - Not\u00edcias - Franciscanos","robots":{"index":"index","follow":"follow","max-snippet":"max-snippet:-1","max-image-preview":"max-image-preview:large","max-video-preview":"max-video-preview:-1"},"canonical":"https:\/\/franciscanos.org.br\/noticias\/paroquia-de-xaxim-celebra-50-anos-da-morte-de-frei-placido.html","og_locale":"pt_BR","og_type":"article","og_title":"Par\u00f3quia de Xaxim celebra 50 anos da morte de Frei Pl\u00e1cido - Not\u00edcias - Franciscanos","og_description":"Mem\u00f3ria","og_url":"https:\/\/franciscanos.org.br\/noticias\/paroquia-de-xaxim-celebra-50-anos-da-morte-de-frei-placido.html","og_site_name":"Not\u00edcias - Franciscanos","article_published_time":"2016-10-29T11:44:28+00:00","article_modified_time":"2020-03-20T13:52:10+00:00","og_image":[{"width":273,"height":181,"url":"https:\/\/franciscanos.org.br\/noticias\/wp-content\/uploads\/2016\/10\/caminhada_291016_4.jpg","type":"image\/jpeg"}],"author":"admin","twitter_card":"summary_large_image","twitter_misc":{"Escrito por":"admin","Est. tempo de leitura":"6 minutos"},"schema":{"@context":"https:\/\/schema.org","@graph":[{"@type":"WebSite","@id":"https:\/\/franciscanos.org.br\/noticias\/#website","url":"https:\/\/franciscanos.org.br\/noticias\/","name":"Not\u00edcias - Franciscanos","description":"Prov\u00edncia Franciscana da Imaculada Concei\u00e7\u00e3o do Brasil - Ordem dos Frades Menores - OFM","potentialAction":[{"@type":"SearchAction","target":{"@type":"EntryPoint","urlTemplate":"https:\/\/franciscanos.org.br\/noticias\/?s={search_term_string}"},"query-input":"required name=search_term_string"}],"inLanguage":"pt-BR"},{"@type":"ImageObject","inLanguage":"pt-BR","@id":"https:\/\/franciscanos.org.br\/noticias\/paroquia-de-xaxim-celebra-50-anos-da-morte-de-frei-placido.html#primaryimage","url":"https:\/\/franciscanos.org.br\/noticias\/wp-content\/uploads\/2016\/10\/caminhada_291016_4.jpg","contentUrl":"https:\/\/franciscanos.org.br\/noticias\/wp-content\/uploads\/2016\/10\/caminhada_291016_4.jpg","width":273,"height":181},{"@type":"WebPage","@id":"https:\/\/franciscanos.org.br\/noticias\/paroquia-de-xaxim-celebra-50-anos-da-morte-de-frei-placido.html#webpage","url":"https:\/\/franciscanos.org.br\/noticias\/paroquia-de-xaxim-celebra-50-anos-da-morte-de-frei-placido.html","name":"Par\u00f3quia de Xaxim celebra 50 anos da morte de Frei Pl\u00e1cido - Not\u00edcias - Franciscanos","isPartOf":{"@id":"https:\/\/franciscanos.org.br\/noticias\/#website"},"primaryImageOfPage":{"@id":"https:\/\/franciscanos.org.br\/noticias\/paroquia-de-xaxim-celebra-50-anos-da-morte-de-frei-placido.html#primaryimage"},"datePublished":"2016-10-29T11:44:28+00:00","dateModified":"2020-03-20T13:52:10+00:00","author":{"@id":"https:\/\/franciscanos.org.br\/noticias\/#\/schema\/person\/b38fbf43118f02820bd932f2e4b14ad3"},"breadcrumb":{"@id":"https:\/\/franciscanos.org.br\/noticias\/paroquia-de-xaxim-celebra-50-anos-da-morte-de-frei-placido.html#breadcrumb"},"inLanguage":"pt-BR","potentialAction":[{"@type":"ReadAction","target":["https:\/\/franciscanos.org.br\/noticias\/paroquia-de-xaxim-celebra-50-anos-da-morte-de-frei-placido.html"]}]},{"@type":"BreadcrumbList","@id":"https:\/\/franciscanos.org.br\/noticias\/paroquia-de-xaxim-celebra-50-anos-da-morte-de-frei-placido.html#breadcrumb","itemListElement":[{"@type":"ListItem","position":1,"name":"Home","item":"https:\/\/franciscanos.org.br\/noticias"},{"@type":"ListItem","position":2,"name":"Par\u00f3quia de Xaxim celebra 50 anos da morte de Frei Pl\u00e1cido"}]},{"@type":"Person","@id":"https:\/\/franciscanos.org.br\/noticias\/#\/schema\/person\/b38fbf43118f02820bd932f2e4b14ad3","name":"admin","image":{"@type":"ImageObject","inLanguage":"pt-BR","@id":"https:\/\/franciscanos.org.br\/noticias\/#\/schema\/person\/image\/","url":"https:\/\/secure.gravatar.com\/avatar\/e8495742d34d0ba6448ea1c628263b3e?s=96&d=mm&r=g","contentUrl":"https:\/\/secure.gravatar.com\/avatar\/e8495742d34d0ba6448ea1c628263b3e?s=96&d=mm&r=g","caption":"admin"},"url":"https:\/\/franciscanos.org.br\/noticias\/author\/admin"}]}},"_links":{"self":[{"href":"https:\/\/franciscanos.org.br\/noticias\/wp-json\/wp\/v2\/posts\/119346"}],"collection":[{"href":"https:\/\/franciscanos.org.br\/noticias\/wp-json\/wp\/v2\/posts"}],"about":[{"href":"https:\/\/franciscanos.org.br\/noticias\/wp-json\/wp\/v2\/types\/post"}],"author":[{"embeddable":true,"href":"https:\/\/franciscanos.org.br\/noticias\/wp-json\/wp\/v2\/users\/1"}],"replies":[{"embeddable":true,"href":"https:\/\/franciscanos.org.br\/noticias\/wp-json\/wp\/v2\/comments?post=119346"}],"version-history":[{"count":3,"href":"https:\/\/franciscanos.org.br\/noticias\/wp-json\/wp\/v2\/posts\/119346\/revisions"}],"predecessor-version":[{"id":222117,"href":"https:\/\/franciscanos.org.br\/noticias\/wp-json\/wp\/v2\/posts\/119346\/revisions\/222117"}],"wp:featuredmedia":[{"embeddable":true,"href":"https:\/\/franciscanos.org.br\/noticias\/wp-json\/wp\/v2\/media\/222118"}],"wp:attachment":[{"href":"https:\/\/franciscanos.org.br\/noticias\/wp-json\/wp\/v2\/media?parent=119346"}],"wp:term":[{"taxonomy":"category","embeddable":true,"href":"https:\/\/franciscanos.org.br\/noticias\/wp-json\/wp\/v2\/categories?post=119346"},{"taxonomy":"post_tag","embeddable":true,"href":"https:\/\/franciscanos.org.br\/noticias\/wp-json\/wp\/v2\/tags?post=119346"}],"curies":[{"name":"wp","href":"https:\/\/api.w.org\/{rel}","templated":true}]}}