{"id":119310,"date":"2016-10-29T08:20:55","date_gmt":"2016-10-29T10:20:55","guid":{"rendered":"http:\/\/franciscanos.org.br\/?p=119310"},"modified":"2020-06-09T14:24:58","modified_gmt":"2020-06-09T17:24:58","slug":"o-servico-do-lava-pes-da-vocacao-presbiteral","status":"publish","type":"post","link":"https:\/\/franciscanos.org.br\/noticias\/o-servico-do-lava-pes-da-vocacao-presbiteral.html","title":{"rendered":"O servi\u00e7o do lava-p\u00e9s da voca\u00e7\u00e3o presbiteral"},"content":{"rendered":"<p><strong>Frei Diego Atalino de Melo e Aspirante Yves Leite<\/strong><\/p>\n<p><strong>Coronel Freitas (SC<\/strong>) &#8211; O terceiro dia do tr\u00edduo em prepara\u00e7\u00e3o da ordena\u00e7\u00e3o do Frei Robson mexeu com as emo\u00e7\u00f5es da comunidade de Fernando Machado. Neste dia, o enfoque dado pela liturgia foi dado \u00e0 voca\u00e7\u00e3o presbiteral, o minist\u00e9rio para o qual Frei Robson foi eleito pela Igreja para assumir e servir ao povo, em nome de Cristo.<\/p>\n<p>O presidente da celebra\u00e7\u00e3o foi Frei Heitor Cela, tamb\u00e9m filho desta terra, que, com muita alegria e desenvoltura, falou da dignidade do minist\u00e9rio presbiteral e, em contrapartida, relembrando sempre que ela n\u00e3o tornaria ningu\u00e9m distante, distinto dos outros, sendo esta apenas uma forma diferente de servir a Deus e ser seu povo.<br \/>\nComo s\u00edmbolo deste servi\u00e7o para o qual Frei Robson foi escolhido, a liturgia se voltou para a cena do lava-p\u00e9s, onde Jesus coloca-se como servo, lavando os p\u00e9s daqueles que o seguiam e colocando-se como menor entre eles. De igual forma, aquele que assume o minist\u00e9rio ordenado, ir\u00e1 servir celebrando com o povo os sacramentos, sendo sinal e presen\u00e7a de Deus junto ao povo e permitindo-se ser seu instrumento de a\u00e7\u00e3o para com seus filhos.<\/p>\n<p><img loading=\"lazy\" class=\"alignleft wp-image-119313 size-full\" src=\"http:\/\/franciscanos.org.br\/wp-content\/uploads\/2016\/10\/robson_281016_2.jpg\" alt=\"robson_281016_2\" width=\"500\" height=\"375\" \/>Como primeiro sinal do desejo de servir e render gra\u00e7as, Frei Robson p\u00f4de lavar os p\u00e9s daqueles que, por primeiro, o acolheram e o serviram em demonstra\u00e7\u00e3o do amor: seus pais, Maria e Luiz. Uma cena que tocou o cora\u00e7\u00e3o dos tr\u00eas, no qual puderam trazer \u00e0 lembran\u00e7a toda a gratid\u00e3o por aquilo que foi vivido em fam\u00edlia, e refletir na emo\u00e7\u00e3o que tocou toda a comunidade, afinal, segundo as palavras do pr\u00f3prio Frei Robson: \u201cDeus tem o rosto de casa\u201d.<\/p>\n<p>E, j\u00e1 no final da celebra\u00e7\u00e3o, a comunidade Sant\u2019Ana, de Fernando Machado, o coordenador da comunidade, Evandro, agradeceu a todos pela acolhida dos mission\u00e1rios e pelos esfor\u00e7os para que tudo transcorresse bem. Agradeceu aos mission\u00e1rios e, de modo especial, agradeceu aquele que reuniu todos para que esta semana de b\u00ean\u00e7\u00e3os pudesse acontecer: Frei Robson, que recebeu como lembran\u00e7a uma casula para sua ordena\u00e7\u00e3o.<\/p>\n<p>Assim encerraram-se os preparativos para a ordena\u00e7\u00e3o, em dias de festa, celebra\u00e7\u00e3o e confraterniza\u00e7\u00e3o.<\/p>\n<p>Frei Robson ser\u00e1 ordenado neste s\u00e1bado, dia 29 de outubro, na Igreja Matriz S\u00e3o Jos\u00e9, de Coronel Freitas (SC), pelo bispo diocesano de Chapec\u00f3, Dom Odelir Jos\u00e9 Magri, MCCJ, durante Celebra\u00e7\u00e3o Eucar\u00edstica, \u00e0s 18 horas. No domingo, dia 30 de outubro, \u00e0s 10 horas, na Comunidade de Fernando Machado, em Cordilheira Alta, SC, Frei Robson vai celebrar a Primeira Missa, que ter\u00e1 como pregador Frei Pedro da Silva.<\/p>\n<p>Frei Robson ingressou no Semin\u00e1rio de Agudos em 2002 e fez o Postulantado em Guaratinguet\u00e1 em 2005. Vestiu o h\u00e1bito franciscano em Rodeio (2006) e cursou Filosofia at\u00e9 2009, quando embarcou para Angola, onde fez um est\u00e1gio Mission\u00e1rio, de 2010 a 2011. No retorno ao Brasil, cursou Teologia e hoje reside no Semin\u00e1rio S\u00e3o Francisco de Assis de Ituporanga.<\/p>\n<p><strong>TRANSMISS\u00c3O AO VIVO<\/strong><\/p>\n<p>A R\u00e1dio Coroado AM ir\u00e1 transmitir ao vivo a ordena\u00e7\u00e3o de Frei Robson Luiz Scudela. No s\u00e1bado, 29, a partir das 18h.<br \/>\nSer\u00e1 poss\u00edvel acompanhar tamb\u00e9m pelo site http:\/\/movimento.fm.br\/site\/<\/p>\n<p>Na sexta-feira, 28, \u00e0s 19h30, haver\u00e1 uma entrevista na TV Sudoeste. No site http:\/\/www.tvsudoestepr.com.br\/ \u00e9 poss\u00edvel acompanhar.<br \/>\nTamb\u00e9m na TV Sudoeste, na segunda-feira, 31, ao meio dia, haver\u00e1 uma reportagem sobre a ordena\u00e7\u00e3o.<\/p>\n","protected":false},"excerpt":{"rendered":"<p>Ordena\u00e7\u00e3o Presbiteral<\/p>\n","protected":false},"author":1,"featured_media":222119,"comment_status":"open","ping_status":"open","sticky":false,"template":"","format":"standard","meta":[],"categories":[1],"tags":[157],"acf":[],"yoast_head":"<!-- This site is optimized with the Yoast SEO plugin v19.2 - https:\/\/yoast.com\/wordpress\/plugins\/seo\/ -->\n<title>O servi\u00e7o do lava-p\u00e9s da voca\u00e7\u00e3o presbiteral - Not\u00edcias - Franciscanos<\/title>\n<meta name=\"robots\" content=\"index, follow, max-snippet:-1, max-image-preview:large, max-video-preview:-1\" \/>\n<link rel=\"canonical\" href=\"https:\/\/franciscanos.org.br\/noticias\/o-servico-do-lava-pes-da-vocacao-presbiteral.html\" \/>\n<meta property=\"og:locale\" content=\"pt_BR\" \/>\n<meta property=\"og:type\" content=\"article\" \/>\n<meta property=\"og:title\" content=\"O servi\u00e7o do lava-p\u00e9s da voca\u00e7\u00e3o presbiteral - Not\u00edcias - Franciscanos\" \/>\n<meta property=\"og:description\" content=\"Ordena\u00e7\u00e3o Presbiteral\" \/>\n<meta property=\"og:url\" content=\"https:\/\/franciscanos.org.br\/noticias\/o-servico-do-lava-pes-da-vocacao-presbiteral.html\" \/>\n<meta property=\"og:site_name\" content=\"Not\u00edcias - Franciscanos\" \/>\n<meta property=\"article:published_time\" content=\"2016-10-29T10:20:55+00:00\" \/>\n<meta property=\"article:modified_time\" content=\"2020-06-09T17:24:58+00:00\" \/>\n<meta property=\"og:image\" content=\"https:\/\/franciscanos.org.br\/noticias\/wp-content\/uploads\/2016\/10\/robson_281016_2.jpg\" \/>\n\t<meta property=\"og:image:width\" content=\"273\" \/>\n\t<meta property=\"og:image:height\" content=\"181\" \/>\n\t<meta property=\"og:image:type\" content=\"image\/jpeg\" \/>\n<meta name=\"author\" content=\"admin\" \/>\n<meta name=\"twitter:card\" content=\"summary_large_image\" \/>\n<meta name=\"twitter:label1\" content=\"Escrito por\" \/>\n\t<meta name=\"twitter:data1\" content=\"admin\" \/>\n\t<meta name=\"twitter:label2\" content=\"Est. tempo de leitura\" \/>\n\t<meta name=\"twitter:data2\" content=\"3 minutos\" \/>\n<script type=\"application\/ld+json\" class=\"yoast-schema-graph\">{\"@context\":\"https:\/\/schema.org\",\"@graph\":[{\"@type\":\"WebSite\",\"@id\":\"https:\/\/franciscanos.org.br\/noticias\/#website\",\"url\":\"https:\/\/franciscanos.org.br\/noticias\/\",\"name\":\"Not\u00edcias - Franciscanos\",\"description\":\"Prov\u00edncia Franciscana da Imaculada Concei\u00e7\u00e3o do Brasil - Ordem dos Frades Menores - OFM\",\"potentialAction\":[{\"@type\":\"SearchAction\",\"target\":{\"@type\":\"EntryPoint\",\"urlTemplate\":\"https:\/\/franciscanos.org.br\/noticias\/?s={search_term_string}\"},\"query-input\":\"required name=search_term_string\"}],\"inLanguage\":\"pt-BR\"},{\"@type\":\"ImageObject\",\"inLanguage\":\"pt-BR\",\"@id\":\"https:\/\/franciscanos.org.br\/noticias\/o-servico-do-lava-pes-da-vocacao-presbiteral.html#primaryimage\",\"url\":\"https:\/\/franciscanos.org.br\/noticias\/wp-content\/uploads\/2016\/10\/robson_281016_2.jpg\",\"contentUrl\":\"https:\/\/franciscanos.org.br\/noticias\/wp-content\/uploads\/2016\/10\/robson_281016_2.jpg\",\"width\":273,\"height\":181},{\"@type\":\"WebPage\",\"@id\":\"https:\/\/franciscanos.org.br\/noticias\/o-servico-do-lava-pes-da-vocacao-presbiteral.html#webpage\",\"url\":\"https:\/\/franciscanos.org.br\/noticias\/o-servico-do-lava-pes-da-vocacao-presbiteral.html\",\"name\":\"O servi\u00e7o do lava-p\u00e9s da voca\u00e7\u00e3o presbiteral - Not\u00edcias - Franciscanos\",\"isPartOf\":{\"@id\":\"https:\/\/franciscanos.org.br\/noticias\/#website\"},\"primaryImageOfPage\":{\"@id\":\"https:\/\/franciscanos.org.br\/noticias\/o-servico-do-lava-pes-da-vocacao-presbiteral.html#primaryimage\"},\"datePublished\":\"2016-10-29T10:20:55+00:00\",\"dateModified\":\"2020-06-09T17:24:58+00:00\",\"author\":{\"@id\":\"https:\/\/franciscanos.org.br\/noticias\/#\/schema\/person\/b38fbf43118f02820bd932f2e4b14ad3\"},\"breadcrumb\":{\"@id\":\"https:\/\/franciscanos.org.br\/noticias\/o-servico-do-lava-pes-da-vocacao-presbiteral.html#breadcrumb\"},\"inLanguage\":\"pt-BR\",\"potentialAction\":[{\"@type\":\"ReadAction\",\"target\":[\"https:\/\/franciscanos.org.br\/noticias\/o-servico-do-lava-pes-da-vocacao-presbiteral.html\"]}]},{\"@type\":\"BreadcrumbList\",\"@id\":\"https:\/\/franciscanos.org.br\/noticias\/o-servico-do-lava-pes-da-vocacao-presbiteral.html#breadcrumb\",\"itemListElement\":[{\"@type\":\"ListItem\",\"position\":1,\"name\":\"Home\",\"item\":\"https:\/\/franciscanos.org.br\/noticias\"},{\"@type\":\"ListItem\",\"position\":2,\"name\":\"O servi\u00e7o do lava-p\u00e9s da voca\u00e7\u00e3o presbiteral\"}]},{\"@type\":\"Person\",\"@id\":\"https:\/\/franciscanos.org.br\/noticias\/#\/schema\/person\/b38fbf43118f02820bd932f2e4b14ad3\",\"name\":\"admin\",\"image\":{\"@type\":\"ImageObject\",\"inLanguage\":\"pt-BR\",\"@id\":\"https:\/\/franciscanos.org.br\/noticias\/#\/schema\/person\/image\/\",\"url\":\"https:\/\/secure.gravatar.com\/avatar\/e8495742d34d0ba6448ea1c628263b3e?s=96&d=mm&r=g\",\"contentUrl\":\"https:\/\/secure.gravatar.com\/avatar\/e8495742d34d0ba6448ea1c628263b3e?s=96&d=mm&r=g\",\"caption\":\"admin\"},\"url\":\"https:\/\/franciscanos.org.br\/noticias\/author\/admin\"}]}<\/script>\n<!-- \/ Yoast SEO plugin. -->","yoast_head_json":{"title":"O servi\u00e7o do lava-p\u00e9s da voca\u00e7\u00e3o presbiteral - Not\u00edcias - Franciscanos","robots":{"index":"index","follow":"follow","max-snippet":"max-snippet:-1","max-image-preview":"max-image-preview:large","max-video-preview":"max-video-preview:-1"},"canonical":"https:\/\/franciscanos.org.br\/noticias\/o-servico-do-lava-pes-da-vocacao-presbiteral.html","og_locale":"pt_BR","og_type":"article","og_title":"O servi\u00e7o do lava-p\u00e9s da voca\u00e7\u00e3o presbiteral - Not\u00edcias - Franciscanos","og_description":"Ordena\u00e7\u00e3o Presbiteral","og_url":"https:\/\/franciscanos.org.br\/noticias\/o-servico-do-lava-pes-da-vocacao-presbiteral.html","og_site_name":"Not\u00edcias - Franciscanos","article_published_time":"2016-10-29T10:20:55+00:00","article_modified_time":"2020-06-09T17:24:58+00:00","og_image":[{"width":273,"height":181,"url":"https:\/\/franciscanos.org.br\/noticias\/wp-content\/uploads\/2016\/10\/robson_281016_2.jpg","type":"image\/jpeg"}],"author":"admin","twitter_card":"summary_large_image","twitter_misc":{"Escrito por":"admin","Est. tempo de leitura":"3 minutos"},"schema":{"@context":"https:\/\/schema.org","@graph":[{"@type":"WebSite","@id":"https:\/\/franciscanos.org.br\/noticias\/#website","url":"https:\/\/franciscanos.org.br\/noticias\/","name":"Not\u00edcias - Franciscanos","description":"Prov\u00edncia Franciscana da Imaculada Concei\u00e7\u00e3o do Brasil - Ordem dos Frades Menores - OFM","potentialAction":[{"@type":"SearchAction","target":{"@type":"EntryPoint","urlTemplate":"https:\/\/franciscanos.org.br\/noticias\/?s={search_term_string}"},"query-input":"required name=search_term_string"}],"inLanguage":"pt-BR"},{"@type":"ImageObject","inLanguage":"pt-BR","@id":"https:\/\/franciscanos.org.br\/noticias\/o-servico-do-lava-pes-da-vocacao-presbiteral.html#primaryimage","url":"https:\/\/franciscanos.org.br\/noticias\/wp-content\/uploads\/2016\/10\/robson_281016_2.jpg","contentUrl":"https:\/\/franciscanos.org.br\/noticias\/wp-content\/uploads\/2016\/10\/robson_281016_2.jpg","width":273,"height":181},{"@type":"WebPage","@id":"https:\/\/franciscanos.org.br\/noticias\/o-servico-do-lava-pes-da-vocacao-presbiteral.html#webpage","url":"https:\/\/franciscanos.org.br\/noticias\/o-servico-do-lava-pes-da-vocacao-presbiteral.html","name":"O servi\u00e7o do lava-p\u00e9s da voca\u00e7\u00e3o presbiteral - Not\u00edcias - Franciscanos","isPartOf":{"@id":"https:\/\/franciscanos.org.br\/noticias\/#website"},"primaryImageOfPage":{"@id":"https:\/\/franciscanos.org.br\/noticias\/o-servico-do-lava-pes-da-vocacao-presbiteral.html#primaryimage"},"datePublished":"2016-10-29T10:20:55+00:00","dateModified":"2020-06-09T17:24:58+00:00","author":{"@id":"https:\/\/franciscanos.org.br\/noticias\/#\/schema\/person\/b38fbf43118f02820bd932f2e4b14ad3"},"breadcrumb":{"@id":"https:\/\/franciscanos.org.br\/noticias\/o-servico-do-lava-pes-da-vocacao-presbiteral.html#breadcrumb"},"inLanguage":"pt-BR","potentialAction":[{"@type":"ReadAction","target":["https:\/\/franciscanos.org.br\/noticias\/o-servico-do-lava-pes-da-vocacao-presbiteral.html"]}]},{"@type":"BreadcrumbList","@id":"https:\/\/franciscanos.org.br\/noticias\/o-servico-do-lava-pes-da-vocacao-presbiteral.html#breadcrumb","itemListElement":[{"@type":"ListItem","position":1,"name":"Home","item":"https:\/\/franciscanos.org.br\/noticias"},{"@type":"ListItem","position":2,"name":"O servi\u00e7o do lava-p\u00e9s da voca\u00e7\u00e3o presbiteral"}]},{"@type":"Person","@id":"https:\/\/franciscanos.org.br\/noticias\/#\/schema\/person\/b38fbf43118f02820bd932f2e4b14ad3","name":"admin","image":{"@type":"ImageObject","inLanguage":"pt-BR","@id":"https:\/\/franciscanos.org.br\/noticias\/#\/schema\/person\/image\/","url":"https:\/\/secure.gravatar.com\/avatar\/e8495742d34d0ba6448ea1c628263b3e?s=96&d=mm&r=g","contentUrl":"https:\/\/secure.gravatar.com\/avatar\/e8495742d34d0ba6448ea1c628263b3e?s=96&d=mm&r=g","caption":"admin"},"url":"https:\/\/franciscanos.org.br\/noticias\/author\/admin"}]}},"_links":{"self":[{"href":"https:\/\/franciscanos.org.br\/noticias\/wp-json\/wp\/v2\/posts\/119310"}],"collection":[{"href":"https:\/\/franciscanos.org.br\/noticias\/wp-json\/wp\/v2\/posts"}],"about":[{"href":"https:\/\/franciscanos.org.br\/noticias\/wp-json\/wp\/v2\/types\/post"}],"author":[{"embeddable":true,"href":"https:\/\/franciscanos.org.br\/noticias\/wp-json\/wp\/v2\/users\/1"}],"replies":[{"embeddable":true,"href":"https:\/\/franciscanos.org.br\/noticias\/wp-json\/wp\/v2\/comments?post=119310"}],"version-history":[{"count":2,"href":"https:\/\/franciscanos.org.br\/noticias\/wp-json\/wp\/v2\/posts\/119310\/revisions"}],"predecessor-version":[{"id":225572,"href":"https:\/\/franciscanos.org.br\/noticias\/wp-json\/wp\/v2\/posts\/119310\/revisions\/225572"}],"wp:featuredmedia":[{"embeddable":true,"href":"https:\/\/franciscanos.org.br\/noticias\/wp-json\/wp\/v2\/media\/222119"}],"wp:attachment":[{"href":"https:\/\/franciscanos.org.br\/noticias\/wp-json\/wp\/v2\/media?parent=119310"}],"wp:term":[{"taxonomy":"category","embeddable":true,"href":"https:\/\/franciscanos.org.br\/noticias\/wp-json\/wp\/v2\/categories?post=119310"},{"taxonomy":"post_tag","embeddable":true,"href":"https:\/\/franciscanos.org.br\/noticias\/wp-json\/wp\/v2\/tags?post=119310"}],"curies":[{"name":"wp","href":"https:\/\/api.w.org\/{rel}","templated":true}]}}