{"id":119277,"date":"2016-10-28T17:46:15","date_gmt":"2016-10-28T19:46:15","guid":{"rendered":"http:\/\/franciscanos.org.br\/?p=119277"},"modified":"2019-07-02T08:09:07","modified_gmt":"2019-07-02T11:09:07","slug":"oracao-pela-paz-o-espirito-de-assis-nos-campus-da-usf","status":"publish","type":"post","link":"https:\/\/franciscanos.org.br\/noticias\/oracao-pela-paz-o-espirito-de-assis-nos-campus-da-usf.html","title":{"rendered":"Ora\u00e7\u00e3o pela Paz &#8211; o Esp\u00edrito de Assis nos Campus da USF"},"content":{"rendered":"<p><img loading=\"lazy\" src=\"http:\/\/franciscanos.org.br\/wp-content\/uploads\/2016\/10\/encontro_281016g.jpg\" alt=\"encontro_281016g\" width=\"830\" height=\"400\" \/><\/p>\n<p>Muito rico este m\u00eas de outubro na Universidade S\u00e3o Francisco. M\u00eas franciscano, m\u00eas dos 40 anos da USF, m\u00eas da festa de S\u00e3o Francisco, m\u00eas dos 30 anos do Esp\u00edrito de Assis, a prece inter-religiosa pela paz no mundo. Na USF reunimos isl\u00e2micos, judeus, metodistas, evang\u00e9licos, esp\u00edritas, seicho-no-i\u00ea, candombl\u00e9, umbanda e budistas, franciscanos e cat\u00f3licos.<br \/>\nForam quatro bel\u00edssimos momentos. No campus de Itatiba participaram:<\/p>\n<p style=\"padding-left: 40px;\">Pelo Espiritismo &#8211; Fernando Toledo,<br \/>\npela Seicho No I\u00ea &#8211; Maria L\u00facia,<br \/>\npela Assembleia de Deus &#8211; Ricardo Cartier<br \/>\ne pela Igreja Batista &#8211; Prof. Joel Alves de Sousa J\u00fanior.<br \/>\nNo campus de Campinas, nas unidades Swift e Cambu\u00ed participaram:<br \/>\nSeicho No I\u00ea\u2013 Margareth Nakamura e Maria Helena Mosca,<br \/>\npelo Budismo\u2013 Lobsang Chogni (Jonathan Raichart),<br \/>\npelo Juda\u00edsmo- Sic David Gabrielovich Marzan,<br \/>\npela Igreja Metodista\u00a0&#8211; Pastor Luiz Carlos Ramos e<br \/>\npela Igreja Batista\u00a0\u2013 Pastor Joel Alves de Souza Neto.<br \/>\nE no campus de Bragan\u00e7a Paulista participaram:<br \/>\nSua Emin\u00eancia Sheik Hussein Khalillo, do Centro Cultural Isl\u00e2mico Imam Mahdi, do Ipiranga (SP).<br \/>\nA Preletora Cl\u00e1udia Apda. Cesar Lessi da Seicho-No-Ie do Brasil \u2013 Regional Atibaia (SP),<br \/>\nPai Bil \u2013 Babalorich\u00e1 Bil de Xang\u00f4 \u2013 da ABUC &#8211; Associa\u00e7\u00e3o Bragantina de Umbanda e Candombl\u00e9,<br \/>\nElizabete Poquiviqui Figueiredo e Claudivan Castro da Igreja Fam\u00edlia Debaixo da Gra\u00e7a,<br \/>\nSr. Orlando Berenguel pelo Espiritismo<br \/>\nPastor Joel Alves de Sousa Neto da Igreja Batista,<\/p>\n<p>Todos, numa boa energia de f\u00e9 e amor, vivemos momentos profundos de paz interior, crescimento espiritual, uma for\u00e7a espiritual para se manifestar em a\u00e7\u00e3o.<br \/>\nCom muita un\u00e7\u00e3o, sabedoria, compaix\u00e3o, amor, partilha, solidariedade, cada um, sem distin\u00e7\u00e3o, fizeram da sua religi\u00e3o e espiritualidade uma fonte de energia para auxiliar a instaurar a paz no mundo. Na tarefa de unir-se, dialogar, orar, n\u00e3o considerando o que diferencia como um muro que separa, mas sim uma ponte que une, fizeram da diversidade uma ocasi\u00e3o de reciprocidade e compreens\u00e3o.<\/p>\n<p>Proclamaram com firme convic\u00e7\u00e3o que a guerra, a viol\u00eancia, os conflitos, contrastam com o aut\u00eantico esp\u00edrito religioso. Os presentes mostraram que \u00e9 poss\u00edvel educar para a paz, no respeito e na m\u00fatua estima; que \u00e9 poss\u00edvel realizar uma conviv\u00eancia pac\u00edfica entre as culturas, credos e etnias. Foi um apelo, aos seguidores de todas as tradi\u00e7\u00f5es religiosas para formarem uma s\u00f3 comunidade humana para constru\u00edrem uma sociedade de paz, de di\u00e1logo, praticando a compaix\u00e3o e a miseric\u00f3rdia para defender a dignidade de toda a vida.<\/p>\n<p>Em todos os momentos estiveram presentes os frades franciscanos da USF, membros da Reitoria, professores, colaboradores, alunos e comunidade em geral. Momentos de Paz e Bem!<\/p>\n<p><strong>Frei Vitorio Mazzuco &#8211;\u00a0Coordenador da Pastoral Universit\u00e1ria USF<\/strong><\/p>\n","protected":false},"excerpt":{"rendered":"<p>USF<\/p>\n","protected":false},"author":1,"featured_media":207048,"comment_status":"open","ping_status":"open","sticky":false,"template":"","format":"standard","meta":[],"categories":[1],"tags":[1117],"acf":[],"yoast_head":"<!-- This site is optimized with the Yoast SEO plugin v19.2 - https:\/\/yoast.com\/wordpress\/plugins\/seo\/ -->\n<title>Ora\u00e7\u00e3o pela Paz - o Esp\u00edrito de Assis nos Campus da USF - Not\u00edcias - Franciscanos<\/title>\n<meta name=\"robots\" content=\"index, follow, max-snippet:-1, max-image-preview:large, max-video-preview:-1\" \/>\n<link rel=\"canonical\" href=\"https:\/\/franciscanos.org.br\/noticias\/oracao-pela-paz-o-espirito-de-assis-nos-campus-da-usf.html\" \/>\n<meta property=\"og:locale\" content=\"pt_BR\" \/>\n<meta property=\"og:type\" content=\"article\" \/>\n<meta property=\"og:title\" content=\"Ora\u00e7\u00e3o pela Paz - o Esp\u00edrito de Assis nos Campus da USF - Not\u00edcias - Franciscanos\" \/>\n<meta property=\"og:description\" content=\"USF\" \/>\n<meta property=\"og:url\" content=\"https:\/\/franciscanos.org.br\/noticias\/oracao-pela-paz-o-espirito-de-assis-nos-campus-da-usf.html\" \/>\n<meta property=\"og:site_name\" content=\"Not\u00edcias - Franciscanos\" \/>\n<meta property=\"article:published_time\" content=\"2016-10-28T19:46:15+00:00\" \/>\n<meta property=\"article:modified_time\" content=\"2019-07-02T11:09:07+00:00\" \/>\n<meta property=\"og:image\" content=\"https:\/\/franciscanos.org.br\/noticias\/wp-content\/uploads\/2016\/10\/encontro_281016g.jpg\" \/>\n\t<meta property=\"og:image:width\" content=\"273\" \/>\n\t<meta property=\"og:image:height\" content=\"181\" \/>\n\t<meta property=\"og:image:type\" content=\"image\/jpeg\" \/>\n<meta name=\"author\" content=\"admin\" \/>\n<meta name=\"twitter:card\" content=\"summary_large_image\" \/>\n<meta name=\"twitter:label1\" content=\"Escrito por\" \/>\n\t<meta name=\"twitter:data1\" content=\"admin\" \/>\n\t<meta name=\"twitter:label2\" content=\"Est. tempo de leitura\" \/>\n\t<meta name=\"twitter:data2\" content=\"2 minutos\" \/>\n<script type=\"application\/ld+json\" class=\"yoast-schema-graph\">{\"@context\":\"https:\/\/schema.org\",\"@graph\":[{\"@type\":\"WebSite\",\"@id\":\"https:\/\/franciscanos.org.br\/noticias\/#website\",\"url\":\"https:\/\/franciscanos.org.br\/noticias\/\",\"name\":\"Not\u00edcias - Franciscanos\",\"description\":\"Prov\u00edncia Franciscana da Imaculada Concei\u00e7\u00e3o do Brasil - Ordem dos Frades Menores - OFM\",\"potentialAction\":[{\"@type\":\"SearchAction\",\"target\":{\"@type\":\"EntryPoint\",\"urlTemplate\":\"https:\/\/franciscanos.org.br\/noticias\/?s={search_term_string}\"},\"query-input\":\"required name=search_term_string\"}],\"inLanguage\":\"pt-BR\"},{\"@type\":\"ImageObject\",\"inLanguage\":\"pt-BR\",\"@id\":\"https:\/\/franciscanos.org.br\/noticias\/oracao-pela-paz-o-espirito-de-assis-nos-campus-da-usf.html#primaryimage\",\"url\":\"https:\/\/franciscanos.org.br\/noticias\/wp-content\/uploads\/2016\/10\/encontro_281016g.jpg\",\"contentUrl\":\"https:\/\/franciscanos.org.br\/noticias\/wp-content\/uploads\/2016\/10\/encontro_281016g.jpg\",\"width\":273,\"height\":181},{\"@type\":\"WebPage\",\"@id\":\"https:\/\/franciscanos.org.br\/noticias\/oracao-pela-paz-o-espirito-de-assis-nos-campus-da-usf.html#webpage\",\"url\":\"https:\/\/franciscanos.org.br\/noticias\/oracao-pela-paz-o-espirito-de-assis-nos-campus-da-usf.html\",\"name\":\"Ora\u00e7\u00e3o pela Paz - o Esp\u00edrito de Assis nos Campus da USF - Not\u00edcias - Franciscanos\",\"isPartOf\":{\"@id\":\"https:\/\/franciscanos.org.br\/noticias\/#website\"},\"primaryImageOfPage\":{\"@id\":\"https:\/\/franciscanos.org.br\/noticias\/oracao-pela-paz-o-espirito-de-assis-nos-campus-da-usf.html#primaryimage\"},\"datePublished\":\"2016-10-28T19:46:15+00:00\",\"dateModified\":\"2019-07-02T11:09:07+00:00\",\"author\":{\"@id\":\"https:\/\/franciscanos.org.br\/noticias\/#\/schema\/person\/b38fbf43118f02820bd932f2e4b14ad3\"},\"breadcrumb\":{\"@id\":\"https:\/\/franciscanos.org.br\/noticias\/oracao-pela-paz-o-espirito-de-assis-nos-campus-da-usf.html#breadcrumb\"},\"inLanguage\":\"pt-BR\",\"potentialAction\":[{\"@type\":\"ReadAction\",\"target\":[\"https:\/\/franciscanos.org.br\/noticias\/oracao-pela-paz-o-espirito-de-assis-nos-campus-da-usf.html\"]}]},{\"@type\":\"BreadcrumbList\",\"@id\":\"https:\/\/franciscanos.org.br\/noticias\/oracao-pela-paz-o-espirito-de-assis-nos-campus-da-usf.html#breadcrumb\",\"itemListElement\":[{\"@type\":\"ListItem\",\"position\":1,\"name\":\"Home\",\"item\":\"https:\/\/franciscanos.org.br\/noticias\"},{\"@type\":\"ListItem\",\"position\":2,\"name\":\"Ora\u00e7\u00e3o pela Paz &#8211; o Esp\u00edrito de Assis nos Campus da USF\"}]},{\"@type\":\"Person\",\"@id\":\"https:\/\/franciscanos.org.br\/noticias\/#\/schema\/person\/b38fbf43118f02820bd932f2e4b14ad3\",\"name\":\"admin\",\"image\":{\"@type\":\"ImageObject\",\"inLanguage\":\"pt-BR\",\"@id\":\"https:\/\/franciscanos.org.br\/noticias\/#\/schema\/person\/image\/\",\"url\":\"https:\/\/secure.gravatar.com\/avatar\/e8495742d34d0ba6448ea1c628263b3e?s=96&d=mm&r=g\",\"contentUrl\":\"https:\/\/secure.gravatar.com\/avatar\/e8495742d34d0ba6448ea1c628263b3e?s=96&d=mm&r=g\",\"caption\":\"admin\"},\"url\":\"https:\/\/franciscanos.org.br\/noticias\/author\/admin\"}]}<\/script>\n<!-- \/ Yoast SEO plugin. -->","yoast_head_json":{"title":"Ora\u00e7\u00e3o pela Paz - o Esp\u00edrito de Assis nos Campus da USF - Not\u00edcias - Franciscanos","robots":{"index":"index","follow":"follow","max-snippet":"max-snippet:-1","max-image-preview":"max-image-preview:large","max-video-preview":"max-video-preview:-1"},"canonical":"https:\/\/franciscanos.org.br\/noticias\/oracao-pela-paz-o-espirito-de-assis-nos-campus-da-usf.html","og_locale":"pt_BR","og_type":"article","og_title":"Ora\u00e7\u00e3o pela Paz - o Esp\u00edrito de Assis nos Campus da USF - Not\u00edcias - Franciscanos","og_description":"USF","og_url":"https:\/\/franciscanos.org.br\/noticias\/oracao-pela-paz-o-espirito-de-assis-nos-campus-da-usf.html","og_site_name":"Not\u00edcias - Franciscanos","article_published_time":"2016-10-28T19:46:15+00:00","article_modified_time":"2019-07-02T11:09:07+00:00","og_image":[{"width":273,"height":181,"url":"https:\/\/franciscanos.org.br\/noticias\/wp-content\/uploads\/2016\/10\/encontro_281016g.jpg","type":"image\/jpeg"}],"author":"admin","twitter_card":"summary_large_image","twitter_misc":{"Escrito por":"admin","Est. tempo de leitura":"2 minutos"},"schema":{"@context":"https:\/\/schema.org","@graph":[{"@type":"WebSite","@id":"https:\/\/franciscanos.org.br\/noticias\/#website","url":"https:\/\/franciscanos.org.br\/noticias\/","name":"Not\u00edcias - Franciscanos","description":"Prov\u00edncia Franciscana da Imaculada Concei\u00e7\u00e3o do Brasil - Ordem dos Frades Menores - OFM","potentialAction":[{"@type":"SearchAction","target":{"@type":"EntryPoint","urlTemplate":"https:\/\/franciscanos.org.br\/noticias\/?s={search_term_string}"},"query-input":"required name=search_term_string"}],"inLanguage":"pt-BR"},{"@type":"ImageObject","inLanguage":"pt-BR","@id":"https:\/\/franciscanos.org.br\/noticias\/oracao-pela-paz-o-espirito-de-assis-nos-campus-da-usf.html#primaryimage","url":"https:\/\/franciscanos.org.br\/noticias\/wp-content\/uploads\/2016\/10\/encontro_281016g.jpg","contentUrl":"https:\/\/franciscanos.org.br\/noticias\/wp-content\/uploads\/2016\/10\/encontro_281016g.jpg","width":273,"height":181},{"@type":"WebPage","@id":"https:\/\/franciscanos.org.br\/noticias\/oracao-pela-paz-o-espirito-de-assis-nos-campus-da-usf.html#webpage","url":"https:\/\/franciscanos.org.br\/noticias\/oracao-pela-paz-o-espirito-de-assis-nos-campus-da-usf.html","name":"Ora\u00e7\u00e3o pela Paz - o Esp\u00edrito de Assis nos Campus da USF - Not\u00edcias - Franciscanos","isPartOf":{"@id":"https:\/\/franciscanos.org.br\/noticias\/#website"},"primaryImageOfPage":{"@id":"https:\/\/franciscanos.org.br\/noticias\/oracao-pela-paz-o-espirito-de-assis-nos-campus-da-usf.html#primaryimage"},"datePublished":"2016-10-28T19:46:15+00:00","dateModified":"2019-07-02T11:09:07+00:00","author":{"@id":"https:\/\/franciscanos.org.br\/noticias\/#\/schema\/person\/b38fbf43118f02820bd932f2e4b14ad3"},"breadcrumb":{"@id":"https:\/\/franciscanos.org.br\/noticias\/oracao-pela-paz-o-espirito-de-assis-nos-campus-da-usf.html#breadcrumb"},"inLanguage":"pt-BR","potentialAction":[{"@type":"ReadAction","target":["https:\/\/franciscanos.org.br\/noticias\/oracao-pela-paz-o-espirito-de-assis-nos-campus-da-usf.html"]}]},{"@type":"BreadcrumbList","@id":"https:\/\/franciscanos.org.br\/noticias\/oracao-pela-paz-o-espirito-de-assis-nos-campus-da-usf.html#breadcrumb","itemListElement":[{"@type":"ListItem","position":1,"name":"Home","item":"https:\/\/franciscanos.org.br\/noticias"},{"@type":"ListItem","position":2,"name":"Ora\u00e7\u00e3o pela Paz &#8211; o Esp\u00edrito de Assis nos Campus da USF"}]},{"@type":"Person","@id":"https:\/\/franciscanos.org.br\/noticias\/#\/schema\/person\/b38fbf43118f02820bd932f2e4b14ad3","name":"admin","image":{"@type":"ImageObject","inLanguage":"pt-BR","@id":"https:\/\/franciscanos.org.br\/noticias\/#\/schema\/person\/image\/","url":"https:\/\/secure.gravatar.com\/avatar\/e8495742d34d0ba6448ea1c628263b3e?s=96&d=mm&r=g","contentUrl":"https:\/\/secure.gravatar.com\/avatar\/e8495742d34d0ba6448ea1c628263b3e?s=96&d=mm&r=g","caption":"admin"},"url":"https:\/\/franciscanos.org.br\/noticias\/author\/admin"}]}},"_links":{"self":[{"href":"https:\/\/franciscanos.org.br\/noticias\/wp-json\/wp\/v2\/posts\/119277"}],"collection":[{"href":"https:\/\/franciscanos.org.br\/noticias\/wp-json\/wp\/v2\/posts"}],"about":[{"href":"https:\/\/franciscanos.org.br\/noticias\/wp-json\/wp\/v2\/types\/post"}],"author":[{"embeddable":true,"href":"https:\/\/franciscanos.org.br\/noticias\/wp-json\/wp\/v2\/users\/1"}],"replies":[{"embeddable":true,"href":"https:\/\/franciscanos.org.br\/noticias\/wp-json\/wp\/v2\/comments?post=119277"}],"version-history":[{"count":0,"href":"https:\/\/franciscanos.org.br\/noticias\/wp-json\/wp\/v2\/posts\/119277\/revisions"}],"wp:featuredmedia":[{"embeddable":true,"href":"https:\/\/franciscanos.org.br\/noticias\/wp-json\/wp\/v2\/media\/207048"}],"wp:attachment":[{"href":"https:\/\/franciscanos.org.br\/noticias\/wp-json\/wp\/v2\/media?parent=119277"}],"wp:term":[{"taxonomy":"category","embeddable":true,"href":"https:\/\/franciscanos.org.br\/noticias\/wp-json\/wp\/v2\/categories?post=119277"},{"taxonomy":"post_tag","embeddable":true,"href":"https:\/\/franciscanos.org.br\/noticias\/wp-json\/wp\/v2\/tags?post=119277"}],"curies":[{"name":"wp","href":"https:\/\/api.w.org\/{rel}","templated":true}]}}