{"id":119232,"date":"2016-10-28T09:23:30","date_gmt":"2016-10-28T11:23:30","guid":{"rendered":"http:\/\/franciscanos.org.br\/?p=119232"},"modified":"2020-06-09T14:27:10","modified_gmt":"2020-06-09T17:27:10","slug":"francisco-jesus-que-reza-por-nos-e-o-fundamento-da-nossa-vida","status":"publish","type":"post","link":"https:\/\/franciscanos.org.br\/noticias\/francisco-jesus-que-reza-por-nos-e-o-fundamento-da-nossa-vida.html","title":{"rendered":"Jesus em ora\u00e7\u00e3o \u00e9 a pedra angular da Igreja, afirma Papa"},"content":{"rendered":"<p><img loading=\"lazy\" src=\"http:\/\/franciscanos.org.br\/wp-content\/uploads\/2016\/10\/marta_281016g.jpg\" alt=\"marta_281016g\" width=\"830\" height=\"401\" \/><\/p>\n<p><strong>Cidade do Vaticano<\/strong> &#8211; O fundamento da nossa vida crist\u00e3 \u00e9 que Jesus reza por n\u00f3s. Foi o que afirmou o Papa Francisco na missa celebrada na manh\u00e3 desta sexta-feira, 28, na capela da Casa Santa Marta. O Pont\u00edfice destacou que cada escolha de Jesus, cada gesto e at\u00e9 mesmo o fim de sua vida terrena na Cruz foi marcada pela ora\u00e7\u00e3o.<\/p>\n<p>Como faz habitualmente, Francisco fez sua homilia partindo das leituras do dia e comentou o Evangelho, em que Jesus escolhe seus disc\u00edpulos depois de uma longa e intensa ora\u00e7\u00e3o.<\/p>\n<p><strong>A pedra angular<\/strong><\/p>\n<p>\u201cA pedra angular \u00e9 o pr\u00f3prio Jesus\u201d, disse o Papa. \u201cSem Ele, n\u00e3o h\u00e1 Igreja.\u201d Francisco, por\u00e9m, destaca um detalhe do Evangelho de S\u00e3o Lucas que faz refletir:<\/p>\n<p>\u201cJesus foi para a montanha rezar e passou toda a noite em ora\u00e7\u00e3o a Deus\u2019. E depois aconteceu tudo: as pessoas, a escolha dos disc\u00edpulos, as curas, a expuls\u00e3o dos dem\u00f4nios\u2026 A pedra angular \u00e9 Jesus, sim: mas Jesus que reza. Jesus reza. Rezou e continua rezando pela Igreja. A pedra angular da Igreja \u00e9 o Senhor diante do Pai, que intercede por n\u00f3s. N\u00f3s rezamos para Ele, mas o fundamento \u00e9 Ele que reza por n\u00f3s\u201d.<\/p>\n<p><strong>A nossa seguran\u00e7a \u00e9 Jesus em ora\u00e7\u00e3o<\/strong><\/p>\n<p>\u201cJesus sempre rezou pelos seus disc\u00edpulos, inclusive na \u00faltima Ceia, disse o Papa. Antes de realizar qualquer milagre, Jesus reza. Francisco cita como exemplo a ressurrei\u00e7\u00e3o de L\u00e1zaro: Jesus reza ao Pai\u201d:<\/p>\n<p>\u201cNo Jardim das Oliveiras, Jesus reza; na Cruz, termina rezando: a sua vida terminou em ora\u00e7\u00e3o. E esta \u00e9 a nossa seguran\u00e7a, este \u00e9 o nosso fundamento, esta \u00e9 a nossa pedra angular: Jesus que reza por n\u00f3s! Jesus que reza por mim! E cada um de n\u00f3s pode dizer isto: estou certo, estou certa de que Jesus reza por mim; ele est\u00e1 diante do Pai e me cita. Esta \u00e9 a pedra angular da Igreja: Jesus em ora\u00e7\u00e3o\u201d.<\/p>\n<p><strong>Refletir sobre o mist\u00e9rio da Igreja<\/strong><\/p>\n<p>O Papa prop\u00f5e o epis\u00f3dio, antes da Paix\u00e3o, quando Jesus se dirige a Pedro com a advert\u00eancia\u201d: \u201cPedro\u2026 Satan\u00e1s vos pediu para vos cirandar como o trigo. Mas eu roguei por ti para que a tua f\u00e9 n\u00e3o desfale\u00e7a\u201d:<\/p>\n<p>\u201cE aquilo que diz a Pedro o diz a voc\u00ea, e a voc\u00ea, e a voc\u00ea, e a mim, e a todos: \u2018Eu rezei por voc\u00ea, eu rezo por voc\u00ea, eu agora estou rezando por voc\u00ea\u2019, e quando vem no altar, Ele vem para interceder, para rezar por n\u00f3s. Como faz na Cruz. E isso nos d\u00e1 uma grande seguran\u00e7a. Eu perten\u00e7o a esta comunidade, forte porque tem como pedra angular Jesus, mas Jesus que reza por mim, que reza por n\u00f3s. Hoje nos far\u00e1 bem na Igreja; refletir sobre este mist\u00e9rio da Igreja. Somos todos como uma constru\u00e7\u00e3o, mas o fundamento \u00e9 Jesus, \u00e9 Jesus que reza por n\u00f3s. \u00c9 Jesus que reza por mim\u201d.<\/p>\n<hr \/>\n<p><em>Fonte: R\u00e1dio Vaticano<\/em><\/p>\n","protected":false},"excerpt":{"rendered":"<p>Missa em Santa Marta<\/p>\n","protected":false},"author":1,"featured_media":202978,"comment_status":"open","ping_status":"open","sticky":false,"template":"","format":"standard","meta":[],"categories":[1428],"tags":[1586],"acf":[],"yoast_head":"<!-- This site is optimized with the Yoast SEO plugin v19.2 - https:\/\/yoast.com\/wordpress\/plugins\/seo\/ -->\n<title>Jesus em ora\u00e7\u00e3o \u00e9 a pedra angular da Igreja, afirma Papa - Not\u00edcias - Franciscanos<\/title>\n<meta name=\"robots\" content=\"index, follow, max-snippet:-1, max-image-preview:large, max-video-preview:-1\" \/>\n<link rel=\"canonical\" href=\"https:\/\/franciscanos.org.br\/noticias\/francisco-jesus-que-reza-por-nos-e-o-fundamento-da-nossa-vida.html\" \/>\n<meta property=\"og:locale\" content=\"pt_BR\" \/>\n<meta property=\"og:type\" content=\"article\" \/>\n<meta property=\"og:title\" content=\"Jesus em ora\u00e7\u00e3o \u00e9 a pedra angular da Igreja, afirma Papa - Not\u00edcias - Franciscanos\" \/>\n<meta property=\"og:description\" content=\"Missa em Santa Marta\" \/>\n<meta property=\"og:url\" content=\"https:\/\/franciscanos.org.br\/noticias\/francisco-jesus-que-reza-por-nos-e-o-fundamento-da-nossa-vida.html\" \/>\n<meta property=\"og:site_name\" content=\"Not\u00edcias - Franciscanos\" \/>\n<meta property=\"article:published_time\" content=\"2016-10-28T11:23:30+00:00\" \/>\n<meta property=\"article:modified_time\" content=\"2020-06-09T17:27:10+00:00\" \/>\n<meta property=\"og:image\" content=\"https:\/\/franciscanos.org.br\/noticias\/wp-content\/uploads\/2016\/10\/marta_281016g.jpg\" \/>\n\t<meta property=\"og:image:width\" content=\"273\" \/>\n\t<meta property=\"og:image:height\" content=\"181\" \/>\n\t<meta property=\"og:image:type\" content=\"image\/jpeg\" \/>\n<meta name=\"author\" content=\"admin\" \/>\n<meta name=\"twitter:card\" content=\"summary_large_image\" \/>\n<meta name=\"twitter:label1\" content=\"Escrito por\" \/>\n\t<meta name=\"twitter:data1\" content=\"admin\" \/>\n\t<meta name=\"twitter:label2\" content=\"Est. tempo de leitura\" \/>\n\t<meta name=\"twitter:data2\" content=\"3 minutos\" \/>\n<script type=\"application\/ld+json\" class=\"yoast-schema-graph\">{\"@context\":\"https:\/\/schema.org\",\"@graph\":[{\"@type\":\"WebSite\",\"@id\":\"https:\/\/franciscanos.org.br\/noticias\/#website\",\"url\":\"https:\/\/franciscanos.org.br\/noticias\/\",\"name\":\"Not\u00edcias - Franciscanos\",\"description\":\"Prov\u00edncia Franciscana da Imaculada Concei\u00e7\u00e3o do Brasil - Ordem dos Frades Menores - OFM\",\"potentialAction\":[{\"@type\":\"SearchAction\",\"target\":{\"@type\":\"EntryPoint\",\"urlTemplate\":\"https:\/\/franciscanos.org.br\/noticias\/?s={search_term_string}\"},\"query-input\":\"required name=search_term_string\"}],\"inLanguage\":\"pt-BR\"},{\"@type\":\"ImageObject\",\"inLanguage\":\"pt-BR\",\"@id\":\"https:\/\/franciscanos.org.br\/noticias\/francisco-jesus-que-reza-por-nos-e-o-fundamento-da-nossa-vida.html#primaryimage\",\"url\":\"https:\/\/franciscanos.org.br\/noticias\/wp-content\/uploads\/2016\/10\/marta_281016g.jpg\",\"contentUrl\":\"https:\/\/franciscanos.org.br\/noticias\/wp-content\/uploads\/2016\/10\/marta_281016g.jpg\",\"width\":273,\"height\":181},{\"@type\":\"WebPage\",\"@id\":\"https:\/\/franciscanos.org.br\/noticias\/francisco-jesus-que-reza-por-nos-e-o-fundamento-da-nossa-vida.html#webpage\",\"url\":\"https:\/\/franciscanos.org.br\/noticias\/francisco-jesus-que-reza-por-nos-e-o-fundamento-da-nossa-vida.html\",\"name\":\"Jesus em ora\u00e7\u00e3o \u00e9 a pedra angular da Igreja, afirma Papa - Not\u00edcias - Franciscanos\",\"isPartOf\":{\"@id\":\"https:\/\/franciscanos.org.br\/noticias\/#website\"},\"primaryImageOfPage\":{\"@id\":\"https:\/\/franciscanos.org.br\/noticias\/francisco-jesus-que-reza-por-nos-e-o-fundamento-da-nossa-vida.html#primaryimage\"},\"datePublished\":\"2016-10-28T11:23:30+00:00\",\"dateModified\":\"2020-06-09T17:27:10+00:00\",\"author\":{\"@id\":\"https:\/\/franciscanos.org.br\/noticias\/#\/schema\/person\/b38fbf43118f02820bd932f2e4b14ad3\"},\"breadcrumb\":{\"@id\":\"https:\/\/franciscanos.org.br\/noticias\/francisco-jesus-que-reza-por-nos-e-o-fundamento-da-nossa-vida.html#breadcrumb\"},\"inLanguage\":\"pt-BR\",\"potentialAction\":[{\"@type\":\"ReadAction\",\"target\":[\"https:\/\/franciscanos.org.br\/noticias\/francisco-jesus-que-reza-por-nos-e-o-fundamento-da-nossa-vida.html\"]}]},{\"@type\":\"BreadcrumbList\",\"@id\":\"https:\/\/franciscanos.org.br\/noticias\/francisco-jesus-que-reza-por-nos-e-o-fundamento-da-nossa-vida.html#breadcrumb\",\"itemListElement\":[{\"@type\":\"ListItem\",\"position\":1,\"name\":\"Home\",\"item\":\"https:\/\/franciscanos.org.br\/noticias\"},{\"@type\":\"ListItem\",\"position\":2,\"name\":\"Jesus em ora\u00e7\u00e3o \u00e9 a pedra angular da Igreja, afirma Papa\"}]},{\"@type\":\"Person\",\"@id\":\"https:\/\/franciscanos.org.br\/noticias\/#\/schema\/person\/b38fbf43118f02820bd932f2e4b14ad3\",\"name\":\"admin\",\"image\":{\"@type\":\"ImageObject\",\"inLanguage\":\"pt-BR\",\"@id\":\"https:\/\/franciscanos.org.br\/noticias\/#\/schema\/person\/image\/\",\"url\":\"https:\/\/secure.gravatar.com\/avatar\/e8495742d34d0ba6448ea1c628263b3e?s=96&d=mm&r=g\",\"contentUrl\":\"https:\/\/secure.gravatar.com\/avatar\/e8495742d34d0ba6448ea1c628263b3e?s=96&d=mm&r=g\",\"caption\":\"admin\"},\"url\":\"https:\/\/franciscanos.org.br\/noticias\/author\/admin\"}]}<\/script>\n<!-- \/ Yoast SEO plugin. -->","yoast_head_json":{"title":"Jesus em ora\u00e7\u00e3o \u00e9 a pedra angular da Igreja, afirma Papa - Not\u00edcias - Franciscanos","robots":{"index":"index","follow":"follow","max-snippet":"max-snippet:-1","max-image-preview":"max-image-preview:large","max-video-preview":"max-video-preview:-1"},"canonical":"https:\/\/franciscanos.org.br\/noticias\/francisco-jesus-que-reza-por-nos-e-o-fundamento-da-nossa-vida.html","og_locale":"pt_BR","og_type":"article","og_title":"Jesus em ora\u00e7\u00e3o \u00e9 a pedra angular da Igreja, afirma Papa - Not\u00edcias - Franciscanos","og_description":"Missa em Santa Marta","og_url":"https:\/\/franciscanos.org.br\/noticias\/francisco-jesus-que-reza-por-nos-e-o-fundamento-da-nossa-vida.html","og_site_name":"Not\u00edcias - Franciscanos","article_published_time":"2016-10-28T11:23:30+00:00","article_modified_time":"2020-06-09T17:27:10+00:00","og_image":[{"width":273,"height":181,"url":"https:\/\/franciscanos.org.br\/noticias\/wp-content\/uploads\/2016\/10\/marta_281016g.jpg","type":"image\/jpeg"}],"author":"admin","twitter_card":"summary_large_image","twitter_misc":{"Escrito por":"admin","Est. tempo de leitura":"3 minutos"},"schema":{"@context":"https:\/\/schema.org","@graph":[{"@type":"WebSite","@id":"https:\/\/franciscanos.org.br\/noticias\/#website","url":"https:\/\/franciscanos.org.br\/noticias\/","name":"Not\u00edcias - Franciscanos","description":"Prov\u00edncia Franciscana da Imaculada Concei\u00e7\u00e3o do Brasil - Ordem dos Frades Menores - OFM","potentialAction":[{"@type":"SearchAction","target":{"@type":"EntryPoint","urlTemplate":"https:\/\/franciscanos.org.br\/noticias\/?s={search_term_string}"},"query-input":"required name=search_term_string"}],"inLanguage":"pt-BR"},{"@type":"ImageObject","inLanguage":"pt-BR","@id":"https:\/\/franciscanos.org.br\/noticias\/francisco-jesus-que-reza-por-nos-e-o-fundamento-da-nossa-vida.html#primaryimage","url":"https:\/\/franciscanos.org.br\/noticias\/wp-content\/uploads\/2016\/10\/marta_281016g.jpg","contentUrl":"https:\/\/franciscanos.org.br\/noticias\/wp-content\/uploads\/2016\/10\/marta_281016g.jpg","width":273,"height":181},{"@type":"WebPage","@id":"https:\/\/franciscanos.org.br\/noticias\/francisco-jesus-que-reza-por-nos-e-o-fundamento-da-nossa-vida.html#webpage","url":"https:\/\/franciscanos.org.br\/noticias\/francisco-jesus-que-reza-por-nos-e-o-fundamento-da-nossa-vida.html","name":"Jesus em ora\u00e7\u00e3o \u00e9 a pedra angular da Igreja, afirma Papa - Not\u00edcias - Franciscanos","isPartOf":{"@id":"https:\/\/franciscanos.org.br\/noticias\/#website"},"primaryImageOfPage":{"@id":"https:\/\/franciscanos.org.br\/noticias\/francisco-jesus-que-reza-por-nos-e-o-fundamento-da-nossa-vida.html#primaryimage"},"datePublished":"2016-10-28T11:23:30+00:00","dateModified":"2020-06-09T17:27:10+00:00","author":{"@id":"https:\/\/franciscanos.org.br\/noticias\/#\/schema\/person\/b38fbf43118f02820bd932f2e4b14ad3"},"breadcrumb":{"@id":"https:\/\/franciscanos.org.br\/noticias\/francisco-jesus-que-reza-por-nos-e-o-fundamento-da-nossa-vida.html#breadcrumb"},"inLanguage":"pt-BR","potentialAction":[{"@type":"ReadAction","target":["https:\/\/franciscanos.org.br\/noticias\/francisco-jesus-que-reza-por-nos-e-o-fundamento-da-nossa-vida.html"]}]},{"@type":"BreadcrumbList","@id":"https:\/\/franciscanos.org.br\/noticias\/francisco-jesus-que-reza-por-nos-e-o-fundamento-da-nossa-vida.html#breadcrumb","itemListElement":[{"@type":"ListItem","position":1,"name":"Home","item":"https:\/\/franciscanos.org.br\/noticias"},{"@type":"ListItem","position":2,"name":"Jesus em ora\u00e7\u00e3o \u00e9 a pedra angular da Igreja, afirma Papa"}]},{"@type":"Person","@id":"https:\/\/franciscanos.org.br\/noticias\/#\/schema\/person\/b38fbf43118f02820bd932f2e4b14ad3","name":"admin","image":{"@type":"ImageObject","inLanguage":"pt-BR","@id":"https:\/\/franciscanos.org.br\/noticias\/#\/schema\/person\/image\/","url":"https:\/\/secure.gravatar.com\/avatar\/e8495742d34d0ba6448ea1c628263b3e?s=96&d=mm&r=g","contentUrl":"https:\/\/secure.gravatar.com\/avatar\/e8495742d34d0ba6448ea1c628263b3e?s=96&d=mm&r=g","caption":"admin"},"url":"https:\/\/franciscanos.org.br\/noticias\/author\/admin"}]}},"_links":{"self":[{"href":"https:\/\/franciscanos.org.br\/noticias\/wp-json\/wp\/v2\/posts\/119232"}],"collection":[{"href":"https:\/\/franciscanos.org.br\/noticias\/wp-json\/wp\/v2\/posts"}],"about":[{"href":"https:\/\/franciscanos.org.br\/noticias\/wp-json\/wp\/v2\/types\/post"}],"author":[{"embeddable":true,"href":"https:\/\/franciscanos.org.br\/noticias\/wp-json\/wp\/v2\/users\/1"}],"replies":[{"embeddable":true,"href":"https:\/\/franciscanos.org.br\/noticias\/wp-json\/wp\/v2\/comments?post=119232"}],"version-history":[{"count":2,"href":"https:\/\/franciscanos.org.br\/noticias\/wp-json\/wp\/v2\/posts\/119232\/revisions"}],"predecessor-version":[{"id":225573,"href":"https:\/\/franciscanos.org.br\/noticias\/wp-json\/wp\/v2\/posts\/119232\/revisions\/225573"}],"wp:featuredmedia":[{"embeddable":true,"href":"https:\/\/franciscanos.org.br\/noticias\/wp-json\/wp\/v2\/media\/202978"}],"wp:attachment":[{"href":"https:\/\/franciscanos.org.br\/noticias\/wp-json\/wp\/v2\/media?parent=119232"}],"wp:term":[{"taxonomy":"category","embeddable":true,"href":"https:\/\/franciscanos.org.br\/noticias\/wp-json\/wp\/v2\/categories?post=119232"},{"taxonomy":"post_tag","embeddable":true,"href":"https:\/\/franciscanos.org.br\/noticias\/wp-json\/wp\/v2\/tags?post=119232"}],"curies":[{"name":"wp","href":"https:\/\/api.w.org\/{rel}","templated":true}]}}