{"id":119189,"date":"2016-10-27T13:31:54","date_gmt":"2016-10-27T15:31:54","guid":{"rendered":"http:\/\/franciscanos.org.br\/?p=119189"},"modified":"2019-07-02T07:28:54","modified_gmt":"2019-07-02T10:28:54","slug":"frente-da-comunicacao-se-reune-em-sao-paulo","status":"publish","type":"post","link":"https:\/\/franciscanos.org.br\/noticias\/frente-da-comunicacao-se-reune-em-sao-paulo.html","title":{"rendered":"Frente da Comunica\u00e7\u00e3o se re\u00fane em S\u00e3o Paulo"},"content":{"rendered":"<p><img loading=\"lazy\" src=\"http:\/\/franciscanos.org.br\/wp-content\/uploads\/2016\/10\/frente_271016.jpg\" alt=\"frente_271016\" width=\"830\" height=\"400\" \/><\/p>\n<p><strong>S\u00e3o Paulo (SP) &#8211;<\/strong> Nesta quarta-feira, 26 de outubro, aconteceu na Sede Provincial, em S\u00e3o Paulo, mais um encontro da Frente de Evangeliza\u00e7\u00e3o da Comunica\u00e7\u00e3o. Estiveram presentes os representantes da Sede Provincial, da Universidade S\u00e3o Francisco, do Bom Jesus\/FAE, do Sefras e do Pr\u00f3-Voca\u00e7\u00f5es. Frei Bruno Fabio de Santana, da Prov\u00edncia Santo Ant\u00f4nio, tamb\u00e9m participou do encontro. Ele \u00e9 formado em gest\u00e3o ambiental e est\u00e1 fazendo uma experi\u00eancia no Recifran &#8211; Servi\u00e7o Franciscano de Apoio \u00e0 Reciclagem, obra do Sefras.<\/p>\n<p>Frei Gustavo Medella, coordenador da Frente, acolheu os presentes e em seguida conduziu a reflex\u00e3o. Pensando na Campanha da Fraternidade 2017, o tema sugerido para leitura e troca de ideias foi o meio ambiente. A reportagem da revista Carta Capital, &#8220;Preserva\u00e7\u00e3o ambiental e justi\u00e7a social global&#8221;, de Pedro Estevam Serrano, serviu como texto de reflex\u00e3o e debate.<\/p>\n<p>Os participantes sugeriram alguns temas que poder\u00e3o ser trabalhados sobre a Campanha da Fraternidade, que tem como tema: &#8220;Fraternidade: biomas brasileiros e defesa da vida&#8221;. Al\u00e9m de s\u00e9ries de reportagens para a Sala Franciscana e a Rede Cat\u00f3lica de R\u00e1dio, os participantes sugeriram que o tema da CF 2017 fosse trabalhado em sintonia com outros eventos, como o Encontro de Inicia\u00e7\u00e3o Cient\u00edfica da USF. Destacou-se tamb\u00e9m a import\u00e2ncia de difundir ideias que despertem o consumo consciente, como o bazar de troca, que acontece no Bom Jesus, em Curitiba, onde os alunos participam levando coisas que n\u00e3o usam mais para trocar por outras.<\/p>\n<p>Em seguida, os participantes partilharam um pouco das \u00faltimas atividades em suas institui\u00e7\u00f5es, destacando o Festival Cultura da Paz, realizado pela USF em comemora\u00e7\u00e3o dos 40 anos de funda\u00e7\u00e3o da institui\u00e7\u00e3o, o encerramento do Tempo Franciscano no Bom Jesus e a Semana da Paz, que acontece nesta semana nas diversas obras do Sefras.<\/p>\n<p>A Frente de Evangeliza\u00e7\u00e3o da Comunica\u00e7\u00e3o volta a se reunir no dia 23 de novembro, na USF em Campinas.<\/p>\n","protected":false},"excerpt":{"rendered":"<p>Encontro da Frente de Comunica\u00e7\u00e3o em S\u00e3o Paulo (26\/10\/16)<\/p>\n","protected":false},"author":1,"featured_media":207013,"comment_status":"open","ping_status":"open","sticky":false,"template":"","format":"standard","meta":[],"categories":[1],"tags":[550],"acf":[],"yoast_head":"<!-- This site is optimized with the Yoast SEO plugin v19.2 - https:\/\/yoast.com\/wordpress\/plugins\/seo\/ -->\n<title>Frente da Comunica\u00e7\u00e3o se re\u00fane em S\u00e3o Paulo - Not\u00edcias - Franciscanos<\/title>\n<meta name=\"robots\" content=\"index, follow, max-snippet:-1, max-image-preview:large, max-video-preview:-1\" \/>\n<link rel=\"canonical\" href=\"https:\/\/franciscanos.org.br\/noticias\/frente-da-comunicacao-se-reune-em-sao-paulo.html\" \/>\n<meta property=\"og:locale\" content=\"pt_BR\" \/>\n<meta property=\"og:type\" content=\"article\" \/>\n<meta property=\"og:title\" content=\"Frente da Comunica\u00e7\u00e3o se re\u00fane em S\u00e3o Paulo - Not\u00edcias - Franciscanos\" \/>\n<meta property=\"og:description\" content=\"Encontro da Frente de Comunica\u00e7\u00e3o em S\u00e3o Paulo (26\/10\/16)\" \/>\n<meta property=\"og:url\" content=\"https:\/\/franciscanos.org.br\/noticias\/frente-da-comunicacao-se-reune-em-sao-paulo.html\" \/>\n<meta property=\"og:site_name\" content=\"Not\u00edcias - Franciscanos\" \/>\n<meta property=\"article:published_time\" content=\"2016-10-27T15:31:54+00:00\" \/>\n<meta property=\"article:modified_time\" content=\"2019-07-02T10:28:54+00:00\" \/>\n<meta property=\"og:image\" content=\"https:\/\/franciscanos.org.br\/noticias\/wp-content\/uploads\/2016\/10\/frente_271016.jpg\" \/>\n\t<meta property=\"og:image:width\" content=\"273\" \/>\n\t<meta property=\"og:image:height\" content=\"181\" \/>\n\t<meta property=\"og:image:type\" content=\"image\/jpeg\" \/>\n<meta name=\"author\" content=\"admin\" \/>\n<meta name=\"twitter:card\" content=\"summary_large_image\" \/>\n<meta name=\"twitter:label1\" content=\"Escrito por\" \/>\n\t<meta name=\"twitter:data1\" content=\"admin\" \/>\n\t<meta name=\"twitter:label2\" content=\"Est. tempo de leitura\" \/>\n\t<meta name=\"twitter:data2\" content=\"2 minutos\" \/>\n<script type=\"application\/ld+json\" class=\"yoast-schema-graph\">{\"@context\":\"https:\/\/schema.org\",\"@graph\":[{\"@type\":\"WebSite\",\"@id\":\"https:\/\/franciscanos.org.br\/noticias\/#website\",\"url\":\"https:\/\/franciscanos.org.br\/noticias\/\",\"name\":\"Not\u00edcias - Franciscanos\",\"description\":\"Prov\u00edncia Franciscana da Imaculada Concei\u00e7\u00e3o do Brasil - Ordem dos Frades Menores - OFM\",\"potentialAction\":[{\"@type\":\"SearchAction\",\"target\":{\"@type\":\"EntryPoint\",\"urlTemplate\":\"https:\/\/franciscanos.org.br\/noticias\/?s={search_term_string}\"},\"query-input\":\"required name=search_term_string\"}],\"inLanguage\":\"pt-BR\"},{\"@type\":\"ImageObject\",\"inLanguage\":\"pt-BR\",\"@id\":\"https:\/\/franciscanos.org.br\/noticias\/frente-da-comunicacao-se-reune-em-sao-paulo.html#primaryimage\",\"url\":\"https:\/\/franciscanos.org.br\/noticias\/wp-content\/uploads\/2016\/10\/frente_271016.jpg\",\"contentUrl\":\"https:\/\/franciscanos.org.br\/noticias\/wp-content\/uploads\/2016\/10\/frente_271016.jpg\",\"width\":273,\"height\":181},{\"@type\":\"WebPage\",\"@id\":\"https:\/\/franciscanos.org.br\/noticias\/frente-da-comunicacao-se-reune-em-sao-paulo.html#webpage\",\"url\":\"https:\/\/franciscanos.org.br\/noticias\/frente-da-comunicacao-se-reune-em-sao-paulo.html\",\"name\":\"Frente da Comunica\u00e7\u00e3o se re\u00fane em S\u00e3o Paulo - Not\u00edcias - Franciscanos\",\"isPartOf\":{\"@id\":\"https:\/\/franciscanos.org.br\/noticias\/#website\"},\"primaryImageOfPage\":{\"@id\":\"https:\/\/franciscanos.org.br\/noticias\/frente-da-comunicacao-se-reune-em-sao-paulo.html#primaryimage\"},\"datePublished\":\"2016-10-27T15:31:54+00:00\",\"dateModified\":\"2019-07-02T10:28:54+00:00\",\"author\":{\"@id\":\"https:\/\/franciscanos.org.br\/noticias\/#\/schema\/person\/b38fbf43118f02820bd932f2e4b14ad3\"},\"breadcrumb\":{\"@id\":\"https:\/\/franciscanos.org.br\/noticias\/frente-da-comunicacao-se-reune-em-sao-paulo.html#breadcrumb\"},\"inLanguage\":\"pt-BR\",\"potentialAction\":[{\"@type\":\"ReadAction\",\"target\":[\"https:\/\/franciscanos.org.br\/noticias\/frente-da-comunicacao-se-reune-em-sao-paulo.html\"]}]},{\"@type\":\"BreadcrumbList\",\"@id\":\"https:\/\/franciscanos.org.br\/noticias\/frente-da-comunicacao-se-reune-em-sao-paulo.html#breadcrumb\",\"itemListElement\":[{\"@type\":\"ListItem\",\"position\":1,\"name\":\"Home\",\"item\":\"https:\/\/franciscanos.org.br\/noticias\"},{\"@type\":\"ListItem\",\"position\":2,\"name\":\"Frente da Comunica\u00e7\u00e3o se re\u00fane em S\u00e3o Paulo\"}]},{\"@type\":\"Person\",\"@id\":\"https:\/\/franciscanos.org.br\/noticias\/#\/schema\/person\/b38fbf43118f02820bd932f2e4b14ad3\",\"name\":\"admin\",\"image\":{\"@type\":\"ImageObject\",\"inLanguage\":\"pt-BR\",\"@id\":\"https:\/\/franciscanos.org.br\/noticias\/#\/schema\/person\/image\/\",\"url\":\"https:\/\/secure.gravatar.com\/avatar\/e8495742d34d0ba6448ea1c628263b3e?s=96&d=mm&r=g\",\"contentUrl\":\"https:\/\/secure.gravatar.com\/avatar\/e8495742d34d0ba6448ea1c628263b3e?s=96&d=mm&r=g\",\"caption\":\"admin\"},\"url\":\"https:\/\/franciscanos.org.br\/noticias\/author\/admin\"}]}<\/script>\n<!-- \/ Yoast SEO plugin. -->","yoast_head_json":{"title":"Frente da Comunica\u00e7\u00e3o se re\u00fane em S\u00e3o Paulo - Not\u00edcias - Franciscanos","robots":{"index":"index","follow":"follow","max-snippet":"max-snippet:-1","max-image-preview":"max-image-preview:large","max-video-preview":"max-video-preview:-1"},"canonical":"https:\/\/franciscanos.org.br\/noticias\/frente-da-comunicacao-se-reune-em-sao-paulo.html","og_locale":"pt_BR","og_type":"article","og_title":"Frente da Comunica\u00e7\u00e3o se re\u00fane em S\u00e3o Paulo - Not\u00edcias - Franciscanos","og_description":"Encontro da Frente de Comunica\u00e7\u00e3o em S\u00e3o Paulo (26\/10\/16)","og_url":"https:\/\/franciscanos.org.br\/noticias\/frente-da-comunicacao-se-reune-em-sao-paulo.html","og_site_name":"Not\u00edcias - Franciscanos","article_published_time":"2016-10-27T15:31:54+00:00","article_modified_time":"2019-07-02T10:28:54+00:00","og_image":[{"width":273,"height":181,"url":"https:\/\/franciscanos.org.br\/noticias\/wp-content\/uploads\/2016\/10\/frente_271016.jpg","type":"image\/jpeg"}],"author":"admin","twitter_card":"summary_large_image","twitter_misc":{"Escrito por":"admin","Est. tempo de leitura":"2 minutos"},"schema":{"@context":"https:\/\/schema.org","@graph":[{"@type":"WebSite","@id":"https:\/\/franciscanos.org.br\/noticias\/#website","url":"https:\/\/franciscanos.org.br\/noticias\/","name":"Not\u00edcias - Franciscanos","description":"Prov\u00edncia Franciscana da Imaculada Concei\u00e7\u00e3o do Brasil - Ordem dos Frades Menores - OFM","potentialAction":[{"@type":"SearchAction","target":{"@type":"EntryPoint","urlTemplate":"https:\/\/franciscanos.org.br\/noticias\/?s={search_term_string}"},"query-input":"required name=search_term_string"}],"inLanguage":"pt-BR"},{"@type":"ImageObject","inLanguage":"pt-BR","@id":"https:\/\/franciscanos.org.br\/noticias\/frente-da-comunicacao-se-reune-em-sao-paulo.html#primaryimage","url":"https:\/\/franciscanos.org.br\/noticias\/wp-content\/uploads\/2016\/10\/frente_271016.jpg","contentUrl":"https:\/\/franciscanos.org.br\/noticias\/wp-content\/uploads\/2016\/10\/frente_271016.jpg","width":273,"height":181},{"@type":"WebPage","@id":"https:\/\/franciscanos.org.br\/noticias\/frente-da-comunicacao-se-reune-em-sao-paulo.html#webpage","url":"https:\/\/franciscanos.org.br\/noticias\/frente-da-comunicacao-se-reune-em-sao-paulo.html","name":"Frente da Comunica\u00e7\u00e3o se re\u00fane em S\u00e3o Paulo - Not\u00edcias - Franciscanos","isPartOf":{"@id":"https:\/\/franciscanos.org.br\/noticias\/#website"},"primaryImageOfPage":{"@id":"https:\/\/franciscanos.org.br\/noticias\/frente-da-comunicacao-se-reune-em-sao-paulo.html#primaryimage"},"datePublished":"2016-10-27T15:31:54+00:00","dateModified":"2019-07-02T10:28:54+00:00","author":{"@id":"https:\/\/franciscanos.org.br\/noticias\/#\/schema\/person\/b38fbf43118f02820bd932f2e4b14ad3"},"breadcrumb":{"@id":"https:\/\/franciscanos.org.br\/noticias\/frente-da-comunicacao-se-reune-em-sao-paulo.html#breadcrumb"},"inLanguage":"pt-BR","potentialAction":[{"@type":"ReadAction","target":["https:\/\/franciscanos.org.br\/noticias\/frente-da-comunicacao-se-reune-em-sao-paulo.html"]}]},{"@type":"BreadcrumbList","@id":"https:\/\/franciscanos.org.br\/noticias\/frente-da-comunicacao-se-reune-em-sao-paulo.html#breadcrumb","itemListElement":[{"@type":"ListItem","position":1,"name":"Home","item":"https:\/\/franciscanos.org.br\/noticias"},{"@type":"ListItem","position":2,"name":"Frente da Comunica\u00e7\u00e3o se re\u00fane em S\u00e3o Paulo"}]},{"@type":"Person","@id":"https:\/\/franciscanos.org.br\/noticias\/#\/schema\/person\/b38fbf43118f02820bd932f2e4b14ad3","name":"admin","image":{"@type":"ImageObject","inLanguage":"pt-BR","@id":"https:\/\/franciscanos.org.br\/noticias\/#\/schema\/person\/image\/","url":"https:\/\/secure.gravatar.com\/avatar\/e8495742d34d0ba6448ea1c628263b3e?s=96&d=mm&r=g","contentUrl":"https:\/\/secure.gravatar.com\/avatar\/e8495742d34d0ba6448ea1c628263b3e?s=96&d=mm&r=g","caption":"admin"},"url":"https:\/\/franciscanos.org.br\/noticias\/author\/admin"}]}},"_links":{"self":[{"href":"https:\/\/franciscanos.org.br\/noticias\/wp-json\/wp\/v2\/posts\/119189"}],"collection":[{"href":"https:\/\/franciscanos.org.br\/noticias\/wp-json\/wp\/v2\/posts"}],"about":[{"href":"https:\/\/franciscanos.org.br\/noticias\/wp-json\/wp\/v2\/types\/post"}],"author":[{"embeddable":true,"href":"https:\/\/franciscanos.org.br\/noticias\/wp-json\/wp\/v2\/users\/1"}],"replies":[{"embeddable":true,"href":"https:\/\/franciscanos.org.br\/noticias\/wp-json\/wp\/v2\/comments?post=119189"}],"version-history":[{"count":0,"href":"https:\/\/franciscanos.org.br\/noticias\/wp-json\/wp\/v2\/posts\/119189\/revisions"}],"wp:featuredmedia":[{"embeddable":true,"href":"https:\/\/franciscanos.org.br\/noticias\/wp-json\/wp\/v2\/media\/207013"}],"wp:attachment":[{"href":"https:\/\/franciscanos.org.br\/noticias\/wp-json\/wp\/v2\/media?parent=119189"}],"wp:term":[{"taxonomy":"category","embeddable":true,"href":"https:\/\/franciscanos.org.br\/noticias\/wp-json\/wp\/v2\/categories?post=119189"},{"taxonomy":"post_tag","embeddable":true,"href":"https:\/\/franciscanos.org.br\/noticias\/wp-json\/wp\/v2\/tags?post=119189"}],"curies":[{"name":"wp","href":"https:\/\/api.w.org\/{rel}","templated":true}]}}