{"id":119043,"date":"2016-10-25T09:20:12","date_gmt":"2016-10-25T11:20:12","guid":{"rendered":"http:\/\/franciscanos.org.br\/?p=119043"},"modified":"2020-06-09T14:36:02","modified_gmt":"2020-06-09T17:36:02","slug":"papa-o-reino-de-deus-cresce-com-a-docilidade-nao-com-os-organogramas","status":"publish","type":"post","link":"https:\/\/franciscanos.org.br\/noticias\/papa-o-reino-de-deus-cresce-com-a-docilidade-nao-com-os-organogramas.html","title":{"rendered":"Sermos d\u00f3ceis ao Esp\u00edrito Santo, pede Papa Francisco"},"content":{"rendered":"<p><img loading=\"lazy\" src=\"http:\/\/franciscanos.org.br\/wp-content\/uploads\/2016\/10\/marta_251016.jpg\" alt=\"marta_251016\" width=\"820\" height=\"401\" \/><br \/>\n<strong>Cidade do Vaticano<\/strong> \u2013 Para que o Reino de Deus cres\u00e7a, o Senhor requer a todos a docilidade. Esta foi a exorta\u00e7\u00e3o que o Papa Francisco dirigiu aos fi\u00e9is na Missa na manh\u00e3 desta ter\u00e7a-feira, 25, na Casa Santa Marta.<\/p>\n<p>Bem-aventurados aqueles que \u201ccaminham na Lei do Senhor\u201d. O Papa iniciou a sua homilia destacando que a Lei n\u00e3o \u00e9 somente para estud\u00e1-la, mas para \u201ccaminh\u00e1-la\u201d. E acrescentou que a Lei \u201c\u00e9 para a vida, \u00e9 para ajudar a fazer o Reino, a fazer a vida\u201d. Hoje, disse ainda Francisco, o Senhor \u201cnos diz que tamb\u00e9m o Reino est\u00e1 em caminho\u201d:<\/p>\n<p>\u201cO que \u00e9 o Reino de Deus? Talvez o Reino de Deus seja uma estrutura bem feita, tudo em ordem, organogramas bem feitos, tudo&#8230; E aquilo que n\u00e3o entra ali, n\u00e3o \u00e9 o Reino de Deus. N\u00e3o. Com o Reino de Deus acontece o mesmo que pode acontecer com a Lei: o \u2018imobilismo\u2019, a rigidez\u2026 A lei \u00e9 para caminh\u00e1-la, o Reino de Deus est\u00e1 em caminho. N\u00e3o \u00e9 est\u00e1tico. E mais: o Reino de Deus \u2018se faz\u2019 todos os dias\u2019\u201d.<\/p>\n<p>Jesus, retomou o Papa, fala em suas par\u00e1bolas de \u201ccoisas da vida cotidiana\u201d: o fermento que \u201cn\u00e3o permanece fermento\u201d, porque, no final, \u201cse mistura com a farinha\u201d, est\u00e1 portanto \u201cem caminho e faz o p\u00e3o\u201d. E depois a semente que \u201cn\u00e3o permanece semente\u201d porque \u201cmorre e d\u00e1 vida \u00e0 \u00e1rvore\u201d. \u201cFermento e semente \u2013 observou Francisco \u2013 est\u00e3o em caminho para fazer algo\u201d, mas para fazer isto, \u201cmorrem\u201d. \u201cN\u00e3o \u00e9 um problema de pequenez, de pouca ou grande coisa. \u00c9 um problema \u2013 destacou o Pont\u00edfice \u2013 de caminho, e no caminho acontece a transforma\u00e7\u00e3o\u201d.<\/p>\n<p><strong>Devemos ser d\u00f3ceis ao Esp\u00edrito Santo<\/strong><\/p>\n<p>Algu\u00e9m que v\u00ea a Lei e n\u00e3o caminha, advertiu, tem uma atitude fixa, \u201cuma atitude de rigidez\u201d:<\/p>\n<p>\u201cQual \u00e9 o comportamento que o Senhor nos pede para que o Reino de Deus cres\u00e7a e seja p\u00e3o para todos e habita\u00e7\u00e3o, tamb\u00e9m, para todos? A docilidade. O Reino de Deus cresce com a docilidade \u00e0 for\u00e7a do Esp\u00edrito Santo. A farinha deixa de ser farinha e se torna p\u00e3o, porque \u00e9 d\u00f3cil \u00e0 for\u00e7a do fermento, e o fermento se deixa amassar com a farinha&#8230; n\u00e3o sei, a farinha n\u00e3o tem sentimentos, mas deste deixar-se amassar se pode pensar que h\u00e1 algum sofrimento ali, n\u00e3o? E depois, se deixa assar. Mas, tamb\u00e9m o Reino&#8230; mas o Reino cresce assim, e ao final \u00e9 alimento para todos\u201d.<\/p>\n<p>\u201cA farinha \u00e9 d\u00f3cil ao fermento\u201d, cresce e o Reino de Deus \u201c\u00e9 assim\u201d. \u201cO homem e a mulher d\u00f3ceis ao Esp\u00edrito Santo \u2013 afirmou o Papa \u2013 crescem e s\u00e3o dom para todos. Tamb\u00e9m a semente \u00e9 d\u00f3cil para ser f\u00e9rtil, e perde a sua entidade de semente e se torna outra coisa, muito maior: se transforma\u201d. Assim \u00e9 o Reino de Deus: \u201cem caminho\u201d. Em caminho \u201crumo \u00e0 esperan\u00e7a\u201d, \u201cem caminho em dire\u00e7\u00e3o \u00e0 plenitude\u201d.<\/p>\n<p><strong>Rigidez<\/strong><\/p>\n<p>O Reino de Deus, disse ainda, \u201cse faz todos os dias, com a docilidade ao Esp\u00edrito Santo, que \u00e9 aquele que une o nosso pequeno fermento ou a pequena semente \u00e0 for\u00e7a, e o transforma para fazer crescer\u201d. Se, ao inv\u00e9s, n\u00e3o caminhamos, nos tornamos r\u00edgidos e \u201ca rigidez nos faz \u00f3rf\u00e3os, sem Pai\u201d:<\/p>\n<p>\u201cO r\u00edgido tem somente patr\u00f5es, n\u00e3o um pai. O Reino de Deus \u00e9 como uma m\u00e3e que cresce e fecunda, doa a si mesma para que os filhos tenham comida e teto, de acordo com o exemplo do Senhor. Hoje \u00e9 um dia para pedir a gra\u00e7a e a docilidade ao Esp\u00edrito Santo. Muitas vezes somos d\u00f3ceis aos nossos caprichos, aos nossos ju\u00edzos. \u2018Mas, eu fa\u00e7o o que quero&#8230;\u2019 Assim o Reino n\u00e3o cresce, tampouco n\u00f3s. Ser\u00e1 a docilidade ao Esp\u00edrito Santo que nos far\u00e1 crescer e transformar como o fermento e a semente. Que o Senhor nos d\u00ea a todos a gra\u00e7a desta docilidade\u201d.<\/p>\n<hr \/>\n<p><em>Fonte: R\u00e1dio Vaticano<\/em><\/p>\n","protected":false},"excerpt":{"rendered":"<p>Missa em Santa Marta<\/p>\n","protected":false},"author":1,"featured_media":209137,"comment_status":"open","ping_status":"open","sticky":false,"template":"","format":"standard","meta":[],"categories":[1428],"tags":[1586],"acf":[],"yoast_head":"<!-- This site is optimized with the Yoast SEO plugin v19.2 - https:\/\/yoast.com\/wordpress\/plugins\/seo\/ -->\n<title>Sermos d\u00f3ceis ao Esp\u00edrito Santo, pede Papa Francisco - Not\u00edcias - Franciscanos<\/title>\n<meta name=\"robots\" content=\"index, follow, max-snippet:-1, max-image-preview:large, max-video-preview:-1\" \/>\n<link rel=\"canonical\" href=\"https:\/\/franciscanos.org.br\/noticias\/papa-o-reino-de-deus-cresce-com-a-docilidade-nao-com-os-organogramas.html\" \/>\n<meta property=\"og:locale\" content=\"pt_BR\" \/>\n<meta property=\"og:type\" content=\"article\" \/>\n<meta property=\"og:title\" content=\"Sermos d\u00f3ceis ao Esp\u00edrito Santo, pede Papa Francisco - Not\u00edcias - Franciscanos\" \/>\n<meta property=\"og:description\" content=\"Missa em Santa Marta\" \/>\n<meta property=\"og:url\" content=\"https:\/\/franciscanos.org.br\/noticias\/papa-o-reino-de-deus-cresce-com-a-docilidade-nao-com-os-organogramas.html\" \/>\n<meta property=\"og:site_name\" content=\"Not\u00edcias - Franciscanos\" \/>\n<meta property=\"article:published_time\" content=\"2016-10-25T11:20:12+00:00\" \/>\n<meta property=\"article:modified_time\" content=\"2020-06-09T17:36:02+00:00\" \/>\n<meta property=\"og:image\" content=\"https:\/\/franciscanos.org.br\/noticias\/wp-content\/uploads\/2016\/10\/marta_251016.jpg\" \/>\n\t<meta property=\"og:image:width\" content=\"273\" \/>\n\t<meta property=\"og:image:height\" content=\"181\" \/>\n\t<meta property=\"og:image:type\" content=\"image\/jpeg\" \/>\n<meta name=\"author\" content=\"admin\" \/>\n<meta name=\"twitter:card\" content=\"summary_large_image\" \/>\n<meta name=\"twitter:label1\" content=\"Escrito por\" \/>\n\t<meta name=\"twitter:data1\" content=\"admin\" \/>\n\t<meta name=\"twitter:label2\" content=\"Est. tempo de leitura\" \/>\n\t<meta name=\"twitter:data2\" content=\"3 minutos\" \/>\n<script type=\"application\/ld+json\" class=\"yoast-schema-graph\">{\"@context\":\"https:\/\/schema.org\",\"@graph\":[{\"@type\":\"WebSite\",\"@id\":\"https:\/\/franciscanos.org.br\/noticias\/#website\",\"url\":\"https:\/\/franciscanos.org.br\/noticias\/\",\"name\":\"Not\u00edcias - Franciscanos\",\"description\":\"Prov\u00edncia Franciscana da Imaculada Concei\u00e7\u00e3o do Brasil - Ordem dos Frades Menores - OFM\",\"potentialAction\":[{\"@type\":\"SearchAction\",\"target\":{\"@type\":\"EntryPoint\",\"urlTemplate\":\"https:\/\/franciscanos.org.br\/noticias\/?s={search_term_string}\"},\"query-input\":\"required name=search_term_string\"}],\"inLanguage\":\"pt-BR\"},{\"@type\":\"ImageObject\",\"inLanguage\":\"pt-BR\",\"@id\":\"https:\/\/franciscanos.org.br\/noticias\/papa-o-reino-de-deus-cresce-com-a-docilidade-nao-com-os-organogramas.html#primaryimage\",\"url\":\"https:\/\/franciscanos.org.br\/noticias\/wp-content\/uploads\/2016\/10\/marta_251016.jpg\",\"contentUrl\":\"https:\/\/franciscanos.org.br\/noticias\/wp-content\/uploads\/2016\/10\/marta_251016.jpg\",\"width\":273,\"height\":181},{\"@type\":\"WebPage\",\"@id\":\"https:\/\/franciscanos.org.br\/noticias\/papa-o-reino-de-deus-cresce-com-a-docilidade-nao-com-os-organogramas.html#webpage\",\"url\":\"https:\/\/franciscanos.org.br\/noticias\/papa-o-reino-de-deus-cresce-com-a-docilidade-nao-com-os-organogramas.html\",\"name\":\"Sermos d\u00f3ceis ao Esp\u00edrito Santo, pede Papa Francisco - Not\u00edcias - Franciscanos\",\"isPartOf\":{\"@id\":\"https:\/\/franciscanos.org.br\/noticias\/#website\"},\"primaryImageOfPage\":{\"@id\":\"https:\/\/franciscanos.org.br\/noticias\/papa-o-reino-de-deus-cresce-com-a-docilidade-nao-com-os-organogramas.html#primaryimage\"},\"datePublished\":\"2016-10-25T11:20:12+00:00\",\"dateModified\":\"2020-06-09T17:36:02+00:00\",\"author\":{\"@id\":\"https:\/\/franciscanos.org.br\/noticias\/#\/schema\/person\/b38fbf43118f02820bd932f2e4b14ad3\"},\"breadcrumb\":{\"@id\":\"https:\/\/franciscanos.org.br\/noticias\/papa-o-reino-de-deus-cresce-com-a-docilidade-nao-com-os-organogramas.html#breadcrumb\"},\"inLanguage\":\"pt-BR\",\"potentialAction\":[{\"@type\":\"ReadAction\",\"target\":[\"https:\/\/franciscanos.org.br\/noticias\/papa-o-reino-de-deus-cresce-com-a-docilidade-nao-com-os-organogramas.html\"]}]},{\"@type\":\"BreadcrumbList\",\"@id\":\"https:\/\/franciscanos.org.br\/noticias\/papa-o-reino-de-deus-cresce-com-a-docilidade-nao-com-os-organogramas.html#breadcrumb\",\"itemListElement\":[{\"@type\":\"ListItem\",\"position\":1,\"name\":\"Home\",\"item\":\"https:\/\/franciscanos.org.br\/noticias\"},{\"@type\":\"ListItem\",\"position\":2,\"name\":\"Sermos d\u00f3ceis ao Esp\u00edrito Santo, pede Papa Francisco\"}]},{\"@type\":\"Person\",\"@id\":\"https:\/\/franciscanos.org.br\/noticias\/#\/schema\/person\/b38fbf43118f02820bd932f2e4b14ad3\",\"name\":\"admin\",\"image\":{\"@type\":\"ImageObject\",\"inLanguage\":\"pt-BR\",\"@id\":\"https:\/\/franciscanos.org.br\/noticias\/#\/schema\/person\/image\/\",\"url\":\"https:\/\/secure.gravatar.com\/avatar\/e8495742d34d0ba6448ea1c628263b3e?s=96&d=mm&r=g\",\"contentUrl\":\"https:\/\/secure.gravatar.com\/avatar\/e8495742d34d0ba6448ea1c628263b3e?s=96&d=mm&r=g\",\"caption\":\"admin\"},\"url\":\"https:\/\/franciscanos.org.br\/noticias\/author\/admin\"}]}<\/script>\n<!-- \/ Yoast SEO plugin. -->","yoast_head_json":{"title":"Sermos d\u00f3ceis ao Esp\u00edrito Santo, pede Papa Francisco - Not\u00edcias - Franciscanos","robots":{"index":"index","follow":"follow","max-snippet":"max-snippet:-1","max-image-preview":"max-image-preview:large","max-video-preview":"max-video-preview:-1"},"canonical":"https:\/\/franciscanos.org.br\/noticias\/papa-o-reino-de-deus-cresce-com-a-docilidade-nao-com-os-organogramas.html","og_locale":"pt_BR","og_type":"article","og_title":"Sermos d\u00f3ceis ao Esp\u00edrito Santo, pede Papa Francisco - Not\u00edcias - Franciscanos","og_description":"Missa em Santa Marta","og_url":"https:\/\/franciscanos.org.br\/noticias\/papa-o-reino-de-deus-cresce-com-a-docilidade-nao-com-os-organogramas.html","og_site_name":"Not\u00edcias - Franciscanos","article_published_time":"2016-10-25T11:20:12+00:00","article_modified_time":"2020-06-09T17:36:02+00:00","og_image":[{"width":273,"height":181,"url":"https:\/\/franciscanos.org.br\/noticias\/wp-content\/uploads\/2016\/10\/marta_251016.jpg","type":"image\/jpeg"}],"author":"admin","twitter_card":"summary_large_image","twitter_misc":{"Escrito por":"admin","Est. tempo de leitura":"3 minutos"},"schema":{"@context":"https:\/\/schema.org","@graph":[{"@type":"WebSite","@id":"https:\/\/franciscanos.org.br\/noticias\/#website","url":"https:\/\/franciscanos.org.br\/noticias\/","name":"Not\u00edcias - Franciscanos","description":"Prov\u00edncia Franciscana da Imaculada Concei\u00e7\u00e3o do Brasil - Ordem dos Frades Menores - OFM","potentialAction":[{"@type":"SearchAction","target":{"@type":"EntryPoint","urlTemplate":"https:\/\/franciscanos.org.br\/noticias\/?s={search_term_string}"},"query-input":"required name=search_term_string"}],"inLanguage":"pt-BR"},{"@type":"ImageObject","inLanguage":"pt-BR","@id":"https:\/\/franciscanos.org.br\/noticias\/papa-o-reino-de-deus-cresce-com-a-docilidade-nao-com-os-organogramas.html#primaryimage","url":"https:\/\/franciscanos.org.br\/noticias\/wp-content\/uploads\/2016\/10\/marta_251016.jpg","contentUrl":"https:\/\/franciscanos.org.br\/noticias\/wp-content\/uploads\/2016\/10\/marta_251016.jpg","width":273,"height":181},{"@type":"WebPage","@id":"https:\/\/franciscanos.org.br\/noticias\/papa-o-reino-de-deus-cresce-com-a-docilidade-nao-com-os-organogramas.html#webpage","url":"https:\/\/franciscanos.org.br\/noticias\/papa-o-reino-de-deus-cresce-com-a-docilidade-nao-com-os-organogramas.html","name":"Sermos d\u00f3ceis ao Esp\u00edrito Santo, pede Papa Francisco - Not\u00edcias - Franciscanos","isPartOf":{"@id":"https:\/\/franciscanos.org.br\/noticias\/#website"},"primaryImageOfPage":{"@id":"https:\/\/franciscanos.org.br\/noticias\/papa-o-reino-de-deus-cresce-com-a-docilidade-nao-com-os-organogramas.html#primaryimage"},"datePublished":"2016-10-25T11:20:12+00:00","dateModified":"2020-06-09T17:36:02+00:00","author":{"@id":"https:\/\/franciscanos.org.br\/noticias\/#\/schema\/person\/b38fbf43118f02820bd932f2e4b14ad3"},"breadcrumb":{"@id":"https:\/\/franciscanos.org.br\/noticias\/papa-o-reino-de-deus-cresce-com-a-docilidade-nao-com-os-organogramas.html#breadcrumb"},"inLanguage":"pt-BR","potentialAction":[{"@type":"ReadAction","target":["https:\/\/franciscanos.org.br\/noticias\/papa-o-reino-de-deus-cresce-com-a-docilidade-nao-com-os-organogramas.html"]}]},{"@type":"BreadcrumbList","@id":"https:\/\/franciscanos.org.br\/noticias\/papa-o-reino-de-deus-cresce-com-a-docilidade-nao-com-os-organogramas.html#breadcrumb","itemListElement":[{"@type":"ListItem","position":1,"name":"Home","item":"https:\/\/franciscanos.org.br\/noticias"},{"@type":"ListItem","position":2,"name":"Sermos d\u00f3ceis ao Esp\u00edrito Santo, pede Papa Francisco"}]},{"@type":"Person","@id":"https:\/\/franciscanos.org.br\/noticias\/#\/schema\/person\/b38fbf43118f02820bd932f2e4b14ad3","name":"admin","image":{"@type":"ImageObject","inLanguage":"pt-BR","@id":"https:\/\/franciscanos.org.br\/noticias\/#\/schema\/person\/image\/","url":"https:\/\/secure.gravatar.com\/avatar\/e8495742d34d0ba6448ea1c628263b3e?s=96&d=mm&r=g","contentUrl":"https:\/\/secure.gravatar.com\/avatar\/e8495742d34d0ba6448ea1c628263b3e?s=96&d=mm&r=g","caption":"admin"},"url":"https:\/\/franciscanos.org.br\/noticias\/author\/admin"}]}},"_links":{"self":[{"href":"https:\/\/franciscanos.org.br\/noticias\/wp-json\/wp\/v2\/posts\/119043"}],"collection":[{"href":"https:\/\/franciscanos.org.br\/noticias\/wp-json\/wp\/v2\/posts"}],"about":[{"href":"https:\/\/franciscanos.org.br\/noticias\/wp-json\/wp\/v2\/types\/post"}],"author":[{"embeddable":true,"href":"https:\/\/franciscanos.org.br\/noticias\/wp-json\/wp\/v2\/users\/1"}],"replies":[{"embeddable":true,"href":"https:\/\/franciscanos.org.br\/noticias\/wp-json\/wp\/v2\/comments?post=119043"}],"version-history":[{"count":2,"href":"https:\/\/franciscanos.org.br\/noticias\/wp-json\/wp\/v2\/posts\/119043\/revisions"}],"predecessor-version":[{"id":225578,"href":"https:\/\/franciscanos.org.br\/noticias\/wp-json\/wp\/v2\/posts\/119043\/revisions\/225578"}],"wp:featuredmedia":[{"embeddable":true,"href":"https:\/\/franciscanos.org.br\/noticias\/wp-json\/wp\/v2\/media\/209137"}],"wp:attachment":[{"href":"https:\/\/franciscanos.org.br\/noticias\/wp-json\/wp\/v2\/media?parent=119043"}],"wp:term":[{"taxonomy":"category","embeddable":true,"href":"https:\/\/franciscanos.org.br\/noticias\/wp-json\/wp\/v2\/categories?post=119043"},{"taxonomy":"post_tag","embeddable":true,"href":"https:\/\/franciscanos.org.br\/noticias\/wp-json\/wp\/v2\/tags?post=119043"}],"curies":[{"name":"wp","href":"https:\/\/api.w.org\/{rel}","templated":true}]}}