{"id":119005,"date":"2016-10-23T11:30:12","date_gmt":"2016-10-23T13:30:12","guid":{"rendered":"http:\/\/franciscanos.org.br\/?p=119005"},"modified":"2020-06-09T14:38:25","modified_gmt":"2020-06-09T17:38:25","slug":"no-angelus-novo-apelo-do-papa-em-favor-da-paz-e-reconciliacao-no-iraque","status":"publish","type":"post","link":"https:\/\/franciscanos.org.br\/noticias\/no-angelus-novo-apelo-do-papa-em-favor-da-paz-e-reconciliacao-no-iraque.html","title":{"rendered":"Apelo do Papa em favor da paz e reconcilia\u00e7\u00e3o no Iraque"},"content":{"rendered":"<p><img loading=\"lazy\" src=\"http:\/\/franciscanos.org.br\/wp-content\/uploads\/2016\/10\/angelus_241016g.jpg\" alt=\"angelus_241016g\" width=\"830\" height=\"400\" \/><\/p>\n<p><strong>Cidade do Vaticano<\/strong> &#8211; Nestas horas dram\u00e1ticas, fa\u00e7o-me pr\u00f3ximo de toda a popula\u00e7\u00e3o do Iraque, em particular, da popula\u00e7\u00e3o da cidade de Mosul: foram palavras do Santo Padre no Angelus deste domingo, em mais um premente apelo em favor da paz e da reconcilia\u00e7\u00e3o no Pa\u00eds do Golfo, onde se tem registrado nestes dias um ulterior recrudescimento dos combates, cuja viol\u00eancia n\u00e3o poupa nem mesmo as crian\u00e7as.<\/p>\n<p>\u201cNosso \u00e2nimo encontra-se abalado com os cruentos atos de viol\u00eancia que h\u00e1 muito tempo t\u00eam sido cometidos contra os cidad\u00e3os inocentes, tanto mu\u00e7ulmanos quanto crist\u00e3os, bem como pertencentes a outras etnias e religi\u00f5es. Sinto-me entristecido com as not\u00edcias do assassinato a sangue frio de numerosos filhos daquela terra, entre os quais tamb\u00e9m muitas crian\u00e7as. Essa crueldade nos faz chorar, deixando-nos sem palavras.\u201d<\/p>\n<p>Francisco une sua palavra de solidariedade \u00e0 assegura\u00e7\u00e3o de sua recorda\u00e7\u00e3o na ora\u00e7\u00e3o, a fim de que o Iraque, mesmo duramente atingido, se mantenha \u201cfirme na esperan\u00e7a de poder caminhar rumo a um futuro de seguran\u00e7a, de reconcilia\u00e7\u00e3o e de paz\u201d. O Santo Padre pediu aos presentes na Pra\u00e7a S\u00e3o Pedro \u2013 que acompanhavam a ora\u00e7\u00e3o mariana \u2013 que se unissem a ele na ora\u00e7\u00e3o, fazendo um momento de sil\u00eancio seguido de uma Ave-Maria.<\/p>\n<p><strong>Paulo Ap\u00f3stolo, anunciador do Evangelho a todos os povos<\/strong><\/p>\n<p>Na alocu\u00e7\u00e3o que precedeu a ora\u00e7\u00e3o do Angelus, o Papa ateve-se \u00e0 segunda leitura da Liturgia dominical, que nos apresenta a exorta\u00e7\u00e3o de S\u00e3o Paulo ap\u00f3stolo a Tim\u00f3teo, seu colaborador.<\/p>\n<p>Nela, o Ap\u00f3stolo repensa sua exist\u00eancia totalmente consagrada \u00e0 miss\u00e3o, e vendo aproximar-se o fim de seu caminho terreno, descreve-o em refer\u00eancia a tr\u00eas esta\u00e7\u00f5es: o presente, o passado e o futuro.<\/p>\n<p>Ap\u00f3s explicitar cada uma delas, Francisco ressalta que \u201ca miss\u00e3o de Paulo resultou eficaz, justa e fiel somente gra\u00e7as \u00e0 proximidade e \u00e0 for\u00e7a do Senhor, que fez dele um anunciador do Evangelho a todos os povos.<\/p>\n<p><strong>Igreja mission\u00e1ria, testemunha da miseric\u00f3rdia<\/strong><\/p>\n<p>Nesta narra\u00e7\u00e3o autobiogr\u00e1fica de S\u00e3o Paulo espelha-se a Igreja, especialmente neste domingo, ressaltou o Pont\u00edfice, \u201cDia Mundial das Miss\u00f5es\u201d, cujo tema \u00e9 \u201dIgreja mission\u00e1ria, testemunha de miseric\u00f3rdia\u201d.<\/p>\n<p>\u201cA experi\u00eancia do ap\u00f3stolo dos gentios nos recorda que devemos empenhar-nos nas atividades pastorais e mission\u00e1rias, de um lado, como se o resultado dependesse de nossos esfor\u00e7os, com o esp\u00edrito de sacrif\u00edcio do atleta que n\u00e3o se det\u00e9m nem mesmo diante das derrotas; de outro, por\u00e9m, sabendo que o verdadeiro sucesso de nossa miss\u00e3o \u00e9 dom da Gra\u00e7a: \u00e9 o Esp\u00edrito Santo que torna eficaz a miss\u00e3o da Igreja no mundo.\u201d<\/p>\n<p><strong>Tempo de miss\u00e3o e de coragem<\/strong><\/p>\n<p>Tendo lembrado que este domingo \u00e9 \u201cDia Mundial das Miss\u00f5es\u201d, disse que hoje \u00e9 tempo de miss\u00e3o e \u00e9 tempo de coragem<\/p>\n<p>\u201cCoragem para refor\u00e7ar os passos vacilantes, para retomar o gosto do gastar-se pelo Evangelho, para readquirir confian\u00e7a na for\u00e7a que a miss\u00e3o leva consigo. \u00c9 tempo de coragem, mesmo se ter coragem n\u00e3o significa ter garantia de sucesso. \u00c9-nos pedido a coragem para lutar, n\u00e3o necessariamente para vencer; para anunciar, n\u00e3o necessariamente para converter.\u201d<\/p>\n<p><strong>Coragem para abrir-nos a todos<\/strong><\/p>\n<p>Francisco continuou advertindo que \u201cnos \u00e9 pedido coragem para ser alternativos ao mundo, sem por\u00e9m jamais tornar-nos pol\u00eamicos ou agressivos. \u00c9-nos pedido coragem para abrir-nos a todos, sem jamais diminuir o car\u00e1ter absoluto e a unicidade de Cristo, \u00fanico salvador de todos. \u00c9-nos pedido coragem para resistir \u00e0 incredulidade, sem tornar-nos arrogantes\u201d.<\/p>\n<p>\u201c\u00c9-nos tamb\u00e9m pedido a coragem do publicano do Evangelho deste domingo, que com humildade n\u00e3o ousava sequer elevar os olhos ao c\u00e9u, mas batia no peito dizendo: \u2018\u00d3 Deus, tende piedade de mim, pecador\u2019.\u201d<\/p>\n<p>\u00c9 tempo de coragem!, repetiu o Papa. \u201cHoje \u00e9 preciso coragem!\u201d<\/p>\n<p>Dirigindo-se aos v\u00e1rios grupos de fi\u00e9is e peregrinos presentes, saudou os poloneses, que recordam em Roma e em sua P\u00e1tria os 1050 anos da presen\u00e7a do cristianismo na Pol\u00f4nia. Saudou tamb\u00e9m os coristas, que nestes dias celebraram o seu Jubileu. E cumprimentou a comunidade peruana de Roma, presente na Pra\u00e7a S\u00e3o Pedro com a imagem sagrada do Senhor dos Milagres. Antes de despedir-se, pediu que n\u00e3o se esque\u00e7am de rezar por ele.<\/p>\n<hr \/>\n<p><em>Fonte: R\u00e1dio Vaticano<\/em><\/p>\n","protected":false},"excerpt":{"rendered":"<p>Angelus<\/p>\n","protected":false},"author":1,"featured_media":222138,"comment_status":"open","ping_status":"open","sticky":false,"template":"","format":"standard","meta":[],"categories":[1428],"tags":[403],"acf":[],"yoast_head":"<!-- This site is optimized with the Yoast SEO plugin v19.2 - https:\/\/yoast.com\/wordpress\/plugins\/seo\/ -->\n<title>Apelo do Papa em favor da paz e reconcilia\u00e7\u00e3o no Iraque - Not\u00edcias - Franciscanos<\/title>\n<meta name=\"robots\" content=\"index, follow, max-snippet:-1, max-image-preview:large, max-video-preview:-1\" \/>\n<link rel=\"canonical\" href=\"https:\/\/franciscanos.org.br\/noticias\/no-angelus-novo-apelo-do-papa-em-favor-da-paz-e-reconciliacao-no-iraque.html\" \/>\n<meta property=\"og:locale\" content=\"pt_BR\" \/>\n<meta property=\"og:type\" content=\"article\" \/>\n<meta property=\"og:title\" content=\"Apelo do Papa em favor da paz e reconcilia\u00e7\u00e3o no Iraque - Not\u00edcias - Franciscanos\" \/>\n<meta property=\"og:description\" content=\"Angelus\" \/>\n<meta property=\"og:url\" content=\"https:\/\/franciscanos.org.br\/noticias\/no-angelus-novo-apelo-do-papa-em-favor-da-paz-e-reconciliacao-no-iraque.html\" \/>\n<meta property=\"og:site_name\" content=\"Not\u00edcias - Franciscanos\" \/>\n<meta property=\"article:published_time\" content=\"2016-10-23T13:30:12+00:00\" \/>\n<meta property=\"article:modified_time\" content=\"2020-06-09T17:38:25+00:00\" \/>\n<meta property=\"og:image\" content=\"https:\/\/franciscanos.org.br\/noticias\/wp-content\/uploads\/2016\/10\/angelus_241016g.jpg\" \/>\n\t<meta property=\"og:image:width\" content=\"273\" \/>\n\t<meta property=\"og:image:height\" content=\"181\" \/>\n\t<meta property=\"og:image:type\" content=\"image\/jpeg\" \/>\n<meta name=\"author\" content=\"admin\" \/>\n<meta name=\"twitter:card\" content=\"summary_large_image\" \/>\n<meta name=\"twitter:label1\" content=\"Escrito por\" \/>\n\t<meta name=\"twitter:data1\" content=\"admin\" \/>\n\t<meta name=\"twitter:label2\" content=\"Est. tempo de leitura\" \/>\n\t<meta name=\"twitter:data2\" content=\"4 minutos\" \/>\n<script type=\"application\/ld+json\" class=\"yoast-schema-graph\">{\"@context\":\"https:\/\/schema.org\",\"@graph\":[{\"@type\":\"WebSite\",\"@id\":\"https:\/\/franciscanos.org.br\/noticias\/#website\",\"url\":\"https:\/\/franciscanos.org.br\/noticias\/\",\"name\":\"Not\u00edcias - Franciscanos\",\"description\":\"Prov\u00edncia Franciscana da Imaculada Concei\u00e7\u00e3o do Brasil - Ordem dos Frades Menores - OFM\",\"potentialAction\":[{\"@type\":\"SearchAction\",\"target\":{\"@type\":\"EntryPoint\",\"urlTemplate\":\"https:\/\/franciscanos.org.br\/noticias\/?s={search_term_string}\"},\"query-input\":\"required name=search_term_string\"}],\"inLanguage\":\"pt-BR\"},{\"@type\":\"ImageObject\",\"inLanguage\":\"pt-BR\",\"@id\":\"https:\/\/franciscanos.org.br\/noticias\/no-angelus-novo-apelo-do-papa-em-favor-da-paz-e-reconciliacao-no-iraque.html#primaryimage\",\"url\":\"https:\/\/franciscanos.org.br\/noticias\/wp-content\/uploads\/2016\/10\/angelus_241016g.jpg\",\"contentUrl\":\"https:\/\/franciscanos.org.br\/noticias\/wp-content\/uploads\/2016\/10\/angelus_241016g.jpg\",\"width\":273,\"height\":181},{\"@type\":\"WebPage\",\"@id\":\"https:\/\/franciscanos.org.br\/noticias\/no-angelus-novo-apelo-do-papa-em-favor-da-paz-e-reconciliacao-no-iraque.html#webpage\",\"url\":\"https:\/\/franciscanos.org.br\/noticias\/no-angelus-novo-apelo-do-papa-em-favor-da-paz-e-reconciliacao-no-iraque.html\",\"name\":\"Apelo do Papa em favor da paz e reconcilia\u00e7\u00e3o no Iraque - Not\u00edcias - Franciscanos\",\"isPartOf\":{\"@id\":\"https:\/\/franciscanos.org.br\/noticias\/#website\"},\"primaryImageOfPage\":{\"@id\":\"https:\/\/franciscanos.org.br\/noticias\/no-angelus-novo-apelo-do-papa-em-favor-da-paz-e-reconciliacao-no-iraque.html#primaryimage\"},\"datePublished\":\"2016-10-23T13:30:12+00:00\",\"dateModified\":\"2020-06-09T17:38:25+00:00\",\"author\":{\"@id\":\"https:\/\/franciscanos.org.br\/noticias\/#\/schema\/person\/b38fbf43118f02820bd932f2e4b14ad3\"},\"breadcrumb\":{\"@id\":\"https:\/\/franciscanos.org.br\/noticias\/no-angelus-novo-apelo-do-papa-em-favor-da-paz-e-reconciliacao-no-iraque.html#breadcrumb\"},\"inLanguage\":\"pt-BR\",\"potentialAction\":[{\"@type\":\"ReadAction\",\"target\":[\"https:\/\/franciscanos.org.br\/noticias\/no-angelus-novo-apelo-do-papa-em-favor-da-paz-e-reconciliacao-no-iraque.html\"]}]},{\"@type\":\"BreadcrumbList\",\"@id\":\"https:\/\/franciscanos.org.br\/noticias\/no-angelus-novo-apelo-do-papa-em-favor-da-paz-e-reconciliacao-no-iraque.html#breadcrumb\",\"itemListElement\":[{\"@type\":\"ListItem\",\"position\":1,\"name\":\"Home\",\"item\":\"https:\/\/franciscanos.org.br\/noticias\"},{\"@type\":\"ListItem\",\"position\":2,\"name\":\"Apelo do Papa em favor da paz e reconcilia\u00e7\u00e3o no Iraque\"}]},{\"@type\":\"Person\",\"@id\":\"https:\/\/franciscanos.org.br\/noticias\/#\/schema\/person\/b38fbf43118f02820bd932f2e4b14ad3\",\"name\":\"admin\",\"image\":{\"@type\":\"ImageObject\",\"inLanguage\":\"pt-BR\",\"@id\":\"https:\/\/franciscanos.org.br\/noticias\/#\/schema\/person\/image\/\",\"url\":\"https:\/\/secure.gravatar.com\/avatar\/e8495742d34d0ba6448ea1c628263b3e?s=96&d=mm&r=g\",\"contentUrl\":\"https:\/\/secure.gravatar.com\/avatar\/e8495742d34d0ba6448ea1c628263b3e?s=96&d=mm&r=g\",\"caption\":\"admin\"},\"url\":\"https:\/\/franciscanos.org.br\/noticias\/author\/admin\"}]}<\/script>\n<!-- \/ Yoast SEO plugin. -->","yoast_head_json":{"title":"Apelo do Papa em favor da paz e reconcilia\u00e7\u00e3o no Iraque - Not\u00edcias - Franciscanos","robots":{"index":"index","follow":"follow","max-snippet":"max-snippet:-1","max-image-preview":"max-image-preview:large","max-video-preview":"max-video-preview:-1"},"canonical":"https:\/\/franciscanos.org.br\/noticias\/no-angelus-novo-apelo-do-papa-em-favor-da-paz-e-reconciliacao-no-iraque.html","og_locale":"pt_BR","og_type":"article","og_title":"Apelo do Papa em favor da paz e reconcilia\u00e7\u00e3o no Iraque - Not\u00edcias - Franciscanos","og_description":"Angelus","og_url":"https:\/\/franciscanos.org.br\/noticias\/no-angelus-novo-apelo-do-papa-em-favor-da-paz-e-reconciliacao-no-iraque.html","og_site_name":"Not\u00edcias - Franciscanos","article_published_time":"2016-10-23T13:30:12+00:00","article_modified_time":"2020-06-09T17:38:25+00:00","og_image":[{"width":273,"height":181,"url":"https:\/\/franciscanos.org.br\/noticias\/wp-content\/uploads\/2016\/10\/angelus_241016g.jpg","type":"image\/jpeg"}],"author":"admin","twitter_card":"summary_large_image","twitter_misc":{"Escrito por":"admin","Est. tempo de leitura":"4 minutos"},"schema":{"@context":"https:\/\/schema.org","@graph":[{"@type":"WebSite","@id":"https:\/\/franciscanos.org.br\/noticias\/#website","url":"https:\/\/franciscanos.org.br\/noticias\/","name":"Not\u00edcias - Franciscanos","description":"Prov\u00edncia Franciscana da Imaculada Concei\u00e7\u00e3o do Brasil - Ordem dos Frades Menores - OFM","potentialAction":[{"@type":"SearchAction","target":{"@type":"EntryPoint","urlTemplate":"https:\/\/franciscanos.org.br\/noticias\/?s={search_term_string}"},"query-input":"required name=search_term_string"}],"inLanguage":"pt-BR"},{"@type":"ImageObject","inLanguage":"pt-BR","@id":"https:\/\/franciscanos.org.br\/noticias\/no-angelus-novo-apelo-do-papa-em-favor-da-paz-e-reconciliacao-no-iraque.html#primaryimage","url":"https:\/\/franciscanos.org.br\/noticias\/wp-content\/uploads\/2016\/10\/angelus_241016g.jpg","contentUrl":"https:\/\/franciscanos.org.br\/noticias\/wp-content\/uploads\/2016\/10\/angelus_241016g.jpg","width":273,"height":181},{"@type":"WebPage","@id":"https:\/\/franciscanos.org.br\/noticias\/no-angelus-novo-apelo-do-papa-em-favor-da-paz-e-reconciliacao-no-iraque.html#webpage","url":"https:\/\/franciscanos.org.br\/noticias\/no-angelus-novo-apelo-do-papa-em-favor-da-paz-e-reconciliacao-no-iraque.html","name":"Apelo do Papa em favor da paz e reconcilia\u00e7\u00e3o no Iraque - Not\u00edcias - Franciscanos","isPartOf":{"@id":"https:\/\/franciscanos.org.br\/noticias\/#website"},"primaryImageOfPage":{"@id":"https:\/\/franciscanos.org.br\/noticias\/no-angelus-novo-apelo-do-papa-em-favor-da-paz-e-reconciliacao-no-iraque.html#primaryimage"},"datePublished":"2016-10-23T13:30:12+00:00","dateModified":"2020-06-09T17:38:25+00:00","author":{"@id":"https:\/\/franciscanos.org.br\/noticias\/#\/schema\/person\/b38fbf43118f02820bd932f2e4b14ad3"},"breadcrumb":{"@id":"https:\/\/franciscanos.org.br\/noticias\/no-angelus-novo-apelo-do-papa-em-favor-da-paz-e-reconciliacao-no-iraque.html#breadcrumb"},"inLanguage":"pt-BR","potentialAction":[{"@type":"ReadAction","target":["https:\/\/franciscanos.org.br\/noticias\/no-angelus-novo-apelo-do-papa-em-favor-da-paz-e-reconciliacao-no-iraque.html"]}]},{"@type":"BreadcrumbList","@id":"https:\/\/franciscanos.org.br\/noticias\/no-angelus-novo-apelo-do-papa-em-favor-da-paz-e-reconciliacao-no-iraque.html#breadcrumb","itemListElement":[{"@type":"ListItem","position":1,"name":"Home","item":"https:\/\/franciscanos.org.br\/noticias"},{"@type":"ListItem","position":2,"name":"Apelo do Papa em favor da paz e reconcilia\u00e7\u00e3o no Iraque"}]},{"@type":"Person","@id":"https:\/\/franciscanos.org.br\/noticias\/#\/schema\/person\/b38fbf43118f02820bd932f2e4b14ad3","name":"admin","image":{"@type":"ImageObject","inLanguage":"pt-BR","@id":"https:\/\/franciscanos.org.br\/noticias\/#\/schema\/person\/image\/","url":"https:\/\/secure.gravatar.com\/avatar\/e8495742d34d0ba6448ea1c628263b3e?s=96&d=mm&r=g","contentUrl":"https:\/\/secure.gravatar.com\/avatar\/e8495742d34d0ba6448ea1c628263b3e?s=96&d=mm&r=g","caption":"admin"},"url":"https:\/\/franciscanos.org.br\/noticias\/author\/admin"}]}},"_links":{"self":[{"href":"https:\/\/franciscanos.org.br\/noticias\/wp-json\/wp\/v2\/posts\/119005"}],"collection":[{"href":"https:\/\/franciscanos.org.br\/noticias\/wp-json\/wp\/v2\/posts"}],"about":[{"href":"https:\/\/franciscanos.org.br\/noticias\/wp-json\/wp\/v2\/types\/post"}],"author":[{"embeddable":true,"href":"https:\/\/franciscanos.org.br\/noticias\/wp-json\/wp\/v2\/users\/1"}],"replies":[{"embeddable":true,"href":"https:\/\/franciscanos.org.br\/noticias\/wp-json\/wp\/v2\/comments?post=119005"}],"version-history":[{"count":4,"href":"https:\/\/franciscanos.org.br\/noticias\/wp-json\/wp\/v2\/posts\/119005\/revisions"}],"predecessor-version":[{"id":225581,"href":"https:\/\/franciscanos.org.br\/noticias\/wp-json\/wp\/v2\/posts\/119005\/revisions\/225581"}],"wp:featuredmedia":[{"embeddable":true,"href":"https:\/\/franciscanos.org.br\/noticias\/wp-json\/wp\/v2\/media\/222138"}],"wp:attachment":[{"href":"https:\/\/franciscanos.org.br\/noticias\/wp-json\/wp\/v2\/media?parent=119005"}],"wp:term":[{"taxonomy":"category","embeddable":true,"href":"https:\/\/franciscanos.org.br\/noticias\/wp-json\/wp\/v2\/categories?post=119005"},{"taxonomy":"post_tag","embeddable":true,"href":"https:\/\/franciscanos.org.br\/noticias\/wp-json\/wp\/v2\/tags?post=119005"}],"curies":[{"name":"wp","href":"https:\/\/api.w.org\/{rel}","templated":true}]}}