{"id":118939,"date":"2016-10-24T07:30:16","date_gmt":"2016-10-24T09:30:16","guid":{"rendered":"http:\/\/franciscanos.org.br\/?p=118939"},"modified":"2020-03-20T11:38:45","modified_gmt":"2020-03-20T14:38:45","slug":"frei-clarencio-lanca-primeira-biografia-de-sao-benedito","status":"publish","type":"post","link":"https:\/\/franciscanos.org.br\/noticias\/frei-clarencio-lanca-primeira-biografia-de-sao-benedito.html","title":{"rendered":"Frei Clar\u00eancio lan\u00e7a primeira biografia de S\u00e3o Benedito"},"content":{"rendered":"<p><img loading=\"lazy\" class=\"alignleft wp-image-118940\" src=\"http:\/\/franciscanos.org.br\/wp-content\/uploads\/2016\/10\/benedito_241016.jpg\" alt=\"benedito_241016\" width=\"327\" height=\"487\" \/>Pedido pela Editora Santu\u00e1rio, Frei Clar\u00eancio Neotti escreveu &#8220;S\u00e3o Benedito: Homem de Deus e do Povo&#8221; (128 p\u00e1ginas). S\u00e3o duas novenas completas, percorrendo as grandes qualidades do santo franciscano. Para cada dia, Frei Clar\u00eancio escreveu uma ora\u00e7\u00e3o, em torno do tema do dia; e sobre as virtudes do santo meditadas em cada dia da novena montou a ladainha.<\/p>\n<p>&#8220;S\u00e3o Benedito \u00e9 dos santos mais invocados no Brasil. Mas a literatura em torno dele como religioso franciscano \u00e9 pequena entre n\u00f3s. Bem mais forte e vasta \u00e9 a literatura folcl\u00f3rica em torno dele. E as festas em sua honra brilham pelo sincretismo, pelas tradi\u00e7\u00f5es orais e pela marca popular&#8221;, diz Frei Clar\u00eancio.<\/p>\n<p>O autor traduziu a longa Bula de canoniza\u00e7\u00e3o, at\u00e9 hoje n\u00e3o encontr\u00e1vel em Portugu\u00eas e selecionou um trecho para cada dia do noven\u00e1rio. Com isso, o leitor tem uma biografia \u2018oficial\u2019 do santo siciliano, t\u00e3o falsamente floreada pelo folclore e pelo sincretismo. Frei Clar\u00eancio teve o cuidado de explicar as palavras ou os fatos mais dif\u00edceis da Bula.<\/p>\n<p>Nenhuma editora brasileira, nenhuma Irmandade publicou at\u00e9 hoje uma biografia do santo negro, hoje considerado n\u00e3o apenas o padroeiro dos escravos passados, mas tamb\u00e9m o santo modelo de integra\u00e7\u00e3o das ra\u00e7as e culturas. Tanto que a UNESCO criou e mant\u00e9m em Palermo a C\u00e1tedra S\u00e3o Benedito de integra\u00e7\u00e3o dos povos que migram \u00e0 procura de dignidade humana.<\/p>\n<p><img loading=\"lazy\" class=\"alignright wp-image-118941\" src=\"http:\/\/franciscanos.org.br\/wp-content\/uploads\/2016\/10\/clarencio_241016.jpg\" alt=\"clarencio_241016\" width=\"279\" height=\"283\" \/>Frei Clar\u00eancio \u00e9 natural de Salete, em Santa Catarina, onde nasceu no dia 29 de dezembro de 1934 e atualmente reside em Vila Velha (ES), onde \u00e9 Vig\u00e1rio Paroquial no Santu\u00e1rio do Divino Esp\u00edrito Santo. Vestiu o h\u00e1bito franciscano no dia 23 de dezembro de 1954 e foi ordenado sacerdote franciscano no dia 6 de janeiro de 1961. \u00c9 jornalista, escritor e atualmente edita e redige a revista \u201cVida Franciscana\u201d. Trabalhou na Editora Vozes de janeiro de 1966 a janeiro de 1986 e foi, durante todo esse tempo, redator da \u201cRevista de Cultura Vozes\u201d. \u00c9 autor de \u201cMinist\u00e9rio da Palavra\u201d (3 volumes), \u201cSanto Ant\u00f4nio, Mestre da Vida\u201d, \u201cOrar 15 dias com Santo Ant\u00f4nio\u201d, \u201cSanto Ant\u00f4nio: simpatia de Deus e simpatia dos homens\u201d, \u201cSanto Ant\u00f4nio, Luz do Mundo\u201d (os 9 serm\u00f5es do Padre Vieira sobre Santo Ant\u00f4nio, comentados), \u201cOrar 15 dias com Frei Galv\u00e3o\u201d, \u201cComunica\u00e7\u00e3o e Igreja no Brasil\u201d, \u201cImaculada Concei\u00e7\u00e3o de Maria\u201d, \u201cFrei Aur\u00e9lio Stulzer, Pai, Irm\u00e3o, Amigo\u201d, \u201cFrei Bruno Linden, tudo para todos\u201d e \u201cAnimais no altar\u201d.<\/p>\n<p><a href=\"http:\/\/editorasantuario.com.br\/produtos\/detalhe\/1512\/sao_benedito_homem_de_deus_e_do_povo\" target=\"_blank\" rel=\"noopener noreferrer\"><strong>ADQUIRA O LIVRO AQUI<\/strong><\/a><\/p>\n","protected":false},"excerpt":{"rendered":"<p>Lan\u00e7amento<\/p>\n","protected":false},"author":1,"featured_media":222136,"comment_status":"open","ping_status":"open","sticky":false,"template":"","format":"standard","meta":[],"categories":[1],"tags":[],"acf":[],"yoast_head":"<!-- This site is optimized with the Yoast SEO plugin v19.2 - https:\/\/yoast.com\/wordpress\/plugins\/seo\/ -->\n<title>Frei Clar\u00eancio lan\u00e7a primeira biografia de S\u00e3o Benedito - Not\u00edcias - Franciscanos<\/title>\n<meta name=\"robots\" content=\"index, follow, max-snippet:-1, max-image-preview:large, max-video-preview:-1\" \/>\n<link rel=\"canonical\" href=\"https:\/\/franciscanos.org.br\/noticias\/frei-clarencio-lanca-primeira-biografia-de-sao-benedito.html\" \/>\n<meta property=\"og:locale\" content=\"pt_BR\" \/>\n<meta property=\"og:type\" content=\"article\" \/>\n<meta property=\"og:title\" content=\"Frei Clar\u00eancio lan\u00e7a primeira biografia de S\u00e3o Benedito - Not\u00edcias - Franciscanos\" \/>\n<meta property=\"og:description\" content=\"Lan\u00e7amento\" \/>\n<meta property=\"og:url\" content=\"https:\/\/franciscanos.org.br\/noticias\/frei-clarencio-lanca-primeira-biografia-de-sao-benedito.html\" \/>\n<meta property=\"og:site_name\" content=\"Not\u00edcias - Franciscanos\" \/>\n<meta property=\"article:published_time\" content=\"2016-10-24T09:30:16+00:00\" \/>\n<meta property=\"article:modified_time\" content=\"2020-03-20T14:38:45+00:00\" \/>\n<meta property=\"og:image\" content=\"https:\/\/franciscanos.org.br\/noticias\/wp-content\/uploads\/2016\/10\/benedito_241016.jpg\" \/>\n\t<meta property=\"og:image:width\" content=\"273\" \/>\n\t<meta property=\"og:image:height\" content=\"181\" \/>\n\t<meta property=\"og:image:type\" content=\"image\/jpeg\" \/>\n<meta name=\"author\" content=\"admin\" \/>\n<meta name=\"twitter:card\" content=\"summary_large_image\" \/>\n<meta name=\"twitter:label1\" content=\"Escrito por\" \/>\n\t<meta name=\"twitter:data1\" content=\"admin\" \/>\n\t<meta name=\"twitter:label2\" content=\"Est. tempo de leitura\" \/>\n\t<meta name=\"twitter:data2\" content=\"2 minutos\" \/>\n<script type=\"application\/ld+json\" class=\"yoast-schema-graph\">{\"@context\":\"https:\/\/schema.org\",\"@graph\":[{\"@type\":\"WebSite\",\"@id\":\"https:\/\/franciscanos.org.br\/noticias\/#website\",\"url\":\"https:\/\/franciscanos.org.br\/noticias\/\",\"name\":\"Not\u00edcias - Franciscanos\",\"description\":\"Prov\u00edncia Franciscana da Imaculada Concei\u00e7\u00e3o do Brasil - Ordem dos Frades Menores - OFM\",\"potentialAction\":[{\"@type\":\"SearchAction\",\"target\":{\"@type\":\"EntryPoint\",\"urlTemplate\":\"https:\/\/franciscanos.org.br\/noticias\/?s={search_term_string}\"},\"query-input\":\"required name=search_term_string\"}],\"inLanguage\":\"pt-BR\"},{\"@type\":\"ImageObject\",\"inLanguage\":\"pt-BR\",\"@id\":\"https:\/\/franciscanos.org.br\/noticias\/frei-clarencio-lanca-primeira-biografia-de-sao-benedito.html#primaryimage\",\"url\":\"https:\/\/franciscanos.org.br\/noticias\/wp-content\/uploads\/2016\/10\/benedito_241016.jpg\",\"contentUrl\":\"https:\/\/franciscanos.org.br\/noticias\/wp-content\/uploads\/2016\/10\/benedito_241016.jpg\",\"width\":273,\"height\":181},{\"@type\":\"WebPage\",\"@id\":\"https:\/\/franciscanos.org.br\/noticias\/frei-clarencio-lanca-primeira-biografia-de-sao-benedito.html#webpage\",\"url\":\"https:\/\/franciscanos.org.br\/noticias\/frei-clarencio-lanca-primeira-biografia-de-sao-benedito.html\",\"name\":\"Frei Clar\u00eancio lan\u00e7a primeira biografia de S\u00e3o Benedito - Not\u00edcias - Franciscanos\",\"isPartOf\":{\"@id\":\"https:\/\/franciscanos.org.br\/noticias\/#website\"},\"primaryImageOfPage\":{\"@id\":\"https:\/\/franciscanos.org.br\/noticias\/frei-clarencio-lanca-primeira-biografia-de-sao-benedito.html#primaryimage\"},\"datePublished\":\"2016-10-24T09:30:16+00:00\",\"dateModified\":\"2020-03-20T14:38:45+00:00\",\"author\":{\"@id\":\"https:\/\/franciscanos.org.br\/noticias\/#\/schema\/person\/b38fbf43118f02820bd932f2e4b14ad3\"},\"breadcrumb\":{\"@id\":\"https:\/\/franciscanos.org.br\/noticias\/frei-clarencio-lanca-primeira-biografia-de-sao-benedito.html#breadcrumb\"},\"inLanguage\":\"pt-BR\",\"potentialAction\":[{\"@type\":\"ReadAction\",\"target\":[\"https:\/\/franciscanos.org.br\/noticias\/frei-clarencio-lanca-primeira-biografia-de-sao-benedito.html\"]}]},{\"@type\":\"BreadcrumbList\",\"@id\":\"https:\/\/franciscanos.org.br\/noticias\/frei-clarencio-lanca-primeira-biografia-de-sao-benedito.html#breadcrumb\",\"itemListElement\":[{\"@type\":\"ListItem\",\"position\":1,\"name\":\"Home\",\"item\":\"https:\/\/franciscanos.org.br\/noticias\"},{\"@type\":\"ListItem\",\"position\":2,\"name\":\"Frei Clar\u00eancio lan\u00e7a primeira biografia de S\u00e3o Benedito\"}]},{\"@type\":\"Person\",\"@id\":\"https:\/\/franciscanos.org.br\/noticias\/#\/schema\/person\/b38fbf43118f02820bd932f2e4b14ad3\",\"name\":\"admin\",\"image\":{\"@type\":\"ImageObject\",\"inLanguage\":\"pt-BR\",\"@id\":\"https:\/\/franciscanos.org.br\/noticias\/#\/schema\/person\/image\/\",\"url\":\"https:\/\/secure.gravatar.com\/avatar\/e8495742d34d0ba6448ea1c628263b3e?s=96&d=mm&r=g\",\"contentUrl\":\"https:\/\/secure.gravatar.com\/avatar\/e8495742d34d0ba6448ea1c628263b3e?s=96&d=mm&r=g\",\"caption\":\"admin\"},\"url\":\"https:\/\/franciscanos.org.br\/noticias\/author\/admin\"}]}<\/script>\n<!-- \/ Yoast SEO plugin. -->","yoast_head_json":{"title":"Frei Clar\u00eancio lan\u00e7a primeira biografia de S\u00e3o Benedito - Not\u00edcias - Franciscanos","robots":{"index":"index","follow":"follow","max-snippet":"max-snippet:-1","max-image-preview":"max-image-preview:large","max-video-preview":"max-video-preview:-1"},"canonical":"https:\/\/franciscanos.org.br\/noticias\/frei-clarencio-lanca-primeira-biografia-de-sao-benedito.html","og_locale":"pt_BR","og_type":"article","og_title":"Frei Clar\u00eancio lan\u00e7a primeira biografia de S\u00e3o Benedito - Not\u00edcias - Franciscanos","og_description":"Lan\u00e7amento","og_url":"https:\/\/franciscanos.org.br\/noticias\/frei-clarencio-lanca-primeira-biografia-de-sao-benedito.html","og_site_name":"Not\u00edcias - Franciscanos","article_published_time":"2016-10-24T09:30:16+00:00","article_modified_time":"2020-03-20T14:38:45+00:00","og_image":[{"width":273,"height":181,"url":"https:\/\/franciscanos.org.br\/noticias\/wp-content\/uploads\/2016\/10\/benedito_241016.jpg","type":"image\/jpeg"}],"author":"admin","twitter_card":"summary_large_image","twitter_misc":{"Escrito por":"admin","Est. tempo de leitura":"2 minutos"},"schema":{"@context":"https:\/\/schema.org","@graph":[{"@type":"WebSite","@id":"https:\/\/franciscanos.org.br\/noticias\/#website","url":"https:\/\/franciscanos.org.br\/noticias\/","name":"Not\u00edcias - Franciscanos","description":"Prov\u00edncia Franciscana da Imaculada Concei\u00e7\u00e3o do Brasil - Ordem dos Frades Menores - OFM","potentialAction":[{"@type":"SearchAction","target":{"@type":"EntryPoint","urlTemplate":"https:\/\/franciscanos.org.br\/noticias\/?s={search_term_string}"},"query-input":"required name=search_term_string"}],"inLanguage":"pt-BR"},{"@type":"ImageObject","inLanguage":"pt-BR","@id":"https:\/\/franciscanos.org.br\/noticias\/frei-clarencio-lanca-primeira-biografia-de-sao-benedito.html#primaryimage","url":"https:\/\/franciscanos.org.br\/noticias\/wp-content\/uploads\/2016\/10\/benedito_241016.jpg","contentUrl":"https:\/\/franciscanos.org.br\/noticias\/wp-content\/uploads\/2016\/10\/benedito_241016.jpg","width":273,"height":181},{"@type":"WebPage","@id":"https:\/\/franciscanos.org.br\/noticias\/frei-clarencio-lanca-primeira-biografia-de-sao-benedito.html#webpage","url":"https:\/\/franciscanos.org.br\/noticias\/frei-clarencio-lanca-primeira-biografia-de-sao-benedito.html","name":"Frei Clar\u00eancio lan\u00e7a primeira biografia de S\u00e3o Benedito - Not\u00edcias - Franciscanos","isPartOf":{"@id":"https:\/\/franciscanos.org.br\/noticias\/#website"},"primaryImageOfPage":{"@id":"https:\/\/franciscanos.org.br\/noticias\/frei-clarencio-lanca-primeira-biografia-de-sao-benedito.html#primaryimage"},"datePublished":"2016-10-24T09:30:16+00:00","dateModified":"2020-03-20T14:38:45+00:00","author":{"@id":"https:\/\/franciscanos.org.br\/noticias\/#\/schema\/person\/b38fbf43118f02820bd932f2e4b14ad3"},"breadcrumb":{"@id":"https:\/\/franciscanos.org.br\/noticias\/frei-clarencio-lanca-primeira-biografia-de-sao-benedito.html#breadcrumb"},"inLanguage":"pt-BR","potentialAction":[{"@type":"ReadAction","target":["https:\/\/franciscanos.org.br\/noticias\/frei-clarencio-lanca-primeira-biografia-de-sao-benedito.html"]}]},{"@type":"BreadcrumbList","@id":"https:\/\/franciscanos.org.br\/noticias\/frei-clarencio-lanca-primeira-biografia-de-sao-benedito.html#breadcrumb","itemListElement":[{"@type":"ListItem","position":1,"name":"Home","item":"https:\/\/franciscanos.org.br\/noticias"},{"@type":"ListItem","position":2,"name":"Frei Clar\u00eancio lan\u00e7a primeira biografia de S\u00e3o Benedito"}]},{"@type":"Person","@id":"https:\/\/franciscanos.org.br\/noticias\/#\/schema\/person\/b38fbf43118f02820bd932f2e4b14ad3","name":"admin","image":{"@type":"ImageObject","inLanguage":"pt-BR","@id":"https:\/\/franciscanos.org.br\/noticias\/#\/schema\/person\/image\/","url":"https:\/\/secure.gravatar.com\/avatar\/e8495742d34d0ba6448ea1c628263b3e?s=96&d=mm&r=g","contentUrl":"https:\/\/secure.gravatar.com\/avatar\/e8495742d34d0ba6448ea1c628263b3e?s=96&d=mm&r=g","caption":"admin"},"url":"https:\/\/franciscanos.org.br\/noticias\/author\/admin"}]}},"_links":{"self":[{"href":"https:\/\/franciscanos.org.br\/noticias\/wp-json\/wp\/v2\/posts\/118939"}],"collection":[{"href":"https:\/\/franciscanos.org.br\/noticias\/wp-json\/wp\/v2\/posts"}],"about":[{"href":"https:\/\/franciscanos.org.br\/noticias\/wp-json\/wp\/v2\/types\/post"}],"author":[{"embeddable":true,"href":"https:\/\/franciscanos.org.br\/noticias\/wp-json\/wp\/v2\/users\/1"}],"replies":[{"embeddable":true,"href":"https:\/\/franciscanos.org.br\/noticias\/wp-json\/wp\/v2\/comments?post=118939"}],"version-history":[{"count":1,"href":"https:\/\/franciscanos.org.br\/noticias\/wp-json\/wp\/v2\/posts\/118939\/revisions"}],"predecessor-version":[{"id":222137,"href":"https:\/\/franciscanos.org.br\/noticias\/wp-json\/wp\/v2\/posts\/118939\/revisions\/222137"}],"wp:featuredmedia":[{"embeddable":true,"href":"https:\/\/franciscanos.org.br\/noticias\/wp-json\/wp\/v2\/media\/222136"}],"wp:attachment":[{"href":"https:\/\/franciscanos.org.br\/noticias\/wp-json\/wp\/v2\/media?parent=118939"}],"wp:term":[{"taxonomy":"category","embeddable":true,"href":"https:\/\/franciscanos.org.br\/noticias\/wp-json\/wp\/v2\/categories?post=118939"},{"taxonomy":"post_tag","embeddable":true,"href":"https:\/\/franciscanos.org.br\/noticias\/wp-json\/wp\/v2\/tags?post=118939"}],"curies":[{"name":"wp","href":"https:\/\/api.w.org\/{rel}","templated":true}]}}