{"id":118871,"date":"2016-10-21T08:39:56","date_gmt":"2016-10-21T10:39:56","guid":{"rendered":"http:\/\/franciscanos.org.br\/?p=118871"},"modified":"2020-06-09T14:40:58","modified_gmt":"2020-06-09T17:40:58","slug":"papa-cristaos-rejeitem-lutas-e-ciumes-construir-unidade-na-igreja","status":"publish","type":"post","link":"https:\/\/franciscanos.org.br\/noticias\/papa-cristaos-rejeitem-lutas-e-ciumes-construir-unidade-na-igreja.html","title":{"rendered":"Humildade, ternura e generosidade para a unidade da Igreja"},"content":{"rendered":"<p><img loading=\"lazy\" src=\"http:\/\/franciscanos.org.br\/wp-content\/uploads\/2016\/10\/marta_211016g.jpg\" alt=\"marta_211016g\" width=\"830\" height=\"360\" \/><\/p>\n<p><strong>Cidade do Vaticano<\/strong> &#8211; Humildade, ternura, generosidade. Na missa da manh\u00e3 desta sexta-feira (21) na Casa Santa Marta, o Papa Francisco indicou esses tr\u00eas pontos-chave para construir a unidade na Igreja. Mais uma vez, o Papa exortou os crist\u00e3os a rejeitarem os ci\u00fames, as invejas e as lutas.<\/p>\n<p>\u201cA paz esteja convosco\u201d. O Papa Francisco desenvolveu a sua homilia sublinhando que a sauda\u00e7\u00e3o do Senhor \u201ccria uma liga\u00e7\u00e3o\u201d, um v\u00ednculo de paz. Uma sauda\u00e7\u00e3o, retomou, que \u201cnos une para fazer a unidade do Esp\u00edrito\u201d. \u201cSe n\u00e3o h\u00e1 paz &#8211; observou &#8211; se n\u00e3o formos capazes de nos cumprimentar no sentido mais amplo da palavra, ter o cora\u00e7\u00e3o aberto com esp\u00edrito de paz, nunca mais haver\u00e1 a unidade\u201d.<\/p>\n<p><strong>O esp\u00edrito do mal semeia guerras, os crist\u00e3os evitem lutas<\/strong><\/p>\n<p>E isso, disse Francisco, vale para a \u201cunidade no mundo, a unidade nas cidades, no bairro, na fam\u00edlia\u201d:<\/p>\n<p>\u201cO esp\u00edrito do mal semeia guerras, sempre. Ci\u00fames, invejas, lutas, fofocas &#8230; s\u00e3o coisas que destroem a paz e, portanto, n\u00e3o pode haver unidade. E como \u00e9 o comportamento de um crist\u00e3o para a unidade, para encontrar esta unidade? Paulo diz claramente: &#8220;Comportem-se de maneira digna, com toda a humildade, ternura e generosidade\u201d. Essas tr\u00eas atitudes. Humildade: voc\u00ea n\u00e3o pode dar a paz sem humildade. Onde h\u00e1 orgulho, h\u00e1 sempre a guerra, sempre o desejo de vencer sobre o outro, de crer ser superior. Sem humildade n\u00e3o existe paz e sem paz n\u00e3o h\u00e1 unidade. &#8221;<\/p>\n<p><strong>Redescobrir a do\u00e7ura, apoiando-se um ao outro<\/strong><\/p>\n<p>O Papa observou com amargura que hoje \u201cesquecemos a capacidade de falar com ternura, o nosso discurso \u00e9 nos repreender. Ou falar mal dos outros &#8230; n\u00e3o h\u00e1 ternura. &#8221; A ternura, no entanto, &#8220;tem um n\u00facleo que \u00e9 a capacidade de suportar uns aos outros&#8221;: &#8220;Suportem-se uns aos outros&#8221;, diz Paulo. \u00c9 preciso ter paci\u00eancia, retomou o Papa, &#8220;suportar os defeitos dos outros, as coisas que eu n\u00e3o gosto&#8221;:<\/p>\n<p>Primeira, a humildade; segunda, a ternura, com a qual se suportar mutuamente; e terceira, a generosidade, um grande cora\u00e7\u00e3o capaz de conter todos, sem condenar e sem se rebaixar a mesquinharias. Neste grande cora\u00e7\u00e3o todos encontram lugar! Ele tem um v\u00ednculo com a paz, de criar a unidade. O criador da unidade \u00e9 o Esp\u00edrito Santo, que favorece e prepara a unidade.<\/p>\n<p>Logo, disse o Papa, colaboremos para a constru\u00e7\u00e3o da unidade, com o v\u00ednculo da paz. Este \u00e9 um meio digno de participarmos do mist\u00e9rio da Igreja:<\/p>\n<p>O mist\u00e9rio da Igreja \u00e9 o mist\u00e9rio do Corpo de Cristo: \u201cUma s\u00f3 f\u00e9, um s\u00f3 batismo, um s\u00f3 Deus, Pai de todos. Eis a unidade que Jesus pediu ao Pai para n\u00f3s. O v\u00ednculo da paz aumenta com a humildade, a suavidade, suportar-se uns aos outros e ser generosos.<\/p>\n<p>Francisco concluiu a sua homilia invocando o Esp\u00edrito Santo, para que nos d\u00ea a sua ra\u00e7a, n\u00e3o apenas de entender, mas de viver este mist\u00e9rio da Igreja, que \u00e9 mist\u00e9rio de unidade.<\/p>\n<hr \/>\n<p><em>Fonte: R\u00e1dio Vaticano<\/em><\/p>\n","protected":false},"excerpt":{"rendered":"<p>Missa em Santa Marta<\/p>\n","protected":false},"author":1,"featured_media":222148,"comment_status":"open","ping_status":"open","sticky":false,"template":"","format":"standard","meta":[],"categories":[1428],"tags":[1586],"acf":[],"yoast_head":"<!-- This site is optimized with the Yoast SEO plugin v19.2 - https:\/\/yoast.com\/wordpress\/plugins\/seo\/ -->\n<title>Humildade, ternura e generosidade para a unidade da Igreja - Not\u00edcias - Franciscanos<\/title>\n<meta name=\"robots\" content=\"index, follow, max-snippet:-1, max-image-preview:large, max-video-preview:-1\" \/>\n<link rel=\"canonical\" href=\"https:\/\/franciscanos.org.br\/noticias\/papa-cristaos-rejeitem-lutas-e-ciumes-construir-unidade-na-igreja.html\" \/>\n<meta property=\"og:locale\" content=\"pt_BR\" \/>\n<meta property=\"og:type\" content=\"article\" \/>\n<meta property=\"og:title\" content=\"Humildade, ternura e generosidade para a unidade da Igreja - Not\u00edcias - Franciscanos\" \/>\n<meta property=\"og:description\" content=\"Missa em Santa Marta\" \/>\n<meta property=\"og:url\" content=\"https:\/\/franciscanos.org.br\/noticias\/papa-cristaos-rejeitem-lutas-e-ciumes-construir-unidade-na-igreja.html\" \/>\n<meta property=\"og:site_name\" content=\"Not\u00edcias - Franciscanos\" \/>\n<meta property=\"article:published_time\" content=\"2016-10-21T10:39:56+00:00\" \/>\n<meta property=\"article:modified_time\" content=\"2020-06-09T17:40:58+00:00\" \/>\n<meta property=\"og:image\" content=\"https:\/\/franciscanos.org.br\/noticias\/wp-content\/uploads\/2016\/10\/marta_211016g.jpg\" \/>\n\t<meta property=\"og:image:width\" content=\"273\" \/>\n\t<meta property=\"og:image:height\" content=\"181\" \/>\n\t<meta property=\"og:image:type\" content=\"image\/jpeg\" \/>\n<meta name=\"author\" content=\"admin\" \/>\n<meta name=\"twitter:card\" content=\"summary_large_image\" \/>\n<meta name=\"twitter:label1\" content=\"Escrito por\" \/>\n\t<meta name=\"twitter:data1\" content=\"admin\" \/>\n\t<meta name=\"twitter:label2\" content=\"Est. tempo de leitura\" \/>\n\t<meta name=\"twitter:data2\" content=\"3 minutos\" \/>\n<script type=\"application\/ld+json\" class=\"yoast-schema-graph\">{\"@context\":\"https:\/\/schema.org\",\"@graph\":[{\"@type\":\"WebSite\",\"@id\":\"https:\/\/franciscanos.org.br\/noticias\/#website\",\"url\":\"https:\/\/franciscanos.org.br\/noticias\/\",\"name\":\"Not\u00edcias - Franciscanos\",\"description\":\"Prov\u00edncia Franciscana da Imaculada Concei\u00e7\u00e3o do Brasil - Ordem dos Frades Menores - OFM\",\"potentialAction\":[{\"@type\":\"SearchAction\",\"target\":{\"@type\":\"EntryPoint\",\"urlTemplate\":\"https:\/\/franciscanos.org.br\/noticias\/?s={search_term_string}\"},\"query-input\":\"required name=search_term_string\"}],\"inLanguage\":\"pt-BR\"},{\"@type\":\"ImageObject\",\"inLanguage\":\"pt-BR\",\"@id\":\"https:\/\/franciscanos.org.br\/noticias\/papa-cristaos-rejeitem-lutas-e-ciumes-construir-unidade-na-igreja.html#primaryimage\",\"url\":\"https:\/\/franciscanos.org.br\/noticias\/wp-content\/uploads\/2016\/10\/marta_211016g.jpg\",\"contentUrl\":\"https:\/\/franciscanos.org.br\/noticias\/wp-content\/uploads\/2016\/10\/marta_211016g.jpg\",\"width\":273,\"height\":181},{\"@type\":\"WebPage\",\"@id\":\"https:\/\/franciscanos.org.br\/noticias\/papa-cristaos-rejeitem-lutas-e-ciumes-construir-unidade-na-igreja.html#webpage\",\"url\":\"https:\/\/franciscanos.org.br\/noticias\/papa-cristaos-rejeitem-lutas-e-ciumes-construir-unidade-na-igreja.html\",\"name\":\"Humildade, ternura e generosidade para a unidade da Igreja - Not\u00edcias - Franciscanos\",\"isPartOf\":{\"@id\":\"https:\/\/franciscanos.org.br\/noticias\/#website\"},\"primaryImageOfPage\":{\"@id\":\"https:\/\/franciscanos.org.br\/noticias\/papa-cristaos-rejeitem-lutas-e-ciumes-construir-unidade-na-igreja.html#primaryimage\"},\"datePublished\":\"2016-10-21T10:39:56+00:00\",\"dateModified\":\"2020-06-09T17:40:58+00:00\",\"author\":{\"@id\":\"https:\/\/franciscanos.org.br\/noticias\/#\/schema\/person\/b38fbf43118f02820bd932f2e4b14ad3\"},\"breadcrumb\":{\"@id\":\"https:\/\/franciscanos.org.br\/noticias\/papa-cristaos-rejeitem-lutas-e-ciumes-construir-unidade-na-igreja.html#breadcrumb\"},\"inLanguage\":\"pt-BR\",\"potentialAction\":[{\"@type\":\"ReadAction\",\"target\":[\"https:\/\/franciscanos.org.br\/noticias\/papa-cristaos-rejeitem-lutas-e-ciumes-construir-unidade-na-igreja.html\"]}]},{\"@type\":\"BreadcrumbList\",\"@id\":\"https:\/\/franciscanos.org.br\/noticias\/papa-cristaos-rejeitem-lutas-e-ciumes-construir-unidade-na-igreja.html#breadcrumb\",\"itemListElement\":[{\"@type\":\"ListItem\",\"position\":1,\"name\":\"Home\",\"item\":\"https:\/\/franciscanos.org.br\/noticias\"},{\"@type\":\"ListItem\",\"position\":2,\"name\":\"Humildade, ternura e generosidade para a unidade da Igreja\"}]},{\"@type\":\"Person\",\"@id\":\"https:\/\/franciscanos.org.br\/noticias\/#\/schema\/person\/b38fbf43118f02820bd932f2e4b14ad3\",\"name\":\"admin\",\"image\":{\"@type\":\"ImageObject\",\"inLanguage\":\"pt-BR\",\"@id\":\"https:\/\/franciscanos.org.br\/noticias\/#\/schema\/person\/image\/\",\"url\":\"https:\/\/secure.gravatar.com\/avatar\/e8495742d34d0ba6448ea1c628263b3e?s=96&d=mm&r=g\",\"contentUrl\":\"https:\/\/secure.gravatar.com\/avatar\/e8495742d34d0ba6448ea1c628263b3e?s=96&d=mm&r=g\",\"caption\":\"admin\"},\"url\":\"https:\/\/franciscanos.org.br\/noticias\/author\/admin\"}]}<\/script>\n<!-- \/ Yoast SEO plugin. -->","yoast_head_json":{"title":"Humildade, ternura e generosidade para a unidade da Igreja - Not\u00edcias - Franciscanos","robots":{"index":"index","follow":"follow","max-snippet":"max-snippet:-1","max-image-preview":"max-image-preview:large","max-video-preview":"max-video-preview:-1"},"canonical":"https:\/\/franciscanos.org.br\/noticias\/papa-cristaos-rejeitem-lutas-e-ciumes-construir-unidade-na-igreja.html","og_locale":"pt_BR","og_type":"article","og_title":"Humildade, ternura e generosidade para a unidade da Igreja - Not\u00edcias - Franciscanos","og_description":"Missa em Santa Marta","og_url":"https:\/\/franciscanos.org.br\/noticias\/papa-cristaos-rejeitem-lutas-e-ciumes-construir-unidade-na-igreja.html","og_site_name":"Not\u00edcias - Franciscanos","article_published_time":"2016-10-21T10:39:56+00:00","article_modified_time":"2020-06-09T17:40:58+00:00","og_image":[{"width":273,"height":181,"url":"https:\/\/franciscanos.org.br\/noticias\/wp-content\/uploads\/2016\/10\/marta_211016g.jpg","type":"image\/jpeg"}],"author":"admin","twitter_card":"summary_large_image","twitter_misc":{"Escrito por":"admin","Est. tempo de leitura":"3 minutos"},"schema":{"@context":"https:\/\/schema.org","@graph":[{"@type":"WebSite","@id":"https:\/\/franciscanos.org.br\/noticias\/#website","url":"https:\/\/franciscanos.org.br\/noticias\/","name":"Not\u00edcias - Franciscanos","description":"Prov\u00edncia Franciscana da Imaculada Concei\u00e7\u00e3o do Brasil - Ordem dos Frades Menores - OFM","potentialAction":[{"@type":"SearchAction","target":{"@type":"EntryPoint","urlTemplate":"https:\/\/franciscanos.org.br\/noticias\/?s={search_term_string}"},"query-input":"required name=search_term_string"}],"inLanguage":"pt-BR"},{"@type":"ImageObject","inLanguage":"pt-BR","@id":"https:\/\/franciscanos.org.br\/noticias\/papa-cristaos-rejeitem-lutas-e-ciumes-construir-unidade-na-igreja.html#primaryimage","url":"https:\/\/franciscanos.org.br\/noticias\/wp-content\/uploads\/2016\/10\/marta_211016g.jpg","contentUrl":"https:\/\/franciscanos.org.br\/noticias\/wp-content\/uploads\/2016\/10\/marta_211016g.jpg","width":273,"height":181},{"@type":"WebPage","@id":"https:\/\/franciscanos.org.br\/noticias\/papa-cristaos-rejeitem-lutas-e-ciumes-construir-unidade-na-igreja.html#webpage","url":"https:\/\/franciscanos.org.br\/noticias\/papa-cristaos-rejeitem-lutas-e-ciumes-construir-unidade-na-igreja.html","name":"Humildade, ternura e generosidade para a unidade da Igreja - Not\u00edcias - Franciscanos","isPartOf":{"@id":"https:\/\/franciscanos.org.br\/noticias\/#website"},"primaryImageOfPage":{"@id":"https:\/\/franciscanos.org.br\/noticias\/papa-cristaos-rejeitem-lutas-e-ciumes-construir-unidade-na-igreja.html#primaryimage"},"datePublished":"2016-10-21T10:39:56+00:00","dateModified":"2020-06-09T17:40:58+00:00","author":{"@id":"https:\/\/franciscanos.org.br\/noticias\/#\/schema\/person\/b38fbf43118f02820bd932f2e4b14ad3"},"breadcrumb":{"@id":"https:\/\/franciscanos.org.br\/noticias\/papa-cristaos-rejeitem-lutas-e-ciumes-construir-unidade-na-igreja.html#breadcrumb"},"inLanguage":"pt-BR","potentialAction":[{"@type":"ReadAction","target":["https:\/\/franciscanos.org.br\/noticias\/papa-cristaos-rejeitem-lutas-e-ciumes-construir-unidade-na-igreja.html"]}]},{"@type":"BreadcrumbList","@id":"https:\/\/franciscanos.org.br\/noticias\/papa-cristaos-rejeitem-lutas-e-ciumes-construir-unidade-na-igreja.html#breadcrumb","itemListElement":[{"@type":"ListItem","position":1,"name":"Home","item":"https:\/\/franciscanos.org.br\/noticias"},{"@type":"ListItem","position":2,"name":"Humildade, ternura e generosidade para a unidade da Igreja"}]},{"@type":"Person","@id":"https:\/\/franciscanos.org.br\/noticias\/#\/schema\/person\/b38fbf43118f02820bd932f2e4b14ad3","name":"admin","image":{"@type":"ImageObject","inLanguage":"pt-BR","@id":"https:\/\/franciscanos.org.br\/noticias\/#\/schema\/person\/image\/","url":"https:\/\/secure.gravatar.com\/avatar\/e8495742d34d0ba6448ea1c628263b3e?s=96&d=mm&r=g","contentUrl":"https:\/\/secure.gravatar.com\/avatar\/e8495742d34d0ba6448ea1c628263b3e?s=96&d=mm&r=g","caption":"admin"},"url":"https:\/\/franciscanos.org.br\/noticias\/author\/admin"}]}},"_links":{"self":[{"href":"https:\/\/franciscanos.org.br\/noticias\/wp-json\/wp\/v2\/posts\/118871"}],"collection":[{"href":"https:\/\/franciscanos.org.br\/noticias\/wp-json\/wp\/v2\/posts"}],"about":[{"href":"https:\/\/franciscanos.org.br\/noticias\/wp-json\/wp\/v2\/types\/post"}],"author":[{"embeddable":true,"href":"https:\/\/franciscanos.org.br\/noticias\/wp-json\/wp\/v2\/users\/1"}],"replies":[{"embeddable":true,"href":"https:\/\/franciscanos.org.br\/noticias\/wp-json\/wp\/v2\/comments?post=118871"}],"version-history":[{"count":3,"href":"https:\/\/franciscanos.org.br\/noticias\/wp-json\/wp\/v2\/posts\/118871\/revisions"}],"predecessor-version":[{"id":225583,"href":"https:\/\/franciscanos.org.br\/noticias\/wp-json\/wp\/v2\/posts\/118871\/revisions\/225583"}],"wp:featuredmedia":[{"embeddable":true,"href":"https:\/\/franciscanos.org.br\/noticias\/wp-json\/wp\/v2\/media\/222148"}],"wp:attachment":[{"href":"https:\/\/franciscanos.org.br\/noticias\/wp-json\/wp\/v2\/media?parent=118871"}],"wp:term":[{"taxonomy":"category","embeddable":true,"href":"https:\/\/franciscanos.org.br\/noticias\/wp-json\/wp\/v2\/categories?post=118871"},{"taxonomy":"post_tag","embeddable":true,"href":"https:\/\/franciscanos.org.br\/noticias\/wp-json\/wp\/v2\/tags?post=118871"}],"curies":[{"name":"wp","href":"https:\/\/api.w.org\/{rel}","templated":true}]}}