{"id":118807,"date":"2016-10-20T09:46:15","date_gmt":"2016-10-20T11:46:15","guid":{"rendered":"http:\/\/franciscanos.org.br\/?p=118807"},"modified":"2020-06-09T14:41:54","modified_gmt":"2020-06-09T17:41:54","slug":"rezar-para-conhecer-jesus-o-catecismo-nao-e-suficiente","status":"publish","type":"post","link":"https:\/\/franciscanos.org.br\/noticias\/rezar-para-conhecer-jesus-o-catecismo-nao-e-suficiente.html","title":{"rendered":"Rezar para conhecer Jesus; o catecismo n\u00e3o \u00e9 suficiente"},"content":{"rendered":"<p><img loading=\"lazy\" src=\"http:\/\/franciscanos.org.br\/wp-content\/uploads\/2016\/10\/marta_201016g.jpg\" alt=\"marta_201016g\" width=\"830\" height=\"359\" \/><\/p>\n<p><strong>Cidade do Vaticano<\/strong> <strong>&#8211;<\/strong> Para conhecer realmente Jesus precisamos de ora\u00e7\u00e3o, adora\u00e7\u00e3o e reconhecer-nos pecadores. Foi o que disse o Papa Francisco na Missa matutina desta quinta-feira (20), na Casa Santa Marta. O Pont\u00edfice destacou que o catecismo n\u00e3o \u00e9 suficiente para compreender a profundidade do mist\u00e9rio de Cristo.<\/p>\n<p>Francisco discorreu sua homilia partindo da Carta de S\u00e3o Paulo aos Ef\u00e9sios. O Ap\u00f3stolo dos Gentios, observou ele, pede que o Esp\u00edrito Santo d\u00ea aos Ef\u00e9sios a gra\u00e7a de \u201cserem fortes, robustos\u201d, que fa\u00e7a de modo que Cristo habite em seus cora\u00e7\u00f5es. \u201cAli est\u00e1 o centro\u201d.<\/p>\n<p><strong>N\u00e3o se conhece Jesus somente com o catecismo, \u00e9 preciso rezar<\/strong><\/p>\n<p>O Papa observou que Paulo \u201cse imerge\u201d no \u201cmar imenso que \u00e9 a pessoa de Cristo\u201d. Mas como podemos conhecer Cristo?\u201d, questionou Francisco. Como podemos compreender \u201co amor de Cristo que supera todo conhecimento?\u201d:<\/p>\n<p>\u201cCristo est\u00e1 presente no Evangelho, lendo o Evangelho, conhecemos Cristo. E todos fazemos isso, pelo menos ouvimos o Evangelho quando vamos \u00e0 Missa. Com o estudo do catecismo: o catecismo nos ensina quem \u00e9 Cristo. Mas isso n\u00e3o \u00e9 suficiente. Para ser capaz de compreender qual \u00e9 a largura, o comprimento, a altura e a profundidade de Jesus Cristo, \u00e9 preciso entrar num contexto, primeiro, de ora\u00e7\u00e3o, como faz Paulo, de joelhos: \u2018Pai, envia-me o Esp\u00edrito para conhecer Jesus Cristo\u201d.<\/p>\n<p><strong>Encontrar o Senhor no sil\u00eancio da adora\u00e7\u00e3o<\/strong><\/p>\n<p>Para conhecer realmente Cristo, \u201c\u00e9 necess\u00e1rio ora\u00e7\u00e3o\u201d. \u201cPaulo n\u00e3o somente reza, adora este mist\u00e9rio que supera todo conhecimento e num contexto de adora\u00e7\u00e3o pede esta gra\u00e7a\u201d ao Senhor:<\/p>\n<p>\u201cN\u00e3o se conhece o Senhor sem este h\u00e1bito de adorar, de adorar em sil\u00eancio. Se n\u00e3o estou enganado, creio que esta ora\u00e7\u00e3o de adora\u00e7\u00e3o seja a menos conhecida entre n\u00f3s, \u00e9 a que menos rezamos. Perder tempo, permito-me dizer, diante do Senhor, diante do mist\u00e9rio de Jesus Cristo. Adorar. Ali em sil\u00eancio, o sil\u00eancio da adora\u00e7\u00e3o. Ele \u00e9 o Senhor e eu o adoro\u201d.<\/p>\n<p><strong>Reconhecer-se pecadores para entrar no mist\u00e9rio de Jesus<\/strong><\/p>\n<p>O Papa disse ainda que \u201cpara conhecer Cristo \u00e9 necess\u00e1rio ter consci\u00eancia de n\u00f3s mesmos, ou seja, ter o h\u00e1bito de nos acusar\u201d, de reconhecer-nos pecadores:<\/p>\n<p>\u201cN\u00e3o se pode adorar sem acusar-se a si mesmo. Para entrar neste mar sem fundo, sem margens, que \u00e9 o mist\u00e9rio de Jesus Cristo, estas coisas s\u00e3o necess\u00e1rias: Primeira, a ora\u00e7\u00e3o: Pai, envia-me o Esp\u00edrito para que Ele me leve a conhecer Jesus. Segunda, a adora\u00e7\u00e3o ao mist\u00e9rio, entrar no mist\u00e9rio, adorando. E terceira, acusar-se a si mesmo: Sou um homem dos l\u00e1bios impuros. Que o Senhor d\u00ea esta gra\u00e7a que Paulo pediu para os Ef\u00e9sios tamb\u00e9m a n\u00f3s, esta gra\u00e7a de conhecer e merecer Cristo.\u201d<\/p>\n<hr \/>\n<p><em>Fonte: R\u00e1dio Vaticano<\/em><\/p>\n","protected":false},"excerpt":{"rendered":"<p>Missa em Santa Marta<\/p>\n","protected":false},"author":1,"featured_media":203515,"comment_status":"open","ping_status":"open","sticky":false,"template":"","format":"standard","meta":[],"categories":[1428],"tags":[1586],"acf":[],"yoast_head":"<!-- This site is optimized with the Yoast SEO plugin v19.2 - https:\/\/yoast.com\/wordpress\/plugins\/seo\/ -->\n<title>Rezar para conhecer Jesus; o catecismo n\u00e3o \u00e9 suficiente - Not\u00edcias - Franciscanos<\/title>\n<meta name=\"robots\" content=\"index, follow, max-snippet:-1, max-image-preview:large, max-video-preview:-1\" \/>\n<link rel=\"canonical\" href=\"https:\/\/franciscanos.org.br\/noticias\/rezar-para-conhecer-jesus-o-catecismo-nao-e-suficiente.html\" \/>\n<meta property=\"og:locale\" content=\"pt_BR\" \/>\n<meta property=\"og:type\" content=\"article\" \/>\n<meta property=\"og:title\" content=\"Rezar para conhecer Jesus; o catecismo n\u00e3o \u00e9 suficiente - Not\u00edcias - Franciscanos\" \/>\n<meta property=\"og:description\" content=\"Missa em Santa Marta\" \/>\n<meta property=\"og:url\" content=\"https:\/\/franciscanos.org.br\/noticias\/rezar-para-conhecer-jesus-o-catecismo-nao-e-suficiente.html\" \/>\n<meta property=\"og:site_name\" content=\"Not\u00edcias - Franciscanos\" \/>\n<meta property=\"article:published_time\" content=\"2016-10-20T11:46:15+00:00\" \/>\n<meta property=\"article:modified_time\" content=\"2020-06-09T17:41:54+00:00\" \/>\n<meta property=\"og:image\" content=\"https:\/\/franciscanos.org.br\/noticias\/wp-content\/uploads\/2016\/10\/marta_201016g.jpg\" \/>\n\t<meta property=\"og:image:width\" content=\"273\" \/>\n\t<meta property=\"og:image:height\" content=\"181\" \/>\n\t<meta property=\"og:image:type\" content=\"image\/jpeg\" \/>\n<meta name=\"author\" content=\"admin\" \/>\n<meta name=\"twitter:card\" content=\"summary_large_image\" \/>\n<meta name=\"twitter:label1\" content=\"Escrito por\" \/>\n\t<meta name=\"twitter:data1\" content=\"admin\" \/>\n\t<meta name=\"twitter:label2\" content=\"Est. tempo de leitura\" \/>\n\t<meta name=\"twitter:data2\" content=\"2 minutos\" \/>\n<script type=\"application\/ld+json\" class=\"yoast-schema-graph\">{\"@context\":\"https:\/\/schema.org\",\"@graph\":[{\"@type\":\"WebSite\",\"@id\":\"https:\/\/franciscanos.org.br\/noticias\/#website\",\"url\":\"https:\/\/franciscanos.org.br\/noticias\/\",\"name\":\"Not\u00edcias - Franciscanos\",\"description\":\"Prov\u00edncia Franciscana da Imaculada Concei\u00e7\u00e3o do Brasil - Ordem dos Frades Menores - OFM\",\"potentialAction\":[{\"@type\":\"SearchAction\",\"target\":{\"@type\":\"EntryPoint\",\"urlTemplate\":\"https:\/\/franciscanos.org.br\/noticias\/?s={search_term_string}\"},\"query-input\":\"required name=search_term_string\"}],\"inLanguage\":\"pt-BR\"},{\"@type\":\"ImageObject\",\"inLanguage\":\"pt-BR\",\"@id\":\"https:\/\/franciscanos.org.br\/noticias\/rezar-para-conhecer-jesus-o-catecismo-nao-e-suficiente.html#primaryimage\",\"url\":\"https:\/\/franciscanos.org.br\/noticias\/wp-content\/uploads\/2016\/10\/marta_201016g.jpg\",\"contentUrl\":\"https:\/\/franciscanos.org.br\/noticias\/wp-content\/uploads\/2016\/10\/marta_201016g.jpg\",\"width\":273,\"height\":181},{\"@type\":\"WebPage\",\"@id\":\"https:\/\/franciscanos.org.br\/noticias\/rezar-para-conhecer-jesus-o-catecismo-nao-e-suficiente.html#webpage\",\"url\":\"https:\/\/franciscanos.org.br\/noticias\/rezar-para-conhecer-jesus-o-catecismo-nao-e-suficiente.html\",\"name\":\"Rezar para conhecer Jesus; o catecismo n\u00e3o \u00e9 suficiente - Not\u00edcias - Franciscanos\",\"isPartOf\":{\"@id\":\"https:\/\/franciscanos.org.br\/noticias\/#website\"},\"primaryImageOfPage\":{\"@id\":\"https:\/\/franciscanos.org.br\/noticias\/rezar-para-conhecer-jesus-o-catecismo-nao-e-suficiente.html#primaryimage\"},\"datePublished\":\"2016-10-20T11:46:15+00:00\",\"dateModified\":\"2020-06-09T17:41:54+00:00\",\"author\":{\"@id\":\"https:\/\/franciscanos.org.br\/noticias\/#\/schema\/person\/b38fbf43118f02820bd932f2e4b14ad3\"},\"breadcrumb\":{\"@id\":\"https:\/\/franciscanos.org.br\/noticias\/rezar-para-conhecer-jesus-o-catecismo-nao-e-suficiente.html#breadcrumb\"},\"inLanguage\":\"pt-BR\",\"potentialAction\":[{\"@type\":\"ReadAction\",\"target\":[\"https:\/\/franciscanos.org.br\/noticias\/rezar-para-conhecer-jesus-o-catecismo-nao-e-suficiente.html\"]}]},{\"@type\":\"BreadcrumbList\",\"@id\":\"https:\/\/franciscanos.org.br\/noticias\/rezar-para-conhecer-jesus-o-catecismo-nao-e-suficiente.html#breadcrumb\",\"itemListElement\":[{\"@type\":\"ListItem\",\"position\":1,\"name\":\"Home\",\"item\":\"https:\/\/franciscanos.org.br\/noticias\"},{\"@type\":\"ListItem\",\"position\":2,\"name\":\"Rezar para conhecer Jesus; o catecismo n\u00e3o \u00e9 suficiente\"}]},{\"@type\":\"Person\",\"@id\":\"https:\/\/franciscanos.org.br\/noticias\/#\/schema\/person\/b38fbf43118f02820bd932f2e4b14ad3\",\"name\":\"admin\",\"image\":{\"@type\":\"ImageObject\",\"inLanguage\":\"pt-BR\",\"@id\":\"https:\/\/franciscanos.org.br\/noticias\/#\/schema\/person\/image\/\",\"url\":\"https:\/\/secure.gravatar.com\/avatar\/e8495742d34d0ba6448ea1c628263b3e?s=96&d=mm&r=g\",\"contentUrl\":\"https:\/\/secure.gravatar.com\/avatar\/e8495742d34d0ba6448ea1c628263b3e?s=96&d=mm&r=g\",\"caption\":\"admin\"},\"url\":\"https:\/\/franciscanos.org.br\/noticias\/author\/admin\"}]}<\/script>\n<!-- \/ Yoast SEO plugin. -->","yoast_head_json":{"title":"Rezar para conhecer Jesus; o catecismo n\u00e3o \u00e9 suficiente - Not\u00edcias - Franciscanos","robots":{"index":"index","follow":"follow","max-snippet":"max-snippet:-1","max-image-preview":"max-image-preview:large","max-video-preview":"max-video-preview:-1"},"canonical":"https:\/\/franciscanos.org.br\/noticias\/rezar-para-conhecer-jesus-o-catecismo-nao-e-suficiente.html","og_locale":"pt_BR","og_type":"article","og_title":"Rezar para conhecer Jesus; o catecismo n\u00e3o \u00e9 suficiente - Not\u00edcias - Franciscanos","og_description":"Missa em Santa Marta","og_url":"https:\/\/franciscanos.org.br\/noticias\/rezar-para-conhecer-jesus-o-catecismo-nao-e-suficiente.html","og_site_name":"Not\u00edcias - Franciscanos","article_published_time":"2016-10-20T11:46:15+00:00","article_modified_time":"2020-06-09T17:41:54+00:00","og_image":[{"width":273,"height":181,"url":"https:\/\/franciscanos.org.br\/noticias\/wp-content\/uploads\/2016\/10\/marta_201016g.jpg","type":"image\/jpeg"}],"author":"admin","twitter_card":"summary_large_image","twitter_misc":{"Escrito por":"admin","Est. tempo de leitura":"2 minutos"},"schema":{"@context":"https:\/\/schema.org","@graph":[{"@type":"WebSite","@id":"https:\/\/franciscanos.org.br\/noticias\/#website","url":"https:\/\/franciscanos.org.br\/noticias\/","name":"Not\u00edcias - Franciscanos","description":"Prov\u00edncia Franciscana da Imaculada Concei\u00e7\u00e3o do Brasil - Ordem dos Frades Menores - OFM","potentialAction":[{"@type":"SearchAction","target":{"@type":"EntryPoint","urlTemplate":"https:\/\/franciscanos.org.br\/noticias\/?s={search_term_string}"},"query-input":"required name=search_term_string"}],"inLanguage":"pt-BR"},{"@type":"ImageObject","inLanguage":"pt-BR","@id":"https:\/\/franciscanos.org.br\/noticias\/rezar-para-conhecer-jesus-o-catecismo-nao-e-suficiente.html#primaryimage","url":"https:\/\/franciscanos.org.br\/noticias\/wp-content\/uploads\/2016\/10\/marta_201016g.jpg","contentUrl":"https:\/\/franciscanos.org.br\/noticias\/wp-content\/uploads\/2016\/10\/marta_201016g.jpg","width":273,"height":181},{"@type":"WebPage","@id":"https:\/\/franciscanos.org.br\/noticias\/rezar-para-conhecer-jesus-o-catecismo-nao-e-suficiente.html#webpage","url":"https:\/\/franciscanos.org.br\/noticias\/rezar-para-conhecer-jesus-o-catecismo-nao-e-suficiente.html","name":"Rezar para conhecer Jesus; o catecismo n\u00e3o \u00e9 suficiente - Not\u00edcias - Franciscanos","isPartOf":{"@id":"https:\/\/franciscanos.org.br\/noticias\/#website"},"primaryImageOfPage":{"@id":"https:\/\/franciscanos.org.br\/noticias\/rezar-para-conhecer-jesus-o-catecismo-nao-e-suficiente.html#primaryimage"},"datePublished":"2016-10-20T11:46:15+00:00","dateModified":"2020-06-09T17:41:54+00:00","author":{"@id":"https:\/\/franciscanos.org.br\/noticias\/#\/schema\/person\/b38fbf43118f02820bd932f2e4b14ad3"},"breadcrumb":{"@id":"https:\/\/franciscanos.org.br\/noticias\/rezar-para-conhecer-jesus-o-catecismo-nao-e-suficiente.html#breadcrumb"},"inLanguage":"pt-BR","potentialAction":[{"@type":"ReadAction","target":["https:\/\/franciscanos.org.br\/noticias\/rezar-para-conhecer-jesus-o-catecismo-nao-e-suficiente.html"]}]},{"@type":"BreadcrumbList","@id":"https:\/\/franciscanos.org.br\/noticias\/rezar-para-conhecer-jesus-o-catecismo-nao-e-suficiente.html#breadcrumb","itemListElement":[{"@type":"ListItem","position":1,"name":"Home","item":"https:\/\/franciscanos.org.br\/noticias"},{"@type":"ListItem","position":2,"name":"Rezar para conhecer Jesus; o catecismo n\u00e3o \u00e9 suficiente"}]},{"@type":"Person","@id":"https:\/\/franciscanos.org.br\/noticias\/#\/schema\/person\/b38fbf43118f02820bd932f2e4b14ad3","name":"admin","image":{"@type":"ImageObject","inLanguage":"pt-BR","@id":"https:\/\/franciscanos.org.br\/noticias\/#\/schema\/person\/image\/","url":"https:\/\/secure.gravatar.com\/avatar\/e8495742d34d0ba6448ea1c628263b3e?s=96&d=mm&r=g","contentUrl":"https:\/\/secure.gravatar.com\/avatar\/e8495742d34d0ba6448ea1c628263b3e?s=96&d=mm&r=g","caption":"admin"},"url":"https:\/\/franciscanos.org.br\/noticias\/author\/admin"}]}},"_links":{"self":[{"href":"https:\/\/franciscanos.org.br\/noticias\/wp-json\/wp\/v2\/posts\/118807"}],"collection":[{"href":"https:\/\/franciscanos.org.br\/noticias\/wp-json\/wp\/v2\/posts"}],"about":[{"href":"https:\/\/franciscanos.org.br\/noticias\/wp-json\/wp\/v2\/types\/post"}],"author":[{"embeddable":true,"href":"https:\/\/franciscanos.org.br\/noticias\/wp-json\/wp\/v2\/users\/1"}],"replies":[{"embeddable":true,"href":"https:\/\/franciscanos.org.br\/noticias\/wp-json\/wp\/v2\/comments?post=118807"}],"version-history":[{"count":2,"href":"https:\/\/franciscanos.org.br\/noticias\/wp-json\/wp\/v2\/posts\/118807\/revisions"}],"predecessor-version":[{"id":225584,"href":"https:\/\/franciscanos.org.br\/noticias\/wp-json\/wp\/v2\/posts\/118807\/revisions\/225584"}],"wp:featuredmedia":[{"embeddable":true,"href":"https:\/\/franciscanos.org.br\/noticias\/wp-json\/wp\/v2\/media\/203515"}],"wp:attachment":[{"href":"https:\/\/franciscanos.org.br\/noticias\/wp-json\/wp\/v2\/media?parent=118807"}],"wp:term":[{"taxonomy":"category","embeddable":true,"href":"https:\/\/franciscanos.org.br\/noticias\/wp-json\/wp\/v2\/categories?post=118807"},{"taxonomy":"post_tag","embeddable":true,"href":"https:\/\/franciscanos.org.br\/noticias\/wp-json\/wp\/v2\/tags?post=118807"}],"curies":[{"name":"wp","href":"https:\/\/api.w.org\/{rel}","templated":true}]}}