{"id":118727,"date":"2016-10-19T11:24:20","date_gmt":"2016-10-19T13:24:20","guid":{"rendered":"http:\/\/franciscanos.org.br\/?p=118727"},"modified":"2020-03-20T12:02:50","modified_gmt":"2020-03-20T15:02:50","slug":"fraternidade-caballo-cocha-convida-para-experiencia-missionaria","status":"publish","type":"post","link":"https:\/\/franciscanos.org.br\/noticias\/fraternidade-caballo-cocha-convida-para-experiencia-missionaria.html","title":{"rendered":"Fraternidade convida para experi\u00eancia mission\u00e1ria"},"content":{"rendered":"<p><img loading=\"lazy\" src=\"http:\/\/franciscanos.org.br\/wp-content\/uploads\/2016\/10\/caballo_191016.jpg\" alt=\"caballo_191016\" width=\"820\" height=\"378\" \/><\/p>\n<p>Por quatro anos seguidos, no m\u00eas de janeiro, realizamos experi\u00eancias mission\u00e1rias em diferentes lugares da Amaz\u00f4nia Peruana, nos Vicariatos de Requena e S\u00e3o Jos\u00e9 do Amazonas. A avalia\u00e7\u00e3o tem sido positiva. Alguns mission\u00e1rios t\u00eam voltado, outros est\u00e3o solicitando informa\u00e7\u00f5es para retornar. Animados por essas rea\u00e7\u00f5es, mais uma vez <strong>convidamos<\/strong> fraternalmente aos irm\u00e3os da Ordem Franciscana em suas diferentes Entidades da Am\u00e9rica Latina, \u00e0s religiosas, leigos e leigas, a participar em <strong>uma experi\u00eancia mission\u00e1ria na Amaz\u00f4nia, <\/strong>tomando contato com uma realidade amaz\u00f4nica local. Oferecemos esta possibilidade entre os dias 9 de janeiro e 3 de fevereiro de 2017, na Par\u00f3quia de Nossa Senhora das Merc\u00eas, em Caballo Cocha, Vicariato Apost\u00f3lico de S\u00e3o Jos\u00e9 do Amazonas, Loreto, Peru. Vamos repetir a experi\u00eancia no mesmo lugar de janeiro de 2016, para dar continuidade aos trabalhos desenvolvidos pelos mission\u00e1rios e fortalecer o projeto paroquial com Comunidades de \u00a0base e seus ministros, nos bairros e nas vilas ribeirinhas.<\/p>\n<p>A cidade de Caballo Cocha est\u00e1 localizada em una laguna ou \u201ccocha\u201d (de onde vem o seu nome) na margem direita do Rio Amazonas (no Brasil tem o nome de Solim\u00f5es), e conta com uns 22.000 habitantes. \u00c9 a maior cidade do Vicariato e \u00e9 a capital da Prov\u00edncia de Mariscal Ram\u00f3n Castilla. Est\u00e1 distante de Iquitos (capital de Loreto) umas oito horas em \u00a0bote r\u00e1pido (voadeiras) e umas 24 a 30 horas em barco convencional, e a duas horas da tr\u00edplice fronteira (Peru, Col\u00f4mbia e Brasil) em embarca\u00e7\u00e3o r\u00e1pida e umas seis horas em barco. \u00c9 importante anotar que existe transportes todos os dias da semana.<\/p>\n<p>Por ser zona de fronteira e capital de Prov\u00edncia, Caballo Cocha conta com todos os organismos p\u00fablicos do pa\u00eds. Por\u00e9m, \u00e9 bem percept\u00edvel a aus\u00eancia do Estado peruano com as pol\u00edticas p\u00fablicas a que tem direito seus habitantes desta regi\u00e3o. Como consequ\u00eancia, esta \u00e9 uma selva desprotegida, marginalizada e empobrecida, somando-se a isto uma economia informal de subsist\u00eancia com o agravante flagelo do narcotr\u00e1fico e da ilegalidade. A cidade tem um bom servi\u00e7o de energia el\u00e9trica as vinte e quatro horas do dia, um com\u00e9rcio b\u00e1sico, comunica\u00e7\u00e3o telef\u00f4nica e servi\u00e7o regular de internet.<\/p>\n<p>A Par\u00f3quia Nossa Senhora das Merc\u00eas conta com uma fraternidade de religiosas (Irm\u00e3s Franciscanas de Jesus Crucificado) de origem mexicana e desde junho de 2015 com dos frades franciscanos do Projeto Amaz\u00f4nia. Destacamos que um sacerdote diocesano, canadense, ligado aos frades, esteve como mission\u00e1rio nessa regi\u00e3o por mais de trinta anos at\u00e9 a sua morte, ocorrida em janeiro de 2003. Depois dele passaram v\u00e1rios sacerdotes por aqui por pouco tempo, sendo a maior parte do tempo atendida por sacerdotes visitantes para presidir os sacramentos. As irm\u00e3s Franciscanas assumiram a anima\u00e7\u00e3o pastoral. V\u00e1rios bairros da cidade t\u00eam catequese infantil, e desde dezembro de 2015 estamos nos dedicando a formar comunidades eclesiais com seus ministros. Muitos vilas ribeirinhas t\u00eam um \u201canimador\u201d que \u00e9 o ministro da comunidade. V\u00e1rias vilas foram tomadas por Igrejas Evang\u00e9licas e se destaca a presen\u00e7a dos \u201cisraelitas\u201d (um movimento messi\u00e2nico fundamentalista que segue a lei de Mois\u00e9s e que veem a Amaz\u00f4nia como a terra prometida). Neste sentido, s\u00e3o muitos os desafios que temos como Igreja Cat\u00f3lica.<\/p>\n<p><img loading=\"lazy\" class=\"alignright wp-image-118730\" src=\"http:\/\/franciscanos.org.br\/wp-content\/uploads\/2016\/10\/caballo_191016_3.jpg\" alt=\"caballo_191016_3\" width=\"380\" height=\"285\" \/><\/p>\n<p><strong>\u00a0<\/strong><strong>Motiva\u00e7\u00f5es para a miss\u00e3o:<\/strong><\/p>\n<blockquote><p>Por que irm\u00e3s e irm\u00e3os desejam conhecer a Amaz\u00f4nia, realizar uma experi\u00eancia e fazer um discernimento sobre sua voca\u00e7\u00e3o mission\u00e1ria.<\/p><\/blockquote>\n<blockquote><p>Por que a evangeliza\u00e7\u00e3o na Amaz\u00f4nia \u00e9 um desafio, a necessidade \u00e9 grande e os mission\u00e1rios s\u00e3o poucos.<\/p><\/blockquote>\n<blockquote><p>Por que \u00e9 uma oportunidade para experimentar a riqueza da fraternidade internacional.<\/p><\/blockquote>\n<p><strong>Objetivos:<\/strong><strong><em>\u00a0<\/em><\/strong><\/p>\n<blockquote><p>Oferecer aos irm\u00e3os e irm\u00e3s a possibilidade de uma experi\u00eancia mission\u00e1ria na Amaz\u00f4nia.<\/p><\/blockquote>\n<blockquote><p>Sensibilizar aos irm\u00e3os da Ordem da necessidade de novos mission\u00e1rios e da cria\u00e7\u00e3o de novas fraternidades na Amaz\u00f4nia.<\/p><\/blockquote>\n<blockquote><p>Anunciar a Boa Not\u00edcia de Jesus Cristo de que o Reino est\u00e1 pr\u00f3ximo.<\/p><\/blockquote>\n<blockquote><p>Animar e fortalecer a vida crist\u00e3 nas comunidades.<\/p><\/blockquote>\n<blockquote><p>Fortalecer o trabalho nos bairros, visando formar comunidades eclesiais.<\/p><\/blockquote>\n<blockquote><p>Despertar e promover novas lideran\u00e7as comunit\u00e1rias.<\/p><\/blockquote>\n<p><img loading=\"lazy\" class=\"alignleft size-full wp-image-118731\" src=\"http:\/\/franciscanos.org.br\/wp-content\/uploads\/2016\/10\/caballo_191016_2.jpg\" alt=\"caballo_191016_2\" width=\"560\" height=\"300\" \/><\/p>\n<p><strong>Datas a considerar:<\/strong><\/p>\n<p style=\"padding-left: 40px;\"><strong>09 de janeiro de 2017:<\/strong> chegada dos mission\u00e1rios e mission\u00e1rias a Iquitos, para quem vem via Lima. Todos os mission\u00e1rios devem chegar em Iquitos at\u00e9 o meio dia, ou no dia anterior.<\/p>\n<p style=\"padding-left: 40px;\"><strong>09 de janeiro: <\/strong>chegada dos mission\u00e1rios a Tabatinga (Brasil) ou a Let\u00edcia (Col\u00f4mbia). Recomendamos este trajeto para quem vem do Brasil ou da Col\u00f4mbia, por ser de mais f\u00e1cil acesso a Caballo Cocha.<\/p>\n<p style=\"padding-left: 40px;\"><strong>09 de janeiro (19h00): <\/strong>Sa\u00edda, em barca, de Iquitos rumo a Caballo Cocha.<\/p>\n<p style=\"padding-left: 40px;\"><strong>10 de janeiro (10h00): <\/strong>Sa\u00edda da fronteira, em dire\u00e7\u00e3o a Caballo Cocha.<\/p>\n<p style=\"padding-left: 40px;\"><strong>11 a 14 de janeiro:<\/strong> ambienta\u00e7\u00e3o clim\u00e1tica, conviv\u00eancia fraterna, estudo da realidade da Amaz\u00f4nia, ora\u00e7\u00e3o e prepara\u00e7\u00e3o para a miss\u00e3o.<\/p>\n<p style=\"padding-left: 40px;\"><strong>15 a 22 de janeiro:<\/strong> trabalho mission\u00e1rio nos bairros de Caballo Cocha.<\/p>\n<p style=\"padding-left: 40px;\"><strong>22 a 29 de janeiro:<\/strong> trabalho mission\u00e1rio nos \u201ccasarios\u201d ou vilas ribeirinhas.<\/p>\n<p style=\"padding-left: 40px;\"><strong>30 e 31 de janeiro:<\/strong> avalia\u00e7\u00e3o e confraterniza\u00e7\u00e3o.<\/p>\n<p style=\"padding-left: 40px;\"><strong>31 de janeiro (18h00)<\/strong>: viagem a Iquitos (chegada prevista em Iquitos no dia 02 de fevereiro pela manh\u00e3).<\/p>\n<p style=\"padding-left: 40px;\"><strong>01 de fevereiro (pela manh\u00e3)<\/strong>: viagem para a fronteira (chegada no mesmo dia).<\/p>\n<p style=\"padding-left: 40px;\"><strong>02 de fevereiro<\/strong>: viagem de regresso aos lugares de origem, de Leticia (Col\u00f4mbia), ou Tabatinga (Brasil).<\/p>\n<p style=\"padding-left: 40px;\"><strong>03 de fevereiro<\/strong>: viagem de regresso aos lugares de origem, de Iquitos (j\u00e1 se pode viajar no 02, a partir das 18h00).<\/p>\n<p><strong>Orienta\u00e7\u00f5es pr\u00e1ticas:<\/strong><\/p>\n<p><strong>&gt;&gt;<\/strong> A partir da chegada em Iquitos, Tabatinga ou Let\u00edcia, at\u00e9 o retorno, tamb\u00e9m a Iquitos, Tabatinga ou Let\u00edcia, os gastos com hospedagem, transporte, alimenta\u00e7\u00e3o e trabalho pastoral, ser\u00e3o assumidos pela administra\u00e7\u00e3o do Projeto. Os custos de viagem ser\u00e3o assumidos por cada mission\u00e1rio(a) ou respectiva entidade que o(a) envia.<\/p>\n<p><strong>&gt;&gt;<\/strong> Aos que se apresentarem como candidatos \u00e0 experi\u00eancia mission\u00e1ria, ofereceremos orienta\u00e7\u00f5es e informa\u00e7\u00f5es mais precisas oportunamente.<\/p>\n<p><strong>&gt;&gt;<\/strong> A data limite para as inscri\u00e7\u00f5es \u00e9 o dia 08 de dezembro de 2016, ou antes, se completar o n\u00famero de 25 mission\u00e1rios.<\/p>\n<p><strong>&gt;&gt;<\/strong> Os que desejarem permanecer mais tempo, para passeios, poder\u00e3o fazer por conta pr\u00f3pria ap\u00f3s termino da miss\u00e3o.<\/p>\n<p><strong>&gt;&gt;<\/strong> Para manifestar o desejo de participar da miss\u00e3o, obter mais informa\u00e7\u00f5es, ou para esclarecer d\u00favidas e propostas, devem fazer contato com frei <strong>At\u00edlio Battistuz (fratilio@yahoo.com.br)<\/strong>.<\/p>\n<p><strong>&gt;&gt;<\/strong> Da Col\u00f4mbia e do Equador fazer contato com <strong>Frei Jos\u00e9 Caro (joseof@yahoo.es).<\/strong><\/p>\n<p>Esperamos que as informa\u00e7\u00f5es tenham sido claras, incentivem e motivem a participar. Colocamos \u00e0 disposi\u00e7\u00e3o para mais esclarecimentos. Gostar\u00edamos que os (as) interessados(as) entrassem em contato conosco mesmo antes de amadurecer a decis\u00e3o, para dialogar e esclarecer d\u00favidas, e evitar transtornos de comunica\u00e7\u00e3o, devido \u00e0s limita\u00e7\u00f5es da internet por aqui.<\/p>\n<p><em>Abra\u00e7amos a todos fraternalmente e lhes desejamos Paz e Bem no Senhor.<\/em><\/p>\n<p><strong>\u00a0Fraternidade Franciscana &#8211; \u00a0Projeto Amaz\u00f4nia OFM &#8211; Caballo Cocha<\/strong><\/p>\n<p><strong>\u00a019 de outubro de 2016<\/strong><\/p>\n","protected":false},"excerpt":{"rendered":"<p>Projeto Amaz\u00f4nia &#8211; OFM<\/p>\n","protected":false},"author":1,"featured_media":222157,"comment_status":"open","ping_status":"open","sticky":false,"template":"","format":"standard","meta":[],"categories":[1],"tags":[],"acf":[],"yoast_head":"<!-- This site is optimized with the Yoast SEO plugin v19.2 - https:\/\/yoast.com\/wordpress\/plugins\/seo\/ -->\n<title>Fraternidade convida para experi\u00eancia mission\u00e1ria - Not\u00edcias - Franciscanos<\/title>\n<meta name=\"robots\" content=\"index, follow, max-snippet:-1, max-image-preview:large, max-video-preview:-1\" \/>\n<link rel=\"canonical\" href=\"https:\/\/franciscanos.org.br\/noticias\/fraternidade-caballo-cocha-convida-para-experiencia-missionaria.html\" \/>\n<meta property=\"og:locale\" content=\"pt_BR\" \/>\n<meta property=\"og:type\" content=\"article\" \/>\n<meta property=\"og:title\" content=\"Fraternidade convida para experi\u00eancia mission\u00e1ria - Not\u00edcias - Franciscanos\" \/>\n<meta property=\"og:description\" content=\"Projeto Amaz\u00f4nia - OFM\" \/>\n<meta property=\"og:url\" content=\"https:\/\/franciscanos.org.br\/noticias\/fraternidade-caballo-cocha-convida-para-experiencia-missionaria.html\" \/>\n<meta property=\"og:site_name\" content=\"Not\u00edcias - Franciscanos\" \/>\n<meta property=\"article:published_time\" content=\"2016-10-19T13:24:20+00:00\" \/>\n<meta property=\"article:modified_time\" content=\"2020-03-20T15:02:50+00:00\" \/>\n<meta property=\"og:image\" content=\"https:\/\/franciscanos.org.br\/noticias\/wp-content\/uploads\/2016\/10\/caballo_191016.jpg\" \/>\n\t<meta property=\"og:image:width\" content=\"273\" \/>\n\t<meta property=\"og:image:height\" content=\"181\" \/>\n\t<meta property=\"og:image:type\" content=\"image\/jpeg\" \/>\n<meta name=\"author\" content=\"admin\" \/>\n<meta name=\"twitter:card\" content=\"summary_large_image\" \/>\n<meta name=\"twitter:label1\" content=\"Escrito por\" \/>\n\t<meta name=\"twitter:data1\" content=\"admin\" \/>\n\t<meta name=\"twitter:label2\" content=\"Est. tempo de leitura\" \/>\n\t<meta name=\"twitter:data2\" content=\"6 minutos\" \/>\n<script type=\"application\/ld+json\" class=\"yoast-schema-graph\">{\"@context\":\"https:\/\/schema.org\",\"@graph\":[{\"@type\":\"WebSite\",\"@id\":\"https:\/\/franciscanos.org.br\/noticias\/#website\",\"url\":\"https:\/\/franciscanos.org.br\/noticias\/\",\"name\":\"Not\u00edcias - Franciscanos\",\"description\":\"Prov\u00edncia Franciscana da Imaculada Concei\u00e7\u00e3o do Brasil - Ordem dos Frades Menores - OFM\",\"potentialAction\":[{\"@type\":\"SearchAction\",\"target\":{\"@type\":\"EntryPoint\",\"urlTemplate\":\"https:\/\/franciscanos.org.br\/noticias\/?s={search_term_string}\"},\"query-input\":\"required name=search_term_string\"}],\"inLanguage\":\"pt-BR\"},{\"@type\":\"ImageObject\",\"inLanguage\":\"pt-BR\",\"@id\":\"https:\/\/franciscanos.org.br\/noticias\/fraternidade-caballo-cocha-convida-para-experiencia-missionaria.html#primaryimage\",\"url\":\"https:\/\/franciscanos.org.br\/noticias\/wp-content\/uploads\/2016\/10\/caballo_191016.jpg\",\"contentUrl\":\"https:\/\/franciscanos.org.br\/noticias\/wp-content\/uploads\/2016\/10\/caballo_191016.jpg\",\"width\":273,\"height\":181},{\"@type\":\"WebPage\",\"@id\":\"https:\/\/franciscanos.org.br\/noticias\/fraternidade-caballo-cocha-convida-para-experiencia-missionaria.html#webpage\",\"url\":\"https:\/\/franciscanos.org.br\/noticias\/fraternidade-caballo-cocha-convida-para-experiencia-missionaria.html\",\"name\":\"Fraternidade convida para experi\u00eancia mission\u00e1ria - Not\u00edcias - Franciscanos\",\"isPartOf\":{\"@id\":\"https:\/\/franciscanos.org.br\/noticias\/#website\"},\"primaryImageOfPage\":{\"@id\":\"https:\/\/franciscanos.org.br\/noticias\/fraternidade-caballo-cocha-convida-para-experiencia-missionaria.html#primaryimage\"},\"datePublished\":\"2016-10-19T13:24:20+00:00\",\"dateModified\":\"2020-03-20T15:02:50+00:00\",\"author\":{\"@id\":\"https:\/\/franciscanos.org.br\/noticias\/#\/schema\/person\/b38fbf43118f02820bd932f2e4b14ad3\"},\"breadcrumb\":{\"@id\":\"https:\/\/franciscanos.org.br\/noticias\/fraternidade-caballo-cocha-convida-para-experiencia-missionaria.html#breadcrumb\"},\"inLanguage\":\"pt-BR\",\"potentialAction\":[{\"@type\":\"ReadAction\",\"target\":[\"https:\/\/franciscanos.org.br\/noticias\/fraternidade-caballo-cocha-convida-para-experiencia-missionaria.html\"]}]},{\"@type\":\"BreadcrumbList\",\"@id\":\"https:\/\/franciscanos.org.br\/noticias\/fraternidade-caballo-cocha-convida-para-experiencia-missionaria.html#breadcrumb\",\"itemListElement\":[{\"@type\":\"ListItem\",\"position\":1,\"name\":\"Home\",\"item\":\"https:\/\/franciscanos.org.br\/noticias\"},{\"@type\":\"ListItem\",\"position\":2,\"name\":\"Fraternidade convida para experi\u00eancia mission\u00e1ria\"}]},{\"@type\":\"Person\",\"@id\":\"https:\/\/franciscanos.org.br\/noticias\/#\/schema\/person\/b38fbf43118f02820bd932f2e4b14ad3\",\"name\":\"admin\",\"image\":{\"@type\":\"ImageObject\",\"inLanguage\":\"pt-BR\",\"@id\":\"https:\/\/franciscanos.org.br\/noticias\/#\/schema\/person\/image\/\",\"url\":\"https:\/\/secure.gravatar.com\/avatar\/e8495742d34d0ba6448ea1c628263b3e?s=96&d=mm&r=g\",\"contentUrl\":\"https:\/\/secure.gravatar.com\/avatar\/e8495742d34d0ba6448ea1c628263b3e?s=96&d=mm&r=g\",\"caption\":\"admin\"},\"url\":\"https:\/\/franciscanos.org.br\/noticias\/author\/admin\"}]}<\/script>\n<!-- \/ Yoast SEO plugin. -->","yoast_head_json":{"title":"Fraternidade convida para experi\u00eancia mission\u00e1ria - Not\u00edcias - Franciscanos","robots":{"index":"index","follow":"follow","max-snippet":"max-snippet:-1","max-image-preview":"max-image-preview:large","max-video-preview":"max-video-preview:-1"},"canonical":"https:\/\/franciscanos.org.br\/noticias\/fraternidade-caballo-cocha-convida-para-experiencia-missionaria.html","og_locale":"pt_BR","og_type":"article","og_title":"Fraternidade convida para experi\u00eancia mission\u00e1ria - Not\u00edcias - Franciscanos","og_description":"Projeto Amaz\u00f4nia - OFM","og_url":"https:\/\/franciscanos.org.br\/noticias\/fraternidade-caballo-cocha-convida-para-experiencia-missionaria.html","og_site_name":"Not\u00edcias - Franciscanos","article_published_time":"2016-10-19T13:24:20+00:00","article_modified_time":"2020-03-20T15:02:50+00:00","og_image":[{"width":273,"height":181,"url":"https:\/\/franciscanos.org.br\/noticias\/wp-content\/uploads\/2016\/10\/caballo_191016.jpg","type":"image\/jpeg"}],"author":"admin","twitter_card":"summary_large_image","twitter_misc":{"Escrito por":"admin","Est. tempo de leitura":"6 minutos"},"schema":{"@context":"https:\/\/schema.org","@graph":[{"@type":"WebSite","@id":"https:\/\/franciscanos.org.br\/noticias\/#website","url":"https:\/\/franciscanos.org.br\/noticias\/","name":"Not\u00edcias - Franciscanos","description":"Prov\u00edncia Franciscana da Imaculada Concei\u00e7\u00e3o do Brasil - Ordem dos Frades Menores - OFM","potentialAction":[{"@type":"SearchAction","target":{"@type":"EntryPoint","urlTemplate":"https:\/\/franciscanos.org.br\/noticias\/?s={search_term_string}"},"query-input":"required name=search_term_string"}],"inLanguage":"pt-BR"},{"@type":"ImageObject","inLanguage":"pt-BR","@id":"https:\/\/franciscanos.org.br\/noticias\/fraternidade-caballo-cocha-convida-para-experiencia-missionaria.html#primaryimage","url":"https:\/\/franciscanos.org.br\/noticias\/wp-content\/uploads\/2016\/10\/caballo_191016.jpg","contentUrl":"https:\/\/franciscanos.org.br\/noticias\/wp-content\/uploads\/2016\/10\/caballo_191016.jpg","width":273,"height":181},{"@type":"WebPage","@id":"https:\/\/franciscanos.org.br\/noticias\/fraternidade-caballo-cocha-convida-para-experiencia-missionaria.html#webpage","url":"https:\/\/franciscanos.org.br\/noticias\/fraternidade-caballo-cocha-convida-para-experiencia-missionaria.html","name":"Fraternidade convida para experi\u00eancia mission\u00e1ria - Not\u00edcias - Franciscanos","isPartOf":{"@id":"https:\/\/franciscanos.org.br\/noticias\/#website"},"primaryImageOfPage":{"@id":"https:\/\/franciscanos.org.br\/noticias\/fraternidade-caballo-cocha-convida-para-experiencia-missionaria.html#primaryimage"},"datePublished":"2016-10-19T13:24:20+00:00","dateModified":"2020-03-20T15:02:50+00:00","author":{"@id":"https:\/\/franciscanos.org.br\/noticias\/#\/schema\/person\/b38fbf43118f02820bd932f2e4b14ad3"},"breadcrumb":{"@id":"https:\/\/franciscanos.org.br\/noticias\/fraternidade-caballo-cocha-convida-para-experiencia-missionaria.html#breadcrumb"},"inLanguage":"pt-BR","potentialAction":[{"@type":"ReadAction","target":["https:\/\/franciscanos.org.br\/noticias\/fraternidade-caballo-cocha-convida-para-experiencia-missionaria.html"]}]},{"@type":"BreadcrumbList","@id":"https:\/\/franciscanos.org.br\/noticias\/fraternidade-caballo-cocha-convida-para-experiencia-missionaria.html#breadcrumb","itemListElement":[{"@type":"ListItem","position":1,"name":"Home","item":"https:\/\/franciscanos.org.br\/noticias"},{"@type":"ListItem","position":2,"name":"Fraternidade convida para experi\u00eancia mission\u00e1ria"}]},{"@type":"Person","@id":"https:\/\/franciscanos.org.br\/noticias\/#\/schema\/person\/b38fbf43118f02820bd932f2e4b14ad3","name":"admin","image":{"@type":"ImageObject","inLanguage":"pt-BR","@id":"https:\/\/franciscanos.org.br\/noticias\/#\/schema\/person\/image\/","url":"https:\/\/secure.gravatar.com\/avatar\/e8495742d34d0ba6448ea1c628263b3e?s=96&d=mm&r=g","contentUrl":"https:\/\/secure.gravatar.com\/avatar\/e8495742d34d0ba6448ea1c628263b3e?s=96&d=mm&r=g","caption":"admin"},"url":"https:\/\/franciscanos.org.br\/noticias\/author\/admin"}]}},"_links":{"self":[{"href":"https:\/\/franciscanos.org.br\/noticias\/wp-json\/wp\/v2\/posts\/118727"}],"collection":[{"href":"https:\/\/franciscanos.org.br\/noticias\/wp-json\/wp\/v2\/posts"}],"about":[{"href":"https:\/\/franciscanos.org.br\/noticias\/wp-json\/wp\/v2\/types\/post"}],"author":[{"embeddable":true,"href":"https:\/\/franciscanos.org.br\/noticias\/wp-json\/wp\/v2\/users\/1"}],"replies":[{"embeddable":true,"href":"https:\/\/franciscanos.org.br\/noticias\/wp-json\/wp\/v2\/comments?post=118727"}],"version-history":[{"count":2,"href":"https:\/\/franciscanos.org.br\/noticias\/wp-json\/wp\/v2\/posts\/118727\/revisions"}],"predecessor-version":[{"id":222159,"href":"https:\/\/franciscanos.org.br\/noticias\/wp-json\/wp\/v2\/posts\/118727\/revisions\/222159"}],"wp:featuredmedia":[{"embeddable":true,"href":"https:\/\/franciscanos.org.br\/noticias\/wp-json\/wp\/v2\/media\/222157"}],"wp:attachment":[{"href":"https:\/\/franciscanos.org.br\/noticias\/wp-json\/wp\/v2\/media?parent=118727"}],"wp:term":[{"taxonomy":"category","embeddable":true,"href":"https:\/\/franciscanos.org.br\/noticias\/wp-json\/wp\/v2\/categories?post=118727"},{"taxonomy":"post_tag","embeddable":true,"href":"https:\/\/franciscanos.org.br\/noticias\/wp-json\/wp\/v2\/tags?post=118727"}],"curies":[{"name":"wp","href":"https:\/\/api.w.org\/{rel}","templated":true}]}}