{"id":118567,"date":"2016-10-16T16:21:21","date_gmt":"2016-10-16T18:21:21","guid":{"rendered":"http:\/\/franciscanos.org.br\/?p=118567"},"modified":"2020-06-09T14:47:09","modified_gmt":"2020-06-09T17:47:09","slug":"unanos-nossas-forcas-contra-a-pobreza-que-degrada-ofende-e-mata","status":"publish","type":"post","link":"https:\/\/franciscanos.org.br\/noticias\/unanos-nossas-forcas-contra-a-pobreza-que-degrada-ofende-e-mata.html","title":{"rendered":"&#8220;Unamos nossas for\u00e7as contra a pobreza que mata!&#8221;"},"content":{"rendered":"<p><img loading=\"lazy\" src=\"http:\/\/franciscanos.org.br\/wp-content\/uploads\/2016\/10\/papa_161016.jpg\" alt=\"papa_161016\" width=\"820\" height=\"479\" \/><\/p>\n<p><strong>Cidade do Vaticano<\/strong> \u00a0\u2013 Neste domingo, 16 de outubro, o Papa Francisco rezou com os fi\u00e9is presentes na Pra\u00e7a S\u00e3o Pedro a ora\u00e7\u00e3o mariana do Angelus. Depois de saudar as delega\u00e7\u00f5es oficiais dos pa\u00edses de origem dos novos santos, o Pont\u00edfice recordou que na segunda-feira, 17 de outubro, celebra-se o Dia Internacional para a Erradica\u00e7\u00e3o da Pobreza.<\/p>\n<p>\u201cUnamos as nossas for\u00e7as, morais e econ\u00f4micas, para lutar juntos contra a pobreza que degrada, ofende e mata tantos irm\u00e3os e irm\u00e3s, colocando em pr\u00e1tica pol\u00edticas s\u00e9rias para as fam\u00edlias e para o trabalho\u201d, foi o apelo do Papa. A origem do Dia Internacional para a Erradica\u00e7\u00e3o da Pobreza est\u00e1 ligada a uma iniciativa do sacerdote franc\u00eas Joseph Wresinski.<\/p>\n<p>No dia 17 de outubro de 1987, ele convocou milhares de pessoas para o primeiro Dia Mundial para a Erradica\u00e7\u00e3o da Mis\u00e9ria, na Pra\u00e7a em Paris onde foi assinada a Declara\u00e7\u00e3o Universal dos Direitos Humanos. Nesse mesmo dia, inaugurou uma placa comemorativa lembrando que a presen\u00e7a dos mais pobres no meio de n\u00f3s constitui um apelo \u00e0 constru\u00e7\u00e3o de uma humanidade verdadeiramente fraterna.<\/p>\n<p>Na placa, foi inscrito o seguinte apelo: &#8220;Onde os homens est\u00e3o condenados a viver na mis\u00e9ria, a\u00ed os Direitos Humanos s\u00e3o violados. Unir-se para que sejam respeitados \u00e9 um dever sagrado.&#8221;<\/p>\n<p>Em 1992, a Assembleia Geral das Na\u00e7\u00f5es Unidas declarou o 17 de outubro como sendo o \u201cDia Internacional para a Erradica\u00e7\u00e3o da Pobreza\u201d.<\/p>\n<p><strong>SETE NOVOS SANTOS<\/strong><\/p>\n<p>Antes do Angelus, o Papa Francisco presidiu na manh\u00e3 deste domingo a Santa Missa com o rito de canoniza\u00e7\u00e3o de sete novos santos.<\/p>\n<p>No in\u00edcio da celebra\u00e7\u00e3o eucar\u00edstica, com a participa\u00e7\u00e3o de milhares de fi\u00e9is, foram canonizados: Salom\u00e3o Leclercq (1745-1792), Jos\u00e9 Sanchez do R\u00edo (1913-1928), Manuel Gonz\u00e1lez Garcia (1877-1940), Ludovico Pavoni (1784-1849), Afonso Maria Fusco (1839-1910), Isabel da Sant\u00edssima Trindade (1880-1906) e Jos\u00e9 Gabriel do Ros\u00e1rio Brochero (1840-1914). Estavam presentes na Pra\u00e7a delega\u00e7\u00f5es oficiais dos cinco pa\u00edses de proveni\u00eancia dos santos: It\u00e1lia, Argentina, M\u00e9xico, Fran\u00e7a e Espanha.<\/p>\n<p><strong>Apoiar-se uns nos outros<\/strong><br \/>\nEm sua homilia, o Pont\u00edfice destacou a import\u00e2ncia da ora\u00e7\u00e3o, que aparece no centro das leituras b\u00edblicas deste domingo. No epis\u00f3dio da batalha contra Amalec, Mois\u00e9s est\u00e1 de p\u00e9 no topo da colina com os bra\u00e7os erguidos; mas de vez em quando, com o peso, seus bra\u00e7os caem e, nesses momentos, o povo perde; ent\u00e3o Aar\u00e3o e Hur fizeram Mois\u00e9s sentar-se numa pedra e sustentavam os seus bra\u00e7os erguidos at\u00e9 \u00e0 vit\u00f3ria final.<\/p>\n<p>\u201cEste \u00e9 o estilo de vida espiritual que a Igreja nos pede: n\u00e3o para vencer a guerra, mas para vencer a paz!\u201d, ressaltou o Papa.<\/p>\n<p>No epis\u00f3dio de Mois\u00e9s, h\u00e1 uma li\u00e7\u00e3o importante: o compromisso da ora\u00e7\u00e3o exige que nos apoiemos uns aos outros. O cansa\u00e7o \u00e9 inevit\u00e1vel, mas com o apoio dos irm\u00e3os a nossa ora\u00e7\u00e3o pode continuar, at\u00e9 que o Senhor conclua a sua obra.<\/p>\n<p><strong>Orar sempre, sem desfalecer<\/strong><br \/>\nNa segunda leitura, S\u00e3o Paulo recomenda a Tim\u00f3teo que permane\u00e7a firme naquilo que aprendeu e acredite firmemente. Contudo, tamb\u00e9m Tim\u00f3teo n\u00e3o pode perseverar sozinho, sem a ora\u00e7\u00e3o. \u201cN\u00e3o uma ora\u00e7\u00e3o espor\u00e1dica, intermitente, mas feita como Jesus ensina no Evangelho de hoje: \u2018orar sempre, sem desfalecer\u2019. Esta \u00e9 a maneira crist\u00e3 de agir: ser firme na ora\u00e7\u00e3o para se manter firme na f\u00e9 e no testemunho\u201d, explicou Francisco.<\/p>\n<p>Quando o des\u00e2nimo aparecer, acrescentou o Papa, devemos nos recordar que n\u00e3o estamos s\u00f3s, fazemos parte de um Corpo. Somos membros do Corpo de Cristo, a Igreja. E s\u00f3 na Igreja e gra\u00e7as \u00e0 ora\u00e7\u00e3o da Igreja \u00e9 que podemos permanecer firmes na f\u00e9 e no testemunho.<\/p>\n<p><strong>Rezar \u00e9 lutar<\/strong><br \/>\nRezar, prosseguiu, n\u00e3o \u00e9 refugiar-se num mundo ideal, n\u00e3o \u00e9 evadir-se numa falsa tranquilidade ego\u00edsta. Pelo contr\u00e1rio, rezar \u00e9 lutar e deixar que o pr\u00f3prio Esp\u00edrito Santo reze em n\u00f3s. \u00c9 o Esp\u00edrito Santo que nos ensina a rezar, guia na ora\u00e7\u00e3o e faz rezar como filhos.<\/p>\n<p>As sete testemunhas que hoje foram canonizadas tamb\u00e9m travaram o bom combate da f\u00e9 e do amor atrav\u00e9s da ora\u00e7\u00e3o. \u201cQue Deus nos conceda tamb\u00e9m a n\u00f3s, pelo exemplo e intercess\u00e3o delas, ser homens e mulheres de ora\u00e7\u00e3o; gritar a Deus dia e noite, sem nos cansarmos; deixar que o Esp\u00edrito Santo reze em n\u00f3s, e orar apoiando-nos mutuamente para permanecermos com os bra\u00e7os erguidos, at\u00e9 que ven\u00e7a a Miseric\u00f3rdia Divina\u201d, foi a ora\u00e7\u00e3o final do Papa.<\/p>\n<hr \/>\n<p><em>Fonte: R\u00e1dio Vaticano<\/em><\/p>\n","protected":false},"excerpt":{"rendered":"<p>Angelus<\/p>\n","protected":false},"author":1,"featured_media":200947,"comment_status":"open","ping_status":"open","sticky":false,"template":"","format":"standard","meta":[],"categories":[1428],"tags":[403],"acf":[],"yoast_head":"<!-- This site is optimized with the Yoast SEO plugin v19.2 - https:\/\/yoast.com\/wordpress\/plugins\/seo\/ -->\n<title>&quot;Unamos nossas for\u00e7as contra a pobreza que mata!&quot; - Not\u00edcias - Franciscanos<\/title>\n<meta name=\"robots\" content=\"index, follow, max-snippet:-1, max-image-preview:large, max-video-preview:-1\" \/>\n<link rel=\"canonical\" href=\"https:\/\/franciscanos.org.br\/noticias\/unanos-nossas-forcas-contra-a-pobreza-que-degrada-ofende-e-mata.html\" \/>\n<meta property=\"og:locale\" content=\"pt_BR\" \/>\n<meta property=\"og:type\" content=\"article\" \/>\n<meta property=\"og:title\" content=\"&quot;Unamos nossas for\u00e7as contra a pobreza que mata!&quot; - Not\u00edcias - Franciscanos\" \/>\n<meta property=\"og:description\" content=\"Angelus\" \/>\n<meta property=\"og:url\" content=\"https:\/\/franciscanos.org.br\/noticias\/unanos-nossas-forcas-contra-a-pobreza-que-degrada-ofende-e-mata.html\" \/>\n<meta property=\"og:site_name\" content=\"Not\u00edcias - Franciscanos\" \/>\n<meta property=\"article:published_time\" content=\"2016-10-16T18:21:21+00:00\" \/>\n<meta property=\"article:modified_time\" content=\"2020-06-09T17:47:09+00:00\" \/>\n<meta property=\"og:image\" content=\"https:\/\/franciscanos.org.br\/noticias\/wp-content\/uploads\/2016\/10\/papa_161016.jpg\" \/>\n\t<meta property=\"og:image:width\" content=\"273\" \/>\n\t<meta property=\"og:image:height\" content=\"181\" \/>\n\t<meta property=\"og:image:type\" content=\"image\/jpeg\" \/>\n<meta name=\"author\" content=\"admin\" \/>\n<meta name=\"twitter:card\" content=\"summary_large_image\" \/>\n<meta name=\"twitter:label1\" content=\"Escrito por\" \/>\n\t<meta name=\"twitter:data1\" content=\"admin\" \/>\n\t<meta name=\"twitter:label2\" content=\"Est. tempo de leitura\" \/>\n\t<meta name=\"twitter:data2\" content=\"4 minutos\" \/>\n<script type=\"application\/ld+json\" class=\"yoast-schema-graph\">{\"@context\":\"https:\/\/schema.org\",\"@graph\":[{\"@type\":\"WebSite\",\"@id\":\"https:\/\/franciscanos.org.br\/noticias\/#website\",\"url\":\"https:\/\/franciscanos.org.br\/noticias\/\",\"name\":\"Not\u00edcias - Franciscanos\",\"description\":\"Prov\u00edncia Franciscana da Imaculada Concei\u00e7\u00e3o do Brasil - Ordem dos Frades Menores - OFM\",\"potentialAction\":[{\"@type\":\"SearchAction\",\"target\":{\"@type\":\"EntryPoint\",\"urlTemplate\":\"https:\/\/franciscanos.org.br\/noticias\/?s={search_term_string}\"},\"query-input\":\"required name=search_term_string\"}],\"inLanguage\":\"pt-BR\"},{\"@type\":\"ImageObject\",\"inLanguage\":\"pt-BR\",\"@id\":\"https:\/\/franciscanos.org.br\/noticias\/unanos-nossas-forcas-contra-a-pobreza-que-degrada-ofende-e-mata.html#primaryimage\",\"url\":\"https:\/\/franciscanos.org.br\/noticias\/wp-content\/uploads\/2016\/10\/papa_161016.jpg\",\"contentUrl\":\"https:\/\/franciscanos.org.br\/noticias\/wp-content\/uploads\/2016\/10\/papa_161016.jpg\",\"width\":273,\"height\":181},{\"@type\":\"WebPage\",\"@id\":\"https:\/\/franciscanos.org.br\/noticias\/unanos-nossas-forcas-contra-a-pobreza-que-degrada-ofende-e-mata.html#webpage\",\"url\":\"https:\/\/franciscanos.org.br\/noticias\/unanos-nossas-forcas-contra-a-pobreza-que-degrada-ofende-e-mata.html\",\"name\":\"\\\"Unamos nossas for\u00e7as contra a pobreza que mata!\\\" - Not\u00edcias - Franciscanos\",\"isPartOf\":{\"@id\":\"https:\/\/franciscanos.org.br\/noticias\/#website\"},\"primaryImageOfPage\":{\"@id\":\"https:\/\/franciscanos.org.br\/noticias\/unanos-nossas-forcas-contra-a-pobreza-que-degrada-ofende-e-mata.html#primaryimage\"},\"datePublished\":\"2016-10-16T18:21:21+00:00\",\"dateModified\":\"2020-06-09T17:47:09+00:00\",\"author\":{\"@id\":\"https:\/\/franciscanos.org.br\/noticias\/#\/schema\/person\/b38fbf43118f02820bd932f2e4b14ad3\"},\"breadcrumb\":{\"@id\":\"https:\/\/franciscanos.org.br\/noticias\/unanos-nossas-forcas-contra-a-pobreza-que-degrada-ofende-e-mata.html#breadcrumb\"},\"inLanguage\":\"pt-BR\",\"potentialAction\":[{\"@type\":\"ReadAction\",\"target\":[\"https:\/\/franciscanos.org.br\/noticias\/unanos-nossas-forcas-contra-a-pobreza-que-degrada-ofende-e-mata.html\"]}]},{\"@type\":\"BreadcrumbList\",\"@id\":\"https:\/\/franciscanos.org.br\/noticias\/unanos-nossas-forcas-contra-a-pobreza-que-degrada-ofende-e-mata.html#breadcrumb\",\"itemListElement\":[{\"@type\":\"ListItem\",\"position\":1,\"name\":\"Home\",\"item\":\"https:\/\/franciscanos.org.br\/noticias\"},{\"@type\":\"ListItem\",\"position\":2,\"name\":\"&#8220;Unamos nossas for\u00e7as contra a pobreza que mata!&#8221;\"}]},{\"@type\":\"Person\",\"@id\":\"https:\/\/franciscanos.org.br\/noticias\/#\/schema\/person\/b38fbf43118f02820bd932f2e4b14ad3\",\"name\":\"admin\",\"image\":{\"@type\":\"ImageObject\",\"inLanguage\":\"pt-BR\",\"@id\":\"https:\/\/franciscanos.org.br\/noticias\/#\/schema\/person\/image\/\",\"url\":\"https:\/\/secure.gravatar.com\/avatar\/e8495742d34d0ba6448ea1c628263b3e?s=96&d=mm&r=g\",\"contentUrl\":\"https:\/\/secure.gravatar.com\/avatar\/e8495742d34d0ba6448ea1c628263b3e?s=96&d=mm&r=g\",\"caption\":\"admin\"},\"url\":\"https:\/\/franciscanos.org.br\/noticias\/author\/admin\"}]}<\/script>\n<!-- \/ Yoast SEO plugin. -->","yoast_head_json":{"title":"\"Unamos nossas for\u00e7as contra a pobreza que mata!\" - Not\u00edcias - Franciscanos","robots":{"index":"index","follow":"follow","max-snippet":"max-snippet:-1","max-image-preview":"max-image-preview:large","max-video-preview":"max-video-preview:-1"},"canonical":"https:\/\/franciscanos.org.br\/noticias\/unanos-nossas-forcas-contra-a-pobreza-que-degrada-ofende-e-mata.html","og_locale":"pt_BR","og_type":"article","og_title":"\"Unamos nossas for\u00e7as contra a pobreza que mata!\" - Not\u00edcias - Franciscanos","og_description":"Angelus","og_url":"https:\/\/franciscanos.org.br\/noticias\/unanos-nossas-forcas-contra-a-pobreza-que-degrada-ofende-e-mata.html","og_site_name":"Not\u00edcias - Franciscanos","article_published_time":"2016-10-16T18:21:21+00:00","article_modified_time":"2020-06-09T17:47:09+00:00","og_image":[{"width":273,"height":181,"url":"https:\/\/franciscanos.org.br\/noticias\/wp-content\/uploads\/2016\/10\/papa_161016.jpg","type":"image\/jpeg"}],"author":"admin","twitter_card":"summary_large_image","twitter_misc":{"Escrito por":"admin","Est. tempo de leitura":"4 minutos"},"schema":{"@context":"https:\/\/schema.org","@graph":[{"@type":"WebSite","@id":"https:\/\/franciscanos.org.br\/noticias\/#website","url":"https:\/\/franciscanos.org.br\/noticias\/","name":"Not\u00edcias - Franciscanos","description":"Prov\u00edncia Franciscana da Imaculada Concei\u00e7\u00e3o do Brasil - Ordem dos Frades Menores - OFM","potentialAction":[{"@type":"SearchAction","target":{"@type":"EntryPoint","urlTemplate":"https:\/\/franciscanos.org.br\/noticias\/?s={search_term_string}"},"query-input":"required name=search_term_string"}],"inLanguage":"pt-BR"},{"@type":"ImageObject","inLanguage":"pt-BR","@id":"https:\/\/franciscanos.org.br\/noticias\/unanos-nossas-forcas-contra-a-pobreza-que-degrada-ofende-e-mata.html#primaryimage","url":"https:\/\/franciscanos.org.br\/noticias\/wp-content\/uploads\/2016\/10\/papa_161016.jpg","contentUrl":"https:\/\/franciscanos.org.br\/noticias\/wp-content\/uploads\/2016\/10\/papa_161016.jpg","width":273,"height":181},{"@type":"WebPage","@id":"https:\/\/franciscanos.org.br\/noticias\/unanos-nossas-forcas-contra-a-pobreza-que-degrada-ofende-e-mata.html#webpage","url":"https:\/\/franciscanos.org.br\/noticias\/unanos-nossas-forcas-contra-a-pobreza-que-degrada-ofende-e-mata.html","name":"\"Unamos nossas for\u00e7as contra a pobreza que mata!\" - Not\u00edcias - Franciscanos","isPartOf":{"@id":"https:\/\/franciscanos.org.br\/noticias\/#website"},"primaryImageOfPage":{"@id":"https:\/\/franciscanos.org.br\/noticias\/unanos-nossas-forcas-contra-a-pobreza-que-degrada-ofende-e-mata.html#primaryimage"},"datePublished":"2016-10-16T18:21:21+00:00","dateModified":"2020-06-09T17:47:09+00:00","author":{"@id":"https:\/\/franciscanos.org.br\/noticias\/#\/schema\/person\/b38fbf43118f02820bd932f2e4b14ad3"},"breadcrumb":{"@id":"https:\/\/franciscanos.org.br\/noticias\/unanos-nossas-forcas-contra-a-pobreza-que-degrada-ofende-e-mata.html#breadcrumb"},"inLanguage":"pt-BR","potentialAction":[{"@type":"ReadAction","target":["https:\/\/franciscanos.org.br\/noticias\/unanos-nossas-forcas-contra-a-pobreza-que-degrada-ofende-e-mata.html"]}]},{"@type":"BreadcrumbList","@id":"https:\/\/franciscanos.org.br\/noticias\/unanos-nossas-forcas-contra-a-pobreza-que-degrada-ofende-e-mata.html#breadcrumb","itemListElement":[{"@type":"ListItem","position":1,"name":"Home","item":"https:\/\/franciscanos.org.br\/noticias"},{"@type":"ListItem","position":2,"name":"&#8220;Unamos nossas for\u00e7as contra a pobreza que mata!&#8221;"}]},{"@type":"Person","@id":"https:\/\/franciscanos.org.br\/noticias\/#\/schema\/person\/b38fbf43118f02820bd932f2e4b14ad3","name":"admin","image":{"@type":"ImageObject","inLanguage":"pt-BR","@id":"https:\/\/franciscanos.org.br\/noticias\/#\/schema\/person\/image\/","url":"https:\/\/secure.gravatar.com\/avatar\/e8495742d34d0ba6448ea1c628263b3e?s=96&d=mm&r=g","contentUrl":"https:\/\/secure.gravatar.com\/avatar\/e8495742d34d0ba6448ea1c628263b3e?s=96&d=mm&r=g","caption":"admin"},"url":"https:\/\/franciscanos.org.br\/noticias\/author\/admin"}]}},"_links":{"self":[{"href":"https:\/\/franciscanos.org.br\/noticias\/wp-json\/wp\/v2\/posts\/118567"}],"collection":[{"href":"https:\/\/franciscanos.org.br\/noticias\/wp-json\/wp\/v2\/posts"}],"about":[{"href":"https:\/\/franciscanos.org.br\/noticias\/wp-json\/wp\/v2\/types\/post"}],"author":[{"embeddable":true,"href":"https:\/\/franciscanos.org.br\/noticias\/wp-json\/wp\/v2\/users\/1"}],"replies":[{"embeddable":true,"href":"https:\/\/franciscanos.org.br\/noticias\/wp-json\/wp\/v2\/comments?post=118567"}],"version-history":[{"count":1,"href":"https:\/\/franciscanos.org.br\/noticias\/wp-json\/wp\/v2\/posts\/118567\/revisions"}],"predecessor-version":[{"id":225588,"href":"https:\/\/franciscanos.org.br\/noticias\/wp-json\/wp\/v2\/posts\/118567\/revisions\/225588"}],"wp:featuredmedia":[{"embeddable":true,"href":"https:\/\/franciscanos.org.br\/noticias\/wp-json\/wp\/v2\/media\/200947"}],"wp:attachment":[{"href":"https:\/\/franciscanos.org.br\/noticias\/wp-json\/wp\/v2\/media?parent=118567"}],"wp:term":[{"taxonomy":"category","embeddable":true,"href":"https:\/\/franciscanos.org.br\/noticias\/wp-json\/wp\/v2\/categories?post=118567"},{"taxonomy":"post_tag","embeddable":true,"href":"https:\/\/franciscanos.org.br\/noticias\/wp-json\/wp\/v2\/tags?post=118567"}],"curies":[{"name":"wp","href":"https:\/\/api.w.org\/{rel}","templated":true}]}}