{"id":118457,"date":"2016-10-13T08:07:29","date_gmt":"2016-10-13T11:07:29","guid":{"rendered":"http:\/\/franciscanos.org.br\/?p=118457"},"modified":"2020-06-09T14:48:48","modified_gmt":"2020-06-09T17:48:48","slug":"lembre-se-das-coisas-feias-que-fez-nao-as-que-fez-o-seu-amigo","status":"publish","type":"post","link":"https:\/\/franciscanos.org.br\/noticias\/lembre-se-das-coisas-feias-que-fez-nao-as-que-fez-o-seu-amigo.html","title":{"rendered":"&#8220;Lembre-se das coisas feias que fez, n\u00e3o as que fez o seu amigo&#8221;"},"content":{"rendered":"<p>&nbsp;<\/p>\n<p><img loading=\"lazy\" src=\"http:\/\/franciscanos.org.br\/wp-content\/uploads\/2016\/10\/papa_131016.jpg\" alt=\"papa_131016\" width=\"820\" height=\"445\" \/><\/p>\n<p><strong>Vaticano<\/strong> &#8211; O Papa celebrou a missa matutina na capela da Casa Santa Marta nesta quinta-feira, (13\/10). Em sua homilia, Francisco tra\u00e7ou o perfil do bom crist\u00e3o que deve sempre sentir em si a b\u00ean\u00e7\u00e3o do Senhor e caminhar adiante fazendo o bem. \u201cO crist\u00e3o \u00e9 aben\u00e7oado pelo Pai, por Deus. \u00c9 uma pessoa escolhida\u201d, disse o Pont\u00edfice detendo-se nos tra\u00e7os desta b\u00ean\u00e7\u00e3o, partindo da Carta de S\u00e3o Paulo aos Ef\u00e9sios.<\/p>\n<p>\u201cDeus nos chamou um por um, n\u00e3o como uma multid\u00e3o oce\u00e2nica. Fomos escolhidos, esperados por Deus\u201d, disse Francisco.<\/p>\n<p>\u201cPensemos num casal quando espera um filho. Como ser\u00e1? Como ser\u00e1 o seu sorriso? Como falar\u00e1? Ouso dizer que tamb\u00e9m n\u00f3s, cada um de n\u00f3s, foi sonhado pelo Pai, como um pai e uma m\u00e3e sonham o filho que esperam. Isso nos d\u00e1 uma seguran\u00e7a grande. O Pai quis cada um de n\u00f3s, e n\u00e3o uma massa de gente, n\u00e3o! Cada um de n\u00f3s. Este \u00e9 o fundamento, \u00e9 a base da nossa rela\u00e7\u00e3o com Deus. Falamos com um Pai que nos quer bem, que nos escolheu, que nos deu um nome.\u201d<\/p>\n<p><strong>Grande consolo<\/strong><br \/>\n\u201cEntende-se quando um crist\u00e3o n\u00e3o se sente escolhido pelo Pai. Quando sente que pertence a uma comunidade \u00e9 como um torcedor de futebol. O torcedor escolhe o time e pertence \u00e0quele time\u201d, disse o Pont\u00edfice.<\/p>\n<p>\u201cO crist\u00e3o \u00e9 um escolhido, \u00e9 uma pessoa sonhada por Deus. Quando vivemos assim, sentimos no cora\u00e7\u00e3o um grande consolo, n\u00e3o nos sentimos abandonados, n\u00e3o nos \u00e9 dito: se vire como puder\u201d, frisou.<\/p>\n<p>O segundo tra\u00e7o da b\u00ean\u00e7\u00e3o do crist\u00e3o \u00e9 o sentir-se perdoado. \u201cUm homem ou uma mulher que n\u00e3o se sente perdoado, n\u00e3o \u00e9 plenamente crist\u00e3o.\u201d<\/p>\n<p><strong>Perd\u00e3o<\/strong><br \/>\n\u201cTodos n\u00f3s fomos perdoados com o pre\u00e7o do sangue de Cristo. Mas do que eu fui perdoado? Lembre-se das coisas feias que fez, n\u00e3o as que fez o seu amigo, o seu vizinho, a sua vizinha: mas o que voc\u00ea fez. O que eu fiz de mal na vida? O Senhor perdoou estas coisas. Sou aben\u00e7oado, sou crist\u00e3o. O primeiro tra\u00e7o: sou escolhido, sonhado por Deus, com um nome que Deus me deu, amado por Deus. O segundo: sou perdoado por Deus.\u201d<\/p>\n<p>O Papa falou ent\u00e3o sobre a terceira caracter\u00edstica do crist\u00e3o. &#8220;\u00c9 um homem e uma mulher rumo \u00e0 plenitude, ao encontro com Cristo que nos redimiu\u201d.<\/p>\n<p>\u201cN\u00e3o se pode entender um crist\u00e3o parado. O crist\u00e3o sempre deve ir adiante, deve caminhar. O crist\u00e3o parado \u00e9 aquele homem que recebeu um talento e por causa do medo da vida, medo de perd\u00ea-lo, medo do patr\u00e3o, medo ou comodismo, o enterrou e deixou o talento ali, e ele fica tranquilo e passa a vida sem caminhar. O crist\u00e3o \u00e9 um homem a caminho, uma mulher a caminho, que sempre faz o bem, procura fazer o bem, caminha adiante.\u201d<\/p>\n<p>\u201cEsta \u00e9 a identidade crist\u00e3. Aben\u00e7oados, porque escolhidos, perdoados e a caminho\u201d. N\u00f3s n\u00e3o somos an\u00f4nimos, n\u00e3o somos soberbos a ponto de n\u00e3o precisar do perd\u00e3o. N\u00e3o somos pessoas paradas\u201d, disse o Papa.<\/p>\n<p>\u201cQue o Senhor nos acompanhe com esta gra\u00e7a da ben\u00e7\u00e3o que nos deu, a ben\u00e7\u00e3o de nossa identidade crist\u00e3\u201d, concluiu.<\/p>\n<hr \/>\n<p><em>Fonte: R\u00e1dio Vaticano<\/em><\/p>\n","protected":false},"excerpt":{"rendered":"<p>Missa em Santa Marta<\/p>\n","protected":false},"author":1,"featured_media":222169,"comment_status":"open","ping_status":"open","sticky":false,"template":"","format":"standard","meta":[],"categories":[1428],"tags":[1586],"acf":[],"yoast_head":"<!-- This site is optimized with the Yoast SEO plugin v19.2 - https:\/\/yoast.com\/wordpress\/plugins\/seo\/ -->\n<title>&quot;Lembre-se das coisas feias que fez, n\u00e3o as que fez o seu amigo&quot; - Not\u00edcias - Franciscanos<\/title>\n<meta name=\"robots\" content=\"index, follow, max-snippet:-1, max-image-preview:large, max-video-preview:-1\" \/>\n<link rel=\"canonical\" href=\"https:\/\/franciscanos.org.br\/noticias\/lembre-se-das-coisas-feias-que-fez-nao-as-que-fez-o-seu-amigo.html\" \/>\n<meta property=\"og:locale\" content=\"pt_BR\" \/>\n<meta property=\"og:type\" content=\"article\" \/>\n<meta property=\"og:title\" content=\"&quot;Lembre-se das coisas feias que fez, n\u00e3o as que fez o seu amigo&quot; - Not\u00edcias - Franciscanos\" \/>\n<meta property=\"og:description\" content=\"Missa em Santa Marta\" \/>\n<meta property=\"og:url\" content=\"https:\/\/franciscanos.org.br\/noticias\/lembre-se-das-coisas-feias-que-fez-nao-as-que-fez-o-seu-amigo.html\" \/>\n<meta property=\"og:site_name\" content=\"Not\u00edcias - Franciscanos\" \/>\n<meta property=\"article:published_time\" content=\"2016-10-13T11:07:29+00:00\" \/>\n<meta property=\"article:modified_time\" content=\"2020-06-09T17:48:48+00:00\" \/>\n<meta property=\"og:image\" content=\"https:\/\/franciscanos.org.br\/noticias\/wp-content\/uploads\/2016\/10\/papa_131016.jpg\" \/>\n\t<meta property=\"og:image:width\" content=\"273\" \/>\n\t<meta property=\"og:image:height\" content=\"181\" \/>\n\t<meta property=\"og:image:type\" content=\"image\/jpeg\" \/>\n<meta name=\"author\" content=\"admin\" \/>\n<meta name=\"twitter:card\" content=\"summary_large_image\" \/>\n<meta name=\"twitter:label1\" content=\"Escrito por\" \/>\n\t<meta name=\"twitter:data1\" content=\"admin\" \/>\n\t<meta name=\"twitter:label2\" content=\"Est. tempo de leitura\" \/>\n\t<meta name=\"twitter:data2\" content=\"3 minutos\" \/>\n<script type=\"application\/ld+json\" class=\"yoast-schema-graph\">{\"@context\":\"https:\/\/schema.org\",\"@graph\":[{\"@type\":\"WebSite\",\"@id\":\"https:\/\/franciscanos.org.br\/noticias\/#website\",\"url\":\"https:\/\/franciscanos.org.br\/noticias\/\",\"name\":\"Not\u00edcias - Franciscanos\",\"description\":\"Prov\u00edncia Franciscana da Imaculada Concei\u00e7\u00e3o do Brasil - Ordem dos Frades Menores - OFM\",\"potentialAction\":[{\"@type\":\"SearchAction\",\"target\":{\"@type\":\"EntryPoint\",\"urlTemplate\":\"https:\/\/franciscanos.org.br\/noticias\/?s={search_term_string}\"},\"query-input\":\"required name=search_term_string\"}],\"inLanguage\":\"pt-BR\"},{\"@type\":\"ImageObject\",\"inLanguage\":\"pt-BR\",\"@id\":\"https:\/\/franciscanos.org.br\/noticias\/lembre-se-das-coisas-feias-que-fez-nao-as-que-fez-o-seu-amigo.html#primaryimage\",\"url\":\"https:\/\/franciscanos.org.br\/noticias\/wp-content\/uploads\/2016\/10\/papa_131016.jpg\",\"contentUrl\":\"https:\/\/franciscanos.org.br\/noticias\/wp-content\/uploads\/2016\/10\/papa_131016.jpg\",\"width\":273,\"height\":181},{\"@type\":\"WebPage\",\"@id\":\"https:\/\/franciscanos.org.br\/noticias\/lembre-se-das-coisas-feias-que-fez-nao-as-que-fez-o-seu-amigo.html#webpage\",\"url\":\"https:\/\/franciscanos.org.br\/noticias\/lembre-se-das-coisas-feias-que-fez-nao-as-que-fez-o-seu-amigo.html\",\"name\":\"\\\"Lembre-se das coisas feias que fez, n\u00e3o as que fez o seu amigo\\\" - Not\u00edcias - Franciscanos\",\"isPartOf\":{\"@id\":\"https:\/\/franciscanos.org.br\/noticias\/#website\"},\"primaryImageOfPage\":{\"@id\":\"https:\/\/franciscanos.org.br\/noticias\/lembre-se-das-coisas-feias-que-fez-nao-as-que-fez-o-seu-amigo.html#primaryimage\"},\"datePublished\":\"2016-10-13T11:07:29+00:00\",\"dateModified\":\"2020-06-09T17:48:48+00:00\",\"author\":{\"@id\":\"https:\/\/franciscanos.org.br\/noticias\/#\/schema\/person\/b38fbf43118f02820bd932f2e4b14ad3\"},\"breadcrumb\":{\"@id\":\"https:\/\/franciscanos.org.br\/noticias\/lembre-se-das-coisas-feias-que-fez-nao-as-que-fez-o-seu-amigo.html#breadcrumb\"},\"inLanguage\":\"pt-BR\",\"potentialAction\":[{\"@type\":\"ReadAction\",\"target\":[\"https:\/\/franciscanos.org.br\/noticias\/lembre-se-das-coisas-feias-que-fez-nao-as-que-fez-o-seu-amigo.html\"]}]},{\"@type\":\"BreadcrumbList\",\"@id\":\"https:\/\/franciscanos.org.br\/noticias\/lembre-se-das-coisas-feias-que-fez-nao-as-que-fez-o-seu-amigo.html#breadcrumb\",\"itemListElement\":[{\"@type\":\"ListItem\",\"position\":1,\"name\":\"Home\",\"item\":\"https:\/\/franciscanos.org.br\/noticias\"},{\"@type\":\"ListItem\",\"position\":2,\"name\":\"&#8220;Lembre-se das coisas feias que fez, n\u00e3o as que fez o seu amigo&#8221;\"}]},{\"@type\":\"Person\",\"@id\":\"https:\/\/franciscanos.org.br\/noticias\/#\/schema\/person\/b38fbf43118f02820bd932f2e4b14ad3\",\"name\":\"admin\",\"image\":{\"@type\":\"ImageObject\",\"inLanguage\":\"pt-BR\",\"@id\":\"https:\/\/franciscanos.org.br\/noticias\/#\/schema\/person\/image\/\",\"url\":\"https:\/\/secure.gravatar.com\/avatar\/e8495742d34d0ba6448ea1c628263b3e?s=96&d=mm&r=g\",\"contentUrl\":\"https:\/\/secure.gravatar.com\/avatar\/e8495742d34d0ba6448ea1c628263b3e?s=96&d=mm&r=g\",\"caption\":\"admin\"},\"url\":\"https:\/\/franciscanos.org.br\/noticias\/author\/admin\"}]}<\/script>\n<!-- \/ Yoast SEO plugin. -->","yoast_head_json":{"title":"\"Lembre-se das coisas feias que fez, n\u00e3o as que fez o seu amigo\" - Not\u00edcias - Franciscanos","robots":{"index":"index","follow":"follow","max-snippet":"max-snippet:-1","max-image-preview":"max-image-preview:large","max-video-preview":"max-video-preview:-1"},"canonical":"https:\/\/franciscanos.org.br\/noticias\/lembre-se-das-coisas-feias-que-fez-nao-as-que-fez-o-seu-amigo.html","og_locale":"pt_BR","og_type":"article","og_title":"\"Lembre-se das coisas feias que fez, n\u00e3o as que fez o seu amigo\" - Not\u00edcias - Franciscanos","og_description":"Missa em Santa Marta","og_url":"https:\/\/franciscanos.org.br\/noticias\/lembre-se-das-coisas-feias-que-fez-nao-as-que-fez-o-seu-amigo.html","og_site_name":"Not\u00edcias - Franciscanos","article_published_time":"2016-10-13T11:07:29+00:00","article_modified_time":"2020-06-09T17:48:48+00:00","og_image":[{"width":273,"height":181,"url":"https:\/\/franciscanos.org.br\/noticias\/wp-content\/uploads\/2016\/10\/papa_131016.jpg","type":"image\/jpeg"}],"author":"admin","twitter_card":"summary_large_image","twitter_misc":{"Escrito por":"admin","Est. tempo de leitura":"3 minutos"},"schema":{"@context":"https:\/\/schema.org","@graph":[{"@type":"WebSite","@id":"https:\/\/franciscanos.org.br\/noticias\/#website","url":"https:\/\/franciscanos.org.br\/noticias\/","name":"Not\u00edcias - Franciscanos","description":"Prov\u00edncia Franciscana da Imaculada Concei\u00e7\u00e3o do Brasil - Ordem dos Frades Menores - OFM","potentialAction":[{"@type":"SearchAction","target":{"@type":"EntryPoint","urlTemplate":"https:\/\/franciscanos.org.br\/noticias\/?s={search_term_string}"},"query-input":"required name=search_term_string"}],"inLanguage":"pt-BR"},{"@type":"ImageObject","inLanguage":"pt-BR","@id":"https:\/\/franciscanos.org.br\/noticias\/lembre-se-das-coisas-feias-que-fez-nao-as-que-fez-o-seu-amigo.html#primaryimage","url":"https:\/\/franciscanos.org.br\/noticias\/wp-content\/uploads\/2016\/10\/papa_131016.jpg","contentUrl":"https:\/\/franciscanos.org.br\/noticias\/wp-content\/uploads\/2016\/10\/papa_131016.jpg","width":273,"height":181},{"@type":"WebPage","@id":"https:\/\/franciscanos.org.br\/noticias\/lembre-se-das-coisas-feias-que-fez-nao-as-que-fez-o-seu-amigo.html#webpage","url":"https:\/\/franciscanos.org.br\/noticias\/lembre-se-das-coisas-feias-que-fez-nao-as-que-fez-o-seu-amigo.html","name":"\"Lembre-se das coisas feias que fez, n\u00e3o as que fez o seu amigo\" - Not\u00edcias - Franciscanos","isPartOf":{"@id":"https:\/\/franciscanos.org.br\/noticias\/#website"},"primaryImageOfPage":{"@id":"https:\/\/franciscanos.org.br\/noticias\/lembre-se-das-coisas-feias-que-fez-nao-as-que-fez-o-seu-amigo.html#primaryimage"},"datePublished":"2016-10-13T11:07:29+00:00","dateModified":"2020-06-09T17:48:48+00:00","author":{"@id":"https:\/\/franciscanos.org.br\/noticias\/#\/schema\/person\/b38fbf43118f02820bd932f2e4b14ad3"},"breadcrumb":{"@id":"https:\/\/franciscanos.org.br\/noticias\/lembre-se-das-coisas-feias-que-fez-nao-as-que-fez-o-seu-amigo.html#breadcrumb"},"inLanguage":"pt-BR","potentialAction":[{"@type":"ReadAction","target":["https:\/\/franciscanos.org.br\/noticias\/lembre-se-das-coisas-feias-que-fez-nao-as-que-fez-o-seu-amigo.html"]}]},{"@type":"BreadcrumbList","@id":"https:\/\/franciscanos.org.br\/noticias\/lembre-se-das-coisas-feias-que-fez-nao-as-que-fez-o-seu-amigo.html#breadcrumb","itemListElement":[{"@type":"ListItem","position":1,"name":"Home","item":"https:\/\/franciscanos.org.br\/noticias"},{"@type":"ListItem","position":2,"name":"&#8220;Lembre-se das coisas feias que fez, n\u00e3o as que fez o seu amigo&#8221;"}]},{"@type":"Person","@id":"https:\/\/franciscanos.org.br\/noticias\/#\/schema\/person\/b38fbf43118f02820bd932f2e4b14ad3","name":"admin","image":{"@type":"ImageObject","inLanguage":"pt-BR","@id":"https:\/\/franciscanos.org.br\/noticias\/#\/schema\/person\/image\/","url":"https:\/\/secure.gravatar.com\/avatar\/e8495742d34d0ba6448ea1c628263b3e?s=96&d=mm&r=g","contentUrl":"https:\/\/secure.gravatar.com\/avatar\/e8495742d34d0ba6448ea1c628263b3e?s=96&d=mm&r=g","caption":"admin"},"url":"https:\/\/franciscanos.org.br\/noticias\/author\/admin"}]}},"_links":{"self":[{"href":"https:\/\/franciscanos.org.br\/noticias\/wp-json\/wp\/v2\/posts\/118457"}],"collection":[{"href":"https:\/\/franciscanos.org.br\/noticias\/wp-json\/wp\/v2\/posts"}],"about":[{"href":"https:\/\/franciscanos.org.br\/noticias\/wp-json\/wp\/v2\/types\/post"}],"author":[{"embeddable":true,"href":"https:\/\/franciscanos.org.br\/noticias\/wp-json\/wp\/v2\/users\/1"}],"replies":[{"embeddable":true,"href":"https:\/\/franciscanos.org.br\/noticias\/wp-json\/wp\/v2\/comments?post=118457"}],"version-history":[{"count":2,"href":"https:\/\/franciscanos.org.br\/noticias\/wp-json\/wp\/v2\/posts\/118457\/revisions"}],"predecessor-version":[{"id":225590,"href":"https:\/\/franciscanos.org.br\/noticias\/wp-json\/wp\/v2\/posts\/118457\/revisions\/225590"}],"wp:featuredmedia":[{"embeddable":true,"href":"https:\/\/franciscanos.org.br\/noticias\/wp-json\/wp\/v2\/media\/222169"}],"wp:attachment":[{"href":"https:\/\/franciscanos.org.br\/noticias\/wp-json\/wp\/v2\/media?parent=118457"}],"wp:term":[{"taxonomy":"category","embeddable":true,"href":"https:\/\/franciscanos.org.br\/noticias\/wp-json\/wp\/v2\/categories?post=118457"},{"taxonomy":"post_tag","embeddable":true,"href":"https:\/\/franciscanos.org.br\/noticias\/wp-json\/wp\/v2\/tags?post=118457"}],"curies":[{"name":"wp","href":"https:\/\/api.w.org\/{rel}","templated":true}]}}